{"id":10109,"date":"2025-11-11T23:23:33","date_gmt":"2025-11-11T22:23:33","guid":{"rendered":"https:\/\/cetaradell.cat\/ce\/?p=10109"},"modified":"2025-11-11T23:23:33","modified_gmt":"2025-11-11T22:23:33","slug":"sortides-de-senders-octubre-2025-2","status":"publish","type":"post","link":"https:\/\/cetaradell.cat\/ce\/sortides-de-senders-octubre-2025-2\/","title":{"rendered":"Sortides de Senders \u2013 Novembre 2025"},"content":{"rendered":"<table>\n<tbody>\n<tr>\n<td style=\"background-color: #ccffff;\"><span lang=\"CA\"><strong>Sortida de senders de Novembre : \u00faltima sortida del 2025<\/strong><\/span><\/p>\n<p><a href=\"https:\/\/cetaradell.cat\/ce\/?attachment_id=10110\" target=\"_blank\" rel=\"attachment noopener wp-att-9812\"><img decoding=\"async\" class=\"alignleft wp-image-10110 size-medium\" src=\"https:\/\/cetaradell.cat\/ce\/wp-content\/uploads\/20251109_121342_Senders-2025-300x226.jpg\" alt=\"\" width=\"300\" height=\"226\" srcset=\"https:\/\/cetaradell.cat\/ce\/wp-content\/uploads\/20251109_121342_Senders-2025-200x150.jpg 200w, https:\/\/cetaradell.cat\/ce\/wp-content\/uploads\/20251109_121342_Senders-2025-300x226.jpg 300w, https:\/\/cetaradell.cat\/ce\/wp-content\/uploads\/20251109_121342_Senders-2025-400x301.jpg 400w, https:\/\/cetaradell.cat\/ce\/wp-content\/uploads\/20251109_121342_Senders-2025-500x376.jpg 500w, https:\/\/cetaradell.cat\/ce\/wp-content\/uploads\/20251109_121342_Senders-2025-600x451.jpg 600w, https:\/\/cetaradell.cat\/ce\/wp-content\/uploads\/20251109_121342_Senders-2025.jpg 677w\" sizes=\"(max-width: 300px) 100vw, 300px\" \/><\/a>El diumenge 9 de novembre el CET va fer l&#8217;\u00faltima sortida de senders d&#8217;aquest any. Va ser una sortida molt agradable, \u00a0comen\u00e7ant al Santuari del Far i acabant a Rupit.<\/p>\n<div dir=\"ltr\">\n<p><span lang=\"CA\">Preciosa excursi\u00f3 molt f\u00e0cil de fer i que ens va mostra tota una varietat de rieres, cascades, prats i cingleres, i una vista del Collsacabra, les Guilleries, i el pant\u00e0 de Susqueda amb el Montseny al fons.<\/span><\/p>\n<p><span lang=\"CA\">Com ja es costum, al ser l&#8217;\u00faltima sortida d\u2019enguany v\u00e0rem anar tots plegats a dinar de restaurant, amb una bona sobretaula i ja comen\u00e7ant a parlar de les sortides de l&#8217;any que ve.<\/span><\/p>\n<\/div>\n<div dir=\"ltr\">\n<div>\n<div class=\"yj6qo\"><\/div>\n<div class=\"adL\"><\/div>\n<\/div>\n<\/div>\n<\/td>\n<\/tr>\n<\/tbody>\n<\/table>\n<p><span lang=\"CA\">\u00a0<\/span><\/p>\n","protected":false},"excerpt":{"rendered":"<p>Sortida de senders de Novembre : \u00faltima sortida del 2025 El diumenge 9 de novembre el CET va fer l&#8217;\u00faltima sortida de senders d&#8217;aquest any. Va ser una sortida molt agradable, \u00a0comen\u00e7ant al Santuari del Far i acabant a Rupit. Preciosa excursi\u00f3 molt f\u00e0cil de fer i que ens va  [&#8230;]<\/p>\n","protected":false},"author":1,"featured_media":10110,"comment_status":"closed","ping_status":"closed","sticky":false,"template":"","format":"standard","meta":{"footnotes":""},"categories":[12,4,11],"tags":[],"class_list":["post-10109","post","type-post","status-publish","format-standard","has-post-thumbnail","hentry","category-100-cims","category-activitats","category-senders"],"yoast_head":"<!-- This site is optimized with the Yoast SEO plugin v27.4 - https:\/\/yoast.com\/product\/yoast-seo-wordpress\/ -->\n<title>Sortides de Senders \u2013 Novembre 2025 - Centre Excursionista Taradell<\/title>\n<meta name=\"robots\" content=\"index, follow, max-snippet:-1, max-image-preview:large, max-video-preview:-1\" \/>\n<link rel=\"canonical\" href=\"https:\/\/cetaradell.cat\/ce\/sortides-de-senders-octubre-2025-2\/\" \/>\n<meta property=\"og:locale\" content=\"ca_ES\" \/>\n<meta property=\"og:type\" content=\"article\" \/>\n<meta property=\"og:title\" content=\"Sortides de Senders \u2013 Novembre 2025 - Centre Excursionista Taradell\" \/>\n<meta property=\"og:description\" content=\"Sortida de senders de Novembre : \u00faltima sortida del 2025 El diumenge 9 de novembre el CET va fer l&#8217;\u00faltima sortida de senders d&#8217;aquest any. Va ser una sortida molt agradable, \u00a0comen\u00e7ant al Santuari del Far i acabant a Rupit. Preciosa excursi\u00f3 molt f\u00e0cil de fer i que ens va [...]\" \/>\n<meta property=\"og:url\" content=\"https:\/\/cetaradell.cat\/ce\/sortides-de-senders-octubre-2025-2\/\" \/>\n<meta property=\"og:site_name\" content=\"Centre Excursionista Taradell\" \/>\n<meta property=\"article:publisher\" content=\"https:\/\/www.facebook.com\/CETaradell\/\" \/>\n<meta property=\"article:published_time\" content=\"2025-11-11T22:23:33+00:00\" \/>\n<meta property=\"og:image\" content=\"https:\/\/cetaradell.cat\/ce\/wp-content\/uploads\/20251109_121342_Senders-2025.jpg\" \/>\n\t<meta property=\"og:image:width\" content=\"677\" \/>\n\t<meta property=\"og:image:height\" content=\"509\" \/>\n\t<meta property=\"og:image:type\" content=\"image\/jpeg\" \/>\n<meta name=\"author\" content=\"CET\" \/>\n<meta name=\"twitter:card\" content=\"summary_large_image\" \/>\n<meta name=\"twitter:label1\" content=\"Escrit per\" \/>\n\t<meta name=\"twitter:data1\" content=\"CET\" \/>\n\t<meta name=\"twitter:label2\" content=\"Temps estimat de lectura\" \/>\n\t<meta name=\"twitter:data2\" content=\"2 minuts\" \/>\n<script type=\"application\/ld+json\" class=\"yoast-schema-graph\">{\"@context\":\"https:\\\/\\\/schema.org\",\"@graph\":[{\"@type\":\"Article\",\"@id\":\"https:\\\/\\\/cetaradell.cat\\\/ce\\\/sortides-de-senders-octubre-2025-2\\\/#article\",\"isPartOf\":{\"@id\":\"https:\\\/\\\/cetaradell.cat\\\/ce\\\/sortides-de-senders-octubre-2025-2\\\/\"},\"author\":{\"name\":\"CET\",\"@id\":\"https:\\\/\\\/cetaradell.cat\\\/ce\\\/#\\\/schema\\\/person\\\/92a59f585073071c7be6649e84b22f78\"},\"headline\":\"Sortides de Senders \u2013 Novembre 2025\",\"datePublished\":\"2025-11-11T22:23:33+00:00\",\"mainEntityOfPage\":{\"@id\":\"https:\\\/\\\/cetaradell.cat\\\/ce\\\/sortides-de-senders-octubre-2025-2\\\/\"},\"wordCount\":120,\"image\":{\"@id\":\"https:\\\/\\\/cetaradell.cat\\\/ce\\\/sortides-de-senders-octubre-2025-2\\\/#primaryimage\"},\"thumbnailUrl\":\"https:\\\/\\\/cetaradell.cat\\\/ce\\\/wp-content\\\/uploads\\\/20251109_121342_Senders-2025.jpg\",\"articleSection\":[\"100 Cims\",\"Activitats\",\"Senders\"],\"inLanguage\":\"ca\"},{\"@type\":\"WebPage\",\"@id\":\"https:\\\/\\\/cetaradell.cat\\\/ce\\\/sortides-de-senders-octubre-2025-2\\\/\",\"url\":\"https:\\\/\\\/cetaradell.cat\\\/ce\\\/sortides-de-senders-octubre-2025-2\\\/\",\"name\":\"Sortides de Senders \u2013 Novembre 2025 - Centre Excursionista Taradell\",\"isPartOf\":{\"@id\":\"https:\\\/\\\/cetaradell.cat\\\/ce\\\/#website\"},\"primaryImageOfPage\":{\"@id\":\"https:\\\/\\\/cetaradell.cat\\\/ce\\\/sortides-de-senders-octubre-2025-2\\\/#primaryimage\"},\"image\":{\"@id\":\"https:\\\/\\\/cetaradell.cat\\\/ce\\\/sortides-de-senders-octubre-2025-2\\\/#primaryimage\"},\"thumbnailUrl\":\"https:\\\/\\\/cetaradell.cat\\\/ce\\\/wp-content\\\/uploads\\\/20251109_121342_Senders-2025.jpg\",\"datePublished\":\"2025-11-11T22:23:33+00:00\",\"author\":{\"@id\":\"https:\\\/\\\/cetaradell.cat\\\/ce\\\/#\\\/schema\\\/person\\\/92a59f585073071c7be6649e84b22f78\"},\"breadcrumb\":{\"@id\":\"https:\\\/\\\/cetaradell.cat\\\/ce\\\/sortides-de-senders-octubre-2025-2\\\/#breadcrumb\"},\"inLanguage\":\"ca\",\"potentialAction\":[{\"@type\":\"ReadAction\",\"target\":[\"https:\\\/\\\/cetaradell.cat\\\/ce\\\/sortides-de-senders-octubre-2025-2\\\/\"]}]},{\"@type\":\"ImageObject\",\"inLanguage\":\"ca\",\"@id\":\"https:\\\/\\\/cetaradell.cat\\\/ce\\\/sortides-de-senders-octubre-2025-2\\\/#primaryimage\",\"url\":\"https:\\\/\\\/cetaradell.cat\\\/ce\\\/wp-content\\\/uploads\\\/20251109_121342_Senders-2025.jpg\",\"contentUrl\":\"https:\\\/\\\/cetaradell.cat\\\/ce\\\/wp-content\\\/uploads\\\/20251109_121342_Senders-2025.jpg\",\"width\":677,\"height\":509},{\"@type\":\"BreadcrumbList\",\"@id\":\"https:\\\/\\\/cetaradell.cat\\\/ce\\\/sortides-de-senders-octubre-2025-2\\\/#breadcrumb\",\"itemListElement\":[{\"@type\":\"ListItem\",\"position\":1,\"name\":\"Inici\",\"item\":\"https:\\\/\\\/cetaradell.cat\\\/ce\\\/\"},{\"@type\":\"ListItem\",\"position\":2,\"name\":\"Sortides de Senders \u2013 Novembre 2025\"}]},{\"@type\":\"WebSite\",\"@id\":\"https:\\\/\\\/cetaradell.cat\\\/ce\\\/#website\",\"url\":\"https:\\\/\\\/cetaradell.cat\\\/ce\\\/\",\"name\":\"Centre Excursionista Taradell\",\"description\":\"\",\"potentialAction\":[{\"@type\":\"SearchAction\",\"target\":{\"@type\":\"EntryPoint\",\"urlTemplate\":\"https:\\\/\\\/cetaradell.cat\\\/ce\\\/?s={search_term_string}\"},\"query-input\":{\"@type\":\"PropertyValueSpecification\",\"valueRequired\":true,\"valueName\":\"search_term_string\"}}],\"inLanguage\":\"ca\"},{\"@type\":\"Person\",\"@id\":\"https:\\\/\\\/cetaradell.cat\\\/ce\\\/#\\\/schema\\\/person\\\/92a59f585073071c7be6649e84b22f78\",\"name\":\"CET\",\"image\":{\"@type\":\"ImageObject\",\"inLanguage\":\"ca\",\"@id\":\"https:\\\/\\\/secure.gravatar.com\\\/avatar\\\/d6fbe010d42056feccc0f613ed07277a5118442805079269f12dabdc42e1a727?s=96&d=mm&r=g\",\"url\":\"https:\\\/\\\/secure.gravatar.com\\\/avatar\\\/d6fbe010d42056feccc0f613ed07277a5118442805079269f12dabdc42e1a727?s=96&d=mm&r=g\",\"contentUrl\":\"https:\\\/\\\/secure.gravatar.com\\\/avatar\\\/d6fbe010d42056feccc0f613ed07277a5118442805079269f12dabdc42e1a727?s=96&d=mm&r=g\",\"caption\":\"CET\"},\"url\":\"https:\\\/\\\/cetaradell.cat\\\/ce\\\/author\\\/root\\\/\"}]}<\/script>\n<!-- \/ Yoast SEO plugin. -->","yoast_head_json":{"title":"Sortides de Senders \u2013 Novembre 2025 - Centre Excursionista Taradell","robots":{"index":"index","follow":"follow","max-snippet":"max-snippet:-1","max-image-preview":"max-image-preview:large","max-video-preview":"max-video-preview:-1"},"canonical":"https:\/\/cetaradell.cat\/ce\/sortides-de-senders-octubre-2025-2\/","og_locale":"ca_ES","og_type":"article","og_title":"Sortides de Senders \u2013 Novembre 2025 - Centre Excursionista Taradell","og_description":"Sortida de senders de Novembre : \u00faltima sortida del 2025 El diumenge 9 de novembre el CET va fer l&#8217;\u00faltima sortida de senders d&#8217;aquest any. Va ser una sortida molt agradable, \u00a0comen\u00e7ant al Santuari del Far i acabant a Rupit. Preciosa excursi\u00f3 molt f\u00e0cil de fer i que ens va [...]","og_url":"https:\/\/cetaradell.cat\/ce\/sortides-de-senders-octubre-2025-2\/","og_site_name":"Centre Excursionista Taradell","article_publisher":"https:\/\/www.facebook.com\/CETaradell\/","article_published_time":"2025-11-11T22:23:33+00:00","og_image":[{"width":677,"height":509,"url":"https:\/\/cetaradell.cat\/ce\/wp-content\/uploads\/20251109_121342_Senders-2025.jpg","type":"image\/jpeg"}],"author":"CET","twitter_card":"summary_large_image","twitter_misc":{"Escrit per":"CET","Temps estimat de lectura":"2 minuts"},"schema":{"@context":"https:\/\/schema.org","@graph":[{"@type":"Article","@id":"https:\/\/cetaradell.cat\/ce\/sortides-de-senders-octubre-2025-2\/#article","isPartOf":{"@id":"https:\/\/cetaradell.cat\/ce\/sortides-de-senders-octubre-2025-2\/"},"author":{"name":"CET","@id":"https:\/\/cetaradell.cat\/ce\/#\/schema\/person\/92a59f585073071c7be6649e84b22f78"},"headline":"Sortides de Senders \u2013 Novembre 2025","datePublished":"2025-11-11T22:23:33+00:00","mainEntityOfPage":{"@id":"https:\/\/cetaradell.cat\/ce\/sortides-de-senders-octubre-2025-2\/"},"wordCount":120,"image":{"@id":"https:\/\/cetaradell.cat\/ce\/sortides-de-senders-octubre-2025-2\/#primaryimage"},"thumbnailUrl":"https:\/\/cetaradell.cat\/ce\/wp-content\/uploads\/20251109_121342_Senders-2025.jpg","articleSection":["100 Cims","Activitats","Senders"],"inLanguage":"ca"},{"@type":"WebPage","@id":"https:\/\/cetaradell.cat\/ce\/sortides-de-senders-octubre-2025-2\/","url":"https:\/\/cetaradell.cat\/ce\/sortides-de-senders-octubre-2025-2\/","name":"Sortides de Senders \u2013 Novembre 2025 - Centre Excursionista Taradell","isPartOf":{"@id":"https:\/\/cetaradell.cat\/ce\/#website"},"primaryImageOfPage":{"@id":"https:\/\/cetaradell.cat\/ce\/sortides-de-senders-octubre-2025-2\/#primaryimage"},"image":{"@id":"https:\/\/cetaradell.cat\/ce\/sortides-de-senders-octubre-2025-2\/#primaryimage"},"thumbnailUrl":"https:\/\/cetaradell.cat\/ce\/wp-content\/uploads\/20251109_121342_Senders-2025.jpg","datePublished":"2025-11-11T22:23:33+00:00","author":{"@id":"https:\/\/cetaradell.cat\/ce\/#\/schema\/person\/92a59f585073071c7be6649e84b22f78"},"breadcrumb":{"@id":"https:\/\/cetaradell.cat\/ce\/sortides-de-senders-octubre-2025-2\/#breadcrumb"},"inLanguage":"ca","potentialAction":[{"@type":"ReadAction","target":["https:\/\/cetaradell.cat\/ce\/sortides-de-senders-octubre-2025-2\/"]}]},{"@type":"ImageObject","inLanguage":"ca","@id":"https:\/\/cetaradell.cat\/ce\/sortides-de-senders-octubre-2025-2\/#primaryimage","url":"https:\/\/cetaradell.cat\/ce\/wp-content\/uploads\/20251109_121342_Senders-2025.jpg","contentUrl":"https:\/\/cetaradell.cat\/ce\/wp-content\/uploads\/20251109_121342_Senders-2025.jpg","width":677,"height":509},{"@type":"BreadcrumbList","@id":"https:\/\/cetaradell.cat\/ce\/sortides-de-senders-octubre-2025-2\/#breadcrumb","itemListElement":[{"@type":"ListItem","position":1,"name":"Inici","item":"https:\/\/cetaradell.cat\/ce\/"},{"@type":"ListItem","position":2,"name":"Sortides de Senders \u2013 Novembre 2025"}]},{"@type":"WebSite","@id":"https:\/\/cetaradell.cat\/ce\/#website","url":"https:\/\/cetaradell.cat\/ce\/","name":"Centre Excursionista Taradell","description":"","potentialAction":[{"@type":"SearchAction","target":{"@type":"EntryPoint","urlTemplate":"https:\/\/cetaradell.cat\/ce\/?s={search_term_string}"},"query-input":{"@type":"PropertyValueSpecification","valueRequired":true,"valueName":"search_term_string"}}],"inLanguage":"ca"},{"@type":"Person","@id":"https:\/\/cetaradell.cat\/ce\/#\/schema\/person\/92a59f585073071c7be6649e84b22f78","name":"CET","image":{"@type":"ImageObject","inLanguage":"ca","@id":"https:\/\/secure.gravatar.com\/avatar\/d6fbe010d42056feccc0f613ed07277a5118442805079269f12dabdc42e1a727?s=96&d=mm&r=g","url":"https:\/\/secure.gravatar.com\/avatar\/d6fbe010d42056feccc0f613ed07277a5118442805079269f12dabdc42e1a727?s=96&d=mm&r=g","contentUrl":"https:\/\/secure.gravatar.com\/avatar\/d6fbe010d42056feccc0f613ed07277a5118442805079269f12dabdc42e1a727?s=96&d=mm&r=g","caption":"CET"},"url":"https:\/\/cetaradell.cat\/ce\/author\/root\/"}]}},"_links":{"self":[{"href":"https:\/\/cetaradell.cat\/ce\/wp-json\/wp\/v2\/posts\/10109","targetHints":{"allow":["GET"]}}],"collection":[{"href":"https:\/\/cetaradell.cat\/ce\/wp-json\/wp\/v2\/posts"}],"about":[{"href":"https:\/\/cetaradell.cat\/ce\/wp-json\/wp\/v2\/types\/post"}],"author":[{"embeddable":true,"href":"https:\/\/cetaradell.cat\/ce\/wp-json\/wp\/v2\/users\/1"}],"replies":[{"embeddable":true,"href":"https:\/\/cetaradell.cat\/ce\/wp-json\/wp\/v2\/comments?post=10109"}],"version-history":[{"count":0,"href":"https:\/\/cetaradell.cat\/ce\/wp-json\/wp\/v2\/posts\/10109\/revisions"}],"wp:featuredmedia":[{"embeddable":true,"href":"https:\/\/cetaradell.cat\/ce\/wp-json\/wp\/v2\/media\/10110"}],"wp:attachment":[{"href":"https:\/\/cetaradell.cat\/ce\/wp-json\/wp\/v2\/media?parent=10109"}],"wp:term":[{"taxonomy":"category","embeddable":true,"href":"https:\/\/cetaradell.cat\/ce\/wp-json\/wp\/v2\/categories?post=10109"},{"taxonomy":"post_tag","embeddable":true,"href":"https:\/\/cetaradell.cat\/ce\/wp-json\/wp\/v2\/tags?post=10109"}],"curies":[{"name":"wp","href":"https:\/\/api.w.org\/{rel}","templated":true}]}}