{"id":10140,"date":"2025-12-22T00:00:14","date_gmt":"2025-12-21T23:00:14","guid":{"rendered":"https:\/\/cetaradell.cat\/ce\/?p=10140"},"modified":"2025-12-22T00:01:26","modified_gmt":"2025-12-21T23:01:26","slug":"sortides-de-senders-2026","status":"publish","type":"post","link":"https:\/\/cetaradell.cat\/ce\/sortides-de-senders-2026\/","title":{"rendered":"Sortides de Senders &#8211; 2026"},"content":{"rendered":"<p>PREVISI\u00d3 DE LES SORTIDES DE SENDERS PEL 2026<br \/>\n<a href=\"https:\/\/cetaradell.cat\/ce\/sortides-de-senders-gener-2023\/senders-gr11-i-100-cims-2020-ok-imp-4\/\" target=\"_blank\" rel=\"attachment noopener wp-att-9295\"><img decoding=\"async\" class=\"alignleft wp-image-9295 size-medium\" src=\"https:\/\/cetaradell.cat\/ce\/wp-content\/uploads\/SENDERS-gr11-i-100-cims-281x300.jpeg\" alt=\"\" width=\"281\" height=\"300\" srcset=\"https:\/\/cetaradell.cat\/ce\/wp-content\/uploads\/SENDERS-gr11-i-100-cims-200x214.jpeg 200w, https:\/\/cetaradell.cat\/ce\/wp-content\/uploads\/SENDERS-gr11-i-100-cims-281x300.jpeg 281w, https:\/\/cetaradell.cat\/ce\/wp-content\/uploads\/SENDERS-gr11-i-100-cims-400x428.jpeg 400w, https:\/\/cetaradell.cat\/ce\/wp-content\/uploads\/SENDERS-gr11-i-100-cims-500x534.jpeg 500w, https:\/\/cetaradell.cat\/ce\/wp-content\/uploads\/SENDERS-gr11-i-100-cims-600x641.jpeg 600w, https:\/\/cetaradell.cat\/ce\/wp-content\/uploads\/SENDERS-gr11-i-100-cims-700x748.jpeg 700w, https:\/\/cetaradell.cat\/ce\/wp-content\/uploads\/SENDERS-gr11-i-100-cims-768x821.jpeg 768w, https:\/\/cetaradell.cat\/ce\/wp-content\/uploads\/SENDERS-gr11-i-100-cims-800x855.jpeg 800w, https:\/\/cetaradell.cat\/ce\/wp-content\/uploads\/SENDERS-gr11-i-100-cims.jpeg 901w\" sizes=\"(max-width: 281px) 100vw, 281px\" \/><\/a><\/p>\n<ul>\n<li>Diumenge, 11 de gener &#8211; GR-92: Tamariu &#8211; Palam\u00f3s<\/li>\n<li>Diumenge, 1 de febrer &#8211; GR-92: Palam\u00f3s &#8211; Sant Feliu de Gu\u00edxols<\/li>\n<li>Diumenge, 1 de mar\u00e7 &#8211; Vora Ter: Setcases &#8211; Sant Pau Seg\u00faries<\/li>\n<li>Diumenge, 12 d&#8217;abril\u00a0 &#8211; Tarragona: Prades &#8211; Poblet<\/li>\n<li>Diumenge, 10 de maig\u00a0 &#8211; Santa Maria Besora &#8211; Bellmunt &#8211; Sant Pere Torell\u00f3<\/li>\n<li>Diumenge, 7 de juny &#8211; Gallina Pelada &#8211; Creu de ferro<\/li>\n<li>Dissabte\/diumenge,\u00a0 \u00a011\/12\u00a0 de juliol\u00a0 &#8211; Andorra<\/li>\n<li>Diumenge, 6 de setembre &#8211; Empord\u00e0<\/li>\n<li>Diumenge, 4 d&#8217;octubre &#8211; Montseny: Sant Mar\u00e7al &#8211; les Agudes &#8211; Tur\u00f3 de l\u2019Home &#8211; Sant Bernat<\/li>\n<li>Diumenge, 8 de novembre &#8211; Montserrat<\/li>\n<\/ul>\n<p>*Uns dies abans de la data prevista de cada sortida s\u2019enviar\u00e0 la informaci\u00f3 a tots els socis, i tamb\u00e9 es penjar\u00e0 a la web del CET.<\/p>\n<p><strong>SORTIDA DE TARADELL:<\/strong> 6.45 h de l&#8217;Espai 1 d&#8217;Octubre (Parada Bus)<\/p>\n<p><strong>SORTIDA DE VIC: <\/strong>7.00 h de davant l&#8217;Hotel Can Pamplona<\/p>\n<p><strong>NOTA: <\/strong>Cal portar cal\u00e7at adequat preferiblement bota de canya alta, roba d\u2019abric, paravent, gorra, guants, protecci\u00f3 solar, bastons de trekking, aigua, esmorzar i dinar.<\/p>\n<p><strong>NOTES<\/strong>: \u00c9s imprescindible estar federat.<\/p>\n<p>&nbsp;<\/p>\n","protected":false},"excerpt":{"rendered":"<p>PREVISI\u00d3 DE LES SORTIDES DE SENDERS PEL 2026 Diumenge, 11 de gener &#8211; GR-92: Tamariu &#8211; Palam\u00f3s Diumenge, 1 de febrer &#8211; GR-92: Palam\u00f3s &#8211; Sant Feliu de Gu\u00edxols Diumenge, 1 de mar\u00e7 &#8211; Vora Ter: Setcases &#8211; Sant Pau Seg\u00faries Diumenge, 12 d&#8217;abril\u00a0 &#8211; Tarragona: Prades &#8211; Poblet Diumenge,  [&#8230;]<\/p>\n","protected":false},"author":1,"featured_media":9295,"comment_status":"closed","ping_status":"closed","sticky":false,"template":"","format":"standard","meta":{"footnotes":""},"categories":[4,11],"tags":[],"class_list":["post-10140","post","type-post","status-publish","format-standard","has-post-thumbnail","hentry","category-activitats","category-senders"],"yoast_head":"<!-- This site is optimized with the Yoast SEO plugin v27.4 - https:\/\/yoast.com\/product\/yoast-seo-wordpress\/ -->\n<title>Sortides de Senders - 2026 - Centre Excursionista Taradell<\/title>\n<meta name=\"robots\" content=\"index, follow, max-snippet:-1, max-image-preview:large, max-video-preview:-1\" \/>\n<link rel=\"canonical\" href=\"https:\/\/cetaradell.cat\/ce\/sortides-de-senders-2026\/\" \/>\n<meta property=\"og:locale\" content=\"ca_ES\" \/>\n<meta property=\"og:type\" content=\"article\" \/>\n<meta property=\"og:title\" content=\"Sortides de Senders - 2026 - Centre Excursionista Taradell\" \/>\n<meta property=\"og:description\" content=\"PREVISI\u00d3 DE LES SORTIDES DE SENDERS PEL 2026 Diumenge, 11 de gener &#8211; GR-92: Tamariu &#8211; Palam\u00f3s Diumenge, 1 de febrer &#8211; GR-92: Palam\u00f3s &#8211; Sant Feliu de Gu\u00edxols Diumenge, 1 de mar\u00e7 &#8211; Vora Ter: Setcases &#8211; Sant Pau Seg\u00faries Diumenge, 12 d&#8217;abril\u00a0 &#8211; Tarragona: Prades &#8211; Poblet Diumenge, [...]\" \/>\n<meta property=\"og:url\" content=\"https:\/\/cetaradell.cat\/ce\/sortides-de-senders-2026\/\" \/>\n<meta property=\"og:site_name\" content=\"Centre Excursionista Taradell\" \/>\n<meta property=\"article:publisher\" content=\"https:\/\/www.facebook.com\/CETaradell\/\" \/>\n<meta property=\"article:published_time\" content=\"2025-12-21T23:00:14+00:00\" \/>\n<meta property=\"article:modified_time\" content=\"2025-12-21T23:01:26+00:00\" \/>\n<meta property=\"og:image\" content=\"https:\/\/cetaradell.cat\/ce\/wp-content\/uploads\/SENDERS-gr11-i-100-cims.jpeg\" \/>\n\t<meta property=\"og:image:width\" content=\"901\" \/>\n\t<meta property=\"og:image:height\" content=\"963\" \/>\n\t<meta property=\"og:image:type\" content=\"image\/jpeg\" \/>\n<meta name=\"author\" content=\"CET\" \/>\n<meta name=\"twitter:card\" content=\"summary_large_image\" \/>\n<meta name=\"twitter:label1\" content=\"Escrit per\" \/>\n\t<meta name=\"twitter:data1\" content=\"CET\" \/>\n\t<meta name=\"twitter:label2\" content=\"Temps estimat de lectura\" \/>\n\t<meta name=\"twitter:data2\" content=\"2 minuts\" \/>\n<script type=\"application\/ld+json\" class=\"yoast-schema-graph\">{\"@context\":\"https:\\\/\\\/schema.org\",\"@graph\":[{\"@type\":\"Article\",\"@id\":\"https:\\\/\\\/cetaradell.cat\\\/ce\\\/sortides-de-senders-2026\\\/#article\",\"isPartOf\":{\"@id\":\"https:\\\/\\\/cetaradell.cat\\\/ce\\\/sortides-de-senders-2026\\\/\"},\"author\":{\"name\":\"CET\",\"@id\":\"https:\\\/\\\/cetaradell.cat\\\/ce\\\/#\\\/schema\\\/person\\\/92a59f585073071c7be6649e84b22f78\"},\"headline\":\"Sortides de Senders &#8211; 2026\",\"datePublished\":\"2025-12-21T23:00:14+00:00\",\"dateModified\":\"2025-12-21T23:01:26+00:00\",\"mainEntityOfPage\":{\"@id\":\"https:\\\/\\\/cetaradell.cat\\\/ce\\\/sortides-de-senders-2026\\\/\"},\"wordCount\":191,\"image\":{\"@id\":\"https:\\\/\\\/cetaradell.cat\\\/ce\\\/sortides-de-senders-2026\\\/#primaryimage\"},\"thumbnailUrl\":\"https:\\\/\\\/cetaradell.cat\\\/ce\\\/wp-content\\\/uploads\\\/SENDERS-gr11-i-100-cims.jpeg\",\"articleSection\":[\"Activitats\",\"Senders\"],\"inLanguage\":\"ca\"},{\"@type\":\"WebPage\",\"@id\":\"https:\\\/\\\/cetaradell.cat\\\/ce\\\/sortides-de-senders-2026\\\/\",\"url\":\"https:\\\/\\\/cetaradell.cat\\\/ce\\\/sortides-de-senders-2026\\\/\",\"name\":\"Sortides de Senders - 2026 - Centre Excursionista Taradell\",\"isPartOf\":{\"@id\":\"https:\\\/\\\/cetaradell.cat\\\/ce\\\/#website\"},\"primaryImageOfPage\":{\"@id\":\"https:\\\/\\\/cetaradell.cat\\\/ce\\\/sortides-de-senders-2026\\\/#primaryimage\"},\"image\":{\"@id\":\"https:\\\/\\\/cetaradell.cat\\\/ce\\\/sortides-de-senders-2026\\\/#primaryimage\"},\"thumbnailUrl\":\"https:\\\/\\\/cetaradell.cat\\\/ce\\\/wp-content\\\/uploads\\\/SENDERS-gr11-i-100-cims.jpeg\",\"datePublished\":\"2025-12-21T23:00:14+00:00\",\"dateModified\":\"2025-12-21T23:01:26+00:00\",\"author\":{\"@id\":\"https:\\\/\\\/cetaradell.cat\\\/ce\\\/#\\\/schema\\\/person\\\/92a59f585073071c7be6649e84b22f78\"},\"breadcrumb\":{\"@id\":\"https:\\\/\\\/cetaradell.cat\\\/ce\\\/sortides-de-senders-2026\\\/#breadcrumb\"},\"inLanguage\":\"ca\",\"potentialAction\":[{\"@type\":\"ReadAction\",\"target\":[\"https:\\\/\\\/cetaradell.cat\\\/ce\\\/sortides-de-senders-2026\\\/\"]}]},{\"@type\":\"ImageObject\",\"inLanguage\":\"ca\",\"@id\":\"https:\\\/\\\/cetaradell.cat\\\/ce\\\/sortides-de-senders-2026\\\/#primaryimage\",\"url\":\"https:\\\/\\\/cetaradell.cat\\\/ce\\\/wp-content\\\/uploads\\\/SENDERS-gr11-i-100-cims.jpeg\",\"contentUrl\":\"https:\\\/\\\/cetaradell.cat\\\/ce\\\/wp-content\\\/uploads\\\/SENDERS-gr11-i-100-cims.jpeg\",\"width\":901,\"height\":963,\"caption\":\"SENDERS gr11 i 100 cims 2020 ok IMP\"},{\"@type\":\"BreadcrumbList\",\"@id\":\"https:\\\/\\\/cetaradell.cat\\\/ce\\\/sortides-de-senders-2026\\\/#breadcrumb\",\"itemListElement\":[{\"@type\":\"ListItem\",\"position\":1,\"name\":\"Inici\",\"item\":\"https:\\\/\\\/cetaradell.cat\\\/ce\\\/\"},{\"@type\":\"ListItem\",\"position\":2,\"name\":\"Sortides de Senders &#8211; 2026\"}]},{\"@type\":\"WebSite\",\"@id\":\"https:\\\/\\\/cetaradell.cat\\\/ce\\\/#website\",\"url\":\"https:\\\/\\\/cetaradell.cat\\\/ce\\\/\",\"name\":\"Centre Excursionista Taradell\",\"description\":\"\",\"potentialAction\":[{\"@type\":\"SearchAction\",\"target\":{\"@type\":\"EntryPoint\",\"urlTemplate\":\"https:\\\/\\\/cetaradell.cat\\\/ce\\\/?s={search_term_string}\"},\"query-input\":{\"@type\":\"PropertyValueSpecification\",\"valueRequired\":true,\"valueName\":\"search_term_string\"}}],\"inLanguage\":\"ca\"},{\"@type\":\"Person\",\"@id\":\"https:\\\/\\\/cetaradell.cat\\\/ce\\\/#\\\/schema\\\/person\\\/92a59f585073071c7be6649e84b22f78\",\"name\":\"CET\",\"image\":{\"@type\":\"ImageObject\",\"inLanguage\":\"ca\",\"@id\":\"https:\\\/\\\/secure.gravatar.com\\\/avatar\\\/d6fbe010d42056feccc0f613ed07277a5118442805079269f12dabdc42e1a727?s=96&d=mm&r=g\",\"url\":\"https:\\\/\\\/secure.gravatar.com\\\/avatar\\\/d6fbe010d42056feccc0f613ed07277a5118442805079269f12dabdc42e1a727?s=96&d=mm&r=g\",\"contentUrl\":\"https:\\\/\\\/secure.gravatar.com\\\/avatar\\\/d6fbe010d42056feccc0f613ed07277a5118442805079269f12dabdc42e1a727?s=96&d=mm&r=g\",\"caption\":\"CET\"},\"url\":\"https:\\\/\\\/cetaradell.cat\\\/ce\\\/author\\\/root\\\/\"}]}<\/script>\n<!-- \/ Yoast SEO plugin. -->","yoast_head_json":{"title":"Sortides de Senders - 2026 - Centre Excursionista Taradell","robots":{"index":"index","follow":"follow","max-snippet":"max-snippet:-1","max-image-preview":"max-image-preview:large","max-video-preview":"max-video-preview:-1"},"canonical":"https:\/\/cetaradell.cat\/ce\/sortides-de-senders-2026\/","og_locale":"ca_ES","og_type":"article","og_title":"Sortides de Senders - 2026 - Centre Excursionista Taradell","og_description":"PREVISI\u00d3 DE LES SORTIDES DE SENDERS PEL 2026 Diumenge, 11 de gener &#8211; GR-92: Tamariu &#8211; Palam\u00f3s Diumenge, 1 de febrer &#8211; GR-92: Palam\u00f3s &#8211; Sant Feliu de Gu\u00edxols Diumenge, 1 de mar\u00e7 &#8211; Vora Ter: Setcases &#8211; Sant Pau Seg\u00faries Diumenge, 12 d&#8217;abril\u00a0 &#8211; Tarragona: Prades &#8211; Poblet Diumenge, [...]","og_url":"https:\/\/cetaradell.cat\/ce\/sortides-de-senders-2026\/","og_site_name":"Centre Excursionista Taradell","article_publisher":"https:\/\/www.facebook.com\/CETaradell\/","article_published_time":"2025-12-21T23:00:14+00:00","article_modified_time":"2025-12-21T23:01:26+00:00","og_image":[{"width":901,"height":963,"url":"https:\/\/cetaradell.cat\/ce\/wp-content\/uploads\/SENDERS-gr11-i-100-cims.jpeg","type":"image\/jpeg"}],"author":"CET","twitter_card":"summary_large_image","twitter_misc":{"Escrit per":"CET","Temps estimat de lectura":"2 minuts"},"schema":{"@context":"https:\/\/schema.org","@graph":[{"@type":"Article","@id":"https:\/\/cetaradell.cat\/ce\/sortides-de-senders-2026\/#article","isPartOf":{"@id":"https:\/\/cetaradell.cat\/ce\/sortides-de-senders-2026\/"},"author":{"name":"CET","@id":"https:\/\/cetaradell.cat\/ce\/#\/schema\/person\/92a59f585073071c7be6649e84b22f78"},"headline":"Sortides de Senders &#8211; 2026","datePublished":"2025-12-21T23:00:14+00:00","dateModified":"2025-12-21T23:01:26+00:00","mainEntityOfPage":{"@id":"https:\/\/cetaradell.cat\/ce\/sortides-de-senders-2026\/"},"wordCount":191,"image":{"@id":"https:\/\/cetaradell.cat\/ce\/sortides-de-senders-2026\/#primaryimage"},"thumbnailUrl":"https:\/\/cetaradell.cat\/ce\/wp-content\/uploads\/SENDERS-gr11-i-100-cims.jpeg","articleSection":["Activitats","Senders"],"inLanguage":"ca"},{"@type":"WebPage","@id":"https:\/\/cetaradell.cat\/ce\/sortides-de-senders-2026\/","url":"https:\/\/cetaradell.cat\/ce\/sortides-de-senders-2026\/","name":"Sortides de Senders - 2026 - Centre Excursionista Taradell","isPartOf":{"@id":"https:\/\/cetaradell.cat\/ce\/#website"},"primaryImageOfPage":{"@id":"https:\/\/cetaradell.cat\/ce\/sortides-de-senders-2026\/#primaryimage"},"image":{"@id":"https:\/\/cetaradell.cat\/ce\/sortides-de-senders-2026\/#primaryimage"},"thumbnailUrl":"https:\/\/cetaradell.cat\/ce\/wp-content\/uploads\/SENDERS-gr11-i-100-cims.jpeg","datePublished":"2025-12-21T23:00:14+00:00","dateModified":"2025-12-21T23:01:26+00:00","author":{"@id":"https:\/\/cetaradell.cat\/ce\/#\/schema\/person\/92a59f585073071c7be6649e84b22f78"},"breadcrumb":{"@id":"https:\/\/cetaradell.cat\/ce\/sortides-de-senders-2026\/#breadcrumb"},"inLanguage":"ca","potentialAction":[{"@type":"ReadAction","target":["https:\/\/cetaradell.cat\/ce\/sortides-de-senders-2026\/"]}]},{"@type":"ImageObject","inLanguage":"ca","@id":"https:\/\/cetaradell.cat\/ce\/sortides-de-senders-2026\/#primaryimage","url":"https:\/\/cetaradell.cat\/ce\/wp-content\/uploads\/SENDERS-gr11-i-100-cims.jpeg","contentUrl":"https:\/\/cetaradell.cat\/ce\/wp-content\/uploads\/SENDERS-gr11-i-100-cims.jpeg","width":901,"height":963,"caption":"SENDERS gr11 i 100 cims 2020 ok IMP"},{"@type":"BreadcrumbList","@id":"https:\/\/cetaradell.cat\/ce\/sortides-de-senders-2026\/#breadcrumb","itemListElement":[{"@type":"ListItem","position":1,"name":"Inici","item":"https:\/\/cetaradell.cat\/ce\/"},{"@type":"ListItem","position":2,"name":"Sortides de Senders &#8211; 2026"}]},{"@type":"WebSite","@id":"https:\/\/cetaradell.cat\/ce\/#website","url":"https:\/\/cetaradell.cat\/ce\/","name":"Centre Excursionista Taradell","description":"","potentialAction":[{"@type":"SearchAction","target":{"@type":"EntryPoint","urlTemplate":"https:\/\/cetaradell.cat\/ce\/?s={search_term_string}"},"query-input":{"@type":"PropertyValueSpecification","valueRequired":true,"valueName":"search_term_string"}}],"inLanguage":"ca"},{"@type":"Person","@id":"https:\/\/cetaradell.cat\/ce\/#\/schema\/person\/92a59f585073071c7be6649e84b22f78","name":"CET","image":{"@type":"ImageObject","inLanguage":"ca","@id":"https:\/\/secure.gravatar.com\/avatar\/d6fbe010d42056feccc0f613ed07277a5118442805079269f12dabdc42e1a727?s=96&d=mm&r=g","url":"https:\/\/secure.gravatar.com\/avatar\/d6fbe010d42056feccc0f613ed07277a5118442805079269f12dabdc42e1a727?s=96&d=mm&r=g","contentUrl":"https:\/\/secure.gravatar.com\/avatar\/d6fbe010d42056feccc0f613ed07277a5118442805079269f12dabdc42e1a727?s=96&d=mm&r=g","caption":"CET"},"url":"https:\/\/cetaradell.cat\/ce\/author\/root\/"}]}},"_links":{"self":[{"href":"https:\/\/cetaradell.cat\/ce\/wp-json\/wp\/v2\/posts\/10140","targetHints":{"allow":["GET"]}}],"collection":[{"href":"https:\/\/cetaradell.cat\/ce\/wp-json\/wp\/v2\/posts"}],"about":[{"href":"https:\/\/cetaradell.cat\/ce\/wp-json\/wp\/v2\/types\/post"}],"author":[{"embeddable":true,"href":"https:\/\/cetaradell.cat\/ce\/wp-json\/wp\/v2\/users\/1"}],"replies":[{"embeddable":true,"href":"https:\/\/cetaradell.cat\/ce\/wp-json\/wp\/v2\/comments?post=10140"}],"version-history":[{"count":0,"href":"https:\/\/cetaradell.cat\/ce\/wp-json\/wp\/v2\/posts\/10140\/revisions"}],"wp:featuredmedia":[{"embeddable":true,"href":"https:\/\/cetaradell.cat\/ce\/wp-json\/wp\/v2\/media\/9295"}],"wp:attachment":[{"href":"https:\/\/cetaradell.cat\/ce\/wp-json\/wp\/v2\/media?parent=10140"}],"wp:term":[{"taxonomy":"category","embeddable":true,"href":"https:\/\/cetaradell.cat\/ce\/wp-json\/wp\/v2\/categories?post=10140"},{"taxonomy":"post_tag","embeddable":true,"href":"https:\/\/cetaradell.cat\/ce\/wp-json\/wp\/v2\/tags?post=10140"}],"curies":[{"name":"wp","href":"https:\/\/api.w.org\/{rel}","templated":true}]}}