{"id":1739,"date":"2014-10-20T23:11:44","date_gmt":"2014-10-20T23:11:44","guid":{"rendered":"https:\/\/cetaradell.cat\/ce\/?p=1739"},"modified":"2025-02-22T21:02:57","modified_gmt":"2025-02-22T20:02:57","slug":"mes-de-100-inscrits-al-3r-duatlo-xs-infantil","status":"publish","type":"post","link":"https:\/\/cetaradell.cat\/ce\/mes-de-100-inscrits-al-3r-duatlo-xs-infantil\/","title":{"rendered":"M\u00e9s de 100 inscrits al 3r Duatl\u00f3 XS &#8211; Infantil"},"content":{"rendered":"<div id=\"attachment_1740\" style=\"width: 260px\" class=\"wp-caption alignleft\"><a href=\"https:\/\/cetaradell.cat\/ce\/wp-content\/uploads\/2014-3r_duatlo_XS_1.jpg\" target=\"_blank\" rel=\"noopener noreferrer\"><img decoding=\"async\" aria-describedby=\"caption-attachment-1740\" class=\"wp-image-1740\" src=\"https:\/\/cetaradell.cat\/ce\/wp-content\/uploads\/2014-3r_duatlo_XS_1-300x168.jpg\" alt=\"2014-3r_duatlo_XS_1\" width=\"250\" height=\"141\" srcset=\"https:\/\/cetaradell.cat\/ce\/wp-content\/uploads\/2014-3r_duatlo_XS_1-300x168.jpg 300w, https:\/\/cetaradell.cat\/ce\/wp-content\/uploads\/2014-3r_duatlo_XS_1-500x281.jpg 500w, https:\/\/cetaradell.cat\/ce\/wp-content\/uploads\/2014-3r_duatlo_XS_1-700x394.jpg 700w, https:\/\/cetaradell.cat\/ce\/wp-content\/uploads\/2014-3r_duatlo_XS_1-1024x576.jpg 1024w\" sizes=\"(max-width: 250px) 100vw, 250px\" \/><\/a><p id=\"caption-attachment-1740\" class=\"wp-caption-text\">Sortida dels s\u00faper minis (Foto: Marc Hern\u00e1ndez)<\/p><\/div>\n<p>A la tercera edici\u00f3 del duatl\u00f3 XS \u2013 Infantil, celebrada el dissabte dia 18\u00a0d&#8217;octubre de 2014, s\u2019hi van inscriure un total de 112 participants entre nens i nenes, que es van repartir en set categories segons l\u2019edat. La prova es dividia en dos trams: l\u2019un corrent i l\u2019altre en bicicleta, la dificultat dels quals creixia amb l\u2019edat: des de 125 metres corrent i 500 metres en bicicleta per als m\u00e9s petits fins als 1.250 metres corrent i 4.500 metres en bicicleta per als infantils i cadets que compartien circuit.<\/p>\n<p>Enguany, hi va haver un gran nombre d\u2019inscrits de la categoria mini, i per no deixar-ne cap sense participar i que tots poguessin fer-ho c\u00f2modament, es va dividir en dues. Aix\u00ed, els nascuts el 2009 van participar en la categoria mini i els nascuts del 2010 al 2012 van fer-ho en la s\u00faper mini.<\/p>\n<p>Aix\u00ed, a partir de les 3 de la tarda els participants es van anar acostant cap al bosc del Pujol\u00f3, on es van comen\u00e7ar a lliurar els dorsals del duatl\u00f3 infantil i a inscriure els participants que es van decidir a \u00faltima hora. Cal dir que si b\u00e9 el gruix gran de participants era de Taradell, una quarta part van venir d\u2019altres pobles propers com: Vic, Seva, Tona, els Hostalets de Baleny\u00e0, Folgueroles, Manlleu o Gurb, i d\u2019altres m\u00e9s apartats com Aiguafreda, Lli\u00e7\u00e0 de Munt, Bigues i Riells, Alpens, L\u2019Estany o Perafita, i de m\u00e9s lluny encara com: Barcelona, Solsona i Olius.<\/p>\n<div id=\"attachment_1769\" style=\"width: 310px\" class=\"wp-caption alignright\"><a href=\"https:\/\/cetaradell.cat\/ce\/wp-content\/uploads\/DSCF3060.jpg\" target=\"_blank\" rel=\"noopener noreferrer\"><img decoding=\"async\" aria-describedby=\"caption-attachment-1769\" class=\"wp-image-1769 size-medium\" src=\"https:\/\/cetaradell.cat\/ce\/wp-content\/uploads\/DSCF3060-300x210.jpg\" alt=\"DSCF3060\" width=\"300\" height=\"210\" srcset=\"https:\/\/cetaradell.cat\/ce\/wp-content\/uploads\/DSCF3060-300x210.jpg 300w, https:\/\/cetaradell.cat\/ce\/wp-content\/uploads\/DSCF3060-500x351.jpg 500w, https:\/\/cetaradell.cat\/ce\/wp-content\/uploads\/DSCF3060-700x491.jpg 700w, https:\/\/cetaradell.cat\/ce\/wp-content\/uploads\/DSCF3060-1024x718.jpg 1024w, https:\/\/cetaradell.cat\/ce\/wp-content\/uploads\/DSCF3060.jpg 1491w\" sizes=\"(max-width: 300px) 100vw, 300px\" \/><\/a><p id=\"caption-attachment-1769\" class=\"wp-caption-text\">Tram de bicicleta dels s\u00faper minis (Foto: M. Hern\u00e1ndez)<\/p><\/div>\n<p>Una mica m\u00e9s de les 4 de la tarda, es van donar les inscripcions per tancades i es va comen\u00e7ar el duatl\u00f3 XS. Els primers en participar van ser el s\u00faper minis seguits dels minis, i seguidament, les seg\u00fcents categories per ordre creixent d\u2019edat: pre-benjamins, benjamins, alevins, i infantils i cadets que van c\u00f3rrer junts, encara que puntuaven per separat.<\/p>\n<p>Cap a les 6 de la tarda es van acabar totes les proves i r\u00e0pidament es va procedir al lliurament dels premis als tres primers classificats masculins i femenins de cada categoria.<\/p>\n<p>Tots els participants van ser convidats a berenar i van ser obsequiats amb una samarreta del duatl\u00f3 XS infantil i una bossa del CET-L\u2019Enclusa.<\/p>\n<p>Les classificacions van ser les seg\u00fcents:<\/p>\n<table style=\"background-color: #e6ffcd;\" width=\"553\">\n<tbody>\n<tr>\n<td style=\"text-align: center;\" colspan=\"4\" width=\"553\"><strong>S\u00daPER MINIS : fins a 4 anys<\/strong><\/td>\n<\/tr>\n<tr>\n<td style=\"text-align: center;\" width=\"39\"><\/td>\n<td style=\"text-align: center;\" width=\"252\"><strong>Mascul\u00ed<\/strong><\/td>\n<td style=\"text-align: center;\" width=\"37\"><\/td>\n<td style=\"text-align: center;\" width=\"226\"><strong>Femen\u00ed<\/strong><\/td>\n<\/tr>\n<tr>\n<td style=\"text-align: center;\" width=\"39\">1r<\/td>\n<td style=\"text-align: center;\" width=\"252\">Iol Prieto<\/td>\n<td style=\"text-align: center;\" width=\"37\">1a<\/td>\n<td style=\"text-align: center;\" width=\"226\">Paula Cassany<\/td>\n<\/tr>\n<tr>\n<td style=\"text-align: center;\" width=\"39\">2n<\/td>\n<td style=\"text-align: center;\" width=\"252\">Biel Rodr\u00edguez<\/td>\n<td style=\"text-align: center;\" width=\"37\">2a<\/td>\n<td style=\"text-align: center;\" width=\"226\">Martina Molist<\/td>\n<\/tr>\n<tr>\n<td style=\"text-align: center;\" width=\"39\">3r<\/td>\n<td style=\"text-align: center;\" width=\"252\">\u00c0lex Margenet<\/td>\n<td style=\"text-align: center;\" width=\"37\">3a<\/td>\n<td style=\"text-align: center;\" width=\"226\">Yara Aguilar<\/td>\n<\/tr>\n<tr>\n<td style=\"text-align: center;\" width=\"39\"><\/td>\n<td style=\"text-align: center;\" width=\"252\">\u00a0<a href=\"https:\/\/cetaradell.cat\/ce\/wp-content\/uploads\/DSCF3152.jpg\" target=\"_blank\" rel=\"noopener noreferrer\"><img decoding=\"async\" class=\"alignnone wp-image-1751 size-thumbnail\" src=\"https:\/\/cetaradell.cat\/ce\/wp-content\/uploads\/DSCF3152-150x150.jpg\" alt=\"DSCF3152\" width=\"150\" height=\"150\" srcset=\"https:\/\/cetaradell.cat\/ce\/wp-content\/uploads\/DSCF3152-60x60.jpg 60w, https:\/\/cetaradell.cat\/ce\/wp-content\/uploads\/DSCF3152-100x100.jpg 100w, https:\/\/cetaradell.cat\/ce\/wp-content\/uploads\/DSCF3152-150x150.jpg 150w\" sizes=\"(max-width: 150px) 100vw, 150px\" \/><\/a><\/td>\n<td style=\"text-align: center;\" width=\"37\"><\/td>\n<td style=\"text-align: center;\" width=\"226\"><a href=\"https:\/\/cetaradell.cat\/ce\/wp-content\/uploads\/DSCF3150.jpg\" target=\"_blank\" rel=\"noopener noreferrer\"><img decoding=\"async\" class=\"alignnone wp-image-1750 size-thumbnail\" src=\"https:\/\/cetaradell.cat\/ce\/wp-content\/uploads\/DSCF3150-150x150.jpg\" alt=\"DSCF3150\" width=\"150\" height=\"150\" srcset=\"https:\/\/cetaradell.cat\/ce\/wp-content\/uploads\/DSCF3150-60x60.jpg 60w, https:\/\/cetaradell.cat\/ce\/wp-content\/uploads\/DSCF3150-100x100.jpg 100w, https:\/\/cetaradell.cat\/ce\/wp-content\/uploads\/DSCF3150-150x150.jpg 150w\" sizes=\"(max-width: 150px) 100vw, 150px\" \/><\/a><\/td>\n<\/tr>\n<\/tbody>\n<\/table>\n<p>&nbsp;<\/p>\n<table style=\"background-color: #e6ffcd;\" width=\"553\">\n<tbody>\n<tr>\n<td style=\"text-align: center;\" colspan=\"4\" width=\"553\"><strong>MINIS : 5 anys<\/strong><\/td>\n<\/tr>\n<tr>\n<td style=\"text-align: center;\" width=\"39\"><\/td>\n<td style=\"text-align: center;\" width=\"252\"><strong>Mascul\u00ed<\/strong><\/td>\n<td style=\"text-align: center;\" width=\"37\"><\/td>\n<td style=\"text-align: center;\" width=\"226\"><strong>Femen\u00ed<\/strong><\/td>\n<\/tr>\n<tr>\n<td style=\"text-align: center;\" width=\"39\">1r<\/td>\n<td style=\"text-align: center;\" width=\"252\">Gil Pagespetit<\/td>\n<td style=\"text-align: center;\" width=\"37\">1a<\/td>\n<td style=\"text-align: center;\" width=\"226\">\u00cdngrid Oliva<\/td>\n<\/tr>\n<tr>\n<td style=\"text-align: center;\" width=\"39\">2n<\/td>\n<td style=\"text-align: center;\" width=\"252\">Arnau Codina<\/td>\n<td style=\"text-align: center;\" width=\"37\">2a<\/td>\n<td style=\"text-align: center;\" width=\"226\">Laia Hern\u00e1ndez<\/td>\n<\/tr>\n<tr>\n<td style=\"text-align: center;\" width=\"39\">3r<\/td>\n<td style=\"text-align: center;\" width=\"252\">Gil Roca<\/td>\n<td style=\"text-align: center;\" width=\"37\">3a<\/td>\n<td style=\"text-align: center;\" width=\"226\">Queralt Cuenca<\/td>\n<\/tr>\n<tr>\n<td style=\"text-align: center;\" width=\"39\"><\/td>\n<td style=\"text-align: center;\" width=\"252\"><a href=\"https:\/\/cetaradell.cat\/ce\/wp-content\/uploads\/DSCF3156.jpg\" target=\"_blank\" rel=\"noopener noreferrer\"><img decoding=\"async\" class=\"alignnone wp-image-1768 size-thumbnail\" src=\"https:\/\/cetaradell.cat\/ce\/wp-content\/uploads\/DSCF3156-150x150.jpg\" alt=\"DSCF3156\" width=\"150\" height=\"150\" srcset=\"https:\/\/cetaradell.cat\/ce\/wp-content\/uploads\/DSCF3156-60x60.jpg 60w, https:\/\/cetaradell.cat\/ce\/wp-content\/uploads\/DSCF3156-100x100.jpg 100w, https:\/\/cetaradell.cat\/ce\/wp-content\/uploads\/DSCF3156-150x150.jpg 150w\" sizes=\"(max-width: 150px) 100vw, 150px\" \/><\/a><\/td>\n<td style=\"text-align: center;\" width=\"37\"><\/td>\n<td style=\"text-align: center;\" width=\"226\"><a href=\"https:\/\/cetaradell.cat\/ce\/wp-content\/uploads\/DSCF3155.jpg\" target=\"_blank\" rel=\"noopener noreferrer\"><img decoding=\"async\" class=\"alignnone wp-image-1752 size-thumbnail\" src=\"https:\/\/cetaradell.cat\/ce\/wp-content\/uploads\/DSCF3155-150x150.jpg\" alt=\"DSCF3155\" width=\"150\" height=\"150\" srcset=\"https:\/\/cetaradell.cat\/ce\/wp-content\/uploads\/DSCF3155-60x60.jpg 60w, https:\/\/cetaradell.cat\/ce\/wp-content\/uploads\/DSCF3155-100x100.jpg 100w, https:\/\/cetaradell.cat\/ce\/wp-content\/uploads\/DSCF3155-150x150.jpg 150w\" sizes=\"(max-width: 150px) 100vw, 150px\" \/><\/a><\/td>\n<\/tr>\n<\/tbody>\n<\/table>\n<p>&nbsp;<\/p>\n<table style=\"background-color: #e6ffcd;\" width=\"553\">\n<tbody>\n<tr>\n<td style=\"text-align: center;\" colspan=\"4\" width=\"553\"><strong>PREBENJAMINS : 6-7 anys<\/strong><\/td>\n<\/tr>\n<tr>\n<td style=\"text-align: center;\" width=\"39\"><\/td>\n<td style=\"text-align: center;\" width=\"252\"><strong>Mascul\u00ed<\/strong><\/td>\n<td style=\"text-align: center;\" width=\"37\"><\/td>\n<td style=\"text-align: center;\" width=\"226\"><strong>Femen\u00ed<\/strong><\/td>\n<\/tr>\n<tr>\n<td style=\"text-align: center;\" width=\"39\">1r<\/td>\n<td style=\"text-align: center;\" width=\"252\">Roger Taulats<\/td>\n<td style=\"text-align: center;\" width=\"37\">1a<\/td>\n<td style=\"text-align: center;\" width=\"226\">L\u00eddia Belmonte<\/td>\n<\/tr>\n<tr>\n<td style=\"text-align: center;\" width=\"39\">2n<\/td>\n<td style=\"text-align: center;\" width=\"252\">Sergio G\u00e1mez<\/td>\n<td style=\"text-align: center;\" width=\"37\">2a<\/td>\n<td style=\"text-align: center;\" width=\"226\">Abril Guerrero<\/td>\n<\/tr>\n<tr>\n<td style=\"text-align: center;\" width=\"39\">3r<\/td>\n<td style=\"text-align: center;\" width=\"252\">Roger Llopart<\/td>\n<td style=\"text-align: center;\" width=\"37\">3a<\/td>\n<td style=\"text-align: center;\" width=\"226\">Arsenda Lucas<\/td>\n<\/tr>\n<tr>\n<td style=\"text-align: center;\" width=\"39\"><\/td>\n<td style=\"text-align: center;\" width=\"252\"><a href=\"https:\/\/cetaradell.cat\/ce\/wp-content\/uploads\/DSCF3159.jpg\" target=\"_blank\" rel=\"noopener noreferrer\"><img decoding=\"async\" class=\"alignnone wp-image-1754 size-thumbnail\" src=\"https:\/\/cetaradell.cat\/ce\/wp-content\/uploads\/DSCF3159-150x150.jpg\" alt=\"DSCF3159\" width=\"150\" height=\"150\" srcset=\"https:\/\/cetaradell.cat\/ce\/wp-content\/uploads\/DSCF3159-60x60.jpg 60w, https:\/\/cetaradell.cat\/ce\/wp-content\/uploads\/DSCF3159-100x100.jpg 100w, https:\/\/cetaradell.cat\/ce\/wp-content\/uploads\/DSCF3159-150x150.jpg 150w\" sizes=\"(max-width: 150px) 100vw, 150px\" \/><\/a><\/td>\n<td style=\"text-align: center;\" width=\"37\"><\/td>\n<td style=\"text-align: center;\" width=\"226\"><a href=\"https:\/\/cetaradell.cat\/ce\/wp-content\/uploads\/DSCF3157.jpg\" target=\"_blank\" rel=\"noopener noreferrer\"><img decoding=\"async\" class=\"alignnone wp-image-1753 size-thumbnail\" src=\"https:\/\/cetaradell.cat\/ce\/wp-content\/uploads\/DSCF3157-150x150.jpg\" alt=\"DSCF3157\" width=\"150\" height=\"150\" srcset=\"https:\/\/cetaradell.cat\/ce\/wp-content\/uploads\/DSCF3157-60x60.jpg 60w, https:\/\/cetaradell.cat\/ce\/wp-content\/uploads\/DSCF3157-100x100.jpg 100w, https:\/\/cetaradell.cat\/ce\/wp-content\/uploads\/DSCF3157-150x150.jpg 150w\" sizes=\"(max-width: 150px) 100vw, 150px\" \/><\/a><\/td>\n<\/tr>\n<\/tbody>\n<\/table>\n<p>&nbsp;<\/p>\n<table style=\"background-color: #e6ffcd;\" width=\"553\">\n<tbody>\n<tr>\n<td style=\"text-align: center;\" colspan=\"4\" width=\"553\"><strong>BENJAMINS : 8-9 anys<\/strong><\/td>\n<\/tr>\n<tr>\n<td style=\"text-align: center;\" width=\"39\"><\/td>\n<td style=\"text-align: center;\" width=\"252\"><strong>Mascul\u00ed<\/strong><\/td>\n<td style=\"text-align: center;\" width=\"37\"><\/td>\n<td style=\"text-align: center;\" width=\"226\"><strong>Femen\u00ed<\/strong><\/td>\n<\/tr>\n<tr>\n<td style=\"text-align: center;\" width=\"39\">1r<\/td>\n<td style=\"text-align: center;\" width=\"252\">Carlos G\u00e1mez<\/td>\n<td style=\"text-align: center;\" width=\"37\">1a<\/td>\n<td style=\"text-align: center;\" width=\"226\">Zaira Boter<\/td>\n<\/tr>\n<tr>\n<td style=\"text-align: center;\" width=\"39\">2n<\/td>\n<td style=\"text-align: center;\" width=\"252\">Alex Belmonte<\/td>\n<td style=\"text-align: center;\" width=\"37\">2a<\/td>\n<td style=\"text-align: center;\" width=\"226\">X\u00e8nia Vives<\/td>\n<\/tr>\n<tr>\n<td style=\"text-align: center;\" width=\"39\">3r<\/td>\n<td style=\"text-align: center;\" width=\"252\">Gil Mendoza<\/td>\n<td style=\"text-align: center;\" width=\"37\">3a<\/td>\n<td style=\"text-align: center;\" width=\"226\">Txell Alcubierre<\/td>\n<\/tr>\n<tr>\n<td style=\"text-align: center;\" width=\"39\"><\/td>\n<td style=\"text-align: center;\" width=\"252\"><a href=\"https:\/\/cetaradell.cat\/ce\/wp-content\/uploads\/DSCF3164.jpg\" target=\"_blank\" rel=\"noopener noreferrer\"><img decoding=\"async\" class=\"alignnone wp-image-1756 size-thumbnail\" src=\"https:\/\/cetaradell.cat\/ce\/wp-content\/uploads\/DSCF3164-150x150.jpg\" alt=\"DSCF3164\" width=\"150\" height=\"150\" srcset=\"https:\/\/cetaradell.cat\/ce\/wp-content\/uploads\/DSCF3164-60x60.jpg 60w, https:\/\/cetaradell.cat\/ce\/wp-content\/uploads\/DSCF3164-100x100.jpg 100w, https:\/\/cetaradell.cat\/ce\/wp-content\/uploads\/DSCF3164-150x150.jpg 150w\" sizes=\"(max-width: 150px) 100vw, 150px\" \/><\/a><\/td>\n<td style=\"text-align: center;\" width=\"37\"><\/td>\n<td style=\"text-align: center;\" width=\"226\"><a href=\"https:\/\/cetaradell.cat\/ce\/wp-content\/uploads\/DSCF3161.jpg\" target=\"_blank\" rel=\"noopener noreferrer\"><img decoding=\"async\" class=\"alignnone wp-image-1755 size-thumbnail\" src=\"https:\/\/cetaradell.cat\/ce\/wp-content\/uploads\/DSCF3161-150x150.jpg\" alt=\"DSCF3161\" width=\"150\" height=\"150\" srcset=\"https:\/\/cetaradell.cat\/ce\/wp-content\/uploads\/DSCF3161-60x60.jpg 60w, https:\/\/cetaradell.cat\/ce\/wp-content\/uploads\/DSCF3161-100x100.jpg 100w, https:\/\/cetaradell.cat\/ce\/wp-content\/uploads\/DSCF3161-150x150.jpg 150w\" sizes=\"(max-width: 150px) 100vw, 150px\" \/><\/a><\/td>\n<\/tr>\n<\/tbody>\n<\/table>\n<p>&nbsp;<\/p>\n<table style=\"background-color: #e6ffcd;\" width=\"553\">\n<tbody>\n<tr>\n<td style=\"text-align: center;\" colspan=\"4\" width=\"553\"><strong>ALEVINS : 10-11 anys<\/strong><\/td>\n<\/tr>\n<tr>\n<td style=\"text-align: center;\" width=\"39\"><\/td>\n<td style=\"text-align: center;\" width=\"252\"><strong>Mascul\u00ed<\/strong><\/td>\n<td style=\"text-align: center;\" width=\"37\"><\/td>\n<td style=\"text-align: center;\" width=\"226\"><strong>Femen\u00ed<\/strong><\/td>\n<\/tr>\n<tr>\n<td style=\"text-align: center;\" width=\"39\">1r<\/td>\n<td style=\"text-align: center;\" width=\"252\">Marc Masana<\/td>\n<td style=\"text-align: center;\" width=\"37\">1a<\/td>\n<td style=\"text-align: center;\" width=\"226\">Maria Bofill<\/td>\n<\/tr>\n<tr>\n<td style=\"text-align: center;\" width=\"39\">2n<\/td>\n<td style=\"text-align: center;\" width=\"252\">Adri\u00e0 Franquesa<\/td>\n<td style=\"text-align: center;\" width=\"37\">2a<\/td>\n<td style=\"text-align: center;\" width=\"226\">Mariona Mendoza<\/td>\n<\/tr>\n<tr>\n<td style=\"text-align: center;\" width=\"39\">3r<\/td>\n<td style=\"text-align: center;\" width=\"252\">Biel Costa<\/td>\n<td style=\"text-align: center;\" width=\"37\">3a<\/td>\n<td style=\"text-align: center;\" width=\"226\">Mireia Montanya<\/td>\n<\/tr>\n<tr>\n<td style=\"text-align: center;\" width=\"39\"><\/td>\n<td style=\"text-align: center;\" width=\"252\"><a href=\"https:\/\/cetaradell.cat\/ce\/wp-content\/uploads\/DSCF3168.jpg\" target=\"_blank\" rel=\"noopener noreferrer\"><img decoding=\"async\" class=\"alignnone wp-image-1758 size-thumbnail\" src=\"https:\/\/cetaradell.cat\/ce\/wp-content\/uploads\/DSCF3168-150x150.jpg\" alt=\"DSCF3168\" width=\"150\" height=\"150\" srcset=\"https:\/\/cetaradell.cat\/ce\/wp-content\/uploads\/DSCF3168-60x60.jpg 60w, https:\/\/cetaradell.cat\/ce\/wp-content\/uploads\/DSCF3168-100x100.jpg 100w, https:\/\/cetaradell.cat\/ce\/wp-content\/uploads\/DSCF3168-150x150.jpg 150w\" sizes=\"(max-width: 150px) 100vw, 150px\" \/><\/a><\/td>\n<td style=\"text-align: center;\" width=\"37\"><\/td>\n<td style=\"text-align: center;\" width=\"226\"><a href=\"https:\/\/cetaradell.cat\/ce\/wp-content\/uploads\/DSCF3165.jpg\" target=\"_blank\" rel=\"noopener noreferrer\"><img decoding=\"async\" class=\"alignnone wp-image-1757 size-thumbnail\" src=\"https:\/\/cetaradell.cat\/ce\/wp-content\/uploads\/DSCF3165-150x150.jpg\" alt=\"DSCF3165\" width=\"150\" height=\"150\" srcset=\"https:\/\/cetaradell.cat\/ce\/wp-content\/uploads\/DSCF3165-60x60.jpg 60w, https:\/\/cetaradell.cat\/ce\/wp-content\/uploads\/DSCF3165-100x100.jpg 100w, https:\/\/cetaradell.cat\/ce\/wp-content\/uploads\/DSCF3165-150x150.jpg 150w\" sizes=\"(max-width: 150px) 100vw, 150px\" \/><\/a><\/td>\n<\/tr>\n<\/tbody>\n<\/table>\n<p>&nbsp;<\/p>\n<table style=\"background-color: #e6ffcd;\" width=\"553\">\n<tbody>\n<tr>\n<td style=\"text-align: center;\" colspan=\"4\" width=\"553\"><strong>INFANTILS : 12-13 anys<\/strong><\/td>\n<\/tr>\n<tr>\n<td style=\"text-align: center;\" width=\"39\"><\/td>\n<td style=\"text-align: center;\" width=\"252\"><strong>Mascul\u00ed<\/strong><\/td>\n<td style=\"text-align: center;\" width=\"37\"><\/td>\n<td style=\"text-align: center;\" width=\"226\"><\/td>\n<\/tr>\n<tr>\n<td style=\"text-align: center;\" width=\"39\">1r<\/td>\n<td style=\"text-align: center;\" width=\"252\">Pol Vives<\/td>\n<td style=\"text-align: center;\" width=\"37\"><\/td>\n<td style=\"text-align: center;\" width=\"37\"><\/td>\n<\/tr>\n<tr>\n<td style=\"text-align: center;\" width=\"39\">2n<\/td>\n<td style=\"text-align: center;\" width=\"252\">Joan P\u00e9rez<\/td>\n<td style=\"text-align: center;\" width=\"37\"><\/td>\n<td style=\"text-align: center;\" width=\"37\"><\/td>\n<\/tr>\n<tr>\n<td style=\"text-align: center;\" width=\"39\">3r<\/td>\n<td style=\"text-align: center;\" width=\"252\">Mar\u00e7al Ced\u00f3<\/td>\n<td style=\"text-align: center;\" width=\"37\"><\/td>\n<td style=\"text-align: center;\" width=\"37\"><\/td>\n<\/tr>\n<tr>\n<td style=\"text-align: center;\" width=\"39\"><\/td>\n<td style=\"text-align: center;\" width=\"252\"><a href=\"https:\/\/cetaradell.cat\/ce\/wp-content\/uploads\/DSCF3169.jpg\" target=\"_blank\" rel=\"noopener noreferrer\"><img decoding=\"async\" class=\"alignnone wp-image-1759 size-thumbnail\" src=\"https:\/\/cetaradell.cat\/ce\/wp-content\/uploads\/DSCF3169-150x150.jpg\" alt=\"DSCF3169\" width=\"150\" height=\"150\" srcset=\"https:\/\/cetaradell.cat\/ce\/wp-content\/uploads\/DSCF3169-60x60.jpg 60w, https:\/\/cetaradell.cat\/ce\/wp-content\/uploads\/DSCF3169-100x100.jpg 100w, https:\/\/cetaradell.cat\/ce\/wp-content\/uploads\/DSCF3169-150x150.jpg 150w\" sizes=\"(max-width: 150px) 100vw, 150px\" \/><\/a><\/td>\n<td style=\"text-align: center;\" width=\"37\"><\/td>\n<td style=\"text-align: center;\" width=\"37\"><\/td>\n<\/tr>\n<\/tbody>\n<\/table>\n<p>&nbsp;<\/p>\n<table style=\"background-color: #e6ffcd;\" width=\"553\">\n<tbody>\n<tr>\n<td style=\"text-align: center;\" colspan=\"4\" width=\"553\"><strong>CADETS : 14-15 anys<\/strong><\/td>\n<\/tr>\n<tr>\n<td style=\"text-align: center;\" width=\"39\"><\/td>\n<td style=\"text-align: center;\" width=\"252\"><strong>Mascul\u00ed<\/strong><\/td>\n<td style=\"text-align: center;\" width=\"37\"><\/td>\n<td style=\"text-align: center;\" width=\"226\"><\/td>\n<\/tr>\n<tr>\n<td style=\"text-align: center;\" width=\"39\">1r<\/td>\n<td style=\"text-align: center;\" width=\"252\">Bernat Ced\u00f3 Cuenca<\/td>\n<td style=\"text-align: center;\" width=\"37\"><\/td>\n<td style=\"text-align: center;\" width=\"37\"><\/td>\n<\/tr>\n<tr>\n<td style=\"text-align: center;\" width=\"39\">2n<\/td>\n<td style=\"text-align: center;\" width=\"252\">Pere Rubio Vila<\/td>\n<td style=\"text-align: center;\" width=\"37\"><\/td>\n<td style=\"text-align: center;\" width=\"37\"><\/td>\n<\/tr>\n<tr>\n<td style=\"text-align: center;\" width=\"39\"><\/td>\n<td style=\"text-align: center;\" width=\"252\"><a href=\"https:\/\/cetaradell.cat\/ce\/wp-content\/uploads\/DSCF3171.jpg\" target=\"_blank\" rel=\"noopener noreferrer\"><img decoding=\"async\" class=\"alignnone wp-image-1760 size-thumbnail\" src=\"https:\/\/cetaradell.cat\/ce\/wp-content\/uploads\/DSCF3171-150x150.jpg\" alt=\"DSCF3171\" width=\"150\" height=\"150\" srcset=\"https:\/\/cetaradell.cat\/ce\/wp-content\/uploads\/DSCF3171-60x60.jpg 60w, https:\/\/cetaradell.cat\/ce\/wp-content\/uploads\/DSCF3171-100x100.jpg 100w, https:\/\/cetaradell.cat\/ce\/wp-content\/uploads\/DSCF3171-150x150.jpg 150w\" sizes=\"(max-width: 150px) 100vw, 150px\" \/><\/a><\/td>\n<td style=\"text-align: center;\" width=\"37\"><\/td>\n<td style=\"text-align: center;\" width=\"37\"><\/td>\n<\/tr>\n<\/tbody>\n<\/table>\n<p>&nbsp;<\/p>\n<p>En el quadre seg\u00fcent es resumeixen les proves que va fer cada categoria:<\/p>\n<table style=\"background-color: #e6ffcd;\" width=\"552\">\n<tbody>\n<tr>\n<td colspan=\"3\" width=\"372\"><strong>CATEGORIES<\/strong><\/td>\n<td colspan=\"2\" width=\"180\"><strong>PROVES<\/strong><\/td>\n<\/tr>\n<tr>\n<td width=\"108\"><strong>Categoria<\/strong><\/td>\n<td width=\"132\"><strong>Any de naixement<\/strong><\/td>\n<td width=\"132\"><strong>Edat<\/strong><\/td>\n<td width=\"84\"><strong>Cursa<\/strong><\/td>\n<td width=\"96\"><strong>Bicicleta<\/strong><\/td>\n<\/tr>\n<tr>\n<td width=\"108\">S\u00faper minis<\/td>\n<td width=\"132\">2010 \/ 2011 \/ 2012<\/td>\n<td width=\"132\">Fins a 4 anys<\/td>\n<td width=\"84\">125 m<\/td>\n<td width=\"96\">500 m<\/td>\n<\/tr>\n<tr>\n<td width=\"108\">Minis<\/td>\n<td width=\"132\">2009<\/td>\n<td width=\"132\">De 5 anys<\/td>\n<td width=\"84\">125 m<\/td>\n<td width=\"96\">500 m<\/td>\n<\/tr>\n<tr>\n<td width=\"108\">Prebenjamins<\/td>\n<td width=\"132\">2007 \/2008<\/td>\n<td width=\"132\">De 6 a 7 anys<\/td>\n<td width=\"84\">250 m<\/td>\n<td width=\"96\">1.000 m<\/td>\n<\/tr>\n<tr>\n<td width=\"108\">Benjamins<\/td>\n<td width=\"132\">2005 \/ 2006<\/td>\n<td width=\"132\">De 8 a 9 anys<\/td>\n<td width=\"84\">500 m<\/td>\n<td width=\"96\">2.000 m<\/td>\n<\/tr>\n<tr>\n<td width=\"108\">Alevins<\/td>\n<td width=\"132\">2003 \/ 2004<\/td>\n<td width=\"132\">De 10 a 11 anys<\/td>\n<td width=\"84\">1.000 m<\/td>\n<td width=\"96\">3.000 m<\/td>\n<\/tr>\n<tr>\n<td width=\"108\">Infantils i cadets<\/td>\n<td width=\"132\">2000 \/ 2002<\/td>\n<td width=\"132\">De 12 a 13 anys<\/td>\n<td width=\"84\">1.125 m<\/td>\n<td width=\"96\">4.500 m<\/td>\n<\/tr>\n<tr>\n<td width=\"108\">Cadets<\/td>\n<td width=\"132\">1999 \/ 2000<\/td>\n<td width=\"132\">De 14 a 15 anys<\/td>\n<td width=\"84\">1.125 m<\/td>\n<td width=\"96\">4.500 m<\/td>\n<\/tr>\n<\/tbody>\n<\/table>\n<p><strong>\u00a0<\/strong><\/p>\n","protected":false},"excerpt":{"rendered":"<p>A la tercera edici\u00f3 del duatl\u00f3 XS \u2013 Infantil, celebrada el dissabte dia 18\u00a0d&#8217;octubre de 2014, s\u2019hi van inscriure un total de 112 participants entre nens i nenes, que es van repartir en set categories segons l\u2019edat. La prova es dividia en dos trams: l\u2019un corrent i l\u2019altre en bicicleta,  [&#8230;]<\/p>\n","protected":false},"author":1,"featured_media":1740,"comment_status":"closed","ping_status":"closed","sticky":false,"template":"","format":"standard","meta":{"footnotes":""},"categories":[8,31,3],"tags":[30],"class_list":["post-1739","post","type-post","status-publish","format-standard","has-post-thumbnail","hentry","category-curses","category-duatlo-xs","category-noticies","tag-duatlo-xs-infantil"],"yoast_head":"<!-- This site is optimized with the Yoast SEO plugin v27.5 - https:\/\/yoast.com\/product\/yoast-seo-wordpress\/ -->\n<title>M\u00e9s de 100 inscrits al 3r Duatl\u00f3 XS - Infantil - Centre Excursionista Taradell<\/title>\n<meta name=\"robots\" content=\"index, follow, max-snippet:-1, max-image-preview:large, max-video-preview:-1\" \/>\n<link rel=\"canonical\" href=\"https:\/\/cetaradell.cat\/ce\/mes-de-100-inscrits-al-3r-duatlo-xs-infantil\/\" \/>\n<meta property=\"og:locale\" content=\"ca_ES\" \/>\n<meta property=\"og:type\" content=\"article\" \/>\n<meta property=\"og:title\" content=\"M\u00e9s de 100 inscrits al 3r Duatl\u00f3 XS - Infantil - Centre Excursionista Taradell\" \/>\n<meta property=\"og:description\" content=\"A la tercera edici\u00f3 del duatl\u00f3 XS \u2013 Infantil, celebrada el dissabte dia 18\u00a0d&#8217;octubre de 2014, s\u2019hi van inscriure un total de 112 participants entre nens i nenes, que es van repartir en set categories segons l\u2019edat. La prova es dividia en dos trams: l\u2019un corrent i l\u2019altre en bicicleta, [...]\" \/>\n<meta property=\"og:url\" content=\"https:\/\/cetaradell.cat\/ce\/mes-de-100-inscrits-al-3r-duatlo-xs-infantil\/\" \/>\n<meta property=\"og:site_name\" content=\"Centre Excursionista Taradell\" \/>\n<meta property=\"article:publisher\" content=\"https:\/\/www.facebook.com\/CETaradell\/\" \/>\n<meta property=\"article:published_time\" content=\"2014-10-20T23:11:44+00:00\" \/>\n<meta property=\"article:modified_time\" content=\"2025-02-22T20:02:57+00:00\" \/>\n<meta property=\"og:image\" content=\"https:\/\/cetaradell.cat\/ce\/wp-content\/uploads\/2014-3r_duatlo_XS_1.jpg\" \/>\n\t<meta property=\"og:image:width\" content=\"2048\" \/>\n\t<meta property=\"og:image:height\" content=\"1152\" \/>\n\t<meta property=\"og:image:type\" content=\"image\/jpeg\" \/>\n<meta name=\"author\" content=\"CET\" \/>\n<meta name=\"twitter:card\" content=\"summary_large_image\" \/>\n<meta name=\"twitter:label1\" content=\"Escrit per\" \/>\n\t<meta name=\"twitter:data1\" content=\"CET\" \/>\n\t<meta name=\"twitter:label2\" content=\"Temps estimat de lectura\" \/>\n\t<meta name=\"twitter:data2\" content=\"3 minuts\" \/>\n<script type=\"application\/ld+json\" class=\"yoast-schema-graph\">{\"@context\":\"https:\\\/\\\/schema.org\",\"@graph\":[{\"@type\":\"Article\",\"@id\":\"https:\\\/\\\/cetaradell.cat\\\/ce\\\/mes-de-100-inscrits-al-3r-duatlo-xs-infantil\\\/#article\",\"isPartOf\":{\"@id\":\"https:\\\/\\\/cetaradell.cat\\\/ce\\\/mes-de-100-inscrits-al-3r-duatlo-xs-infantil\\\/\"},\"author\":{\"name\":\"CET\",\"@id\":\"https:\\\/\\\/cetaradell.cat\\\/ce\\\/#\\\/schema\\\/person\\\/92a59f585073071c7be6649e84b22f78\"},\"headline\":\"M\u00e9s de 100 inscrits al 3r Duatl\u00f3 XS &#8211; Infantil\",\"datePublished\":\"2014-10-20T23:11:44+00:00\",\"dateModified\":\"2025-02-22T20:02:57+00:00\",\"mainEntityOfPage\":{\"@id\":\"https:\\\/\\\/cetaradell.cat\\\/ce\\\/mes-de-100-inscrits-al-3r-duatlo-xs-infantil\\\/\"},\"wordCount\":648,\"image\":{\"@id\":\"https:\\\/\\\/cetaradell.cat\\\/ce\\\/mes-de-100-inscrits-al-3r-duatlo-xs-infantil\\\/#primaryimage\"},\"thumbnailUrl\":\"https:\\\/\\\/cetaradell.cat\\\/ce\\\/wp-content\\\/uploads\\\/2014-3r_duatlo_XS_1.jpg\",\"keywords\":[\"Duatl\u00f3 XS - Infantil\"],\"articleSection\":[\"Curses\",\"Duatl\u00f3 XS\",\"Not\u00edcies\"],\"inLanguage\":\"ca\"},{\"@type\":\"WebPage\",\"@id\":\"https:\\\/\\\/cetaradell.cat\\\/ce\\\/mes-de-100-inscrits-al-3r-duatlo-xs-infantil\\\/\",\"url\":\"https:\\\/\\\/cetaradell.cat\\\/ce\\\/mes-de-100-inscrits-al-3r-duatlo-xs-infantil\\\/\",\"name\":\"M\u00e9s de 100 inscrits al 3r Duatl\u00f3 XS - Infantil - Centre Excursionista Taradell\",\"isPartOf\":{\"@id\":\"https:\\\/\\\/cetaradell.cat\\\/ce\\\/#website\"},\"primaryImageOfPage\":{\"@id\":\"https:\\\/\\\/cetaradell.cat\\\/ce\\\/mes-de-100-inscrits-al-3r-duatlo-xs-infantil\\\/#primaryimage\"},\"image\":{\"@id\":\"https:\\\/\\\/cetaradell.cat\\\/ce\\\/mes-de-100-inscrits-al-3r-duatlo-xs-infantil\\\/#primaryimage\"},\"thumbnailUrl\":\"https:\\\/\\\/cetaradell.cat\\\/ce\\\/wp-content\\\/uploads\\\/2014-3r_duatlo_XS_1.jpg\",\"datePublished\":\"2014-10-20T23:11:44+00:00\",\"dateModified\":\"2025-02-22T20:02:57+00:00\",\"author\":{\"@id\":\"https:\\\/\\\/cetaradell.cat\\\/ce\\\/#\\\/schema\\\/person\\\/92a59f585073071c7be6649e84b22f78\"},\"breadcrumb\":{\"@id\":\"https:\\\/\\\/cetaradell.cat\\\/ce\\\/mes-de-100-inscrits-al-3r-duatlo-xs-infantil\\\/#breadcrumb\"},\"inLanguage\":\"ca\",\"potentialAction\":[{\"@type\":\"ReadAction\",\"target\":[\"https:\\\/\\\/cetaradell.cat\\\/ce\\\/mes-de-100-inscrits-al-3r-duatlo-xs-infantil\\\/\"]}]},{\"@type\":\"ImageObject\",\"inLanguage\":\"ca\",\"@id\":\"https:\\\/\\\/cetaradell.cat\\\/ce\\\/mes-de-100-inscrits-al-3r-duatlo-xs-infantil\\\/#primaryimage\",\"url\":\"https:\\\/\\\/cetaradell.cat\\\/ce\\\/wp-content\\\/uploads\\\/2014-3r_duatlo_XS_1.jpg\",\"contentUrl\":\"https:\\\/\\\/cetaradell.cat\\\/ce\\\/wp-content\\\/uploads\\\/2014-3r_duatlo_XS_1.jpg\",\"width\":2048,\"height\":1152},{\"@type\":\"BreadcrumbList\",\"@id\":\"https:\\\/\\\/cetaradell.cat\\\/ce\\\/mes-de-100-inscrits-al-3r-duatlo-xs-infantil\\\/#breadcrumb\",\"itemListElement\":[{\"@type\":\"ListItem\",\"position\":1,\"name\":\"Inici\",\"item\":\"https:\\\/\\\/cetaradell.cat\\\/ce\\\/\"},{\"@type\":\"ListItem\",\"position\":2,\"name\":\"M\u00e9s de 100 inscrits al 3r Duatl\u00f3 XS &#8211; Infantil\"}]},{\"@type\":\"WebSite\",\"@id\":\"https:\\\/\\\/cetaradell.cat\\\/ce\\\/#website\",\"url\":\"https:\\\/\\\/cetaradell.cat\\\/ce\\\/\",\"name\":\"Centre Excursionista Taradell\",\"description\":\"\",\"potentialAction\":[{\"@type\":\"SearchAction\",\"target\":{\"@type\":\"EntryPoint\",\"urlTemplate\":\"https:\\\/\\\/cetaradell.cat\\\/ce\\\/?s={search_term_string}\"},\"query-input\":{\"@type\":\"PropertyValueSpecification\",\"valueRequired\":true,\"valueName\":\"search_term_string\"}}],\"inLanguage\":\"ca\"},{\"@type\":\"Person\",\"@id\":\"https:\\\/\\\/cetaradell.cat\\\/ce\\\/#\\\/schema\\\/person\\\/92a59f585073071c7be6649e84b22f78\",\"name\":\"CET\",\"image\":{\"@type\":\"ImageObject\",\"inLanguage\":\"ca\",\"@id\":\"https:\\\/\\\/secure.gravatar.com\\\/avatar\\\/d6fbe010d42056feccc0f613ed07277a5118442805079269f12dabdc42e1a727?s=96&d=mm&r=g\",\"url\":\"https:\\\/\\\/secure.gravatar.com\\\/avatar\\\/d6fbe010d42056feccc0f613ed07277a5118442805079269f12dabdc42e1a727?s=96&d=mm&r=g\",\"contentUrl\":\"https:\\\/\\\/secure.gravatar.com\\\/avatar\\\/d6fbe010d42056feccc0f613ed07277a5118442805079269f12dabdc42e1a727?s=96&d=mm&r=g\",\"caption\":\"CET\"},\"url\":\"https:\\\/\\\/cetaradell.cat\\\/ce\\\/author\\\/root\\\/\"}]}<\/script>\n<!-- \/ Yoast SEO plugin. -->","yoast_head_json":{"title":"M\u00e9s de 100 inscrits al 3r Duatl\u00f3 XS - Infantil - Centre Excursionista Taradell","robots":{"index":"index","follow":"follow","max-snippet":"max-snippet:-1","max-image-preview":"max-image-preview:large","max-video-preview":"max-video-preview:-1"},"canonical":"https:\/\/cetaradell.cat\/ce\/mes-de-100-inscrits-al-3r-duatlo-xs-infantil\/","og_locale":"ca_ES","og_type":"article","og_title":"M\u00e9s de 100 inscrits al 3r Duatl\u00f3 XS - Infantil - Centre Excursionista Taradell","og_description":"A la tercera edici\u00f3 del duatl\u00f3 XS \u2013 Infantil, celebrada el dissabte dia 18\u00a0d&#8217;octubre de 2014, s\u2019hi van inscriure un total de 112 participants entre nens i nenes, que es van repartir en set categories segons l\u2019edat. La prova es dividia en dos trams: l\u2019un corrent i l\u2019altre en bicicleta, [...]","og_url":"https:\/\/cetaradell.cat\/ce\/mes-de-100-inscrits-al-3r-duatlo-xs-infantil\/","og_site_name":"Centre Excursionista Taradell","article_publisher":"https:\/\/www.facebook.com\/CETaradell\/","article_published_time":"2014-10-20T23:11:44+00:00","article_modified_time":"2025-02-22T20:02:57+00:00","og_image":[{"width":2048,"height":1152,"url":"https:\/\/cetaradell.cat\/ce\/wp-content\/uploads\/2014-3r_duatlo_XS_1.jpg","type":"image\/jpeg"}],"author":"CET","twitter_card":"summary_large_image","twitter_misc":{"Escrit per":"CET","Temps estimat de lectura":"3 minuts"},"schema":{"@context":"https:\/\/schema.org","@graph":[{"@type":"Article","@id":"https:\/\/cetaradell.cat\/ce\/mes-de-100-inscrits-al-3r-duatlo-xs-infantil\/#article","isPartOf":{"@id":"https:\/\/cetaradell.cat\/ce\/mes-de-100-inscrits-al-3r-duatlo-xs-infantil\/"},"author":{"name":"CET","@id":"https:\/\/cetaradell.cat\/ce\/#\/schema\/person\/92a59f585073071c7be6649e84b22f78"},"headline":"M\u00e9s de 100 inscrits al 3r Duatl\u00f3 XS &#8211; Infantil","datePublished":"2014-10-20T23:11:44+00:00","dateModified":"2025-02-22T20:02:57+00:00","mainEntityOfPage":{"@id":"https:\/\/cetaradell.cat\/ce\/mes-de-100-inscrits-al-3r-duatlo-xs-infantil\/"},"wordCount":648,"image":{"@id":"https:\/\/cetaradell.cat\/ce\/mes-de-100-inscrits-al-3r-duatlo-xs-infantil\/#primaryimage"},"thumbnailUrl":"https:\/\/cetaradell.cat\/ce\/wp-content\/uploads\/2014-3r_duatlo_XS_1.jpg","keywords":["Duatl\u00f3 XS - Infantil"],"articleSection":["Curses","Duatl\u00f3 XS","Not\u00edcies"],"inLanguage":"ca"},{"@type":"WebPage","@id":"https:\/\/cetaradell.cat\/ce\/mes-de-100-inscrits-al-3r-duatlo-xs-infantil\/","url":"https:\/\/cetaradell.cat\/ce\/mes-de-100-inscrits-al-3r-duatlo-xs-infantil\/","name":"M\u00e9s de 100 inscrits al 3r Duatl\u00f3 XS - Infantil - Centre Excursionista Taradell","isPartOf":{"@id":"https:\/\/cetaradell.cat\/ce\/#website"},"primaryImageOfPage":{"@id":"https:\/\/cetaradell.cat\/ce\/mes-de-100-inscrits-al-3r-duatlo-xs-infantil\/#primaryimage"},"image":{"@id":"https:\/\/cetaradell.cat\/ce\/mes-de-100-inscrits-al-3r-duatlo-xs-infantil\/#primaryimage"},"thumbnailUrl":"https:\/\/cetaradell.cat\/ce\/wp-content\/uploads\/2014-3r_duatlo_XS_1.jpg","datePublished":"2014-10-20T23:11:44+00:00","dateModified":"2025-02-22T20:02:57+00:00","author":{"@id":"https:\/\/cetaradell.cat\/ce\/#\/schema\/person\/92a59f585073071c7be6649e84b22f78"},"breadcrumb":{"@id":"https:\/\/cetaradell.cat\/ce\/mes-de-100-inscrits-al-3r-duatlo-xs-infantil\/#breadcrumb"},"inLanguage":"ca","potentialAction":[{"@type":"ReadAction","target":["https:\/\/cetaradell.cat\/ce\/mes-de-100-inscrits-al-3r-duatlo-xs-infantil\/"]}]},{"@type":"ImageObject","inLanguage":"ca","@id":"https:\/\/cetaradell.cat\/ce\/mes-de-100-inscrits-al-3r-duatlo-xs-infantil\/#primaryimage","url":"https:\/\/cetaradell.cat\/ce\/wp-content\/uploads\/2014-3r_duatlo_XS_1.jpg","contentUrl":"https:\/\/cetaradell.cat\/ce\/wp-content\/uploads\/2014-3r_duatlo_XS_1.jpg","width":2048,"height":1152},{"@type":"BreadcrumbList","@id":"https:\/\/cetaradell.cat\/ce\/mes-de-100-inscrits-al-3r-duatlo-xs-infantil\/#breadcrumb","itemListElement":[{"@type":"ListItem","position":1,"name":"Inici","item":"https:\/\/cetaradell.cat\/ce\/"},{"@type":"ListItem","position":2,"name":"M\u00e9s de 100 inscrits al 3r Duatl\u00f3 XS &#8211; Infantil"}]},{"@type":"WebSite","@id":"https:\/\/cetaradell.cat\/ce\/#website","url":"https:\/\/cetaradell.cat\/ce\/","name":"Centre Excursionista Taradell","description":"","potentialAction":[{"@type":"SearchAction","target":{"@type":"EntryPoint","urlTemplate":"https:\/\/cetaradell.cat\/ce\/?s={search_term_string}"},"query-input":{"@type":"PropertyValueSpecification","valueRequired":true,"valueName":"search_term_string"}}],"inLanguage":"ca"},{"@type":"Person","@id":"https:\/\/cetaradell.cat\/ce\/#\/schema\/person\/92a59f585073071c7be6649e84b22f78","name":"CET","image":{"@type":"ImageObject","inLanguage":"ca","@id":"https:\/\/secure.gravatar.com\/avatar\/d6fbe010d42056feccc0f613ed07277a5118442805079269f12dabdc42e1a727?s=96&d=mm&r=g","url":"https:\/\/secure.gravatar.com\/avatar\/d6fbe010d42056feccc0f613ed07277a5118442805079269f12dabdc42e1a727?s=96&d=mm&r=g","contentUrl":"https:\/\/secure.gravatar.com\/avatar\/d6fbe010d42056feccc0f613ed07277a5118442805079269f12dabdc42e1a727?s=96&d=mm&r=g","caption":"CET"},"url":"https:\/\/cetaradell.cat\/ce\/author\/root\/"}]}},"_links":{"self":[{"href":"https:\/\/cetaradell.cat\/ce\/wp-json\/wp\/v2\/posts\/1739","targetHints":{"allow":["GET"]}}],"collection":[{"href":"https:\/\/cetaradell.cat\/ce\/wp-json\/wp\/v2\/posts"}],"about":[{"href":"https:\/\/cetaradell.cat\/ce\/wp-json\/wp\/v2\/types\/post"}],"author":[{"embeddable":true,"href":"https:\/\/cetaradell.cat\/ce\/wp-json\/wp\/v2\/users\/1"}],"replies":[{"embeddable":true,"href":"https:\/\/cetaradell.cat\/ce\/wp-json\/wp\/v2\/comments?post=1739"}],"version-history":[{"count":0,"href":"https:\/\/cetaradell.cat\/ce\/wp-json\/wp\/v2\/posts\/1739\/revisions"}],"wp:featuredmedia":[{"embeddable":true,"href":"https:\/\/cetaradell.cat\/ce\/wp-json\/wp\/v2\/media\/1740"}],"wp:attachment":[{"href":"https:\/\/cetaradell.cat\/ce\/wp-json\/wp\/v2\/media?parent=1739"}],"wp:term":[{"taxonomy":"category","embeddable":true,"href":"https:\/\/cetaradell.cat\/ce\/wp-json\/wp\/v2\/categories?post=1739"},{"taxonomy":"post_tag","embeddable":true,"href":"https:\/\/cetaradell.cat\/ce\/wp-json\/wp\/v2\/tags?post=1739"}],"curies":[{"name":"wp","href":"https:\/\/api.w.org\/{rel}","templated":true}]}}