{"id":1845,"date":"2014-11-05T22:58:39","date_gmt":"2014-11-05T22:58:39","guid":{"rendered":"https:\/\/cetaradell.cat\/ce\/?p=1845"},"modified":"2020-08-02T18:38:29","modified_gmt":"2020-08-02T17:38:29","slug":"el-cet-lenclusa-a-la-primera-mitja-del-ibers","status":"publish","type":"post","link":"https:\/\/cetaradell.cat\/ce\/el-cet-lenclusa-a-la-primera-mitja-del-ibers\/","title":{"rendered":"El CET L&#8217;Enclusa a la primera Mitja del Ibers"},"content":{"rendered":"<h3>Albert Pujol estrena el podi de la primera Mitja del Ibers de Tona<\/h3>\n<div id=\"attachment_1846\" style=\"width: 160px\" class=\"wp-caption alignleft\"><a href=\"https:\/\/cetaradell.cat\/ce\/wp-content\/uploads\/2014-cursa_ibers_tona.jpg\" target=\"_blank\" rel=\"noopener noreferrer\"><img decoding=\"async\" aria-describedby=\"caption-attachment-1846\" class=\"wp-image-1846 size-thumbnail\" src=\"https:\/\/cetaradell.cat\/ce\/wp-content\/uploads\/2014-cursa_ibers_tona-150x150.jpg\" alt=\"2014-cursa_ibers_tona\" width=\"150\" height=\"150\" srcset=\"https:\/\/cetaradell.cat\/ce\/wp-content\/uploads\/2014-cursa_ibers_tona-60x60.jpg 60w, https:\/\/cetaradell.cat\/ce\/wp-content\/uploads\/2014-cursa_ibers_tona-100x100.jpg 100w, https:\/\/cetaradell.cat\/ce\/wp-content\/uploads\/2014-cursa_ibers_tona-150x150.jpg 150w\" sizes=\"(max-width: 150px) 100vw, 150px\" \/><\/a><p id=\"caption-attachment-1846\" class=\"wp-caption-text\">Albert Pujol, 1r classificat (Foto: A. Morcillo)<\/p><\/div>\n<p>El diumenge dia 2 de novembre de 2014, la secci\u00f3 de curses per muntanya del Centre Excursionista de Tona, Trailrunner\u2019s Tona, va organitzar la primera edici\u00f3 de la cursa de muntanya Mitja dels Ibers.<\/p>\n<p>El recorregut de la Mitja dels Ibers, de 22 quil\u00f2metres, transcorre per pistes, corriols, pujades, baixades, terrers, zones t\u00e8cniques, baixades s\u00faper r\u00e0pides i compta amb una forta pujada final al Castell de Tona. En total m\u00e9s de 900 metres de desnivell positiu acumulat.<\/p>\n<p>El guanyador d\u2019aquesta primera edici\u00f3 va ser el taradellenc Albert Pujol, de l\u2019equip CET L\u2019Enclusa, que es va imposar amb un temps de 1 hora 47 minuts i 40 segons, a 7 minuts del segons classificat, el vigat\u00e0 Xevi Vidal.<\/p>\n<p>En aquesta primera edici\u00f3 hi van participar 152 atletes, entre els quals n\u2019hi havia tres m\u00e9s de l\u2019equip CET L\u2019Enclusa; Alfons Morcillo que es va classificar en tretz\u00e8 lloc amb un temps de 2 hores i 6 minuts; i Josep Moreno i Josep Sirisi, que es van classificar en les posicions 71 i 141, respectivament.<\/p>\n<div id=\"attachment_1849\" style=\"width: 310px\" class=\"wp-caption aligncenter\"><a href=\"https:\/\/cetaradell.cat\/ce\/wp-content\/uploads\/2014-cursa_ibers_tona-2.jpg\" target=\"_blank\" rel=\"noopener noreferrer\"><img decoding=\"async\" aria-describedby=\"caption-attachment-1849\" class=\"wp-image-1849 size-medium\" src=\"https:\/\/cetaradell.cat\/ce\/wp-content\/uploads\/2014-cursa_ibers_tona-2-300x168.jpg\" alt=\"2014-cursa_ibers_tona-2\" width=\"300\" height=\"168\" srcset=\"https:\/\/cetaradell.cat\/ce\/wp-content\/uploads\/2014-cursa_ibers_tona-2-300x168.jpg 300w, https:\/\/cetaradell.cat\/ce\/wp-content\/uploads\/2014-cursa_ibers_tona-2-500x281.jpg 500w, https:\/\/cetaradell.cat\/ce\/wp-content\/uploads\/2014-cursa_ibers_tona-2-700x393.jpg 700w, https:\/\/cetaradell.cat\/ce\/wp-content\/uploads\/2014-cursa_ibers_tona-2-1024x575.jpg 1024w, https:\/\/cetaradell.cat\/ce\/wp-content\/uploads\/2014-cursa_ibers_tona-2.jpg 1280w\" sizes=\"(max-width: 300px) 100vw, 300px\" \/><\/a><p id=\"caption-attachment-1849\" class=\"wp-caption-text\">Alfo Morcillo i Albert Pujol a la Cursa dels Ibers (Foto: A. Morcillo)<\/p><\/div>\n","protected":false},"excerpt":{"rendered":"<p>Albert Pujol estrena el podi de la primera Mitja del Ibers de Tona El diumenge dia 2 de novembre de 2014, la secci\u00f3 de curses per muntanya del Centre Excursionista de Tona, Trailrunner\u2019s Tona, va organitzar la primera edici\u00f3 de la cursa de muntanya Mitja dels Ibers. El recorregut de  [&#8230;]<\/p>\n","protected":false},"author":1,"featured_media":1849,"comment_status":"closed","ping_status":"closed","sticky":false,"template":"","format":"standard","meta":{"footnotes":""},"categories":[8,32,3],"tags":[],"class_list":["post-1845","post","type-post","status-publish","format-standard","has-post-thumbnail","hentry","category-curses","category-equip-cet-lenclusa","category-noticies"],"yoast_head":"<!-- This site is optimized with the Yoast SEO plugin v27.5 - https:\/\/yoast.com\/product\/yoast-seo-wordpress\/ -->\n<title>El CET L&#039;Enclusa a la primera Mitja del Ibers - Centre Excursionista Taradell<\/title>\n<meta name=\"robots\" content=\"index, follow, max-snippet:-1, max-image-preview:large, max-video-preview:-1\" \/>\n<link rel=\"canonical\" href=\"https:\/\/cetaradell.cat\/ce\/el-cet-lenclusa-a-la-primera-mitja-del-ibers\/\" \/>\n<meta property=\"og:locale\" content=\"ca_ES\" \/>\n<meta property=\"og:type\" content=\"article\" \/>\n<meta property=\"og:title\" content=\"El CET L&#039;Enclusa a la primera Mitja del Ibers - Centre Excursionista Taradell\" \/>\n<meta property=\"og:description\" content=\"Albert Pujol estrena el podi de la primera Mitja del Ibers de Tona El diumenge dia 2 de novembre de 2014, la secci\u00f3 de curses per muntanya del Centre Excursionista de Tona, Trailrunner\u2019s Tona, va organitzar la primera edici\u00f3 de la cursa de muntanya Mitja dels Ibers. El recorregut de [...]\" \/>\n<meta property=\"og:url\" content=\"https:\/\/cetaradell.cat\/ce\/el-cet-lenclusa-a-la-primera-mitja-del-ibers\/\" \/>\n<meta property=\"og:site_name\" content=\"Centre Excursionista Taradell\" \/>\n<meta property=\"article:publisher\" content=\"https:\/\/www.facebook.com\/CETaradell\/\" \/>\n<meta property=\"article:published_time\" content=\"2014-11-05T22:58:39+00:00\" \/>\n<meta property=\"article:modified_time\" content=\"2020-08-02T17:38:29+00:00\" \/>\n<meta property=\"og:image\" content=\"https:\/\/cetaradell.cat\/ce\/wp-content\/uploads\/2014-cursa_ibers_tona-2.jpg\" \/>\n\t<meta property=\"og:image:width\" content=\"1280\" \/>\n\t<meta property=\"og:image:height\" content=\"719\" \/>\n\t<meta property=\"og:image:type\" content=\"image\/jpeg\" \/>\n<meta name=\"author\" content=\"CET\" \/>\n<meta name=\"twitter:card\" content=\"summary_large_image\" \/>\n<meta name=\"twitter:label1\" content=\"Escrit per\" \/>\n\t<meta name=\"twitter:data1\" content=\"CET\" \/>\n\t<meta name=\"twitter:label2\" content=\"Temps estimat de lectura\" \/>\n\t<meta name=\"twitter:data2\" content=\"1 minut\" \/>\n<script type=\"application\/ld+json\" class=\"yoast-schema-graph\">{\"@context\":\"https:\\\/\\\/schema.org\",\"@graph\":[{\"@type\":\"Article\",\"@id\":\"https:\\\/\\\/cetaradell.cat\\\/ce\\\/el-cet-lenclusa-a-la-primera-mitja-del-ibers\\\/#article\",\"isPartOf\":{\"@id\":\"https:\\\/\\\/cetaradell.cat\\\/ce\\\/el-cet-lenclusa-a-la-primera-mitja-del-ibers\\\/\"},\"author\":{\"name\":\"CET\",\"@id\":\"https:\\\/\\\/cetaradell.cat\\\/ce\\\/#\\\/schema\\\/person\\\/92a59f585073071c7be6649e84b22f78\"},\"headline\":\"El CET L&#8217;Enclusa a la primera Mitja del Ibers\",\"datePublished\":\"2014-11-05T22:58:39+00:00\",\"dateModified\":\"2020-08-02T17:38:29+00:00\",\"mainEntityOfPage\":{\"@id\":\"https:\\\/\\\/cetaradell.cat\\\/ce\\\/el-cet-lenclusa-a-la-primera-mitja-del-ibers\\\/\"},\"wordCount\":229,\"image\":{\"@id\":\"https:\\\/\\\/cetaradell.cat\\\/ce\\\/el-cet-lenclusa-a-la-primera-mitja-del-ibers\\\/#primaryimage\"},\"thumbnailUrl\":\"https:\\\/\\\/cetaradell.cat\\\/ce\\\/wp-content\\\/uploads\\\/2014-cursa_ibers_tona-2.jpg\",\"articleSection\":[\"Curses\",\"Equip CET-L'Enclusa\",\"Not\u00edcies\"],\"inLanguage\":\"ca\"},{\"@type\":\"WebPage\",\"@id\":\"https:\\\/\\\/cetaradell.cat\\\/ce\\\/el-cet-lenclusa-a-la-primera-mitja-del-ibers\\\/\",\"url\":\"https:\\\/\\\/cetaradell.cat\\\/ce\\\/el-cet-lenclusa-a-la-primera-mitja-del-ibers\\\/\",\"name\":\"El CET L'Enclusa a la primera Mitja del Ibers - Centre Excursionista Taradell\",\"isPartOf\":{\"@id\":\"https:\\\/\\\/cetaradell.cat\\\/ce\\\/#website\"},\"primaryImageOfPage\":{\"@id\":\"https:\\\/\\\/cetaradell.cat\\\/ce\\\/el-cet-lenclusa-a-la-primera-mitja-del-ibers\\\/#primaryimage\"},\"image\":{\"@id\":\"https:\\\/\\\/cetaradell.cat\\\/ce\\\/el-cet-lenclusa-a-la-primera-mitja-del-ibers\\\/#primaryimage\"},\"thumbnailUrl\":\"https:\\\/\\\/cetaradell.cat\\\/ce\\\/wp-content\\\/uploads\\\/2014-cursa_ibers_tona-2.jpg\",\"datePublished\":\"2014-11-05T22:58:39+00:00\",\"dateModified\":\"2020-08-02T17:38:29+00:00\",\"author\":{\"@id\":\"https:\\\/\\\/cetaradell.cat\\\/ce\\\/#\\\/schema\\\/person\\\/92a59f585073071c7be6649e84b22f78\"},\"breadcrumb\":{\"@id\":\"https:\\\/\\\/cetaradell.cat\\\/ce\\\/el-cet-lenclusa-a-la-primera-mitja-del-ibers\\\/#breadcrumb\"},\"inLanguage\":\"ca\",\"potentialAction\":[{\"@type\":\"ReadAction\",\"target\":[\"https:\\\/\\\/cetaradell.cat\\\/ce\\\/el-cet-lenclusa-a-la-primera-mitja-del-ibers\\\/\"]}]},{\"@type\":\"ImageObject\",\"inLanguage\":\"ca\",\"@id\":\"https:\\\/\\\/cetaradell.cat\\\/ce\\\/el-cet-lenclusa-a-la-primera-mitja-del-ibers\\\/#primaryimage\",\"url\":\"https:\\\/\\\/cetaradell.cat\\\/ce\\\/wp-content\\\/uploads\\\/2014-cursa_ibers_tona-2.jpg\",\"contentUrl\":\"https:\\\/\\\/cetaradell.cat\\\/ce\\\/wp-content\\\/uploads\\\/2014-cursa_ibers_tona-2.jpg\",\"width\":1280,\"height\":719},{\"@type\":\"BreadcrumbList\",\"@id\":\"https:\\\/\\\/cetaradell.cat\\\/ce\\\/el-cet-lenclusa-a-la-primera-mitja-del-ibers\\\/#breadcrumb\",\"itemListElement\":[{\"@type\":\"ListItem\",\"position\":1,\"name\":\"Inici\",\"item\":\"https:\\\/\\\/cetaradell.cat\\\/ce\\\/\"},{\"@type\":\"ListItem\",\"position\":2,\"name\":\"El CET L&#8217;Enclusa a la primera Mitja del Ibers\"}]},{\"@type\":\"WebSite\",\"@id\":\"https:\\\/\\\/cetaradell.cat\\\/ce\\\/#website\",\"url\":\"https:\\\/\\\/cetaradell.cat\\\/ce\\\/\",\"name\":\"Centre Excursionista Taradell\",\"description\":\"\",\"potentialAction\":[{\"@type\":\"SearchAction\",\"target\":{\"@type\":\"EntryPoint\",\"urlTemplate\":\"https:\\\/\\\/cetaradell.cat\\\/ce\\\/?s={search_term_string}\"},\"query-input\":{\"@type\":\"PropertyValueSpecification\",\"valueRequired\":true,\"valueName\":\"search_term_string\"}}],\"inLanguage\":\"ca\"},{\"@type\":\"Person\",\"@id\":\"https:\\\/\\\/cetaradell.cat\\\/ce\\\/#\\\/schema\\\/person\\\/92a59f585073071c7be6649e84b22f78\",\"name\":\"CET\",\"image\":{\"@type\":\"ImageObject\",\"inLanguage\":\"ca\",\"@id\":\"https:\\\/\\\/secure.gravatar.com\\\/avatar\\\/d6fbe010d42056feccc0f613ed07277a5118442805079269f12dabdc42e1a727?s=96&d=mm&r=g\",\"url\":\"https:\\\/\\\/secure.gravatar.com\\\/avatar\\\/d6fbe010d42056feccc0f613ed07277a5118442805079269f12dabdc42e1a727?s=96&d=mm&r=g\",\"contentUrl\":\"https:\\\/\\\/secure.gravatar.com\\\/avatar\\\/d6fbe010d42056feccc0f613ed07277a5118442805079269f12dabdc42e1a727?s=96&d=mm&r=g\",\"caption\":\"CET\"},\"url\":\"https:\\\/\\\/cetaradell.cat\\\/ce\\\/author\\\/root\\\/\"}]}<\/script>\n<!-- \/ Yoast SEO plugin. -->","yoast_head_json":{"title":"El CET L'Enclusa a la primera Mitja del Ibers - Centre Excursionista Taradell","robots":{"index":"index","follow":"follow","max-snippet":"max-snippet:-1","max-image-preview":"max-image-preview:large","max-video-preview":"max-video-preview:-1"},"canonical":"https:\/\/cetaradell.cat\/ce\/el-cet-lenclusa-a-la-primera-mitja-del-ibers\/","og_locale":"ca_ES","og_type":"article","og_title":"El CET L'Enclusa a la primera Mitja del Ibers - Centre Excursionista Taradell","og_description":"Albert Pujol estrena el podi de la primera Mitja del Ibers de Tona El diumenge dia 2 de novembre de 2014, la secci\u00f3 de curses per muntanya del Centre Excursionista de Tona, Trailrunner\u2019s Tona, va organitzar la primera edici\u00f3 de la cursa de muntanya Mitja dels Ibers. El recorregut de [...]","og_url":"https:\/\/cetaradell.cat\/ce\/el-cet-lenclusa-a-la-primera-mitja-del-ibers\/","og_site_name":"Centre Excursionista Taradell","article_publisher":"https:\/\/www.facebook.com\/CETaradell\/","article_published_time":"2014-11-05T22:58:39+00:00","article_modified_time":"2020-08-02T17:38:29+00:00","og_image":[{"width":1280,"height":719,"url":"https:\/\/cetaradell.cat\/ce\/wp-content\/uploads\/2014-cursa_ibers_tona-2.jpg","type":"image\/jpeg"}],"author":"CET","twitter_card":"summary_large_image","twitter_misc":{"Escrit per":"CET","Temps estimat de lectura":"1 minut"},"schema":{"@context":"https:\/\/schema.org","@graph":[{"@type":"Article","@id":"https:\/\/cetaradell.cat\/ce\/el-cet-lenclusa-a-la-primera-mitja-del-ibers\/#article","isPartOf":{"@id":"https:\/\/cetaradell.cat\/ce\/el-cet-lenclusa-a-la-primera-mitja-del-ibers\/"},"author":{"name":"CET","@id":"https:\/\/cetaradell.cat\/ce\/#\/schema\/person\/92a59f585073071c7be6649e84b22f78"},"headline":"El CET L&#8217;Enclusa a la primera Mitja del Ibers","datePublished":"2014-11-05T22:58:39+00:00","dateModified":"2020-08-02T17:38:29+00:00","mainEntityOfPage":{"@id":"https:\/\/cetaradell.cat\/ce\/el-cet-lenclusa-a-la-primera-mitja-del-ibers\/"},"wordCount":229,"image":{"@id":"https:\/\/cetaradell.cat\/ce\/el-cet-lenclusa-a-la-primera-mitja-del-ibers\/#primaryimage"},"thumbnailUrl":"https:\/\/cetaradell.cat\/ce\/wp-content\/uploads\/2014-cursa_ibers_tona-2.jpg","articleSection":["Curses","Equip CET-L'Enclusa","Not\u00edcies"],"inLanguage":"ca"},{"@type":"WebPage","@id":"https:\/\/cetaradell.cat\/ce\/el-cet-lenclusa-a-la-primera-mitja-del-ibers\/","url":"https:\/\/cetaradell.cat\/ce\/el-cet-lenclusa-a-la-primera-mitja-del-ibers\/","name":"El CET L'Enclusa a la primera Mitja del Ibers - Centre Excursionista Taradell","isPartOf":{"@id":"https:\/\/cetaradell.cat\/ce\/#website"},"primaryImageOfPage":{"@id":"https:\/\/cetaradell.cat\/ce\/el-cet-lenclusa-a-la-primera-mitja-del-ibers\/#primaryimage"},"image":{"@id":"https:\/\/cetaradell.cat\/ce\/el-cet-lenclusa-a-la-primera-mitja-del-ibers\/#primaryimage"},"thumbnailUrl":"https:\/\/cetaradell.cat\/ce\/wp-content\/uploads\/2014-cursa_ibers_tona-2.jpg","datePublished":"2014-11-05T22:58:39+00:00","dateModified":"2020-08-02T17:38:29+00:00","author":{"@id":"https:\/\/cetaradell.cat\/ce\/#\/schema\/person\/92a59f585073071c7be6649e84b22f78"},"breadcrumb":{"@id":"https:\/\/cetaradell.cat\/ce\/el-cet-lenclusa-a-la-primera-mitja-del-ibers\/#breadcrumb"},"inLanguage":"ca","potentialAction":[{"@type":"ReadAction","target":["https:\/\/cetaradell.cat\/ce\/el-cet-lenclusa-a-la-primera-mitja-del-ibers\/"]}]},{"@type":"ImageObject","inLanguage":"ca","@id":"https:\/\/cetaradell.cat\/ce\/el-cet-lenclusa-a-la-primera-mitja-del-ibers\/#primaryimage","url":"https:\/\/cetaradell.cat\/ce\/wp-content\/uploads\/2014-cursa_ibers_tona-2.jpg","contentUrl":"https:\/\/cetaradell.cat\/ce\/wp-content\/uploads\/2014-cursa_ibers_tona-2.jpg","width":1280,"height":719},{"@type":"BreadcrumbList","@id":"https:\/\/cetaradell.cat\/ce\/el-cet-lenclusa-a-la-primera-mitja-del-ibers\/#breadcrumb","itemListElement":[{"@type":"ListItem","position":1,"name":"Inici","item":"https:\/\/cetaradell.cat\/ce\/"},{"@type":"ListItem","position":2,"name":"El CET L&#8217;Enclusa a la primera Mitja del Ibers"}]},{"@type":"WebSite","@id":"https:\/\/cetaradell.cat\/ce\/#website","url":"https:\/\/cetaradell.cat\/ce\/","name":"Centre Excursionista Taradell","description":"","potentialAction":[{"@type":"SearchAction","target":{"@type":"EntryPoint","urlTemplate":"https:\/\/cetaradell.cat\/ce\/?s={search_term_string}"},"query-input":{"@type":"PropertyValueSpecification","valueRequired":true,"valueName":"search_term_string"}}],"inLanguage":"ca"},{"@type":"Person","@id":"https:\/\/cetaradell.cat\/ce\/#\/schema\/person\/92a59f585073071c7be6649e84b22f78","name":"CET","image":{"@type":"ImageObject","inLanguage":"ca","@id":"https:\/\/secure.gravatar.com\/avatar\/d6fbe010d42056feccc0f613ed07277a5118442805079269f12dabdc42e1a727?s=96&d=mm&r=g","url":"https:\/\/secure.gravatar.com\/avatar\/d6fbe010d42056feccc0f613ed07277a5118442805079269f12dabdc42e1a727?s=96&d=mm&r=g","contentUrl":"https:\/\/secure.gravatar.com\/avatar\/d6fbe010d42056feccc0f613ed07277a5118442805079269f12dabdc42e1a727?s=96&d=mm&r=g","caption":"CET"},"url":"https:\/\/cetaradell.cat\/ce\/author\/root\/"}]}},"_links":{"self":[{"href":"https:\/\/cetaradell.cat\/ce\/wp-json\/wp\/v2\/posts\/1845","targetHints":{"allow":["GET"]}}],"collection":[{"href":"https:\/\/cetaradell.cat\/ce\/wp-json\/wp\/v2\/posts"}],"about":[{"href":"https:\/\/cetaradell.cat\/ce\/wp-json\/wp\/v2\/types\/post"}],"author":[{"embeddable":true,"href":"https:\/\/cetaradell.cat\/ce\/wp-json\/wp\/v2\/users\/1"}],"replies":[{"embeddable":true,"href":"https:\/\/cetaradell.cat\/ce\/wp-json\/wp\/v2\/comments?post=1845"}],"version-history":[{"count":0,"href":"https:\/\/cetaradell.cat\/ce\/wp-json\/wp\/v2\/posts\/1845\/revisions"}],"wp:featuredmedia":[{"embeddable":true,"href":"https:\/\/cetaradell.cat\/ce\/wp-json\/wp\/v2\/media\/1849"}],"wp:attachment":[{"href":"https:\/\/cetaradell.cat\/ce\/wp-json\/wp\/v2\/media?parent=1845"}],"wp:term":[{"taxonomy":"category","embeddable":true,"href":"https:\/\/cetaradell.cat\/ce\/wp-json\/wp\/v2\/categories?post=1845"},{"taxonomy":"post_tag","embeddable":true,"href":"https:\/\/cetaradell.cat\/ce\/wp-json\/wp\/v2\/tags?post=1845"}],"curies":[{"name":"wp","href":"https:\/\/api.w.org\/{rel}","templated":true}]}}