{"id":2003,"date":"2015-01-02T00:38:46","date_gmt":"2015-01-01T23:38:46","guid":{"rendered":"https:\/\/cetaradell.cat\/ce\/?p=2003"},"modified":"2020-08-02T18:32:33","modified_gmt":"2020-08-02T17:32:33","slug":"es-consolida-la-sant-silvestre-de-taradell","status":"publish","type":"post","link":"https:\/\/cetaradell.cat\/ce\/es-consolida-la-sant-silvestre-de-taradell\/","title":{"rendered":"Es consolida la Sant Silvestre de Taradell"},"content":{"rendered":"<p>116 atletes, la majoria disfressats, van participar el dia 31 de desembre a la 5a Pujada Atl\u00e8tica a L\u2019Enclusa que per cinqu\u00e8 any consecutiu organitza el CET-L\u2019Enclusa per acomiadar l\u2019any d\u2019una manera esportiva i divertida.<\/p>\n<p><a href=\"https:\/\/cetaradell.cat\/ce\/wp-content\/uploads\/15-IMG_53671.jpg\"><img decoding=\"async\" class=\"aligncenter wp-image-2007\" src=\"https:\/\/cetaradell.cat\/ce\/wp-content\/uploads\/15-IMG_53671.jpg\" alt=\"15-IMG_5367\" width=\"693\" height=\"280\" srcset=\"https:\/\/cetaradell.cat\/ce\/wp-content\/uploads\/15-IMG_53671-300x121.jpg 300w, https:\/\/cetaradell.cat\/ce\/wp-content\/uploads\/15-IMG_53671-500x202.jpg 500w, https:\/\/cetaradell.cat\/ce\/wp-content\/uploads\/15-IMG_53671-700x283.jpg 700w, https:\/\/cetaradell.cat\/ce\/wp-content\/uploads\/15-IMG_53671-1024x413.jpg 1024w, https:\/\/cetaradell.cat\/ce\/wp-content\/uploads\/15-IMG_53671.jpg 1200w\" sizes=\"(max-width: 693px) 100vw, 693px\" \/><\/a><\/p>\n<p>Amb aquesta cinquena edici\u00f3 la cursa de Sant Silvestre es consolida com una de les m\u00faltiples ja tradicionals curses per acomiadar l&#8217;any.<\/p>\n<p>La dist\u00e0ncia total de la cursa \u00e9s d\u2019uns 8 quil\u00f2metres i el recorregut passa pel punt m\u00e9s alt del terme de Taradell, L\u2019Enclusa. D\u2019aqu\u00ed li ve el nom de Pujada Atl\u00e8tica a L\u2019Enclusa.<\/p>\n<p>El recorregut de la cursa va ser com el de les edicions passades: comen\u00e7ava a la pla\u00e7a de les Eres i seguia cap a la Codina, el Pujol, el Bou i les Cuines d\u2019en Rocaguinarda, fins a arribar a L\u2019Enclusa, el punt m\u00e9s alt del terme de Taradell. Despr\u00e9s tornava de nou a la pla\u00e7a de les Eres, passant per la Collada, Mansa i can Mascarell.<\/p>\n<p>A partir de les 3 de la tarda dia 31 de desembre, els atletes disfressats van anar arribant a la pla\u00e7a de les Eres per inscriure\u2019s, ja que una de les condicions per participar-hi era anar disfressat o portar ben guarnida qualsevol part visible del cos, ja sigui amb objectes estrafolaris, perruques, bigotis, barrets o qualsevol cosa original. Cal destacar que cada any se supera l\u2019anterior.<\/p>\n<p><img decoding=\"async\" class=\"alignleft wp-image-2006\" src=\"https:\/\/cetaradell.cat\/ce\/wp-content\/uploads\/52-IMG_5826.jpg\" alt=\"52-IMG_5826\" width=\"243\" height=\"182\" srcset=\"https:\/\/cetaradell.cat\/ce\/wp-content\/uploads\/52-IMG_5826-300x225.jpg 300w, https:\/\/cetaradell.cat\/ce\/wp-content\/uploads\/52-IMG_5826-500x375.jpg 500w, https:\/\/cetaradell.cat\/ce\/wp-content\/uploads\/52-IMG_5826-700x525.jpg 700w, https:\/\/cetaradell.cat\/ce\/wp-content\/uploads\/52-IMG_5826-1024x768.jpg 1024w, https:\/\/cetaradell.cat\/ce\/wp-content\/uploads\/52-IMG_5826.jpg 1200w\" sizes=\"(max-width: 243px) 100vw, 243px\" \/>Es tracta d&#8217;una prova b\u00e0sicament festiva que no pret\u00e9n incentivar la competitiva, per\u00f2 aix\u00f2 no treu que un quants atletes s&#8217;esforcin per arribar els primers. En aquesta edici\u00f3 el primer a completar el recorregut \u00a0va ser Xevi Prims, seguit per Jonathan Mora i Joan Pall\u00e0s. En la cursa femenina la primera noia a arribar va ser la Montse Fern\u00e1ndez que va entrar conjuntament amb la Susana Galan i una mica despr\u00e9s la Laura Erra.<\/p>\n<p>Pel que fa a la millor disfressa, es va optar per donar \u00a0un acc\u00e8ssit a Jordi Fonseca que llu\u00efa una disfressa de pallasso i com ja comen\u00e7a a ser una mica de tradicional es va premiar Maria Font, que es va presentar amb una treballada disfressa de sirena.<\/p>\n<p>Com l\u2019any passat, es va tornar a fer una inscripci\u00f3 solid\u00e0ria de 3 euros i s&#8217;en va donar la meitat, a la Marat\u00f3 de TV3.<\/p>\n<p>A l\u2019arribada, per acomiadar l\u2019any, es va convidar tots els participants a coca i cava.<\/p>\n<p>&nbsp;<\/p>\n<p>Podeu veure m\u00e9s fotos seguint aquest <span style=\"color: #993300;\"><a style=\"color: #993300;\" href=\"https:\/\/plus.google.com\/u\/2\/photos\/100697896732810515284\/albums\/6099509693658819585\" target=\"_blank\" rel=\"noopener noreferrer\">Enlla\u00e7<\/a><\/span>\u00a0o b\u00e9 a<span style=\"color: #993300;\"> <a style=\"color: #993300;\" href=\"http:\/\/www.taradell.com\/2015\/01\/01\/116-persones-acomiaden-2014-amb-sant-silvestre-taradell\/\" target=\"_blank\" rel=\"noopener noreferrer\">Taradell.com<\/a><\/span><\/p>\n<p>&nbsp;<\/p>\n","protected":false},"excerpt":{"rendered":"<p>116 atletes, la majoria disfressats, van participar el dia 31 de desembre a la 5a Pujada Atl\u00e8tica a L\u2019Enclusa que per cinqu\u00e8 any consecutiu organitza el CET-L\u2019Enclusa per acomiadar l\u2019any d\u2019una manera esportiva i divertida. Amb aquesta cinquena edici\u00f3 la cursa de Sant Silvestre es consolida com una de les  [&#8230;]<\/p>\n","protected":false},"author":1,"featured_media":2007,"comment_status":"closed","ping_status":"closed","sticky":false,"template":"","format":"standard","meta":{"footnotes":""},"categories":[8,3,33],"tags":[],"class_list":["post-2003","post","type-post","status-publish","format-standard","has-post-thumbnail","hentry","category-curses","category-noticies","category-sant-silvestre"],"yoast_head":"<!-- This site is optimized with the Yoast SEO plugin v27.5 - https:\/\/yoast.com\/product\/yoast-seo-wordpress\/ -->\n<title>Es consolida la Sant Silvestre de Taradell - Centre Excursionista Taradell<\/title>\n<meta name=\"robots\" content=\"index, follow, max-snippet:-1, max-image-preview:large, max-video-preview:-1\" \/>\n<link rel=\"canonical\" href=\"https:\/\/cetaradell.cat\/ce\/es-consolida-la-sant-silvestre-de-taradell\/\" \/>\n<meta property=\"og:locale\" content=\"ca_ES\" \/>\n<meta property=\"og:type\" content=\"article\" \/>\n<meta property=\"og:title\" content=\"Es consolida la Sant Silvestre de Taradell - Centre Excursionista Taradell\" \/>\n<meta property=\"og:description\" content=\"116 atletes, la majoria disfressats, van participar el dia 31 de desembre a la 5a Pujada Atl\u00e8tica a L\u2019Enclusa que per cinqu\u00e8 any consecutiu organitza el CET-L\u2019Enclusa per acomiadar l\u2019any d\u2019una manera esportiva i divertida. Amb aquesta cinquena edici\u00f3 la cursa de Sant Silvestre es consolida com una de les [...]\" \/>\n<meta property=\"og:url\" content=\"https:\/\/cetaradell.cat\/ce\/es-consolida-la-sant-silvestre-de-taradell\/\" \/>\n<meta property=\"og:site_name\" content=\"Centre Excursionista Taradell\" \/>\n<meta property=\"article:publisher\" content=\"https:\/\/www.facebook.com\/CETaradell\/\" \/>\n<meta property=\"article:published_time\" content=\"2015-01-01T23:38:46+00:00\" \/>\n<meta property=\"article:modified_time\" content=\"2020-08-02T17:32:33+00:00\" \/>\n<meta property=\"og:image\" content=\"https:\/\/cetaradell.cat\/ce\/wp-content\/uploads\/15-IMG_53671.jpg\" \/>\n\t<meta property=\"og:image:width\" content=\"1200\" \/>\n\t<meta property=\"og:image:height\" content=\"485\" \/>\n\t<meta property=\"og:image:type\" content=\"image\/jpeg\" \/>\n<meta name=\"author\" content=\"CET\" \/>\n<meta name=\"twitter:card\" content=\"summary_large_image\" \/>\n<meta name=\"twitter:label1\" content=\"Escrit per\" \/>\n\t<meta name=\"twitter:data1\" content=\"CET\" \/>\n\t<meta name=\"twitter:label2\" content=\"Temps estimat de lectura\" \/>\n\t<meta name=\"twitter:data2\" content=\"2 minuts\" \/>\n<script type=\"application\/ld+json\" class=\"yoast-schema-graph\">{\"@context\":\"https:\\\/\\\/schema.org\",\"@graph\":[{\"@type\":\"Article\",\"@id\":\"https:\\\/\\\/cetaradell.cat\\\/ce\\\/es-consolida-la-sant-silvestre-de-taradell\\\/#article\",\"isPartOf\":{\"@id\":\"https:\\\/\\\/cetaradell.cat\\\/ce\\\/es-consolida-la-sant-silvestre-de-taradell\\\/\"},\"author\":{\"name\":\"CET\",\"@id\":\"https:\\\/\\\/cetaradell.cat\\\/ce\\\/#\\\/schema\\\/person\\\/92a59f585073071c7be6649e84b22f78\"},\"headline\":\"Es consolida la Sant Silvestre de Taradell\",\"datePublished\":\"2015-01-01T23:38:46+00:00\",\"dateModified\":\"2020-08-02T17:32:33+00:00\",\"mainEntityOfPage\":{\"@id\":\"https:\\\/\\\/cetaradell.cat\\\/ce\\\/es-consolida-la-sant-silvestre-de-taradell\\\/\"},\"wordCount\":440,\"image\":{\"@id\":\"https:\\\/\\\/cetaradell.cat\\\/ce\\\/es-consolida-la-sant-silvestre-de-taradell\\\/#primaryimage\"},\"thumbnailUrl\":\"https:\\\/\\\/cetaradell.cat\\\/ce\\\/wp-content\\\/uploads\\\/15-IMG_53671.jpg\",\"articleSection\":[\"Curses\",\"Not\u00edcies\",\"Sant Silvestre\"],\"inLanguage\":\"ca\"},{\"@type\":\"WebPage\",\"@id\":\"https:\\\/\\\/cetaradell.cat\\\/ce\\\/es-consolida-la-sant-silvestre-de-taradell\\\/\",\"url\":\"https:\\\/\\\/cetaradell.cat\\\/ce\\\/es-consolida-la-sant-silvestre-de-taradell\\\/\",\"name\":\"Es consolida la Sant Silvestre de Taradell - Centre Excursionista Taradell\",\"isPartOf\":{\"@id\":\"https:\\\/\\\/cetaradell.cat\\\/ce\\\/#website\"},\"primaryImageOfPage\":{\"@id\":\"https:\\\/\\\/cetaradell.cat\\\/ce\\\/es-consolida-la-sant-silvestre-de-taradell\\\/#primaryimage\"},\"image\":{\"@id\":\"https:\\\/\\\/cetaradell.cat\\\/ce\\\/es-consolida-la-sant-silvestre-de-taradell\\\/#primaryimage\"},\"thumbnailUrl\":\"https:\\\/\\\/cetaradell.cat\\\/ce\\\/wp-content\\\/uploads\\\/15-IMG_53671.jpg\",\"datePublished\":\"2015-01-01T23:38:46+00:00\",\"dateModified\":\"2020-08-02T17:32:33+00:00\",\"author\":{\"@id\":\"https:\\\/\\\/cetaradell.cat\\\/ce\\\/#\\\/schema\\\/person\\\/92a59f585073071c7be6649e84b22f78\"},\"breadcrumb\":{\"@id\":\"https:\\\/\\\/cetaradell.cat\\\/ce\\\/es-consolida-la-sant-silvestre-de-taradell\\\/#breadcrumb\"},\"inLanguage\":\"ca\",\"potentialAction\":[{\"@type\":\"ReadAction\",\"target\":[\"https:\\\/\\\/cetaradell.cat\\\/ce\\\/es-consolida-la-sant-silvestre-de-taradell\\\/\"]}]},{\"@type\":\"ImageObject\",\"inLanguage\":\"ca\",\"@id\":\"https:\\\/\\\/cetaradell.cat\\\/ce\\\/es-consolida-la-sant-silvestre-de-taradell\\\/#primaryimage\",\"url\":\"https:\\\/\\\/cetaradell.cat\\\/ce\\\/wp-content\\\/uploads\\\/15-IMG_53671.jpg\",\"contentUrl\":\"https:\\\/\\\/cetaradell.cat\\\/ce\\\/wp-content\\\/uploads\\\/15-IMG_53671.jpg\",\"width\":1200,\"height\":485},{\"@type\":\"BreadcrumbList\",\"@id\":\"https:\\\/\\\/cetaradell.cat\\\/ce\\\/es-consolida-la-sant-silvestre-de-taradell\\\/#breadcrumb\",\"itemListElement\":[{\"@type\":\"ListItem\",\"position\":1,\"name\":\"Inici\",\"item\":\"https:\\\/\\\/cetaradell.cat\\\/ce\\\/\"},{\"@type\":\"ListItem\",\"position\":2,\"name\":\"Es consolida la Sant Silvestre de Taradell\"}]},{\"@type\":\"WebSite\",\"@id\":\"https:\\\/\\\/cetaradell.cat\\\/ce\\\/#website\",\"url\":\"https:\\\/\\\/cetaradell.cat\\\/ce\\\/\",\"name\":\"Centre Excursionista Taradell\",\"description\":\"\",\"potentialAction\":[{\"@type\":\"SearchAction\",\"target\":{\"@type\":\"EntryPoint\",\"urlTemplate\":\"https:\\\/\\\/cetaradell.cat\\\/ce\\\/?s={search_term_string}\"},\"query-input\":{\"@type\":\"PropertyValueSpecification\",\"valueRequired\":true,\"valueName\":\"search_term_string\"}}],\"inLanguage\":\"ca\"},{\"@type\":\"Person\",\"@id\":\"https:\\\/\\\/cetaradell.cat\\\/ce\\\/#\\\/schema\\\/person\\\/92a59f585073071c7be6649e84b22f78\",\"name\":\"CET\",\"image\":{\"@type\":\"ImageObject\",\"inLanguage\":\"ca\",\"@id\":\"https:\\\/\\\/secure.gravatar.com\\\/avatar\\\/d6fbe010d42056feccc0f613ed07277a5118442805079269f12dabdc42e1a727?s=96&d=mm&r=g\",\"url\":\"https:\\\/\\\/secure.gravatar.com\\\/avatar\\\/d6fbe010d42056feccc0f613ed07277a5118442805079269f12dabdc42e1a727?s=96&d=mm&r=g\",\"contentUrl\":\"https:\\\/\\\/secure.gravatar.com\\\/avatar\\\/d6fbe010d42056feccc0f613ed07277a5118442805079269f12dabdc42e1a727?s=96&d=mm&r=g\",\"caption\":\"CET\"},\"url\":\"https:\\\/\\\/cetaradell.cat\\\/ce\\\/author\\\/root\\\/\"}]}<\/script>\n<!-- \/ Yoast SEO plugin. -->","yoast_head_json":{"title":"Es consolida la Sant Silvestre de Taradell - Centre Excursionista Taradell","robots":{"index":"index","follow":"follow","max-snippet":"max-snippet:-1","max-image-preview":"max-image-preview:large","max-video-preview":"max-video-preview:-1"},"canonical":"https:\/\/cetaradell.cat\/ce\/es-consolida-la-sant-silvestre-de-taradell\/","og_locale":"ca_ES","og_type":"article","og_title":"Es consolida la Sant Silvestre de Taradell - Centre Excursionista Taradell","og_description":"116 atletes, la majoria disfressats, van participar el dia 31 de desembre a la 5a Pujada Atl\u00e8tica a L\u2019Enclusa que per cinqu\u00e8 any consecutiu organitza el CET-L\u2019Enclusa per acomiadar l\u2019any d\u2019una manera esportiva i divertida. Amb aquesta cinquena edici\u00f3 la cursa de Sant Silvestre es consolida com una de les [...]","og_url":"https:\/\/cetaradell.cat\/ce\/es-consolida-la-sant-silvestre-de-taradell\/","og_site_name":"Centre Excursionista Taradell","article_publisher":"https:\/\/www.facebook.com\/CETaradell\/","article_published_time":"2015-01-01T23:38:46+00:00","article_modified_time":"2020-08-02T17:32:33+00:00","og_image":[{"width":1200,"height":485,"url":"https:\/\/cetaradell.cat\/ce\/wp-content\/uploads\/15-IMG_53671.jpg","type":"image\/jpeg"}],"author":"CET","twitter_card":"summary_large_image","twitter_misc":{"Escrit per":"CET","Temps estimat de lectura":"2 minuts"},"schema":{"@context":"https:\/\/schema.org","@graph":[{"@type":"Article","@id":"https:\/\/cetaradell.cat\/ce\/es-consolida-la-sant-silvestre-de-taradell\/#article","isPartOf":{"@id":"https:\/\/cetaradell.cat\/ce\/es-consolida-la-sant-silvestre-de-taradell\/"},"author":{"name":"CET","@id":"https:\/\/cetaradell.cat\/ce\/#\/schema\/person\/92a59f585073071c7be6649e84b22f78"},"headline":"Es consolida la Sant Silvestre de Taradell","datePublished":"2015-01-01T23:38:46+00:00","dateModified":"2020-08-02T17:32:33+00:00","mainEntityOfPage":{"@id":"https:\/\/cetaradell.cat\/ce\/es-consolida-la-sant-silvestre-de-taradell\/"},"wordCount":440,"image":{"@id":"https:\/\/cetaradell.cat\/ce\/es-consolida-la-sant-silvestre-de-taradell\/#primaryimage"},"thumbnailUrl":"https:\/\/cetaradell.cat\/ce\/wp-content\/uploads\/15-IMG_53671.jpg","articleSection":["Curses","Not\u00edcies","Sant Silvestre"],"inLanguage":"ca"},{"@type":"WebPage","@id":"https:\/\/cetaradell.cat\/ce\/es-consolida-la-sant-silvestre-de-taradell\/","url":"https:\/\/cetaradell.cat\/ce\/es-consolida-la-sant-silvestre-de-taradell\/","name":"Es consolida la Sant Silvestre de Taradell - Centre Excursionista Taradell","isPartOf":{"@id":"https:\/\/cetaradell.cat\/ce\/#website"},"primaryImageOfPage":{"@id":"https:\/\/cetaradell.cat\/ce\/es-consolida-la-sant-silvestre-de-taradell\/#primaryimage"},"image":{"@id":"https:\/\/cetaradell.cat\/ce\/es-consolida-la-sant-silvestre-de-taradell\/#primaryimage"},"thumbnailUrl":"https:\/\/cetaradell.cat\/ce\/wp-content\/uploads\/15-IMG_53671.jpg","datePublished":"2015-01-01T23:38:46+00:00","dateModified":"2020-08-02T17:32:33+00:00","author":{"@id":"https:\/\/cetaradell.cat\/ce\/#\/schema\/person\/92a59f585073071c7be6649e84b22f78"},"breadcrumb":{"@id":"https:\/\/cetaradell.cat\/ce\/es-consolida-la-sant-silvestre-de-taradell\/#breadcrumb"},"inLanguage":"ca","potentialAction":[{"@type":"ReadAction","target":["https:\/\/cetaradell.cat\/ce\/es-consolida-la-sant-silvestre-de-taradell\/"]}]},{"@type":"ImageObject","inLanguage":"ca","@id":"https:\/\/cetaradell.cat\/ce\/es-consolida-la-sant-silvestre-de-taradell\/#primaryimage","url":"https:\/\/cetaradell.cat\/ce\/wp-content\/uploads\/15-IMG_53671.jpg","contentUrl":"https:\/\/cetaradell.cat\/ce\/wp-content\/uploads\/15-IMG_53671.jpg","width":1200,"height":485},{"@type":"BreadcrumbList","@id":"https:\/\/cetaradell.cat\/ce\/es-consolida-la-sant-silvestre-de-taradell\/#breadcrumb","itemListElement":[{"@type":"ListItem","position":1,"name":"Inici","item":"https:\/\/cetaradell.cat\/ce\/"},{"@type":"ListItem","position":2,"name":"Es consolida la Sant Silvestre de Taradell"}]},{"@type":"WebSite","@id":"https:\/\/cetaradell.cat\/ce\/#website","url":"https:\/\/cetaradell.cat\/ce\/","name":"Centre Excursionista Taradell","description":"","potentialAction":[{"@type":"SearchAction","target":{"@type":"EntryPoint","urlTemplate":"https:\/\/cetaradell.cat\/ce\/?s={search_term_string}"},"query-input":{"@type":"PropertyValueSpecification","valueRequired":true,"valueName":"search_term_string"}}],"inLanguage":"ca"},{"@type":"Person","@id":"https:\/\/cetaradell.cat\/ce\/#\/schema\/person\/92a59f585073071c7be6649e84b22f78","name":"CET","image":{"@type":"ImageObject","inLanguage":"ca","@id":"https:\/\/secure.gravatar.com\/avatar\/d6fbe010d42056feccc0f613ed07277a5118442805079269f12dabdc42e1a727?s=96&d=mm&r=g","url":"https:\/\/secure.gravatar.com\/avatar\/d6fbe010d42056feccc0f613ed07277a5118442805079269f12dabdc42e1a727?s=96&d=mm&r=g","contentUrl":"https:\/\/secure.gravatar.com\/avatar\/d6fbe010d42056feccc0f613ed07277a5118442805079269f12dabdc42e1a727?s=96&d=mm&r=g","caption":"CET"},"url":"https:\/\/cetaradell.cat\/ce\/author\/root\/"}]}},"_links":{"self":[{"href":"https:\/\/cetaradell.cat\/ce\/wp-json\/wp\/v2\/posts\/2003","targetHints":{"allow":["GET"]}}],"collection":[{"href":"https:\/\/cetaradell.cat\/ce\/wp-json\/wp\/v2\/posts"}],"about":[{"href":"https:\/\/cetaradell.cat\/ce\/wp-json\/wp\/v2\/types\/post"}],"author":[{"embeddable":true,"href":"https:\/\/cetaradell.cat\/ce\/wp-json\/wp\/v2\/users\/1"}],"replies":[{"embeddable":true,"href":"https:\/\/cetaradell.cat\/ce\/wp-json\/wp\/v2\/comments?post=2003"}],"version-history":[{"count":0,"href":"https:\/\/cetaradell.cat\/ce\/wp-json\/wp\/v2\/posts\/2003\/revisions"}],"wp:featuredmedia":[{"embeddable":true,"href":"https:\/\/cetaradell.cat\/ce\/wp-json\/wp\/v2\/media\/2007"}],"wp:attachment":[{"href":"https:\/\/cetaradell.cat\/ce\/wp-json\/wp\/v2\/media?parent=2003"}],"wp:term":[{"taxonomy":"category","embeddable":true,"href":"https:\/\/cetaradell.cat\/ce\/wp-json\/wp\/v2\/categories?post=2003"},{"taxonomy":"post_tag","embeddable":true,"href":"https:\/\/cetaradell.cat\/ce\/wp-json\/wp\/v2\/tags?post=2003"}],"curies":[{"name":"wp","href":"https:\/\/api.w.org\/{rel}","templated":true}]}}