{"id":3577,"date":"2015-11-12T17:32:14","date_gmt":"2015-11-12T16:32:14","guid":{"rendered":"https:\/\/cetaradell.cat\/ce\/?p=3577"},"modified":"2020-08-02T18:27:36","modified_gmt":"2020-08-02T17:27:36","slug":"ja-som-mes-de-1000","status":"publish","type":"post","link":"https:\/\/cetaradell.cat\/ce\/ja-som-mes-de-1000\/","title":{"rendered":"Ja som m\u00e9s de 1000!!!"},"content":{"rendered":"<p>El numero d&#8217;inscrits a la XXXVI Rupit-Taradell ja supera el miler!!!<\/p>\n<p><a href=\"https:\/\/cetaradell.cat\/ce\/wp-content\/uploads\/tumblr_mb3755hPqc1r985y5o1_500.gif\"><img decoding=\"async\" class=\" size-full wp-image-3578 aligncenter\" src=\"https:\/\/cetaradell.cat\/ce\/wp-content\/uploads\/tumblr_mb3755hPqc1r985y5o1_500.gif\" alt=\"tumblr_mb3755hPqc1r985y5o1_500\" width=\"497\" height=\"348\" \/><\/a><\/p>\n<p>Vist que la previsi\u00f3 de bon temps feia pensar que hi podia haver una bona inscripci\u00f3, ja es va preveure infraestructura i avituallaments per alguns caminadors de m\u00e9s, i per aquest aix\u00f2 des de l&#8217;organitzaci\u00f3 s&#8217;ha optat per oferir 200 places m\u00e9s.<\/p>\n<p>[border margin=&#8221;no&#8221;][\/border]<\/p>\n<h2><strong>\u2192Acc\u00e9s a inscripcions<\/strong><\/h2>\n<p>Un cop registrada la vostra inscripci\u00f3 per la web rebreu un correu electr\u00f2nic de confirmaci\u00f3. Si no el rebeu comproveu que el vostre nom apareix a la llista d&#8217;inscrits. Si en 24 hores no hi apareix envieu-nos un correu a l&#8217;adre\u00e7a\u00a0 <strong><em>inscripcions@cetaradell.cat<\/em><\/strong>\u00a0 amb les vostres dades per verificar la inscripci\u00f3.<\/p>\n<h2><strong>\u2192Acc\u00e9s al llistat d&#8217;inscrits i desc\u00e0rrega del comprovant<\/strong><\/h2>\n<p>En aquest llistat podeu confirmar que el vostre proc\u00e9s d&#8217;inscripci\u00f3 s&#8217;ha formalitzat correctament.<\/p>\n<h3><strong><a href=\"http:\/\/wp.me\/a5t4f7-SJ\" target=\"_blank\" rel=\"noopener noreferrer\">\u2192Descarregar l&#8217;autoritzaci\u00f3 per a menors<\/a><\/strong><\/h3>\n<p>Els menors han de presentar l&#8217;autoritzaci\u00f3 per a menors completada i signada pels pares o tutors, en el moment de recollir els dorsals.<\/p>\n<p><strong>Data l\u00edmit d\u2019inscripci\u00f3:<\/strong>\u00a0 a la web fins al dijous dia 13 de novembre; el 15 de novembre a les oficines del CET, i el dia 16 a la sortida de Taradell o de Rupit. Les inscripcions fetes els dies 15 i 16 s\u00f3n al mateix preu per als socis i no socis i tenen un increment.<\/p>\n","protected":false},"excerpt":{"rendered":"<p>El numero d&#8217;inscrits a la XXXVI Rupit-Taradell ja supera el miler!!! Vist que la previsi\u00f3 de bon temps feia pensar que hi podia haver una bona inscripci\u00f3, ja es va preveure infraestructura i avituallaments per alguns caminadors de m\u00e9s, i per aquest aix\u00f2 des de l&#8217;organitzaci\u00f3 s&#8217;ha optat per oferir  [&#8230;]<\/p>\n","protected":false},"author":1,"featured_media":3578,"comment_status":"closed","ping_status":"closed","sticky":false,"template":"","format":"standard","meta":{"footnotes":""},"categories":[7,35],"tags":[],"class_list":["post-3577","post","type-post","status-publish","format-standard","has-post-thumbnail","hentry","category-muntanya","category-rupit-taradell"],"yoast_head":"<!-- This site is optimized with the Yoast SEO plugin v27.5 - https:\/\/yoast.com\/product\/yoast-seo-wordpress\/ -->\n<title>Ja som m\u00e9s de 1000!!! - Centre Excursionista Taradell<\/title>\n<meta name=\"robots\" content=\"index, follow, max-snippet:-1, max-image-preview:large, max-video-preview:-1\" \/>\n<link rel=\"canonical\" href=\"https:\/\/cetaradell.cat\/ce\/ja-som-mes-de-1000\/\" \/>\n<meta property=\"og:locale\" content=\"ca_ES\" \/>\n<meta property=\"og:type\" content=\"article\" \/>\n<meta property=\"og:title\" content=\"Ja som m\u00e9s de 1000!!! - Centre Excursionista Taradell\" \/>\n<meta property=\"og:description\" content=\"El numero d&#8217;inscrits a la XXXVI Rupit-Taradell ja supera el miler!!! Vist que la previsi\u00f3 de bon temps feia pensar que hi podia haver una bona inscripci\u00f3, ja es va preveure infraestructura i avituallaments per alguns caminadors de m\u00e9s, i per aquest aix\u00f2 des de l&#8217;organitzaci\u00f3 s&#8217;ha optat per oferir [...]\" \/>\n<meta property=\"og:url\" content=\"https:\/\/cetaradell.cat\/ce\/ja-som-mes-de-1000\/\" \/>\n<meta property=\"og:site_name\" content=\"Centre Excursionista Taradell\" \/>\n<meta property=\"article:publisher\" content=\"https:\/\/www.facebook.com\/CETaradell\/\" \/>\n<meta property=\"article:published_time\" content=\"2015-11-12T16:32:14+00:00\" \/>\n<meta property=\"article:modified_time\" content=\"2020-08-02T17:27:36+00:00\" \/>\n<meta property=\"og:image\" content=\"https:\/\/cetaradell.cat\/ce\/wp-content\/uploads\/tumblr_mb3755hPqc1r985y5o1_500.gif\" \/>\n\t<meta property=\"og:image:width\" content=\"497\" \/>\n\t<meta property=\"og:image:height\" content=\"348\" \/>\n\t<meta property=\"og:image:type\" content=\"image\/gif\" \/>\n<meta name=\"author\" content=\"CET\" \/>\n<meta name=\"twitter:card\" content=\"summary_large_image\" \/>\n<meta name=\"twitter:label1\" content=\"Escrit per\" \/>\n\t<meta name=\"twitter:data1\" content=\"CET\" \/>\n\t<meta name=\"twitter:label2\" content=\"Temps estimat de lectura\" \/>\n\t<meta name=\"twitter:data2\" content=\"1 minut\" \/>\n<script type=\"application\/ld+json\" class=\"yoast-schema-graph\">{\"@context\":\"https:\\\/\\\/schema.org\",\"@graph\":[{\"@type\":\"Article\",\"@id\":\"https:\\\/\\\/cetaradell.cat\\\/ce\\\/ja-som-mes-de-1000\\\/#article\",\"isPartOf\":{\"@id\":\"https:\\\/\\\/cetaradell.cat\\\/ce\\\/ja-som-mes-de-1000\\\/\"},\"author\":{\"name\":\"CET\",\"@id\":\"https:\\\/\\\/cetaradell.cat\\\/ce\\\/#\\\/schema\\\/person\\\/92a59f585073071c7be6649e84b22f78\"},\"headline\":\"Ja som m\u00e9s de 1000!!!\",\"datePublished\":\"2015-11-12T16:32:14+00:00\",\"dateModified\":\"2020-08-02T17:27:36+00:00\",\"mainEntityOfPage\":{\"@id\":\"https:\\\/\\\/cetaradell.cat\\\/ce\\\/ja-som-mes-de-1000\\\/\"},\"wordCount\":236,\"image\":{\"@id\":\"https:\\\/\\\/cetaradell.cat\\\/ce\\\/ja-som-mes-de-1000\\\/#primaryimage\"},\"thumbnailUrl\":\"https:\\\/\\\/cetaradell.cat\\\/ce\\\/wp-content\\\/uploads\\\/tumblr_mb3755hPqc1r985y5o1_500.gif\",\"articleSection\":[\"Muntanya\",\"Rupit - Taradell\"],\"inLanguage\":\"ca\"},{\"@type\":\"WebPage\",\"@id\":\"https:\\\/\\\/cetaradell.cat\\\/ce\\\/ja-som-mes-de-1000\\\/\",\"url\":\"https:\\\/\\\/cetaradell.cat\\\/ce\\\/ja-som-mes-de-1000\\\/\",\"name\":\"Ja som m\u00e9s de 1000!!! - Centre Excursionista Taradell\",\"isPartOf\":{\"@id\":\"https:\\\/\\\/cetaradell.cat\\\/ce\\\/#website\"},\"primaryImageOfPage\":{\"@id\":\"https:\\\/\\\/cetaradell.cat\\\/ce\\\/ja-som-mes-de-1000\\\/#primaryimage\"},\"image\":{\"@id\":\"https:\\\/\\\/cetaradell.cat\\\/ce\\\/ja-som-mes-de-1000\\\/#primaryimage\"},\"thumbnailUrl\":\"https:\\\/\\\/cetaradell.cat\\\/ce\\\/wp-content\\\/uploads\\\/tumblr_mb3755hPqc1r985y5o1_500.gif\",\"datePublished\":\"2015-11-12T16:32:14+00:00\",\"dateModified\":\"2020-08-02T17:27:36+00:00\",\"author\":{\"@id\":\"https:\\\/\\\/cetaradell.cat\\\/ce\\\/#\\\/schema\\\/person\\\/92a59f585073071c7be6649e84b22f78\"},\"breadcrumb\":{\"@id\":\"https:\\\/\\\/cetaradell.cat\\\/ce\\\/ja-som-mes-de-1000\\\/#breadcrumb\"},\"inLanguage\":\"ca\",\"potentialAction\":[{\"@type\":\"ReadAction\",\"target\":[\"https:\\\/\\\/cetaradell.cat\\\/ce\\\/ja-som-mes-de-1000\\\/\"]}]},{\"@type\":\"ImageObject\",\"inLanguage\":\"ca\",\"@id\":\"https:\\\/\\\/cetaradell.cat\\\/ce\\\/ja-som-mes-de-1000\\\/#primaryimage\",\"url\":\"https:\\\/\\\/cetaradell.cat\\\/ce\\\/wp-content\\\/uploads\\\/tumblr_mb3755hPqc1r985y5o1_500.gif\",\"contentUrl\":\"https:\\\/\\\/cetaradell.cat\\\/ce\\\/wp-content\\\/uploads\\\/tumblr_mb3755hPqc1r985y5o1_500.gif\",\"width\":497,\"height\":348},{\"@type\":\"BreadcrumbList\",\"@id\":\"https:\\\/\\\/cetaradell.cat\\\/ce\\\/ja-som-mes-de-1000\\\/#breadcrumb\",\"itemListElement\":[{\"@type\":\"ListItem\",\"position\":1,\"name\":\"Inici\",\"item\":\"https:\\\/\\\/cetaradell.cat\\\/ce\\\/\"},{\"@type\":\"ListItem\",\"position\":2,\"name\":\"Ja som m\u00e9s de 1000!!!\"}]},{\"@type\":\"WebSite\",\"@id\":\"https:\\\/\\\/cetaradell.cat\\\/ce\\\/#website\",\"url\":\"https:\\\/\\\/cetaradell.cat\\\/ce\\\/\",\"name\":\"Centre Excursionista Taradell\",\"description\":\"\",\"potentialAction\":[{\"@type\":\"SearchAction\",\"target\":{\"@type\":\"EntryPoint\",\"urlTemplate\":\"https:\\\/\\\/cetaradell.cat\\\/ce\\\/?s={search_term_string}\"},\"query-input\":{\"@type\":\"PropertyValueSpecification\",\"valueRequired\":true,\"valueName\":\"search_term_string\"}}],\"inLanguage\":\"ca\"},{\"@type\":\"Person\",\"@id\":\"https:\\\/\\\/cetaradell.cat\\\/ce\\\/#\\\/schema\\\/person\\\/92a59f585073071c7be6649e84b22f78\",\"name\":\"CET\",\"image\":{\"@type\":\"ImageObject\",\"inLanguage\":\"ca\",\"@id\":\"https:\\\/\\\/secure.gravatar.com\\\/avatar\\\/d6fbe010d42056feccc0f613ed07277a5118442805079269f12dabdc42e1a727?s=96&d=mm&r=g\",\"url\":\"https:\\\/\\\/secure.gravatar.com\\\/avatar\\\/d6fbe010d42056feccc0f613ed07277a5118442805079269f12dabdc42e1a727?s=96&d=mm&r=g\",\"contentUrl\":\"https:\\\/\\\/secure.gravatar.com\\\/avatar\\\/d6fbe010d42056feccc0f613ed07277a5118442805079269f12dabdc42e1a727?s=96&d=mm&r=g\",\"caption\":\"CET\"},\"url\":\"https:\\\/\\\/cetaradell.cat\\\/ce\\\/author\\\/root\\\/\"}]}<\/script>\n<!-- \/ Yoast SEO plugin. -->","yoast_head_json":{"title":"Ja som m\u00e9s de 1000!!! - Centre Excursionista Taradell","robots":{"index":"index","follow":"follow","max-snippet":"max-snippet:-1","max-image-preview":"max-image-preview:large","max-video-preview":"max-video-preview:-1"},"canonical":"https:\/\/cetaradell.cat\/ce\/ja-som-mes-de-1000\/","og_locale":"ca_ES","og_type":"article","og_title":"Ja som m\u00e9s de 1000!!! - Centre Excursionista Taradell","og_description":"El numero d&#8217;inscrits a la XXXVI Rupit-Taradell ja supera el miler!!! Vist que la previsi\u00f3 de bon temps feia pensar que hi podia haver una bona inscripci\u00f3, ja es va preveure infraestructura i avituallaments per alguns caminadors de m\u00e9s, i per aquest aix\u00f2 des de l&#8217;organitzaci\u00f3 s&#8217;ha optat per oferir [...]","og_url":"https:\/\/cetaradell.cat\/ce\/ja-som-mes-de-1000\/","og_site_name":"Centre Excursionista Taradell","article_publisher":"https:\/\/www.facebook.com\/CETaradell\/","article_published_time":"2015-11-12T16:32:14+00:00","article_modified_time":"2020-08-02T17:27:36+00:00","og_image":[{"width":497,"height":348,"url":"https:\/\/cetaradell.cat\/ce\/wp-content\/uploads\/tumblr_mb3755hPqc1r985y5o1_500.gif","type":"image\/gif"}],"author":"CET","twitter_card":"summary_large_image","twitter_misc":{"Escrit per":"CET","Temps estimat de lectura":"1 minut"},"schema":{"@context":"https:\/\/schema.org","@graph":[{"@type":"Article","@id":"https:\/\/cetaradell.cat\/ce\/ja-som-mes-de-1000\/#article","isPartOf":{"@id":"https:\/\/cetaradell.cat\/ce\/ja-som-mes-de-1000\/"},"author":{"name":"CET","@id":"https:\/\/cetaradell.cat\/ce\/#\/schema\/person\/92a59f585073071c7be6649e84b22f78"},"headline":"Ja som m\u00e9s de 1000!!!","datePublished":"2015-11-12T16:32:14+00:00","dateModified":"2020-08-02T17:27:36+00:00","mainEntityOfPage":{"@id":"https:\/\/cetaradell.cat\/ce\/ja-som-mes-de-1000\/"},"wordCount":236,"image":{"@id":"https:\/\/cetaradell.cat\/ce\/ja-som-mes-de-1000\/#primaryimage"},"thumbnailUrl":"https:\/\/cetaradell.cat\/ce\/wp-content\/uploads\/tumblr_mb3755hPqc1r985y5o1_500.gif","articleSection":["Muntanya","Rupit - Taradell"],"inLanguage":"ca"},{"@type":"WebPage","@id":"https:\/\/cetaradell.cat\/ce\/ja-som-mes-de-1000\/","url":"https:\/\/cetaradell.cat\/ce\/ja-som-mes-de-1000\/","name":"Ja som m\u00e9s de 1000!!! - Centre Excursionista Taradell","isPartOf":{"@id":"https:\/\/cetaradell.cat\/ce\/#website"},"primaryImageOfPage":{"@id":"https:\/\/cetaradell.cat\/ce\/ja-som-mes-de-1000\/#primaryimage"},"image":{"@id":"https:\/\/cetaradell.cat\/ce\/ja-som-mes-de-1000\/#primaryimage"},"thumbnailUrl":"https:\/\/cetaradell.cat\/ce\/wp-content\/uploads\/tumblr_mb3755hPqc1r985y5o1_500.gif","datePublished":"2015-11-12T16:32:14+00:00","dateModified":"2020-08-02T17:27:36+00:00","author":{"@id":"https:\/\/cetaradell.cat\/ce\/#\/schema\/person\/92a59f585073071c7be6649e84b22f78"},"breadcrumb":{"@id":"https:\/\/cetaradell.cat\/ce\/ja-som-mes-de-1000\/#breadcrumb"},"inLanguage":"ca","potentialAction":[{"@type":"ReadAction","target":["https:\/\/cetaradell.cat\/ce\/ja-som-mes-de-1000\/"]}]},{"@type":"ImageObject","inLanguage":"ca","@id":"https:\/\/cetaradell.cat\/ce\/ja-som-mes-de-1000\/#primaryimage","url":"https:\/\/cetaradell.cat\/ce\/wp-content\/uploads\/tumblr_mb3755hPqc1r985y5o1_500.gif","contentUrl":"https:\/\/cetaradell.cat\/ce\/wp-content\/uploads\/tumblr_mb3755hPqc1r985y5o1_500.gif","width":497,"height":348},{"@type":"BreadcrumbList","@id":"https:\/\/cetaradell.cat\/ce\/ja-som-mes-de-1000\/#breadcrumb","itemListElement":[{"@type":"ListItem","position":1,"name":"Inici","item":"https:\/\/cetaradell.cat\/ce\/"},{"@type":"ListItem","position":2,"name":"Ja som m\u00e9s de 1000!!!"}]},{"@type":"WebSite","@id":"https:\/\/cetaradell.cat\/ce\/#website","url":"https:\/\/cetaradell.cat\/ce\/","name":"Centre Excursionista Taradell","description":"","potentialAction":[{"@type":"SearchAction","target":{"@type":"EntryPoint","urlTemplate":"https:\/\/cetaradell.cat\/ce\/?s={search_term_string}"},"query-input":{"@type":"PropertyValueSpecification","valueRequired":true,"valueName":"search_term_string"}}],"inLanguage":"ca"},{"@type":"Person","@id":"https:\/\/cetaradell.cat\/ce\/#\/schema\/person\/92a59f585073071c7be6649e84b22f78","name":"CET","image":{"@type":"ImageObject","inLanguage":"ca","@id":"https:\/\/secure.gravatar.com\/avatar\/d6fbe010d42056feccc0f613ed07277a5118442805079269f12dabdc42e1a727?s=96&d=mm&r=g","url":"https:\/\/secure.gravatar.com\/avatar\/d6fbe010d42056feccc0f613ed07277a5118442805079269f12dabdc42e1a727?s=96&d=mm&r=g","contentUrl":"https:\/\/secure.gravatar.com\/avatar\/d6fbe010d42056feccc0f613ed07277a5118442805079269f12dabdc42e1a727?s=96&d=mm&r=g","caption":"CET"},"url":"https:\/\/cetaradell.cat\/ce\/author\/root\/"}]}},"_links":{"self":[{"href":"https:\/\/cetaradell.cat\/ce\/wp-json\/wp\/v2\/posts\/3577","targetHints":{"allow":["GET"]}}],"collection":[{"href":"https:\/\/cetaradell.cat\/ce\/wp-json\/wp\/v2\/posts"}],"about":[{"href":"https:\/\/cetaradell.cat\/ce\/wp-json\/wp\/v2\/types\/post"}],"author":[{"embeddable":true,"href":"https:\/\/cetaradell.cat\/ce\/wp-json\/wp\/v2\/users\/1"}],"replies":[{"embeddable":true,"href":"https:\/\/cetaradell.cat\/ce\/wp-json\/wp\/v2\/comments?post=3577"}],"version-history":[{"count":0,"href":"https:\/\/cetaradell.cat\/ce\/wp-json\/wp\/v2\/posts\/3577\/revisions"}],"wp:featuredmedia":[{"embeddable":true,"href":"https:\/\/cetaradell.cat\/ce\/wp-json\/wp\/v2\/media\/3578"}],"wp:attachment":[{"href":"https:\/\/cetaradell.cat\/ce\/wp-json\/wp\/v2\/media?parent=3577"}],"wp:term":[{"taxonomy":"category","embeddable":true,"href":"https:\/\/cetaradell.cat\/ce\/wp-json\/wp\/v2\/categories?post=3577"},{"taxonomy":"post_tag","embeddable":true,"href":"https:\/\/cetaradell.cat\/ce\/wp-json\/wp\/v2\/tags?post=3577"}],"curies":[{"name":"wp","href":"https:\/\/api.w.org\/{rel}","templated":true}]}}