{"id":4951,"date":"2016-12-02T22:00:55","date_gmt":"2016-12-02T21:00:55","guid":{"rendered":"https:\/\/cetaradell.cat\/ce\/?p=4951"},"modified":"2020-08-02T18:13:15","modified_gmt":"2020-08-02T17:13:15","slug":"portar-el-pessebre-al-torreneules","status":"publish","type":"post","link":"https:\/\/cetaradell.cat\/ce\/portar-el-pessebre-al-torreneules\/","title":{"rendered":"Sortida a portar el pessebre al Torreneules"},"content":{"rendered":"<div id=\"attachment_3995\" style=\"width: 235px\" class=\"wp-caption alignleft\"><a href=\"https:\/\/cetaradell.cat\/ce\/wp-content\/uploads\/IMG_2271.jpg\" target=\"_blank\" rel=\"attachment noopener wp-att-3995 noreferrer\"><img decoding=\"async\" aria-describedby=\"caption-attachment-3995\" class=\"wp-image-3995 size-medium\" src=\"https:\/\/cetaradell.cat\/ce\/wp-content\/uploads\/IMG_2271-225x300.jpg\" alt=\"IMG_2271\" width=\"225\" height=\"300\" \/><\/a><p id=\"caption-attachment-3995\" class=\"wp-caption-text\">Pessebre al Gra de Fajol &#8211; 2015 (Foto: C. Coll)<\/p><\/div>\n<p><strong>Dia:<\/strong>\u00a0 dijous, 8 de desembre de 2016<br \/>\n<strong>Hora de sortida:<\/strong> a les 6 del mat\u00ed<br \/>\n<strong>Lloc de sortida:<\/strong> local social del CET, carrer Ramon Pou, 36 de Taradell<br \/>\n<strong>Transport:<\/strong> cotxes particulars. Es pujar\u00e0 i baixar\u00e0 de N\u00faria amb cremallera.<br \/>\n<strong>Nota:<\/strong> cal portar esmorzar i anar equipat amb roba i cal\u00e7at de muntanya. Els interessats a participar-hi cal que truqueu o passeu pel local de l\u2019entitat per confirmar la vostra assist\u00e8ncia i\u00a0 per confirmar l\u2019hora de sortida, aix\u00ed com per comprovar que no hi ha hagut cap canvi. Teniu temps fins el dia 7.<\/p>\n","protected":false},"excerpt":{"rendered":"<p>Dia:\u00a0 dijous, 8 de desembre de 2016 Hora de sortida: a les 6 del mat\u00ed Lloc de sortida: local social del CET, carrer Ramon Pou, 36 de Taradell Transport: cotxes particulars. Es pujar\u00e0 i baixar\u00e0 de N\u00faria amb cremallera. Nota: cal portar esmorzar i anar equipat amb roba i cal\u00e7at  [&#8230;]<\/p>\n","protected":false},"author":1,"featured_media":7748,"comment_status":"closed","ping_status":"closed","sticky":false,"template":"","format":"standard","meta":{"footnotes":""},"categories":[4,7],"tags":[],"class_list":["post-4951","post","type-post","status-publish","format-standard","has-post-thumbnail","hentry","category-activitats","category-muntanya"],"yoast_head":"<!-- This site is optimized with the Yoast SEO plugin v27.5 - https:\/\/yoast.com\/product\/yoast-seo-wordpress\/ -->\n<title>Sortida a portar el pessebre al Torreneules - Centre Excursionista Taradell<\/title>\n<meta name=\"robots\" content=\"index, follow, max-snippet:-1, max-image-preview:large, max-video-preview:-1\" \/>\n<link rel=\"canonical\" href=\"https:\/\/cetaradell.cat\/ce\/portar-el-pessebre-al-torreneules\/\" \/>\n<meta property=\"og:locale\" content=\"ca_ES\" \/>\n<meta property=\"og:type\" content=\"article\" \/>\n<meta property=\"og:title\" content=\"Sortida a portar el pessebre al Torreneules - Centre Excursionista Taradell\" \/>\n<meta property=\"og:description\" content=\"Dia:\u00a0 dijous, 8 de desembre de 2016 Hora de sortida: a les 6 del mat\u00ed Lloc de sortida: local social del CET, carrer Ramon Pou, 36 de Taradell Transport: cotxes particulars. Es pujar\u00e0 i baixar\u00e0 de N\u00faria amb cremallera. Nota: cal portar esmorzar i anar equipat amb roba i cal\u00e7at [...]\" \/>\n<meta property=\"og:url\" content=\"https:\/\/cetaradell.cat\/ce\/portar-el-pessebre-al-torreneules\/\" \/>\n<meta property=\"og:site_name\" content=\"Centre Excursionista Taradell\" \/>\n<meta property=\"article:publisher\" content=\"https:\/\/www.facebook.com\/CETaradell\/\" \/>\n<meta property=\"article:published_time\" content=\"2016-12-02T21:00:55+00:00\" \/>\n<meta property=\"article:modified_time\" content=\"2020-08-02T17:13:15+00:00\" \/>\n<meta property=\"og:image\" content=\"https:\/\/cetaradell.cat\/ce\/wp-content\/uploads\/IMG_2271.jpg\" \/>\n\t<meta property=\"og:image:width\" content=\"480\" \/>\n\t<meta property=\"og:image:height\" content=\"640\" \/>\n\t<meta property=\"og:image:type\" content=\"image\/jpeg\" \/>\n<meta name=\"author\" content=\"CET\" \/>\n<meta name=\"twitter:card\" content=\"summary_large_image\" \/>\n<meta name=\"twitter:label1\" content=\"Escrit per\" \/>\n\t<meta name=\"twitter:data1\" content=\"CET\" \/>\n\t<meta name=\"twitter:label2\" content=\"Temps estimat de lectura\" \/>\n\t<meta name=\"twitter:data2\" content=\"1 minut\" \/>\n<script type=\"application\/ld+json\" class=\"yoast-schema-graph\">{\"@context\":\"https:\\\/\\\/schema.org\",\"@graph\":[{\"@type\":\"Article\",\"@id\":\"https:\\\/\\\/cetaradell.cat\\\/ce\\\/portar-el-pessebre-al-torreneules\\\/#article\",\"isPartOf\":{\"@id\":\"https:\\\/\\\/cetaradell.cat\\\/ce\\\/portar-el-pessebre-al-torreneules\\\/\"},\"author\":{\"name\":\"CET\",\"@id\":\"https:\\\/\\\/cetaradell.cat\\\/ce\\\/#\\\/schema\\\/person\\\/92a59f585073071c7be6649e84b22f78\"},\"headline\":\"Sortida a portar el pessebre al Torreneules\",\"datePublished\":\"2016-12-02T21:00:55+00:00\",\"dateModified\":\"2020-08-02T17:13:15+00:00\",\"mainEntityOfPage\":{\"@id\":\"https:\\\/\\\/cetaradell.cat\\\/ce\\\/portar-el-pessebre-al-torreneules\\\/\"},\"wordCount\":116,\"image\":{\"@id\":\"https:\\\/\\\/cetaradell.cat\\\/ce\\\/portar-el-pessebre-al-torreneules\\\/#primaryimage\"},\"thumbnailUrl\":\"https:\\\/\\\/cetaradell.cat\\\/ce\\\/wp-content\\\/uploads\\\/IMG_2271.jpg\",\"articleSection\":[\"Activitats\",\"Muntanya\"],\"inLanguage\":\"ca\"},{\"@type\":\"WebPage\",\"@id\":\"https:\\\/\\\/cetaradell.cat\\\/ce\\\/portar-el-pessebre-al-torreneules\\\/\",\"url\":\"https:\\\/\\\/cetaradell.cat\\\/ce\\\/portar-el-pessebre-al-torreneules\\\/\",\"name\":\"Sortida a portar el pessebre al Torreneules - Centre Excursionista Taradell\",\"isPartOf\":{\"@id\":\"https:\\\/\\\/cetaradell.cat\\\/ce\\\/#website\"},\"primaryImageOfPage\":{\"@id\":\"https:\\\/\\\/cetaradell.cat\\\/ce\\\/portar-el-pessebre-al-torreneules\\\/#primaryimage\"},\"image\":{\"@id\":\"https:\\\/\\\/cetaradell.cat\\\/ce\\\/portar-el-pessebre-al-torreneules\\\/#primaryimage\"},\"thumbnailUrl\":\"https:\\\/\\\/cetaradell.cat\\\/ce\\\/wp-content\\\/uploads\\\/IMG_2271.jpg\",\"datePublished\":\"2016-12-02T21:00:55+00:00\",\"dateModified\":\"2020-08-02T17:13:15+00:00\",\"author\":{\"@id\":\"https:\\\/\\\/cetaradell.cat\\\/ce\\\/#\\\/schema\\\/person\\\/92a59f585073071c7be6649e84b22f78\"},\"breadcrumb\":{\"@id\":\"https:\\\/\\\/cetaradell.cat\\\/ce\\\/portar-el-pessebre-al-torreneules\\\/#breadcrumb\"},\"inLanguage\":\"ca\",\"potentialAction\":[{\"@type\":\"ReadAction\",\"target\":[\"https:\\\/\\\/cetaradell.cat\\\/ce\\\/portar-el-pessebre-al-torreneules\\\/\"]}]},{\"@type\":\"ImageObject\",\"inLanguage\":\"ca\",\"@id\":\"https:\\\/\\\/cetaradell.cat\\\/ce\\\/portar-el-pessebre-al-torreneules\\\/#primaryimage\",\"url\":\"https:\\\/\\\/cetaradell.cat\\\/ce\\\/wp-content\\\/uploads\\\/IMG_2271.jpg\",\"contentUrl\":\"https:\\\/\\\/cetaradell.cat\\\/ce\\\/wp-content\\\/uploads\\\/IMG_2271.jpg\",\"width\":480,\"height\":640},{\"@type\":\"BreadcrumbList\",\"@id\":\"https:\\\/\\\/cetaradell.cat\\\/ce\\\/portar-el-pessebre-al-torreneules\\\/#breadcrumb\",\"itemListElement\":[{\"@type\":\"ListItem\",\"position\":1,\"name\":\"Inici\",\"item\":\"https:\\\/\\\/cetaradell.cat\\\/ce\\\/\"},{\"@type\":\"ListItem\",\"position\":2,\"name\":\"Sortida a portar el pessebre al Torreneules\"}]},{\"@type\":\"WebSite\",\"@id\":\"https:\\\/\\\/cetaradell.cat\\\/ce\\\/#website\",\"url\":\"https:\\\/\\\/cetaradell.cat\\\/ce\\\/\",\"name\":\"Centre Excursionista Taradell\",\"description\":\"\",\"potentialAction\":[{\"@type\":\"SearchAction\",\"target\":{\"@type\":\"EntryPoint\",\"urlTemplate\":\"https:\\\/\\\/cetaradell.cat\\\/ce\\\/?s={search_term_string}\"},\"query-input\":{\"@type\":\"PropertyValueSpecification\",\"valueRequired\":true,\"valueName\":\"search_term_string\"}}],\"inLanguage\":\"ca\"},{\"@type\":\"Person\",\"@id\":\"https:\\\/\\\/cetaradell.cat\\\/ce\\\/#\\\/schema\\\/person\\\/92a59f585073071c7be6649e84b22f78\",\"name\":\"CET\",\"image\":{\"@type\":\"ImageObject\",\"inLanguage\":\"ca\",\"@id\":\"https:\\\/\\\/secure.gravatar.com\\\/avatar\\\/d6fbe010d42056feccc0f613ed07277a5118442805079269f12dabdc42e1a727?s=96&d=mm&r=g\",\"url\":\"https:\\\/\\\/secure.gravatar.com\\\/avatar\\\/d6fbe010d42056feccc0f613ed07277a5118442805079269f12dabdc42e1a727?s=96&d=mm&r=g\",\"contentUrl\":\"https:\\\/\\\/secure.gravatar.com\\\/avatar\\\/d6fbe010d42056feccc0f613ed07277a5118442805079269f12dabdc42e1a727?s=96&d=mm&r=g\",\"caption\":\"CET\"},\"url\":\"https:\\\/\\\/cetaradell.cat\\\/ce\\\/author\\\/root\\\/\"}]}<\/script>\n<!-- \/ Yoast SEO plugin. -->","yoast_head_json":{"title":"Sortida a portar el pessebre al Torreneules - Centre Excursionista Taradell","robots":{"index":"index","follow":"follow","max-snippet":"max-snippet:-1","max-image-preview":"max-image-preview:large","max-video-preview":"max-video-preview:-1"},"canonical":"https:\/\/cetaradell.cat\/ce\/portar-el-pessebre-al-torreneules\/","og_locale":"ca_ES","og_type":"article","og_title":"Sortida a portar el pessebre al Torreneules - Centre Excursionista Taradell","og_description":"Dia:\u00a0 dijous, 8 de desembre de 2016 Hora de sortida: a les 6 del mat\u00ed Lloc de sortida: local social del CET, carrer Ramon Pou, 36 de Taradell Transport: cotxes particulars. Es pujar\u00e0 i baixar\u00e0 de N\u00faria amb cremallera. Nota: cal portar esmorzar i anar equipat amb roba i cal\u00e7at [...]","og_url":"https:\/\/cetaradell.cat\/ce\/portar-el-pessebre-al-torreneules\/","og_site_name":"Centre Excursionista Taradell","article_publisher":"https:\/\/www.facebook.com\/CETaradell\/","article_published_time":"2016-12-02T21:00:55+00:00","article_modified_time":"2020-08-02T17:13:15+00:00","og_image":[{"width":480,"height":640,"url":"https:\/\/cetaradell.cat\/ce\/wp-content\/uploads\/IMG_2271.jpg","type":"image\/jpeg"}],"author":"CET","twitter_card":"summary_large_image","twitter_misc":{"Escrit per":"CET","Temps estimat de lectura":"1 minut"},"schema":{"@context":"https:\/\/schema.org","@graph":[{"@type":"Article","@id":"https:\/\/cetaradell.cat\/ce\/portar-el-pessebre-al-torreneules\/#article","isPartOf":{"@id":"https:\/\/cetaradell.cat\/ce\/portar-el-pessebre-al-torreneules\/"},"author":{"name":"CET","@id":"https:\/\/cetaradell.cat\/ce\/#\/schema\/person\/92a59f585073071c7be6649e84b22f78"},"headline":"Sortida a portar el pessebre al Torreneules","datePublished":"2016-12-02T21:00:55+00:00","dateModified":"2020-08-02T17:13:15+00:00","mainEntityOfPage":{"@id":"https:\/\/cetaradell.cat\/ce\/portar-el-pessebre-al-torreneules\/"},"wordCount":116,"image":{"@id":"https:\/\/cetaradell.cat\/ce\/portar-el-pessebre-al-torreneules\/#primaryimage"},"thumbnailUrl":"https:\/\/cetaradell.cat\/ce\/wp-content\/uploads\/IMG_2271.jpg","articleSection":["Activitats","Muntanya"],"inLanguage":"ca"},{"@type":"WebPage","@id":"https:\/\/cetaradell.cat\/ce\/portar-el-pessebre-al-torreneules\/","url":"https:\/\/cetaradell.cat\/ce\/portar-el-pessebre-al-torreneules\/","name":"Sortida a portar el pessebre al Torreneules - Centre Excursionista Taradell","isPartOf":{"@id":"https:\/\/cetaradell.cat\/ce\/#website"},"primaryImageOfPage":{"@id":"https:\/\/cetaradell.cat\/ce\/portar-el-pessebre-al-torreneules\/#primaryimage"},"image":{"@id":"https:\/\/cetaradell.cat\/ce\/portar-el-pessebre-al-torreneules\/#primaryimage"},"thumbnailUrl":"https:\/\/cetaradell.cat\/ce\/wp-content\/uploads\/IMG_2271.jpg","datePublished":"2016-12-02T21:00:55+00:00","dateModified":"2020-08-02T17:13:15+00:00","author":{"@id":"https:\/\/cetaradell.cat\/ce\/#\/schema\/person\/92a59f585073071c7be6649e84b22f78"},"breadcrumb":{"@id":"https:\/\/cetaradell.cat\/ce\/portar-el-pessebre-al-torreneules\/#breadcrumb"},"inLanguage":"ca","potentialAction":[{"@type":"ReadAction","target":["https:\/\/cetaradell.cat\/ce\/portar-el-pessebre-al-torreneules\/"]}]},{"@type":"ImageObject","inLanguage":"ca","@id":"https:\/\/cetaradell.cat\/ce\/portar-el-pessebre-al-torreneules\/#primaryimage","url":"https:\/\/cetaradell.cat\/ce\/wp-content\/uploads\/IMG_2271.jpg","contentUrl":"https:\/\/cetaradell.cat\/ce\/wp-content\/uploads\/IMG_2271.jpg","width":480,"height":640},{"@type":"BreadcrumbList","@id":"https:\/\/cetaradell.cat\/ce\/portar-el-pessebre-al-torreneules\/#breadcrumb","itemListElement":[{"@type":"ListItem","position":1,"name":"Inici","item":"https:\/\/cetaradell.cat\/ce\/"},{"@type":"ListItem","position":2,"name":"Sortida a portar el pessebre al Torreneules"}]},{"@type":"WebSite","@id":"https:\/\/cetaradell.cat\/ce\/#website","url":"https:\/\/cetaradell.cat\/ce\/","name":"Centre Excursionista Taradell","description":"","potentialAction":[{"@type":"SearchAction","target":{"@type":"EntryPoint","urlTemplate":"https:\/\/cetaradell.cat\/ce\/?s={search_term_string}"},"query-input":{"@type":"PropertyValueSpecification","valueRequired":true,"valueName":"search_term_string"}}],"inLanguage":"ca"},{"@type":"Person","@id":"https:\/\/cetaradell.cat\/ce\/#\/schema\/person\/92a59f585073071c7be6649e84b22f78","name":"CET","image":{"@type":"ImageObject","inLanguage":"ca","@id":"https:\/\/secure.gravatar.com\/avatar\/d6fbe010d42056feccc0f613ed07277a5118442805079269f12dabdc42e1a727?s=96&d=mm&r=g","url":"https:\/\/secure.gravatar.com\/avatar\/d6fbe010d42056feccc0f613ed07277a5118442805079269f12dabdc42e1a727?s=96&d=mm&r=g","contentUrl":"https:\/\/secure.gravatar.com\/avatar\/d6fbe010d42056feccc0f613ed07277a5118442805079269f12dabdc42e1a727?s=96&d=mm&r=g","caption":"CET"},"url":"https:\/\/cetaradell.cat\/ce\/author\/root\/"}]}},"_links":{"self":[{"href":"https:\/\/cetaradell.cat\/ce\/wp-json\/wp\/v2\/posts\/4951","targetHints":{"allow":["GET"]}}],"collection":[{"href":"https:\/\/cetaradell.cat\/ce\/wp-json\/wp\/v2\/posts"}],"about":[{"href":"https:\/\/cetaradell.cat\/ce\/wp-json\/wp\/v2\/types\/post"}],"author":[{"embeddable":true,"href":"https:\/\/cetaradell.cat\/ce\/wp-json\/wp\/v2\/users\/1"}],"replies":[{"embeddable":true,"href":"https:\/\/cetaradell.cat\/ce\/wp-json\/wp\/v2\/comments?post=4951"}],"version-history":[{"count":0,"href":"https:\/\/cetaradell.cat\/ce\/wp-json\/wp\/v2\/posts\/4951\/revisions"}],"wp:featuredmedia":[{"embeddable":true,"href":"https:\/\/cetaradell.cat\/ce\/wp-json\/wp\/v2\/media\/7748"}],"wp:attachment":[{"href":"https:\/\/cetaradell.cat\/ce\/wp-json\/wp\/v2\/media?parent=4951"}],"wp:term":[{"taxonomy":"category","embeddable":true,"href":"https:\/\/cetaradell.cat\/ce\/wp-json\/wp\/v2\/categories?post=4951"},{"taxonomy":"post_tag","embeddable":true,"href":"https:\/\/cetaradell.cat\/ce\/wp-json\/wp\/v2\/tags?post=4951"}],"curies":[{"name":"wp","href":"https:\/\/api.w.org\/{rel}","templated":true}]}}