{"id":5005,"date":"2016-09-24T21:08:14","date_gmt":"2016-09-24T20:08:14","guid":{"rendered":"https:\/\/cetaradell.cat\/ce\/?p=5005"},"modified":"2020-08-02T18:10:46","modified_gmt":"2020-08-02T17:10:46","slug":"37a-matagalls-montserrat-2016","status":"publish","type":"post","link":"https:\/\/cetaradell.cat\/ce\/37a-matagalls-montserrat-2016\/","title":{"rendered":"37a Matagalls-Montserrat (2016)"},"content":{"rendered":"<div id=\"attachment_5006\" style=\"width: 310px\" class=\"wp-caption alignleft\"><a href=\"https:\/\/cetaradell.cat\/ce\/wp-content\/uploads\/2016-09-MM_avituallament_monistrol.jpg\" target=\"_blank\" rel=\"attachment noopener wp-att-5006 noreferrer\"><img decoding=\"async\" aria-describedby=\"caption-attachment-5006\" class=\"wp-image-5006 size-medium\" src=\"https:\/\/cetaradell.cat\/ce\/wp-content\/uploads\/2016-09-MM_avituallament_monistrol-300x200.jpg\" alt=\"2016-09-mm_avituallament_monistrol\" width=\"300\" height=\"200\" srcset=\"https:\/\/cetaradell.cat\/ce\/wp-content\/uploads\/2016-09-MM_avituallament_monistrol-300x200.jpg 300w, https:\/\/cetaradell.cat\/ce\/wp-content\/uploads\/2016-09-MM_avituallament_monistrol-500x334.jpg 500w, https:\/\/cetaradell.cat\/ce\/wp-content\/uploads\/2016-09-MM_avituallament_monistrol-700x467.jpg 700w, https:\/\/cetaradell.cat\/ce\/wp-content\/uploads\/2016-09-MM_avituallament_monistrol-768x512.jpg 768w, https:\/\/cetaradell.cat\/ce\/wp-content\/uploads\/2016-09-MM_avituallament_monistrol-1024x683.jpg 1024w, https:\/\/cetaradell.cat\/ce\/wp-content\/uploads\/2016-09-MM_avituallament_monistrol.jpg 1136w\" sizes=\"(max-width: 300px) 100vw, 300px\" \/><\/a><p id=\"caption-attachment-5006\" class=\"wp-caption-text\">Avituallament del CET situat a Monistrol (Foto: Pere Castells)<\/p><\/div>\n<p>El cap de setmana del 17 al 18 de setembre de 2016 va tenir lloc la tradicional travessa Matagalls-Montserrat que organitza el Club Excursionista de Gr\u00e0cia.<\/p>\n<p>La sortida de la travessa actualment es fa des del Brull i els participants han de completar en menys de 24 hores els m\u00e9s de vuitanta quil\u00f2metres de l\u2019itinerari senyalitzat que els porta fins a Montserrat. La inscripci\u00f3 est\u00e0 limitada a 3.000 persones entre les quals hi va haver 22 inscrits del Centre Excursionista Taradell<\/p>\n<p>Els participants del CET van ser: <strong>In\u00e8s Maideu, Dolors Matamala, Joan Blancafort, Guillermo Gonz\u00e1lez, Albert Ball\u00fas, Quico Barald\u00e9s <\/strong>(27a vegada)<strong>, Marta Homs, \u00c0ngel Tort, Santi Torres, Francisco Javier Torres, Vicen\u00e7 Clotet, Miquel Casadevall, Carles Garcia, Vicen\u00e7 Prat, Ramon Aguilar, Josep Vilarrubia, Susana Capdevila, David L\u00f3pez, Jaume Molist, Xavier Ribas, Roger Tuneu i Cl\u00e0udia Ausi\u00f3.<\/strong><\/p>\n<p>Un any m\u00e9s, el CET va organitzar quatre avituallaments per donar suport moral i log\u00eds\u00adtic als nostres participants. Aquests quatre punts van estar situats a Aiguafreda, al pont de Ferreries, a Matadepera (Les Pedritxes) i a Monistrol de Montserrat. El primer d\u2019aquests punts va anar a c\u00e0rrec d\u2019Anna Rovira, el segon de Roser Pujols, el tercer de Carme Delgado i el quart de Pere Castells.<\/p>\n<p>La setmana seg\u00fcent, els participants i els components dels avituallaments, com \u00e9s tradici\u00f3, es van reunir en un sopar per celebrar l\u2019\u00e8xit de la travessa, comentar l\u2019experi\u00e8ncia i comen\u00e7ar a fer caliu per a l\u2019any vinent.<\/p>\n","protected":false},"excerpt":{"rendered":"<p>El cap de setmana del 17 al 18 de setembre de 2016 va tenir lloc la tradicional travessa Matagalls-Montserrat que organitza el Club Excursionista de Gr\u00e0cia. La sortida de la travessa actualment es fa des del Brull i els participants han de completar en menys de 24 hores els m\u00e9s  [&#8230;]<\/p>\n","protected":false},"author":1,"featured_media":5006,"comment_status":"closed","ping_status":"closed","sticky":false,"template":"","format":"standard","meta":{"footnotes":""},"categories":[7,3],"tags":[],"class_list":["post-5005","post","type-post","status-publish","format-standard","has-post-thumbnail","hentry","category-muntanya","category-noticies"],"yoast_head":"<!-- This site is optimized with the Yoast SEO plugin v27.5 - https:\/\/yoast.com\/product\/yoast-seo-wordpress\/ -->\n<title>37a Matagalls-Montserrat (2016) - Centre Excursionista Taradell<\/title>\n<meta name=\"robots\" content=\"index, follow, max-snippet:-1, max-image-preview:large, max-video-preview:-1\" \/>\n<link rel=\"canonical\" href=\"https:\/\/cetaradell.cat\/ce\/37a-matagalls-montserrat-2016\/\" \/>\n<meta property=\"og:locale\" content=\"ca_ES\" \/>\n<meta property=\"og:type\" content=\"article\" \/>\n<meta property=\"og:title\" content=\"37a Matagalls-Montserrat (2016) - Centre Excursionista Taradell\" \/>\n<meta property=\"og:description\" content=\"El cap de setmana del 17 al 18 de setembre de 2016 va tenir lloc la tradicional travessa Matagalls-Montserrat que organitza el Club Excursionista de Gr\u00e0cia. La sortida de la travessa actualment es fa des del Brull i els participants han de completar en menys de 24 hores els m\u00e9s [...]\" \/>\n<meta property=\"og:url\" content=\"https:\/\/cetaradell.cat\/ce\/37a-matagalls-montserrat-2016\/\" \/>\n<meta property=\"og:site_name\" content=\"Centre Excursionista Taradell\" \/>\n<meta property=\"article:publisher\" content=\"https:\/\/www.facebook.com\/CETaradell\/\" \/>\n<meta property=\"article:published_time\" content=\"2016-09-24T20:08:14+00:00\" \/>\n<meta property=\"article:modified_time\" content=\"2020-08-02T17:10:46+00:00\" \/>\n<meta property=\"og:image\" content=\"https:\/\/cetaradell.cat\/ce\/wp-content\/uploads\/2016-09-MM_avituallament_monistrol.jpg\" \/>\n\t<meta property=\"og:image:width\" content=\"1136\" \/>\n\t<meta property=\"og:image:height\" content=\"758\" \/>\n\t<meta property=\"og:image:type\" content=\"image\/jpeg\" \/>\n<meta name=\"author\" content=\"CET\" \/>\n<meta name=\"twitter:card\" content=\"summary_large_image\" \/>\n<meta name=\"twitter:label1\" content=\"Escrit per\" \/>\n\t<meta name=\"twitter:data1\" content=\"CET\" \/>\n\t<meta name=\"twitter:label2\" content=\"Temps estimat de lectura\" \/>\n\t<meta name=\"twitter:data2\" content=\"1 minut\" \/>\n<script type=\"application\/ld+json\" class=\"yoast-schema-graph\">{\"@context\":\"https:\\\/\\\/schema.org\",\"@graph\":[{\"@type\":\"Article\",\"@id\":\"https:\\\/\\\/cetaradell.cat\\\/ce\\\/37a-matagalls-montserrat-2016\\\/#article\",\"isPartOf\":{\"@id\":\"https:\\\/\\\/cetaradell.cat\\\/ce\\\/37a-matagalls-montserrat-2016\\\/\"},\"author\":{\"name\":\"CET\",\"@id\":\"https:\\\/\\\/cetaradell.cat\\\/ce\\\/#\\\/schema\\\/person\\\/92a59f585073071c7be6649e84b22f78\"},\"headline\":\"37a Matagalls-Montserrat (2016)\",\"datePublished\":\"2016-09-24T20:08:14+00:00\",\"dateModified\":\"2020-08-02T17:10:46+00:00\",\"mainEntityOfPage\":{\"@id\":\"https:\\\/\\\/cetaradell.cat\\\/ce\\\/37a-matagalls-montserrat-2016\\\/\"},\"wordCount\":270,\"image\":{\"@id\":\"https:\\\/\\\/cetaradell.cat\\\/ce\\\/37a-matagalls-montserrat-2016\\\/#primaryimage\"},\"thumbnailUrl\":\"https:\\\/\\\/cetaradell.cat\\\/ce\\\/wp-content\\\/uploads\\\/2016-09-MM_avituallament_monistrol.jpg\",\"articleSection\":[\"Muntanya\",\"Not\u00edcies\"],\"inLanguage\":\"ca\"},{\"@type\":\"WebPage\",\"@id\":\"https:\\\/\\\/cetaradell.cat\\\/ce\\\/37a-matagalls-montserrat-2016\\\/\",\"url\":\"https:\\\/\\\/cetaradell.cat\\\/ce\\\/37a-matagalls-montserrat-2016\\\/\",\"name\":\"37a Matagalls-Montserrat (2016) - Centre Excursionista Taradell\",\"isPartOf\":{\"@id\":\"https:\\\/\\\/cetaradell.cat\\\/ce\\\/#website\"},\"primaryImageOfPage\":{\"@id\":\"https:\\\/\\\/cetaradell.cat\\\/ce\\\/37a-matagalls-montserrat-2016\\\/#primaryimage\"},\"image\":{\"@id\":\"https:\\\/\\\/cetaradell.cat\\\/ce\\\/37a-matagalls-montserrat-2016\\\/#primaryimage\"},\"thumbnailUrl\":\"https:\\\/\\\/cetaradell.cat\\\/ce\\\/wp-content\\\/uploads\\\/2016-09-MM_avituallament_monistrol.jpg\",\"datePublished\":\"2016-09-24T20:08:14+00:00\",\"dateModified\":\"2020-08-02T17:10:46+00:00\",\"author\":{\"@id\":\"https:\\\/\\\/cetaradell.cat\\\/ce\\\/#\\\/schema\\\/person\\\/92a59f585073071c7be6649e84b22f78\"},\"breadcrumb\":{\"@id\":\"https:\\\/\\\/cetaradell.cat\\\/ce\\\/37a-matagalls-montserrat-2016\\\/#breadcrumb\"},\"inLanguage\":\"ca\",\"potentialAction\":[{\"@type\":\"ReadAction\",\"target\":[\"https:\\\/\\\/cetaradell.cat\\\/ce\\\/37a-matagalls-montserrat-2016\\\/\"]}]},{\"@type\":\"ImageObject\",\"inLanguage\":\"ca\",\"@id\":\"https:\\\/\\\/cetaradell.cat\\\/ce\\\/37a-matagalls-montserrat-2016\\\/#primaryimage\",\"url\":\"https:\\\/\\\/cetaradell.cat\\\/ce\\\/wp-content\\\/uploads\\\/2016-09-MM_avituallament_monistrol.jpg\",\"contentUrl\":\"https:\\\/\\\/cetaradell.cat\\\/ce\\\/wp-content\\\/uploads\\\/2016-09-MM_avituallament_monistrol.jpg\",\"width\":1136,\"height\":758},{\"@type\":\"BreadcrumbList\",\"@id\":\"https:\\\/\\\/cetaradell.cat\\\/ce\\\/37a-matagalls-montserrat-2016\\\/#breadcrumb\",\"itemListElement\":[{\"@type\":\"ListItem\",\"position\":1,\"name\":\"Inici\",\"item\":\"https:\\\/\\\/cetaradell.cat\\\/ce\\\/\"},{\"@type\":\"ListItem\",\"position\":2,\"name\":\"37a Matagalls-Montserrat (2016)\"}]},{\"@type\":\"WebSite\",\"@id\":\"https:\\\/\\\/cetaradell.cat\\\/ce\\\/#website\",\"url\":\"https:\\\/\\\/cetaradell.cat\\\/ce\\\/\",\"name\":\"Centre Excursionista Taradell\",\"description\":\"\",\"potentialAction\":[{\"@type\":\"SearchAction\",\"target\":{\"@type\":\"EntryPoint\",\"urlTemplate\":\"https:\\\/\\\/cetaradell.cat\\\/ce\\\/?s={search_term_string}\"},\"query-input\":{\"@type\":\"PropertyValueSpecification\",\"valueRequired\":true,\"valueName\":\"search_term_string\"}}],\"inLanguage\":\"ca\"},{\"@type\":\"Person\",\"@id\":\"https:\\\/\\\/cetaradell.cat\\\/ce\\\/#\\\/schema\\\/person\\\/92a59f585073071c7be6649e84b22f78\",\"name\":\"CET\",\"image\":{\"@type\":\"ImageObject\",\"inLanguage\":\"ca\",\"@id\":\"https:\\\/\\\/secure.gravatar.com\\\/avatar\\\/d6fbe010d42056feccc0f613ed07277a5118442805079269f12dabdc42e1a727?s=96&d=mm&r=g\",\"url\":\"https:\\\/\\\/secure.gravatar.com\\\/avatar\\\/d6fbe010d42056feccc0f613ed07277a5118442805079269f12dabdc42e1a727?s=96&d=mm&r=g\",\"contentUrl\":\"https:\\\/\\\/secure.gravatar.com\\\/avatar\\\/d6fbe010d42056feccc0f613ed07277a5118442805079269f12dabdc42e1a727?s=96&d=mm&r=g\",\"caption\":\"CET\"},\"url\":\"https:\\\/\\\/cetaradell.cat\\\/ce\\\/author\\\/root\\\/\"}]}<\/script>\n<!-- \/ Yoast SEO plugin. -->","yoast_head_json":{"title":"37a Matagalls-Montserrat (2016) - Centre Excursionista Taradell","robots":{"index":"index","follow":"follow","max-snippet":"max-snippet:-1","max-image-preview":"max-image-preview:large","max-video-preview":"max-video-preview:-1"},"canonical":"https:\/\/cetaradell.cat\/ce\/37a-matagalls-montserrat-2016\/","og_locale":"ca_ES","og_type":"article","og_title":"37a Matagalls-Montserrat (2016) - Centre Excursionista Taradell","og_description":"El cap de setmana del 17 al 18 de setembre de 2016 va tenir lloc la tradicional travessa Matagalls-Montserrat que organitza el Club Excursionista de Gr\u00e0cia. La sortida de la travessa actualment es fa des del Brull i els participants han de completar en menys de 24 hores els m\u00e9s [...]","og_url":"https:\/\/cetaradell.cat\/ce\/37a-matagalls-montserrat-2016\/","og_site_name":"Centre Excursionista Taradell","article_publisher":"https:\/\/www.facebook.com\/CETaradell\/","article_published_time":"2016-09-24T20:08:14+00:00","article_modified_time":"2020-08-02T17:10:46+00:00","og_image":[{"width":1136,"height":758,"url":"https:\/\/cetaradell.cat\/ce\/wp-content\/uploads\/2016-09-MM_avituallament_monistrol.jpg","type":"image\/jpeg"}],"author":"CET","twitter_card":"summary_large_image","twitter_misc":{"Escrit per":"CET","Temps estimat de lectura":"1 minut"},"schema":{"@context":"https:\/\/schema.org","@graph":[{"@type":"Article","@id":"https:\/\/cetaradell.cat\/ce\/37a-matagalls-montserrat-2016\/#article","isPartOf":{"@id":"https:\/\/cetaradell.cat\/ce\/37a-matagalls-montserrat-2016\/"},"author":{"name":"CET","@id":"https:\/\/cetaradell.cat\/ce\/#\/schema\/person\/92a59f585073071c7be6649e84b22f78"},"headline":"37a Matagalls-Montserrat (2016)","datePublished":"2016-09-24T20:08:14+00:00","dateModified":"2020-08-02T17:10:46+00:00","mainEntityOfPage":{"@id":"https:\/\/cetaradell.cat\/ce\/37a-matagalls-montserrat-2016\/"},"wordCount":270,"image":{"@id":"https:\/\/cetaradell.cat\/ce\/37a-matagalls-montserrat-2016\/#primaryimage"},"thumbnailUrl":"https:\/\/cetaradell.cat\/ce\/wp-content\/uploads\/2016-09-MM_avituallament_monistrol.jpg","articleSection":["Muntanya","Not\u00edcies"],"inLanguage":"ca"},{"@type":"WebPage","@id":"https:\/\/cetaradell.cat\/ce\/37a-matagalls-montserrat-2016\/","url":"https:\/\/cetaradell.cat\/ce\/37a-matagalls-montserrat-2016\/","name":"37a Matagalls-Montserrat (2016) - Centre Excursionista Taradell","isPartOf":{"@id":"https:\/\/cetaradell.cat\/ce\/#website"},"primaryImageOfPage":{"@id":"https:\/\/cetaradell.cat\/ce\/37a-matagalls-montserrat-2016\/#primaryimage"},"image":{"@id":"https:\/\/cetaradell.cat\/ce\/37a-matagalls-montserrat-2016\/#primaryimage"},"thumbnailUrl":"https:\/\/cetaradell.cat\/ce\/wp-content\/uploads\/2016-09-MM_avituallament_monistrol.jpg","datePublished":"2016-09-24T20:08:14+00:00","dateModified":"2020-08-02T17:10:46+00:00","author":{"@id":"https:\/\/cetaradell.cat\/ce\/#\/schema\/person\/92a59f585073071c7be6649e84b22f78"},"breadcrumb":{"@id":"https:\/\/cetaradell.cat\/ce\/37a-matagalls-montserrat-2016\/#breadcrumb"},"inLanguage":"ca","potentialAction":[{"@type":"ReadAction","target":["https:\/\/cetaradell.cat\/ce\/37a-matagalls-montserrat-2016\/"]}]},{"@type":"ImageObject","inLanguage":"ca","@id":"https:\/\/cetaradell.cat\/ce\/37a-matagalls-montserrat-2016\/#primaryimage","url":"https:\/\/cetaradell.cat\/ce\/wp-content\/uploads\/2016-09-MM_avituallament_monistrol.jpg","contentUrl":"https:\/\/cetaradell.cat\/ce\/wp-content\/uploads\/2016-09-MM_avituallament_monistrol.jpg","width":1136,"height":758},{"@type":"BreadcrumbList","@id":"https:\/\/cetaradell.cat\/ce\/37a-matagalls-montserrat-2016\/#breadcrumb","itemListElement":[{"@type":"ListItem","position":1,"name":"Inici","item":"https:\/\/cetaradell.cat\/ce\/"},{"@type":"ListItem","position":2,"name":"37a Matagalls-Montserrat (2016)"}]},{"@type":"WebSite","@id":"https:\/\/cetaradell.cat\/ce\/#website","url":"https:\/\/cetaradell.cat\/ce\/","name":"Centre Excursionista Taradell","description":"","potentialAction":[{"@type":"SearchAction","target":{"@type":"EntryPoint","urlTemplate":"https:\/\/cetaradell.cat\/ce\/?s={search_term_string}"},"query-input":{"@type":"PropertyValueSpecification","valueRequired":true,"valueName":"search_term_string"}}],"inLanguage":"ca"},{"@type":"Person","@id":"https:\/\/cetaradell.cat\/ce\/#\/schema\/person\/92a59f585073071c7be6649e84b22f78","name":"CET","image":{"@type":"ImageObject","inLanguage":"ca","@id":"https:\/\/secure.gravatar.com\/avatar\/d6fbe010d42056feccc0f613ed07277a5118442805079269f12dabdc42e1a727?s=96&d=mm&r=g","url":"https:\/\/secure.gravatar.com\/avatar\/d6fbe010d42056feccc0f613ed07277a5118442805079269f12dabdc42e1a727?s=96&d=mm&r=g","contentUrl":"https:\/\/secure.gravatar.com\/avatar\/d6fbe010d42056feccc0f613ed07277a5118442805079269f12dabdc42e1a727?s=96&d=mm&r=g","caption":"CET"},"url":"https:\/\/cetaradell.cat\/ce\/author\/root\/"}]}},"_links":{"self":[{"href":"https:\/\/cetaradell.cat\/ce\/wp-json\/wp\/v2\/posts\/5005","targetHints":{"allow":["GET"]}}],"collection":[{"href":"https:\/\/cetaradell.cat\/ce\/wp-json\/wp\/v2\/posts"}],"about":[{"href":"https:\/\/cetaradell.cat\/ce\/wp-json\/wp\/v2\/types\/post"}],"author":[{"embeddable":true,"href":"https:\/\/cetaradell.cat\/ce\/wp-json\/wp\/v2\/users\/1"}],"replies":[{"embeddable":true,"href":"https:\/\/cetaradell.cat\/ce\/wp-json\/wp\/v2\/comments?post=5005"}],"version-history":[{"count":0,"href":"https:\/\/cetaradell.cat\/ce\/wp-json\/wp\/v2\/posts\/5005\/revisions"}],"wp:featuredmedia":[{"embeddable":true,"href":"https:\/\/cetaradell.cat\/ce\/wp-json\/wp\/v2\/media\/5006"}],"wp:attachment":[{"href":"https:\/\/cetaradell.cat\/ce\/wp-json\/wp\/v2\/media?parent=5005"}],"wp:term":[{"taxonomy":"category","embeddable":true,"href":"https:\/\/cetaradell.cat\/ce\/wp-json\/wp\/v2\/categories?post=5005"},{"taxonomy":"post_tag","embeddable":true,"href":"https:\/\/cetaradell.cat\/ce\/wp-json\/wp\/v2\/tags?post=5005"}],"curies":[{"name":"wp","href":"https:\/\/api.w.org\/{rel}","templated":true}]}}