{"id":5067,"date":"2017-01-06T00:26:43","date_gmt":"2017-01-05T23:26:43","guid":{"rendered":"https:\/\/cetaradell.cat\/ce\/?p=5067"},"modified":"2020-11-07T22:51:24","modified_gmt":"2020-11-07T21:51:24","slug":"120-atletes-a-la-sant-silvestre-de-taradell","status":"publish","type":"post","link":"https:\/\/cetaradell.cat\/ce\/120-atletes-a-la-sant-silvestre-de-taradell\/","title":{"rendered":"120 atletes a la Sant Silvestre de Taradell"},"content":{"rendered":"<div id=\"attachment_5072\" style=\"width: 310px\" class=\"wp-caption alignleft\"><a href=\"https:\/\/cetaradell.cat\/ce\/wp-content\/uploads\/DSC_4939a.jpg\" target=\"_blank\" rel=\"attachment noopener wp-att-5072 noreferrer\"><img decoding=\"async\" aria-describedby=\"caption-attachment-5072\" class=\"wp-image-5072 size-medium\" src=\"https:\/\/cetaradell.cat\/ce\/wp-content\/uploads\/DSC_4939a-300x157.jpg\" alt=\"dsc_4939a\" width=\"300\" height=\"157\" srcset=\"https:\/\/cetaradell.cat\/ce\/wp-content\/uploads\/DSC_4939a-300x157.jpg 300w, https:\/\/cetaradell.cat\/ce\/wp-content\/uploads\/DSC_4939a-500x261.jpg 500w, https:\/\/cetaradell.cat\/ce\/wp-content\/uploads\/DSC_4939a-700x366.jpg 700w, https:\/\/cetaradell.cat\/ce\/wp-content\/uploads\/DSC_4939a-768x401.jpg 768w, https:\/\/cetaradell.cat\/ce\/wp-content\/uploads\/DSC_4939a.jpg 993w\" sizes=\"(max-width: 300px) 100vw, 300px\" \/><\/a><p id=\"caption-attachment-5072\" class=\"wp-caption-text\">7a Sant Silvestre (Foto: M. Alcubierre)<\/p><\/div>\n<p>120 atletes van participar a la cursa de Sant Silvestre de Taradell que per set\u00e8 any consecutiu va organitzar el CET-L\u2019Enclusa, el dia 31 de desembre de 2016, per acomiadar l\u2019any de manera esportiva i divertida. Aix\u00ed, doncs, es va demanar a tots els participants que anessin disfressats o portessin algun guarniment en alguna part visible del cos i es van premiar les millors disfresses, tot i aix\u00ed hi va haver qui s\u2019ho va agafar amb competitivitat i els primers en completar la cursa ho van fer en poc m\u00e9s de mitja hora.<\/p>\n<p>La dist\u00e0ncia total de la cursa va ser d\u2019uns 8 quil\u00f2metres per\u00f2 el recorregut es va variar una mica respecte a les anteriors edicions. Com en els any anterior la sortida i l\u2019arribada va ser a la pla\u00e7a de les Eres i fins a l\u2019Enclusa es va seguir el cam\u00ed tradicional; pla\u00e7a de les Eres, carrer de Vic, carrer d\u2019en Rocaguinarda, pujar per la travessa de les Sitges, la Codina, la Rompuda, el Bou, i pel serrat de Ramones fins a l\u2019Enclusa, el punt m\u00e9s alt del terme de Taradell.<\/p>\n<div id=\"attachment_5073\" style=\"width: 310px\" class=\"wp-caption alignleft\"><a href=\"https:\/\/cetaradell.cat\/ce\/wp-content\/uploads\/DSC_5090b.jpg\" target=\"_blank\" rel=\"attachment noopener wp-att-5073 noreferrer\"><img decoding=\"async\" aria-describedby=\"caption-attachment-5073\" class=\"wp-image-5073 size-medium\" src=\"https:\/\/cetaradell.cat\/ce\/wp-content\/uploads\/DSC_5090b-300x200.jpg\" alt=\"dsc_5090b\" width=\"300\" height=\"200\" srcset=\"https:\/\/cetaradell.cat\/ce\/wp-content\/uploads\/DSC_5090b-300x200.jpg 300w, https:\/\/cetaradell.cat\/ce\/wp-content\/uploads\/DSC_5090b-500x334.jpg 500w, https:\/\/cetaradell.cat\/ce\/wp-content\/uploads\/DSC_5090b-700x467.jpg 700w, https:\/\/cetaradell.cat\/ce\/wp-content\/uploads\/DSC_5090b.jpg 742w\" sizes=\"(max-width: 300px) 100vw, 300px\" \/><\/a><p id=\"caption-attachment-5073\" class=\"wp-caption-text\">Millors disfresses, per Maria Font i Miquel Garc\u00e9s (Foto: M. Alcubierre)<\/p><\/div>\n<p>Un cop a l\u2019Enclusa, aquest any es va baixar cap a la collada de Mansa, seguint el sender de Taradell (PR-C 42), mentre que a les passades edicions la baixada fins al pant\u00e0 es feia per la banda del bosc de Mansa. De la collada de Mansa es va continuar pel solei de les Moles fins a la masia de Mansa on el recorregut enlla\u00e7ava amb el dels altres anys; pant\u00e0 de Taradell, Masgrau, can Mascarell, carrer de Sant Sebasti\u00e0 i arribada a la pla\u00e7a de les Eres.<\/p>\n<p>Un cop finalitzada la cursa es va procedir a lliurar els premis a les millors disfresses i, com ja \u00e9s tradici\u00f3,<strong> Maria Font<\/strong> de Taradell, que cada any posa el llist\u00f3 m\u00e9s alt, es va emportat el premi a la millor disfressa femenina i <strong>Miquel Garc\u00e9s<\/strong> de Centelles, a la millor masculina.<\/p>\n<p>A l\u2019arribada tots els participants van ser \u00a0convidats a coca amb llonganissa i cava per tal de celebrar el fi d\u2019any. I com en les passades edicions, es va fer una inscripci\u00f3 solid\u00e0ria de manera que la meitat dels 3 euros aportats per cada participant van ser destinats a la Marat\u00f3 de TV3.<\/p>\n<h3>Fotografies i not\u00edc\u00edes:<\/h3>\n<ul>\n<li><a href=\"https:\/\/goo.gl\/photos\/S5xeUDKzgsqScYBn9\" target=\"_blank\" rel=\"noopener noreferrer\">Centre Excursionista Taradell: <strong>\u00e0lbum de fotografies <\/strong>(\u2192)<\/a><\/li>\n<li><a href=\"http:\/\/www.taradell.com\/2017\/01\/01\/mes-centenar-persones-tanquen-2016-amb-7a-sant-silvestre-taradell\/\" target=\"_blank\" rel=\"noopener noreferrer\">Taradell.com: <strong><em>M\u00e9s d\u2019un centenar de persones tanquen el 2016 amb la 7a Sant Silvestre de Taradell<\/em><\/strong> (\u2192)<\/a><\/li>\n<li><a href=\"https:\/\/goo.gl\/photos\/z8Xep1mWHWEowJcm9\" target=\"_blank\" rel=\"noopener noreferrer\">Taradell.com: <strong>\u00e0lbum de fotografies<\/strong> (\u2192)<\/a><\/li>\n<li>R\u00e0dio Taradell: <strong><em>Maria Font i Miquel Garc\u00e9s, les millors disfresses de la Sant Silvestre<\/em><\/strong> (\u2192)<\/li>\n<li>R\u00e0dio Taradell: <strong>\u00e0lbum de fotografies <\/strong>(\u2192)<\/li>\n<\/ul>\n","protected":false},"excerpt":{"rendered":"<p>120 atletes van participar a la cursa de Sant Silvestre de Taradell que per set\u00e8 any consecutiu va organitzar el CET-L\u2019Enclusa, el dia 31 de desembre de 2016, per acomiadar l\u2019any de manera esportiva i divertida. Aix\u00ed, doncs, es va demanar a tots els participants que anessin disfressats o portessin  [&#8230;]<\/p>\n","protected":false},"author":1,"featured_media":5072,"comment_status":"closed","ping_status":"closed","sticky":false,"template":"","format":"standard","meta":{"footnotes":""},"categories":[8,3,33],"tags":[],"class_list":["post-5067","post","type-post","status-publish","format-standard","has-post-thumbnail","hentry","category-curses","category-noticies","category-sant-silvestre"],"yoast_head":"<!-- This site is optimized with the Yoast SEO plugin v27.5 - https:\/\/yoast.com\/product\/yoast-seo-wordpress\/ -->\n<title>120 atletes a la Sant Silvestre de Taradell - Centre Excursionista Taradell<\/title>\n<meta name=\"robots\" content=\"index, follow, max-snippet:-1, max-image-preview:large, max-video-preview:-1\" \/>\n<link rel=\"canonical\" href=\"https:\/\/cetaradell.cat\/ce\/120-atletes-a-la-sant-silvestre-de-taradell\/\" \/>\n<meta property=\"og:locale\" content=\"ca_ES\" \/>\n<meta property=\"og:type\" content=\"article\" \/>\n<meta property=\"og:title\" content=\"120 atletes a la Sant Silvestre de Taradell - Centre Excursionista Taradell\" \/>\n<meta property=\"og:description\" content=\"120 atletes van participar a la cursa de Sant Silvestre de Taradell que per set\u00e8 any consecutiu va organitzar el CET-L\u2019Enclusa, el dia 31 de desembre de 2016, per acomiadar l\u2019any de manera esportiva i divertida. Aix\u00ed, doncs, es va demanar a tots els participants que anessin disfressats o portessin [...]\" \/>\n<meta property=\"og:url\" content=\"https:\/\/cetaradell.cat\/ce\/120-atletes-a-la-sant-silvestre-de-taradell\/\" \/>\n<meta property=\"og:site_name\" content=\"Centre Excursionista Taradell\" \/>\n<meta property=\"article:publisher\" content=\"https:\/\/www.facebook.com\/CETaradell\/\" \/>\n<meta property=\"article:published_time\" content=\"2017-01-05T23:26:43+00:00\" \/>\n<meta property=\"article:modified_time\" content=\"2020-11-07T21:51:24+00:00\" \/>\n<meta property=\"og:image\" content=\"https:\/\/cetaradell.cat\/ce\/wp-content\/uploads\/DSC_4939a.jpg\" \/>\n\t<meta property=\"og:image:width\" content=\"993\" \/>\n\t<meta property=\"og:image:height\" content=\"519\" \/>\n\t<meta property=\"og:image:type\" content=\"image\/jpeg\" \/>\n<meta name=\"author\" content=\"CET\" \/>\n<meta name=\"twitter:card\" content=\"summary_large_image\" \/>\n<meta name=\"twitter:label1\" content=\"Escrit per\" \/>\n\t<meta name=\"twitter:data1\" content=\"CET\" \/>\n\t<meta name=\"twitter:label2\" content=\"Temps estimat de lectura\" \/>\n\t<meta name=\"twitter:data2\" content=\"2 minuts\" \/>\n<script type=\"application\/ld+json\" class=\"yoast-schema-graph\">{\"@context\":\"https:\\\/\\\/schema.org\",\"@graph\":[{\"@type\":\"Article\",\"@id\":\"https:\\\/\\\/cetaradell.cat\\\/ce\\\/120-atletes-a-la-sant-silvestre-de-taradell\\\/#article\",\"isPartOf\":{\"@id\":\"https:\\\/\\\/cetaradell.cat\\\/ce\\\/120-atletes-a-la-sant-silvestre-de-taradell\\\/\"},\"author\":{\"name\":\"CET\",\"@id\":\"https:\\\/\\\/cetaradell.cat\\\/ce\\\/#\\\/schema\\\/person\\\/92a59f585073071c7be6649e84b22f78\"},\"headline\":\"120 atletes a la Sant Silvestre de Taradell\",\"datePublished\":\"2017-01-05T23:26:43+00:00\",\"dateModified\":\"2020-11-07T21:51:24+00:00\",\"mainEntityOfPage\":{\"@id\":\"https:\\\/\\\/cetaradell.cat\\\/ce\\\/120-atletes-a-la-sant-silvestre-de-taradell\\\/\"},\"wordCount\":487,\"image\":{\"@id\":\"https:\\\/\\\/cetaradell.cat\\\/ce\\\/120-atletes-a-la-sant-silvestre-de-taradell\\\/#primaryimage\"},\"thumbnailUrl\":\"https:\\\/\\\/cetaradell.cat\\\/ce\\\/wp-content\\\/uploads\\\/DSC_4939a.jpg\",\"articleSection\":[\"Curses\",\"Not\u00edcies\",\"Sant Silvestre\"],\"inLanguage\":\"ca\"},{\"@type\":\"WebPage\",\"@id\":\"https:\\\/\\\/cetaradell.cat\\\/ce\\\/120-atletes-a-la-sant-silvestre-de-taradell\\\/\",\"url\":\"https:\\\/\\\/cetaradell.cat\\\/ce\\\/120-atletes-a-la-sant-silvestre-de-taradell\\\/\",\"name\":\"120 atletes a la Sant Silvestre de Taradell - Centre Excursionista Taradell\",\"isPartOf\":{\"@id\":\"https:\\\/\\\/cetaradell.cat\\\/ce\\\/#website\"},\"primaryImageOfPage\":{\"@id\":\"https:\\\/\\\/cetaradell.cat\\\/ce\\\/120-atletes-a-la-sant-silvestre-de-taradell\\\/#primaryimage\"},\"image\":{\"@id\":\"https:\\\/\\\/cetaradell.cat\\\/ce\\\/120-atletes-a-la-sant-silvestre-de-taradell\\\/#primaryimage\"},\"thumbnailUrl\":\"https:\\\/\\\/cetaradell.cat\\\/ce\\\/wp-content\\\/uploads\\\/DSC_4939a.jpg\",\"datePublished\":\"2017-01-05T23:26:43+00:00\",\"dateModified\":\"2020-11-07T21:51:24+00:00\",\"author\":{\"@id\":\"https:\\\/\\\/cetaradell.cat\\\/ce\\\/#\\\/schema\\\/person\\\/92a59f585073071c7be6649e84b22f78\"},\"breadcrumb\":{\"@id\":\"https:\\\/\\\/cetaradell.cat\\\/ce\\\/120-atletes-a-la-sant-silvestre-de-taradell\\\/#breadcrumb\"},\"inLanguage\":\"ca\",\"potentialAction\":[{\"@type\":\"ReadAction\",\"target\":[\"https:\\\/\\\/cetaradell.cat\\\/ce\\\/120-atletes-a-la-sant-silvestre-de-taradell\\\/\"]}]},{\"@type\":\"ImageObject\",\"inLanguage\":\"ca\",\"@id\":\"https:\\\/\\\/cetaradell.cat\\\/ce\\\/120-atletes-a-la-sant-silvestre-de-taradell\\\/#primaryimage\",\"url\":\"https:\\\/\\\/cetaradell.cat\\\/ce\\\/wp-content\\\/uploads\\\/DSC_4939a.jpg\",\"contentUrl\":\"https:\\\/\\\/cetaradell.cat\\\/ce\\\/wp-content\\\/uploads\\\/DSC_4939a.jpg\",\"width\":993,\"height\":519},{\"@type\":\"BreadcrumbList\",\"@id\":\"https:\\\/\\\/cetaradell.cat\\\/ce\\\/120-atletes-a-la-sant-silvestre-de-taradell\\\/#breadcrumb\",\"itemListElement\":[{\"@type\":\"ListItem\",\"position\":1,\"name\":\"Inici\",\"item\":\"https:\\\/\\\/cetaradell.cat\\\/ce\\\/\"},{\"@type\":\"ListItem\",\"position\":2,\"name\":\"120 atletes a la Sant Silvestre de Taradell\"}]},{\"@type\":\"WebSite\",\"@id\":\"https:\\\/\\\/cetaradell.cat\\\/ce\\\/#website\",\"url\":\"https:\\\/\\\/cetaradell.cat\\\/ce\\\/\",\"name\":\"Centre Excursionista Taradell\",\"description\":\"\",\"potentialAction\":[{\"@type\":\"SearchAction\",\"target\":{\"@type\":\"EntryPoint\",\"urlTemplate\":\"https:\\\/\\\/cetaradell.cat\\\/ce\\\/?s={search_term_string}\"},\"query-input\":{\"@type\":\"PropertyValueSpecification\",\"valueRequired\":true,\"valueName\":\"search_term_string\"}}],\"inLanguage\":\"ca\"},{\"@type\":\"Person\",\"@id\":\"https:\\\/\\\/cetaradell.cat\\\/ce\\\/#\\\/schema\\\/person\\\/92a59f585073071c7be6649e84b22f78\",\"name\":\"CET\",\"image\":{\"@type\":\"ImageObject\",\"inLanguage\":\"ca\",\"@id\":\"https:\\\/\\\/secure.gravatar.com\\\/avatar\\\/d6fbe010d42056feccc0f613ed07277a5118442805079269f12dabdc42e1a727?s=96&d=mm&r=g\",\"url\":\"https:\\\/\\\/secure.gravatar.com\\\/avatar\\\/d6fbe010d42056feccc0f613ed07277a5118442805079269f12dabdc42e1a727?s=96&d=mm&r=g\",\"contentUrl\":\"https:\\\/\\\/secure.gravatar.com\\\/avatar\\\/d6fbe010d42056feccc0f613ed07277a5118442805079269f12dabdc42e1a727?s=96&d=mm&r=g\",\"caption\":\"CET\"},\"url\":\"https:\\\/\\\/cetaradell.cat\\\/ce\\\/author\\\/root\\\/\"}]}<\/script>\n<!-- \/ Yoast SEO plugin. -->","yoast_head_json":{"title":"120 atletes a la Sant Silvestre de Taradell - Centre Excursionista Taradell","robots":{"index":"index","follow":"follow","max-snippet":"max-snippet:-1","max-image-preview":"max-image-preview:large","max-video-preview":"max-video-preview:-1"},"canonical":"https:\/\/cetaradell.cat\/ce\/120-atletes-a-la-sant-silvestre-de-taradell\/","og_locale":"ca_ES","og_type":"article","og_title":"120 atletes a la Sant Silvestre de Taradell - Centre Excursionista Taradell","og_description":"120 atletes van participar a la cursa de Sant Silvestre de Taradell que per set\u00e8 any consecutiu va organitzar el CET-L\u2019Enclusa, el dia 31 de desembre de 2016, per acomiadar l\u2019any de manera esportiva i divertida. Aix\u00ed, doncs, es va demanar a tots els participants que anessin disfressats o portessin [...]","og_url":"https:\/\/cetaradell.cat\/ce\/120-atletes-a-la-sant-silvestre-de-taradell\/","og_site_name":"Centre Excursionista Taradell","article_publisher":"https:\/\/www.facebook.com\/CETaradell\/","article_published_time":"2017-01-05T23:26:43+00:00","article_modified_time":"2020-11-07T21:51:24+00:00","og_image":[{"width":993,"height":519,"url":"https:\/\/cetaradell.cat\/ce\/wp-content\/uploads\/DSC_4939a.jpg","type":"image\/jpeg"}],"author":"CET","twitter_card":"summary_large_image","twitter_misc":{"Escrit per":"CET","Temps estimat de lectura":"2 minuts"},"schema":{"@context":"https:\/\/schema.org","@graph":[{"@type":"Article","@id":"https:\/\/cetaradell.cat\/ce\/120-atletes-a-la-sant-silvestre-de-taradell\/#article","isPartOf":{"@id":"https:\/\/cetaradell.cat\/ce\/120-atletes-a-la-sant-silvestre-de-taradell\/"},"author":{"name":"CET","@id":"https:\/\/cetaradell.cat\/ce\/#\/schema\/person\/92a59f585073071c7be6649e84b22f78"},"headline":"120 atletes a la Sant Silvestre de Taradell","datePublished":"2017-01-05T23:26:43+00:00","dateModified":"2020-11-07T21:51:24+00:00","mainEntityOfPage":{"@id":"https:\/\/cetaradell.cat\/ce\/120-atletes-a-la-sant-silvestre-de-taradell\/"},"wordCount":487,"image":{"@id":"https:\/\/cetaradell.cat\/ce\/120-atletes-a-la-sant-silvestre-de-taradell\/#primaryimage"},"thumbnailUrl":"https:\/\/cetaradell.cat\/ce\/wp-content\/uploads\/DSC_4939a.jpg","articleSection":["Curses","Not\u00edcies","Sant Silvestre"],"inLanguage":"ca"},{"@type":"WebPage","@id":"https:\/\/cetaradell.cat\/ce\/120-atletes-a-la-sant-silvestre-de-taradell\/","url":"https:\/\/cetaradell.cat\/ce\/120-atletes-a-la-sant-silvestre-de-taradell\/","name":"120 atletes a la Sant Silvestre de Taradell - Centre Excursionista Taradell","isPartOf":{"@id":"https:\/\/cetaradell.cat\/ce\/#website"},"primaryImageOfPage":{"@id":"https:\/\/cetaradell.cat\/ce\/120-atletes-a-la-sant-silvestre-de-taradell\/#primaryimage"},"image":{"@id":"https:\/\/cetaradell.cat\/ce\/120-atletes-a-la-sant-silvestre-de-taradell\/#primaryimage"},"thumbnailUrl":"https:\/\/cetaradell.cat\/ce\/wp-content\/uploads\/DSC_4939a.jpg","datePublished":"2017-01-05T23:26:43+00:00","dateModified":"2020-11-07T21:51:24+00:00","author":{"@id":"https:\/\/cetaradell.cat\/ce\/#\/schema\/person\/92a59f585073071c7be6649e84b22f78"},"breadcrumb":{"@id":"https:\/\/cetaradell.cat\/ce\/120-atletes-a-la-sant-silvestre-de-taradell\/#breadcrumb"},"inLanguage":"ca","potentialAction":[{"@type":"ReadAction","target":["https:\/\/cetaradell.cat\/ce\/120-atletes-a-la-sant-silvestre-de-taradell\/"]}]},{"@type":"ImageObject","inLanguage":"ca","@id":"https:\/\/cetaradell.cat\/ce\/120-atletes-a-la-sant-silvestre-de-taradell\/#primaryimage","url":"https:\/\/cetaradell.cat\/ce\/wp-content\/uploads\/DSC_4939a.jpg","contentUrl":"https:\/\/cetaradell.cat\/ce\/wp-content\/uploads\/DSC_4939a.jpg","width":993,"height":519},{"@type":"BreadcrumbList","@id":"https:\/\/cetaradell.cat\/ce\/120-atletes-a-la-sant-silvestre-de-taradell\/#breadcrumb","itemListElement":[{"@type":"ListItem","position":1,"name":"Inici","item":"https:\/\/cetaradell.cat\/ce\/"},{"@type":"ListItem","position":2,"name":"120 atletes a la Sant Silvestre de Taradell"}]},{"@type":"WebSite","@id":"https:\/\/cetaradell.cat\/ce\/#website","url":"https:\/\/cetaradell.cat\/ce\/","name":"Centre Excursionista Taradell","description":"","potentialAction":[{"@type":"SearchAction","target":{"@type":"EntryPoint","urlTemplate":"https:\/\/cetaradell.cat\/ce\/?s={search_term_string}"},"query-input":{"@type":"PropertyValueSpecification","valueRequired":true,"valueName":"search_term_string"}}],"inLanguage":"ca"},{"@type":"Person","@id":"https:\/\/cetaradell.cat\/ce\/#\/schema\/person\/92a59f585073071c7be6649e84b22f78","name":"CET","image":{"@type":"ImageObject","inLanguage":"ca","@id":"https:\/\/secure.gravatar.com\/avatar\/d6fbe010d42056feccc0f613ed07277a5118442805079269f12dabdc42e1a727?s=96&d=mm&r=g","url":"https:\/\/secure.gravatar.com\/avatar\/d6fbe010d42056feccc0f613ed07277a5118442805079269f12dabdc42e1a727?s=96&d=mm&r=g","contentUrl":"https:\/\/secure.gravatar.com\/avatar\/d6fbe010d42056feccc0f613ed07277a5118442805079269f12dabdc42e1a727?s=96&d=mm&r=g","caption":"CET"},"url":"https:\/\/cetaradell.cat\/ce\/author\/root\/"}]}},"_links":{"self":[{"href":"https:\/\/cetaradell.cat\/ce\/wp-json\/wp\/v2\/posts\/5067","targetHints":{"allow":["GET"]}}],"collection":[{"href":"https:\/\/cetaradell.cat\/ce\/wp-json\/wp\/v2\/posts"}],"about":[{"href":"https:\/\/cetaradell.cat\/ce\/wp-json\/wp\/v2\/types\/post"}],"author":[{"embeddable":true,"href":"https:\/\/cetaradell.cat\/ce\/wp-json\/wp\/v2\/users\/1"}],"replies":[{"embeddable":true,"href":"https:\/\/cetaradell.cat\/ce\/wp-json\/wp\/v2\/comments?post=5067"}],"version-history":[{"count":0,"href":"https:\/\/cetaradell.cat\/ce\/wp-json\/wp\/v2\/posts\/5067\/revisions"}],"wp:featuredmedia":[{"embeddable":true,"href":"https:\/\/cetaradell.cat\/ce\/wp-json\/wp\/v2\/media\/5072"}],"wp:attachment":[{"href":"https:\/\/cetaradell.cat\/ce\/wp-json\/wp\/v2\/media?parent=5067"}],"wp:term":[{"taxonomy":"category","embeddable":true,"href":"https:\/\/cetaradell.cat\/ce\/wp-json\/wp\/v2\/categories?post=5067"},{"taxonomy":"post_tag","embeddable":true,"href":"https:\/\/cetaradell.cat\/ce\/wp-json\/wp\/v2\/tags?post=5067"}],"curies":[{"name":"wp","href":"https:\/\/api.w.org\/{rel}","templated":true}]}}