{"id":5083,"date":"2017-01-08T00:43:02","date_gmt":"2017-01-07T23:43:02","guid":{"rendered":"https:\/\/cetaradell.cat\/ce\/?p=5083"},"modified":"2020-08-02T18:19:15","modified_gmt":"2020-08-02T17:19:15","slug":"el-llibre-que-va-fer-cim-de-venda-al-cet","status":"publish","type":"post","link":"https:\/\/cetaradell.cat\/ce\/el-llibre-que-va-fer-cim-de-venda-al-cet\/","title":{"rendered":"El llibre que va fer cim, de venda al CET"},"content":{"rendered":"<p><em><a href=\"https:\/\/cetaradell.cat\/ce\/wp-content\/uploads\/2016-10-19-at-18.18.49.jpeg\" target=\"_blank\" rel=\"attachment noopener wp-att-4860 noreferrer\"><img decoding=\"async\" class=\"alignleft wp-image-4860\" src=\"https:\/\/cetaradell.cat\/ce\/wp-content\/uploads\/2016-10-19-at-18.18.49-300x300.jpeg\" alt=\"2016-10-19-at-18-18-49\" width=\"250\" height=\"250\" srcset=\"https:\/\/cetaradell.cat\/ce\/wp-content\/uploads\/2016-10-19-at-18.18.49-60x60.jpeg 60w, https:\/\/cetaradell.cat\/ce\/wp-content\/uploads\/2016-10-19-at-18.18.49-100x100.jpeg 100w, https:\/\/cetaradell.cat\/ce\/wp-content\/uploads\/2016-10-19-at-18.18.49-150x150.jpeg 150w, https:\/\/cetaradell.cat\/ce\/wp-content\/uploads\/2016-10-19-at-18.18.49-300x300.jpeg 300w, https:\/\/cetaradell.cat\/ce\/wp-content\/uploads\/2016-10-19-at-18.18.49-500x500.jpeg 500w, https:\/\/cetaradell.cat\/ce\/wp-content\/uploads\/2016-10-19-at-18.18.49-700x700.jpeg 700w, https:\/\/cetaradell.cat\/ce\/wp-content\/uploads\/2016-10-19-at-18.18.49-768x768.jpeg 768w, https:\/\/cetaradell.cat\/ce\/wp-content\/uploads\/2016-10-19-at-18.18.49-1024x1024.jpeg 1024w, https:\/\/cetaradell.cat\/ce\/wp-content\/uploads\/2016-10-19-at-18.18.49.jpeg 1600w\" sizes=\"(max-width: 250px) 100vw, 250px\" \/><\/a><\/em>Al Centre Excursionista Taradell tenim a la venda<strong><em> El llibre que va fer cim &#8211; Viv\u00e8ncies de muntanya<\/em><\/strong>, de Miquel Ylla.<\/p>\n<blockquote><p>Miquel Ylla, soci i col\u00b7laborador del CET, va publicar <strong><em>El llibre que va fer cim &#8211; Viv\u00e8ncies de muntanya, <\/em><\/strong>el qual va ser presentat el 12 de novembre de 2016 a la Fira del Llibre de Muntanya a Vic. Es tracta d\u2019un conjunt de relats curts il\u00b7lustrats que tenen la muntanya com a nexe com\u00fa, i tamb\u00e9 la literatura. S\u00f3n narracions en qu\u00e8 la poesia i la natura es confonen de manera bella i l\u00edrica. Molts dels escrits d&#8217;aquest llibre foren publicats, des de l&#8217;any 1999, en diferents n\u00fameros del butllet\u00ed informatiu del Centre Excursionista de Taradell. I tamb\u00e9 cal remarcar que la presidenta del CET, Carme Delgado, n&#8217;ha fet el pr\u00f2leg.<\/p><\/blockquote>\n<p>&nbsp;<\/p>\n<p>&nbsp;<\/p>\n","protected":false},"excerpt":{"rendered":"<p>Al Centre Excursionista Taradell tenim a la venda El llibre que va fer cim &#8211; Viv\u00e8ncies de muntanya, de Miquel Ylla. Miquel Ylla, soci i col\u00b7laborador del CET, va publicar El llibre que va fer cim &#8211; Viv\u00e8ncies de muntanya, el qual va ser presentat el 12 de novembre de  [&#8230;]<\/p>\n","protected":false},"author":1,"featured_media":4860,"comment_status":"closed","ping_status":"closed","sticky":false,"template":"","format":"standard","meta":{"footnotes":""},"categories":[3],"tags":[],"class_list":["post-5083","post","type-post","status-publish","format-standard","has-post-thumbnail","hentry","category-noticies"],"yoast_head":"<!-- This site is optimized with the Yoast SEO plugin v27.5 - https:\/\/yoast.com\/product\/yoast-seo-wordpress\/ -->\n<title>El llibre que va fer cim, de venda al CET - Centre Excursionista Taradell<\/title>\n<meta name=\"robots\" content=\"index, follow, max-snippet:-1, max-image-preview:large, max-video-preview:-1\" \/>\n<link rel=\"canonical\" href=\"https:\/\/cetaradell.cat\/ce\/el-llibre-que-va-fer-cim-de-venda-al-cet\/\" \/>\n<meta property=\"og:locale\" content=\"ca_ES\" \/>\n<meta property=\"og:type\" content=\"article\" \/>\n<meta property=\"og:title\" content=\"El llibre que va fer cim, de venda al CET - Centre Excursionista Taradell\" \/>\n<meta property=\"og:description\" content=\"Al Centre Excursionista Taradell tenim a la venda El llibre que va fer cim &#8211; Viv\u00e8ncies de muntanya, de Miquel Ylla. Miquel Ylla, soci i col\u00b7laborador del CET, va publicar El llibre que va fer cim &#8211; Viv\u00e8ncies de muntanya, el qual va ser presentat el 12 de novembre de [...]\" \/>\n<meta property=\"og:url\" content=\"https:\/\/cetaradell.cat\/ce\/el-llibre-que-va-fer-cim-de-venda-al-cet\/\" \/>\n<meta property=\"og:site_name\" content=\"Centre Excursionista Taradell\" \/>\n<meta property=\"article:publisher\" content=\"https:\/\/www.facebook.com\/CETaradell\/\" \/>\n<meta property=\"article:published_time\" content=\"2017-01-07T23:43:02+00:00\" \/>\n<meta property=\"article:modified_time\" content=\"2020-08-02T17:19:15+00:00\" \/>\n<meta property=\"og:image\" content=\"https:\/\/cetaradell.cat\/ce\/wp-content\/uploads\/2016-10-19-at-18.18.49.jpeg\" \/>\n\t<meta property=\"og:image:width\" content=\"1600\" \/>\n\t<meta property=\"og:image:height\" content=\"1600\" \/>\n\t<meta property=\"og:image:type\" content=\"image\/jpeg\" \/>\n<meta name=\"author\" content=\"CET\" \/>\n<meta name=\"twitter:card\" content=\"summary_large_image\" \/>\n<meta name=\"twitter:label1\" content=\"Escrit per\" \/>\n\t<meta name=\"twitter:data1\" content=\"CET\" \/>\n\t<meta name=\"twitter:label2\" content=\"Temps estimat de lectura\" \/>\n\t<meta name=\"twitter:data2\" content=\"1 minut\" \/>\n<script type=\"application\/ld+json\" class=\"yoast-schema-graph\">{\"@context\":\"https:\\\/\\\/schema.org\",\"@graph\":[{\"@type\":\"Article\",\"@id\":\"https:\\\/\\\/cetaradell.cat\\\/ce\\\/el-llibre-que-va-fer-cim-de-venda-al-cet\\\/#article\",\"isPartOf\":{\"@id\":\"https:\\\/\\\/cetaradell.cat\\\/ce\\\/el-llibre-que-va-fer-cim-de-venda-al-cet\\\/\"},\"author\":{\"name\":\"CET\",\"@id\":\"https:\\\/\\\/cetaradell.cat\\\/ce\\\/#\\\/schema\\\/person\\\/92a59f585073071c7be6649e84b22f78\"},\"headline\":\"El llibre que va fer cim, de venda al CET\",\"datePublished\":\"2017-01-07T23:43:02+00:00\",\"dateModified\":\"2020-08-02T17:19:15+00:00\",\"mainEntityOfPage\":{\"@id\":\"https:\\\/\\\/cetaradell.cat\\\/ce\\\/el-llibre-que-va-fer-cim-de-venda-al-cet\\\/\"},\"wordCount\":154,\"image\":{\"@id\":\"https:\\\/\\\/cetaradell.cat\\\/ce\\\/el-llibre-que-va-fer-cim-de-venda-al-cet\\\/#primaryimage\"},\"thumbnailUrl\":\"https:\\\/\\\/cetaradell.cat\\\/ce\\\/wp-content\\\/uploads\\\/2016-10-19-at-18.18.49.jpeg\",\"articleSection\":[\"Not\u00edcies\"],\"inLanguage\":\"ca\"},{\"@type\":\"WebPage\",\"@id\":\"https:\\\/\\\/cetaradell.cat\\\/ce\\\/el-llibre-que-va-fer-cim-de-venda-al-cet\\\/\",\"url\":\"https:\\\/\\\/cetaradell.cat\\\/ce\\\/el-llibre-que-va-fer-cim-de-venda-al-cet\\\/\",\"name\":\"El llibre que va fer cim, de venda al CET - Centre Excursionista Taradell\",\"isPartOf\":{\"@id\":\"https:\\\/\\\/cetaradell.cat\\\/ce\\\/#website\"},\"primaryImageOfPage\":{\"@id\":\"https:\\\/\\\/cetaradell.cat\\\/ce\\\/el-llibre-que-va-fer-cim-de-venda-al-cet\\\/#primaryimage\"},\"image\":{\"@id\":\"https:\\\/\\\/cetaradell.cat\\\/ce\\\/el-llibre-que-va-fer-cim-de-venda-al-cet\\\/#primaryimage\"},\"thumbnailUrl\":\"https:\\\/\\\/cetaradell.cat\\\/ce\\\/wp-content\\\/uploads\\\/2016-10-19-at-18.18.49.jpeg\",\"datePublished\":\"2017-01-07T23:43:02+00:00\",\"dateModified\":\"2020-08-02T17:19:15+00:00\",\"author\":{\"@id\":\"https:\\\/\\\/cetaradell.cat\\\/ce\\\/#\\\/schema\\\/person\\\/92a59f585073071c7be6649e84b22f78\"},\"breadcrumb\":{\"@id\":\"https:\\\/\\\/cetaradell.cat\\\/ce\\\/el-llibre-que-va-fer-cim-de-venda-al-cet\\\/#breadcrumb\"},\"inLanguage\":\"ca\",\"potentialAction\":[{\"@type\":\"ReadAction\",\"target\":[\"https:\\\/\\\/cetaradell.cat\\\/ce\\\/el-llibre-que-va-fer-cim-de-venda-al-cet\\\/\"]}]},{\"@type\":\"ImageObject\",\"inLanguage\":\"ca\",\"@id\":\"https:\\\/\\\/cetaradell.cat\\\/ce\\\/el-llibre-que-va-fer-cim-de-venda-al-cet\\\/#primaryimage\",\"url\":\"https:\\\/\\\/cetaradell.cat\\\/ce\\\/wp-content\\\/uploads\\\/2016-10-19-at-18.18.49.jpeg\",\"contentUrl\":\"https:\\\/\\\/cetaradell.cat\\\/ce\\\/wp-content\\\/uploads\\\/2016-10-19-at-18.18.49.jpeg\",\"width\":1600,\"height\":1600},{\"@type\":\"BreadcrumbList\",\"@id\":\"https:\\\/\\\/cetaradell.cat\\\/ce\\\/el-llibre-que-va-fer-cim-de-venda-al-cet\\\/#breadcrumb\",\"itemListElement\":[{\"@type\":\"ListItem\",\"position\":1,\"name\":\"Inici\",\"item\":\"https:\\\/\\\/cetaradell.cat\\\/ce\\\/\"},{\"@type\":\"ListItem\",\"position\":2,\"name\":\"El llibre que va fer cim, de venda al CET\"}]},{\"@type\":\"WebSite\",\"@id\":\"https:\\\/\\\/cetaradell.cat\\\/ce\\\/#website\",\"url\":\"https:\\\/\\\/cetaradell.cat\\\/ce\\\/\",\"name\":\"Centre Excursionista Taradell\",\"description\":\"\",\"potentialAction\":[{\"@type\":\"SearchAction\",\"target\":{\"@type\":\"EntryPoint\",\"urlTemplate\":\"https:\\\/\\\/cetaradell.cat\\\/ce\\\/?s={search_term_string}\"},\"query-input\":{\"@type\":\"PropertyValueSpecification\",\"valueRequired\":true,\"valueName\":\"search_term_string\"}}],\"inLanguage\":\"ca\"},{\"@type\":\"Person\",\"@id\":\"https:\\\/\\\/cetaradell.cat\\\/ce\\\/#\\\/schema\\\/person\\\/92a59f585073071c7be6649e84b22f78\",\"name\":\"CET\",\"image\":{\"@type\":\"ImageObject\",\"inLanguage\":\"ca\",\"@id\":\"https:\\\/\\\/secure.gravatar.com\\\/avatar\\\/d6fbe010d42056feccc0f613ed07277a5118442805079269f12dabdc42e1a727?s=96&d=mm&r=g\",\"url\":\"https:\\\/\\\/secure.gravatar.com\\\/avatar\\\/d6fbe010d42056feccc0f613ed07277a5118442805079269f12dabdc42e1a727?s=96&d=mm&r=g\",\"contentUrl\":\"https:\\\/\\\/secure.gravatar.com\\\/avatar\\\/d6fbe010d42056feccc0f613ed07277a5118442805079269f12dabdc42e1a727?s=96&d=mm&r=g\",\"caption\":\"CET\"},\"url\":\"https:\\\/\\\/cetaradell.cat\\\/ce\\\/author\\\/root\\\/\"}]}<\/script>\n<!-- \/ Yoast SEO plugin. -->","yoast_head_json":{"title":"El llibre que va fer cim, de venda al CET - Centre Excursionista Taradell","robots":{"index":"index","follow":"follow","max-snippet":"max-snippet:-1","max-image-preview":"max-image-preview:large","max-video-preview":"max-video-preview:-1"},"canonical":"https:\/\/cetaradell.cat\/ce\/el-llibre-que-va-fer-cim-de-venda-al-cet\/","og_locale":"ca_ES","og_type":"article","og_title":"El llibre que va fer cim, de venda al CET - Centre Excursionista Taradell","og_description":"Al Centre Excursionista Taradell tenim a la venda El llibre que va fer cim &#8211; Viv\u00e8ncies de muntanya, de Miquel Ylla. Miquel Ylla, soci i col\u00b7laborador del CET, va publicar El llibre que va fer cim &#8211; Viv\u00e8ncies de muntanya, el qual va ser presentat el 12 de novembre de [...]","og_url":"https:\/\/cetaradell.cat\/ce\/el-llibre-que-va-fer-cim-de-venda-al-cet\/","og_site_name":"Centre Excursionista Taradell","article_publisher":"https:\/\/www.facebook.com\/CETaradell\/","article_published_time":"2017-01-07T23:43:02+00:00","article_modified_time":"2020-08-02T17:19:15+00:00","og_image":[{"width":1600,"height":1600,"url":"https:\/\/cetaradell.cat\/ce\/wp-content\/uploads\/2016-10-19-at-18.18.49.jpeg","type":"image\/jpeg"}],"author":"CET","twitter_card":"summary_large_image","twitter_misc":{"Escrit per":"CET","Temps estimat de lectura":"1 minut"},"schema":{"@context":"https:\/\/schema.org","@graph":[{"@type":"Article","@id":"https:\/\/cetaradell.cat\/ce\/el-llibre-que-va-fer-cim-de-venda-al-cet\/#article","isPartOf":{"@id":"https:\/\/cetaradell.cat\/ce\/el-llibre-que-va-fer-cim-de-venda-al-cet\/"},"author":{"name":"CET","@id":"https:\/\/cetaradell.cat\/ce\/#\/schema\/person\/92a59f585073071c7be6649e84b22f78"},"headline":"El llibre que va fer cim, de venda al CET","datePublished":"2017-01-07T23:43:02+00:00","dateModified":"2020-08-02T17:19:15+00:00","mainEntityOfPage":{"@id":"https:\/\/cetaradell.cat\/ce\/el-llibre-que-va-fer-cim-de-venda-al-cet\/"},"wordCount":154,"image":{"@id":"https:\/\/cetaradell.cat\/ce\/el-llibre-que-va-fer-cim-de-venda-al-cet\/#primaryimage"},"thumbnailUrl":"https:\/\/cetaradell.cat\/ce\/wp-content\/uploads\/2016-10-19-at-18.18.49.jpeg","articleSection":["Not\u00edcies"],"inLanguage":"ca"},{"@type":"WebPage","@id":"https:\/\/cetaradell.cat\/ce\/el-llibre-que-va-fer-cim-de-venda-al-cet\/","url":"https:\/\/cetaradell.cat\/ce\/el-llibre-que-va-fer-cim-de-venda-al-cet\/","name":"El llibre que va fer cim, de venda al CET - Centre Excursionista Taradell","isPartOf":{"@id":"https:\/\/cetaradell.cat\/ce\/#website"},"primaryImageOfPage":{"@id":"https:\/\/cetaradell.cat\/ce\/el-llibre-que-va-fer-cim-de-venda-al-cet\/#primaryimage"},"image":{"@id":"https:\/\/cetaradell.cat\/ce\/el-llibre-que-va-fer-cim-de-venda-al-cet\/#primaryimage"},"thumbnailUrl":"https:\/\/cetaradell.cat\/ce\/wp-content\/uploads\/2016-10-19-at-18.18.49.jpeg","datePublished":"2017-01-07T23:43:02+00:00","dateModified":"2020-08-02T17:19:15+00:00","author":{"@id":"https:\/\/cetaradell.cat\/ce\/#\/schema\/person\/92a59f585073071c7be6649e84b22f78"},"breadcrumb":{"@id":"https:\/\/cetaradell.cat\/ce\/el-llibre-que-va-fer-cim-de-venda-al-cet\/#breadcrumb"},"inLanguage":"ca","potentialAction":[{"@type":"ReadAction","target":["https:\/\/cetaradell.cat\/ce\/el-llibre-que-va-fer-cim-de-venda-al-cet\/"]}]},{"@type":"ImageObject","inLanguage":"ca","@id":"https:\/\/cetaradell.cat\/ce\/el-llibre-que-va-fer-cim-de-venda-al-cet\/#primaryimage","url":"https:\/\/cetaradell.cat\/ce\/wp-content\/uploads\/2016-10-19-at-18.18.49.jpeg","contentUrl":"https:\/\/cetaradell.cat\/ce\/wp-content\/uploads\/2016-10-19-at-18.18.49.jpeg","width":1600,"height":1600},{"@type":"BreadcrumbList","@id":"https:\/\/cetaradell.cat\/ce\/el-llibre-que-va-fer-cim-de-venda-al-cet\/#breadcrumb","itemListElement":[{"@type":"ListItem","position":1,"name":"Inici","item":"https:\/\/cetaradell.cat\/ce\/"},{"@type":"ListItem","position":2,"name":"El llibre que va fer cim, de venda al CET"}]},{"@type":"WebSite","@id":"https:\/\/cetaradell.cat\/ce\/#website","url":"https:\/\/cetaradell.cat\/ce\/","name":"Centre Excursionista Taradell","description":"","potentialAction":[{"@type":"SearchAction","target":{"@type":"EntryPoint","urlTemplate":"https:\/\/cetaradell.cat\/ce\/?s={search_term_string}"},"query-input":{"@type":"PropertyValueSpecification","valueRequired":true,"valueName":"search_term_string"}}],"inLanguage":"ca"},{"@type":"Person","@id":"https:\/\/cetaradell.cat\/ce\/#\/schema\/person\/92a59f585073071c7be6649e84b22f78","name":"CET","image":{"@type":"ImageObject","inLanguage":"ca","@id":"https:\/\/secure.gravatar.com\/avatar\/d6fbe010d42056feccc0f613ed07277a5118442805079269f12dabdc42e1a727?s=96&d=mm&r=g","url":"https:\/\/secure.gravatar.com\/avatar\/d6fbe010d42056feccc0f613ed07277a5118442805079269f12dabdc42e1a727?s=96&d=mm&r=g","contentUrl":"https:\/\/secure.gravatar.com\/avatar\/d6fbe010d42056feccc0f613ed07277a5118442805079269f12dabdc42e1a727?s=96&d=mm&r=g","caption":"CET"},"url":"https:\/\/cetaradell.cat\/ce\/author\/root\/"}]}},"_links":{"self":[{"href":"https:\/\/cetaradell.cat\/ce\/wp-json\/wp\/v2\/posts\/5083","targetHints":{"allow":["GET"]}}],"collection":[{"href":"https:\/\/cetaradell.cat\/ce\/wp-json\/wp\/v2\/posts"}],"about":[{"href":"https:\/\/cetaradell.cat\/ce\/wp-json\/wp\/v2\/types\/post"}],"author":[{"embeddable":true,"href":"https:\/\/cetaradell.cat\/ce\/wp-json\/wp\/v2\/users\/1"}],"replies":[{"embeddable":true,"href":"https:\/\/cetaradell.cat\/ce\/wp-json\/wp\/v2\/comments?post=5083"}],"version-history":[{"count":0,"href":"https:\/\/cetaradell.cat\/ce\/wp-json\/wp\/v2\/posts\/5083\/revisions"}],"wp:featuredmedia":[{"embeddable":true,"href":"https:\/\/cetaradell.cat\/ce\/wp-json\/wp\/v2\/media\/4860"}],"wp:attachment":[{"href":"https:\/\/cetaradell.cat\/ce\/wp-json\/wp\/v2\/media?parent=5083"}],"wp:term":[{"taxonomy":"category","embeddable":true,"href":"https:\/\/cetaradell.cat\/ce\/wp-json\/wp\/v2\/categories?post=5083"},{"taxonomy":"post_tag","embeddable":true,"href":"https:\/\/cetaradell.cat\/ce\/wp-json\/wp\/v2\/tags?post=5083"}],"curies":[{"name":"wp","href":"https:\/\/api.w.org\/{rel}","templated":true}]}}