{"id":5090,"date":"2017-01-11T00:08:53","date_gmt":"2017-01-10T23:08:53","guid":{"rendered":"https:\/\/cetaradell.cat\/ce\/?p=5090"},"modified":"2020-08-02T18:19:43","modified_gmt":"2020-08-02T17:19:43","slug":"portada-del-pessebre-a-les-agudes-11-12-2016","status":"publish","type":"post","link":"https:\/\/cetaradell.cat\/ce\/portada-del-pessebre-a-les-agudes-11-12-2016\/","title":{"rendered":"Portada del pessebre a les Agudes (11-12-2016)"},"content":{"rendered":"<div id=\"attachment_5092\" style=\"width: 310px\" class=\"wp-caption alignleft\"><a href=\"https:\/\/cetaradell.cat\/ce\/wp-content\/uploads\/Pessebre-a-les-Agudes_13.jpg\" target=\"_blank\" rel=\"attachment noopener wp-att-5092 noreferrer\"><img decoding=\"async\" aria-describedby=\"caption-attachment-5092\" class=\"wp-image-5092 size-medium\" src=\"https:\/\/cetaradell.cat\/ce\/wp-content\/uploads\/Pessebre-a-les-Agudes_13-300x199.jpg\" alt=\"pessebre-a-les-agudes_13\" width=\"300\" height=\"199\" srcset=\"https:\/\/cetaradell.cat\/ce\/wp-content\/uploads\/Pessebre-a-les-Agudes_13-300x199.jpg 300w, https:\/\/cetaradell.cat\/ce\/wp-content\/uploads\/Pessebre-a-les-Agudes_13-500x332.jpg 500w, https:\/\/cetaradell.cat\/ce\/wp-content\/uploads\/Pessebre-a-les-Agudes_13-700x465.jpg 700w, https:\/\/cetaradell.cat\/ce\/wp-content\/uploads\/Pessebre-a-les-Agudes_13-768x510.jpg 768w, https:\/\/cetaradell.cat\/ce\/wp-content\/uploads\/Pessebre-a-les-Agudes_13.jpg 1000w\" sizes=\"(max-width: 300px) 100vw, 300px\" \/><\/a><p id=\"caption-attachment-5092\" class=\"wp-caption-text\">Participants a la sortida al cim de les Agudes (Foto: R. Curtichs)<\/p><\/div>\n<p>L\u201911 de desembre de 2016 es va fer la sortida a portar el pessebre a les Agudes. Els 25 excursionistes que hi van participar es vam trobar al CET a 2\/4 de 8 del mat\u00ed. Es varen repartir entre els cotxes per anar fins a l\u2019aparcament de la Font de Passavets, des d\u2019on van comen\u00e7ar a caminar. La temperatura era molt agradable i, tranquil\u00b7lament, cada u al seu pas, van anar pujant fins al coll de les Agudes per arribar finalment al cim i \u201cplantar\u201d el pessebre.<\/p>\n<p>Enguany el pessebre que es va portar a les Agudes va ser un pessebre recuperat, que havia estat alguns anys extraviat, el qual va necessitar una reforma, portada a terme per en Josep Codina i en Pere Casadevall, i que el va deixar com nou.<\/p>\n<p>Al cim es van fer les fotos de rigor i van decidir esmorzar al coll, ja que el vent bufava en totes direccions i no era massa agradable quedar-s&#8217;hi.<\/p>\n<p>Van esmorzar, menjar torrons i brindar amb cava \u201cque per molts anys&#8230;\u201d. Van cantar nadales i recitar algun poema nadalenc&#8230; Tot seguit van arreplegar trastos i van decidir anar fins al cim del Tur\u00f3 de l\u2019Home, ja que anaven molt b\u00e9 de temps, i baixar pel cam\u00ed que els va portar altra volta cap als cotxes, passant pel pou de gla\u00e7 i pel costat d\u2019un faig i un avet que s\u2019han ben \u201cenamorat de per vida\u201d, doncs han crescuts ben entortolligats!!!<\/p>\n<p>I ara esperar fins a la Candelera per anar a recuperar el pessebre, ja us informarem de quan hi anirem.<\/p>\n<h3><a href=\"https:\/\/goo.gl\/photos\/Lkh9832QvEVzFkQc8\" target=\"_blank\" rel=\"noopener noreferrer\">M\u00e9s fotografies d&#8217;aquesta sortida: <strong>2016 Pessebre a les Agudes (\u2192)<\/strong><\/a><\/h3>\n<p>&nbsp;<\/p>\n","protected":false},"excerpt":{"rendered":"<p>L\u201911 de desembre de 2016 es va fer la sortida a portar el pessebre a les Agudes. Els 25 excursionistes que hi van participar es vam trobar al CET a 2\/4 de 8 del mat\u00ed. Es varen repartir entre els cotxes per anar fins a l\u2019aparcament de la Font de  [&#8230;]<\/p>\n","protected":false},"author":1,"featured_media":5092,"comment_status":"closed","ping_status":"closed","sticky":false,"template":"","format":"standard","meta":{"footnotes":""},"categories":[7,3],"tags":[],"class_list":["post-5090","post","type-post","status-publish","format-standard","has-post-thumbnail","hentry","category-muntanya","category-noticies"],"yoast_head":"<!-- This site is optimized with the Yoast SEO plugin v27.5 - https:\/\/yoast.com\/product\/yoast-seo-wordpress\/ -->\n<title>Portada del pessebre a les Agudes (11-12-2016) - Centre Excursionista Taradell<\/title>\n<meta name=\"robots\" content=\"index, follow, max-snippet:-1, max-image-preview:large, max-video-preview:-1\" \/>\n<link rel=\"canonical\" href=\"https:\/\/cetaradell.cat\/ce\/portada-del-pessebre-a-les-agudes-11-12-2016\/\" \/>\n<meta property=\"og:locale\" content=\"ca_ES\" \/>\n<meta property=\"og:type\" content=\"article\" \/>\n<meta property=\"og:title\" content=\"Portada del pessebre a les Agudes (11-12-2016) - Centre Excursionista Taradell\" \/>\n<meta property=\"og:description\" content=\"L\u201911 de desembre de 2016 es va fer la sortida a portar el pessebre a les Agudes. Els 25 excursionistes que hi van participar es vam trobar al CET a 2\/4 de 8 del mat\u00ed. Es varen repartir entre els cotxes per anar fins a l\u2019aparcament de la Font de [...]\" \/>\n<meta property=\"og:url\" content=\"https:\/\/cetaradell.cat\/ce\/portada-del-pessebre-a-les-agudes-11-12-2016\/\" \/>\n<meta property=\"og:site_name\" content=\"Centre Excursionista Taradell\" \/>\n<meta property=\"article:publisher\" content=\"https:\/\/www.facebook.com\/CETaradell\/\" \/>\n<meta property=\"article:published_time\" content=\"2017-01-10T23:08:53+00:00\" \/>\n<meta property=\"article:modified_time\" content=\"2020-08-02T17:19:43+00:00\" \/>\n<meta property=\"og:image\" content=\"https:\/\/cetaradell.cat\/ce\/wp-content\/uploads\/Pessebre-a-les-Agudes_13.jpg\" \/>\n\t<meta property=\"og:image:width\" content=\"1000\" \/>\n\t<meta property=\"og:image:height\" content=\"664\" \/>\n\t<meta property=\"og:image:type\" content=\"image\/jpeg\" \/>\n<meta name=\"author\" content=\"CET\" \/>\n<meta name=\"twitter:card\" content=\"summary_large_image\" \/>\n<meta name=\"twitter:label1\" content=\"Escrit per\" \/>\n\t<meta name=\"twitter:data1\" content=\"CET\" \/>\n\t<meta name=\"twitter:label2\" content=\"Temps estimat de lectura\" \/>\n\t<meta name=\"twitter:data2\" content=\"1 minut\" \/>\n<script type=\"application\/ld+json\" class=\"yoast-schema-graph\">{\"@context\":\"https:\\\/\\\/schema.org\",\"@graph\":[{\"@type\":\"Article\",\"@id\":\"https:\\\/\\\/cetaradell.cat\\\/ce\\\/portada-del-pessebre-a-les-agudes-11-12-2016\\\/#article\",\"isPartOf\":{\"@id\":\"https:\\\/\\\/cetaradell.cat\\\/ce\\\/portada-del-pessebre-a-les-agudes-11-12-2016\\\/\"},\"author\":{\"name\":\"CET\",\"@id\":\"https:\\\/\\\/cetaradell.cat\\\/ce\\\/#\\\/schema\\\/person\\\/92a59f585073071c7be6649e84b22f78\"},\"headline\":\"Portada del pessebre a les Agudes (11-12-2016)\",\"datePublished\":\"2017-01-10T23:08:53+00:00\",\"dateModified\":\"2020-08-02T17:19:43+00:00\",\"mainEntityOfPage\":{\"@id\":\"https:\\\/\\\/cetaradell.cat\\\/ce\\\/portada-del-pessebre-a-les-agudes-11-12-2016\\\/\"},\"wordCount\":304,\"image\":{\"@id\":\"https:\\\/\\\/cetaradell.cat\\\/ce\\\/portada-del-pessebre-a-les-agudes-11-12-2016\\\/#primaryimage\"},\"thumbnailUrl\":\"https:\\\/\\\/cetaradell.cat\\\/ce\\\/wp-content\\\/uploads\\\/Pessebre-a-les-Agudes_13.jpg\",\"articleSection\":[\"Muntanya\",\"Not\u00edcies\"],\"inLanguage\":\"ca\"},{\"@type\":\"WebPage\",\"@id\":\"https:\\\/\\\/cetaradell.cat\\\/ce\\\/portada-del-pessebre-a-les-agudes-11-12-2016\\\/\",\"url\":\"https:\\\/\\\/cetaradell.cat\\\/ce\\\/portada-del-pessebre-a-les-agudes-11-12-2016\\\/\",\"name\":\"Portada del pessebre a les Agudes (11-12-2016) - Centre Excursionista Taradell\",\"isPartOf\":{\"@id\":\"https:\\\/\\\/cetaradell.cat\\\/ce\\\/#website\"},\"primaryImageOfPage\":{\"@id\":\"https:\\\/\\\/cetaradell.cat\\\/ce\\\/portada-del-pessebre-a-les-agudes-11-12-2016\\\/#primaryimage\"},\"image\":{\"@id\":\"https:\\\/\\\/cetaradell.cat\\\/ce\\\/portada-del-pessebre-a-les-agudes-11-12-2016\\\/#primaryimage\"},\"thumbnailUrl\":\"https:\\\/\\\/cetaradell.cat\\\/ce\\\/wp-content\\\/uploads\\\/Pessebre-a-les-Agudes_13.jpg\",\"datePublished\":\"2017-01-10T23:08:53+00:00\",\"dateModified\":\"2020-08-02T17:19:43+00:00\",\"author\":{\"@id\":\"https:\\\/\\\/cetaradell.cat\\\/ce\\\/#\\\/schema\\\/person\\\/92a59f585073071c7be6649e84b22f78\"},\"breadcrumb\":{\"@id\":\"https:\\\/\\\/cetaradell.cat\\\/ce\\\/portada-del-pessebre-a-les-agudes-11-12-2016\\\/#breadcrumb\"},\"inLanguage\":\"ca\",\"potentialAction\":[{\"@type\":\"ReadAction\",\"target\":[\"https:\\\/\\\/cetaradell.cat\\\/ce\\\/portada-del-pessebre-a-les-agudes-11-12-2016\\\/\"]}]},{\"@type\":\"ImageObject\",\"inLanguage\":\"ca\",\"@id\":\"https:\\\/\\\/cetaradell.cat\\\/ce\\\/portada-del-pessebre-a-les-agudes-11-12-2016\\\/#primaryimage\",\"url\":\"https:\\\/\\\/cetaradell.cat\\\/ce\\\/wp-content\\\/uploads\\\/Pessebre-a-les-Agudes_13.jpg\",\"contentUrl\":\"https:\\\/\\\/cetaradell.cat\\\/ce\\\/wp-content\\\/uploads\\\/Pessebre-a-les-Agudes_13.jpg\",\"width\":1000,\"height\":664},{\"@type\":\"BreadcrumbList\",\"@id\":\"https:\\\/\\\/cetaradell.cat\\\/ce\\\/portada-del-pessebre-a-les-agudes-11-12-2016\\\/#breadcrumb\",\"itemListElement\":[{\"@type\":\"ListItem\",\"position\":1,\"name\":\"Inici\",\"item\":\"https:\\\/\\\/cetaradell.cat\\\/ce\\\/\"},{\"@type\":\"ListItem\",\"position\":2,\"name\":\"Portada del pessebre a les Agudes (11-12-2016)\"}]},{\"@type\":\"WebSite\",\"@id\":\"https:\\\/\\\/cetaradell.cat\\\/ce\\\/#website\",\"url\":\"https:\\\/\\\/cetaradell.cat\\\/ce\\\/\",\"name\":\"Centre Excursionista Taradell\",\"description\":\"\",\"potentialAction\":[{\"@type\":\"SearchAction\",\"target\":{\"@type\":\"EntryPoint\",\"urlTemplate\":\"https:\\\/\\\/cetaradell.cat\\\/ce\\\/?s={search_term_string}\"},\"query-input\":{\"@type\":\"PropertyValueSpecification\",\"valueRequired\":true,\"valueName\":\"search_term_string\"}}],\"inLanguage\":\"ca\"},{\"@type\":\"Person\",\"@id\":\"https:\\\/\\\/cetaradell.cat\\\/ce\\\/#\\\/schema\\\/person\\\/92a59f585073071c7be6649e84b22f78\",\"name\":\"CET\",\"image\":{\"@type\":\"ImageObject\",\"inLanguage\":\"ca\",\"@id\":\"https:\\\/\\\/secure.gravatar.com\\\/avatar\\\/d6fbe010d42056feccc0f613ed07277a5118442805079269f12dabdc42e1a727?s=96&d=mm&r=g\",\"url\":\"https:\\\/\\\/secure.gravatar.com\\\/avatar\\\/d6fbe010d42056feccc0f613ed07277a5118442805079269f12dabdc42e1a727?s=96&d=mm&r=g\",\"contentUrl\":\"https:\\\/\\\/secure.gravatar.com\\\/avatar\\\/d6fbe010d42056feccc0f613ed07277a5118442805079269f12dabdc42e1a727?s=96&d=mm&r=g\",\"caption\":\"CET\"},\"url\":\"https:\\\/\\\/cetaradell.cat\\\/ce\\\/author\\\/root\\\/\"}]}<\/script>\n<!-- \/ Yoast SEO plugin. -->","yoast_head_json":{"title":"Portada del pessebre a les Agudes (11-12-2016) - Centre Excursionista Taradell","robots":{"index":"index","follow":"follow","max-snippet":"max-snippet:-1","max-image-preview":"max-image-preview:large","max-video-preview":"max-video-preview:-1"},"canonical":"https:\/\/cetaradell.cat\/ce\/portada-del-pessebre-a-les-agudes-11-12-2016\/","og_locale":"ca_ES","og_type":"article","og_title":"Portada del pessebre a les Agudes (11-12-2016) - Centre Excursionista Taradell","og_description":"L\u201911 de desembre de 2016 es va fer la sortida a portar el pessebre a les Agudes. Els 25 excursionistes que hi van participar es vam trobar al CET a 2\/4 de 8 del mat\u00ed. Es varen repartir entre els cotxes per anar fins a l\u2019aparcament de la Font de [...]","og_url":"https:\/\/cetaradell.cat\/ce\/portada-del-pessebre-a-les-agudes-11-12-2016\/","og_site_name":"Centre Excursionista Taradell","article_publisher":"https:\/\/www.facebook.com\/CETaradell\/","article_published_time":"2017-01-10T23:08:53+00:00","article_modified_time":"2020-08-02T17:19:43+00:00","og_image":[{"width":1000,"height":664,"url":"https:\/\/cetaradell.cat\/ce\/wp-content\/uploads\/Pessebre-a-les-Agudes_13.jpg","type":"image\/jpeg"}],"author":"CET","twitter_card":"summary_large_image","twitter_misc":{"Escrit per":"CET","Temps estimat de lectura":"1 minut"},"schema":{"@context":"https:\/\/schema.org","@graph":[{"@type":"Article","@id":"https:\/\/cetaradell.cat\/ce\/portada-del-pessebre-a-les-agudes-11-12-2016\/#article","isPartOf":{"@id":"https:\/\/cetaradell.cat\/ce\/portada-del-pessebre-a-les-agudes-11-12-2016\/"},"author":{"name":"CET","@id":"https:\/\/cetaradell.cat\/ce\/#\/schema\/person\/92a59f585073071c7be6649e84b22f78"},"headline":"Portada del pessebre a les Agudes (11-12-2016)","datePublished":"2017-01-10T23:08:53+00:00","dateModified":"2020-08-02T17:19:43+00:00","mainEntityOfPage":{"@id":"https:\/\/cetaradell.cat\/ce\/portada-del-pessebre-a-les-agudes-11-12-2016\/"},"wordCount":304,"image":{"@id":"https:\/\/cetaradell.cat\/ce\/portada-del-pessebre-a-les-agudes-11-12-2016\/#primaryimage"},"thumbnailUrl":"https:\/\/cetaradell.cat\/ce\/wp-content\/uploads\/Pessebre-a-les-Agudes_13.jpg","articleSection":["Muntanya","Not\u00edcies"],"inLanguage":"ca"},{"@type":"WebPage","@id":"https:\/\/cetaradell.cat\/ce\/portada-del-pessebre-a-les-agudes-11-12-2016\/","url":"https:\/\/cetaradell.cat\/ce\/portada-del-pessebre-a-les-agudes-11-12-2016\/","name":"Portada del pessebre a les Agudes (11-12-2016) - Centre Excursionista Taradell","isPartOf":{"@id":"https:\/\/cetaradell.cat\/ce\/#website"},"primaryImageOfPage":{"@id":"https:\/\/cetaradell.cat\/ce\/portada-del-pessebre-a-les-agudes-11-12-2016\/#primaryimage"},"image":{"@id":"https:\/\/cetaradell.cat\/ce\/portada-del-pessebre-a-les-agudes-11-12-2016\/#primaryimage"},"thumbnailUrl":"https:\/\/cetaradell.cat\/ce\/wp-content\/uploads\/Pessebre-a-les-Agudes_13.jpg","datePublished":"2017-01-10T23:08:53+00:00","dateModified":"2020-08-02T17:19:43+00:00","author":{"@id":"https:\/\/cetaradell.cat\/ce\/#\/schema\/person\/92a59f585073071c7be6649e84b22f78"},"breadcrumb":{"@id":"https:\/\/cetaradell.cat\/ce\/portada-del-pessebre-a-les-agudes-11-12-2016\/#breadcrumb"},"inLanguage":"ca","potentialAction":[{"@type":"ReadAction","target":["https:\/\/cetaradell.cat\/ce\/portada-del-pessebre-a-les-agudes-11-12-2016\/"]}]},{"@type":"ImageObject","inLanguage":"ca","@id":"https:\/\/cetaradell.cat\/ce\/portada-del-pessebre-a-les-agudes-11-12-2016\/#primaryimage","url":"https:\/\/cetaradell.cat\/ce\/wp-content\/uploads\/Pessebre-a-les-Agudes_13.jpg","contentUrl":"https:\/\/cetaradell.cat\/ce\/wp-content\/uploads\/Pessebre-a-les-Agudes_13.jpg","width":1000,"height":664},{"@type":"BreadcrumbList","@id":"https:\/\/cetaradell.cat\/ce\/portada-del-pessebre-a-les-agudes-11-12-2016\/#breadcrumb","itemListElement":[{"@type":"ListItem","position":1,"name":"Inici","item":"https:\/\/cetaradell.cat\/ce\/"},{"@type":"ListItem","position":2,"name":"Portada del pessebre a les Agudes (11-12-2016)"}]},{"@type":"WebSite","@id":"https:\/\/cetaradell.cat\/ce\/#website","url":"https:\/\/cetaradell.cat\/ce\/","name":"Centre Excursionista Taradell","description":"","potentialAction":[{"@type":"SearchAction","target":{"@type":"EntryPoint","urlTemplate":"https:\/\/cetaradell.cat\/ce\/?s={search_term_string}"},"query-input":{"@type":"PropertyValueSpecification","valueRequired":true,"valueName":"search_term_string"}}],"inLanguage":"ca"},{"@type":"Person","@id":"https:\/\/cetaradell.cat\/ce\/#\/schema\/person\/92a59f585073071c7be6649e84b22f78","name":"CET","image":{"@type":"ImageObject","inLanguage":"ca","@id":"https:\/\/secure.gravatar.com\/avatar\/d6fbe010d42056feccc0f613ed07277a5118442805079269f12dabdc42e1a727?s=96&d=mm&r=g","url":"https:\/\/secure.gravatar.com\/avatar\/d6fbe010d42056feccc0f613ed07277a5118442805079269f12dabdc42e1a727?s=96&d=mm&r=g","contentUrl":"https:\/\/secure.gravatar.com\/avatar\/d6fbe010d42056feccc0f613ed07277a5118442805079269f12dabdc42e1a727?s=96&d=mm&r=g","caption":"CET"},"url":"https:\/\/cetaradell.cat\/ce\/author\/root\/"}]}},"_links":{"self":[{"href":"https:\/\/cetaradell.cat\/ce\/wp-json\/wp\/v2\/posts\/5090","targetHints":{"allow":["GET"]}}],"collection":[{"href":"https:\/\/cetaradell.cat\/ce\/wp-json\/wp\/v2\/posts"}],"about":[{"href":"https:\/\/cetaradell.cat\/ce\/wp-json\/wp\/v2\/types\/post"}],"author":[{"embeddable":true,"href":"https:\/\/cetaradell.cat\/ce\/wp-json\/wp\/v2\/users\/1"}],"replies":[{"embeddable":true,"href":"https:\/\/cetaradell.cat\/ce\/wp-json\/wp\/v2\/comments?post=5090"}],"version-history":[{"count":0,"href":"https:\/\/cetaradell.cat\/ce\/wp-json\/wp\/v2\/posts\/5090\/revisions"}],"wp:featuredmedia":[{"embeddable":true,"href":"https:\/\/cetaradell.cat\/ce\/wp-json\/wp\/v2\/media\/5092"}],"wp:attachment":[{"href":"https:\/\/cetaradell.cat\/ce\/wp-json\/wp\/v2\/media?parent=5090"}],"wp:term":[{"taxonomy":"category","embeddable":true,"href":"https:\/\/cetaradell.cat\/ce\/wp-json\/wp\/v2\/categories?post=5090"},{"taxonomy":"post_tag","embeddable":true,"href":"https:\/\/cetaradell.cat\/ce\/wp-json\/wp\/v2\/tags?post=5090"}],"curies":[{"name":"wp","href":"https:\/\/api.w.org\/{rel}","templated":true}]}}