{"id":5272,"date":"2017-03-01T00:13:39","date_gmt":"2017-02-28T23:13:39","guid":{"rendered":"https:\/\/cetaradell.cat\/ce\/?p=5272"},"modified":"2020-07-29T22:25:15","modified_gmt":"2020-07-29T21:25:15","slug":"albert-pujol-guanya-la-marato-de-la-transgrancanaria","status":"publish","type":"post","link":"https:\/\/cetaradell.cat\/ce\/albert-pujol-guanya-la-marato-de-la-transgrancanaria\/","title":{"rendered":"Albert Pujol, guanya la marat\u00f3 de la TransGranCanaria"},"content":{"rendered":"<div id=\"attachment_5274\" style=\"width: 310px\" class=\"wp-caption alignleft\"><a href=\"https:\/\/cetaradell.cat\/ce\/wp-content\/uploads\/2017-02-24-Transgrancanariafoto_SportHG-1.jpg\" target=\"_blank\" rel=\"attachment noopener wp-att-5274 noreferrer\"><img decoding=\"async\" aria-describedby=\"caption-attachment-5274\" class=\"wp-image-5274 size-medium\" src=\"https:\/\/cetaradell.cat\/ce\/wp-content\/uploads\/2017-02-24-Transgrancanariafoto_SportHG-1-300x200.jpg\" alt=\"2017-02-24-Transgrancanaria(foto_SportHG) (1)\" width=\"300\" height=\"200\" srcset=\"https:\/\/cetaradell.cat\/ce\/wp-content\/uploads\/2017-02-24-Transgrancanariafoto_SportHG-1-300x200.jpg 300w, https:\/\/cetaradell.cat\/ce\/wp-content\/uploads\/2017-02-24-Transgrancanariafoto_SportHG-1-500x333.jpg 500w, https:\/\/cetaradell.cat\/ce\/wp-content\/uploads\/2017-02-24-Transgrancanariafoto_SportHG-1-700x466.jpg 700w, https:\/\/cetaradell.cat\/ce\/wp-content\/uploads\/2017-02-24-Transgrancanariafoto_SportHG-1-768x512.jpg 768w, https:\/\/cetaradell.cat\/ce\/wp-content\/uploads\/2017-02-24-Transgrancanariafoto_SportHG-1-1024x682.jpg 1024w, https:\/\/cetaradell.cat\/ce\/wp-content\/uploads\/2017-02-24-Transgrancanariafoto_SportHG-1.jpg 1600w\" sizes=\"(max-width: 300px) 100vw, 300px\" \/><\/a><p id=\"caption-attachment-5274\" class=\"wp-caption-text\">Arribada d&#8217;Albert Pujol (Foto: SportHG)<\/p><\/div>\n<p><strong>Albert Pujol<\/strong>, soci del CET i corredor de l\u2019equip SportHG Amlsport, novament ens va emocionar al ser el <strong>guanyador<\/strong> de la <strong>Marat\u00f3 de la TransGranCanaria<\/strong> que es va disputar a l\u2019illa de Gran Can\u00e0ria el divendres dia 24 de febrer. Pujol travessar la l\u00ednia de meta amb un temps de 3 hores 9 minuts i 14 segons seguit de Abdelkadous Mouj a 1 minuts i 14 segons i de Sebenzui Falc\u00f3n a 4 minuts i 4 segons.<\/p>\n<p><strong>Albert Pujol<\/strong> en els primers trams ja anava amb el grup capdavanter de la cursa seguit molt a prop per Danilson Silva, el qual no va poder deixar enrere fins a l\u2019\u00faltima pujada en la que l\u2019Albert va imposar un ritme molt fort que Danilson no va poder mantenir i durant la baixada no el va poder superar de manera que l&#8217;Albert es va proclamar campi\u00f3.<\/p>\n<div id=\"attachment_5276\" style=\"width: 310px\" class=\"wp-caption alignright\"><a href=\"https:\/\/cetaradell.cat\/ce\/wp-content\/uploads\/2017-02-24-Transgrancanriafoto_transgrancanaria-8.jpg\" rel=\"attachment wp-att-5276\"><img decoding=\"async\" aria-describedby=\"caption-attachment-5276\" class=\"wp-image-5276 size-medium\" src=\"https:\/\/cetaradell.cat\/ce\/wp-content\/uploads\/2017-02-24-Transgrancanriafoto_transgrancanaria-8-300x200.jpg\" alt=\"2017-02-24-Transgrancanria(foto_transgrancanaria) (8)\" width=\"300\" height=\"200\" srcset=\"https:\/\/cetaradell.cat\/ce\/wp-content\/uploads\/2017-02-24-Transgrancanriafoto_transgrancanaria-8-300x200.jpg 300w, https:\/\/cetaradell.cat\/ce\/wp-content\/uploads\/2017-02-24-Transgrancanriafoto_transgrancanaria-8-500x333.jpg 500w, https:\/\/cetaradell.cat\/ce\/wp-content\/uploads\/2017-02-24-Transgrancanriafoto_transgrancanaria-8-700x467.jpg 700w, https:\/\/cetaradell.cat\/ce\/wp-content\/uploads\/2017-02-24-Transgrancanriafoto_transgrancanaria-8-768x512.jpg 768w, https:\/\/cetaradell.cat\/ce\/wp-content\/uploads\/2017-02-24-Transgrancanriafoto_transgrancanaria-8-1024x683.jpg 1024w\" sizes=\"(max-width: 300px) 100vw, 300px\" \/><\/a><p id=\"caption-attachment-5276\" class=\"wp-caption-text\">Albert Pujol durant la marat\u00f3 (Foto: TransGranCanaria)<\/p><\/div>\n<p>En aquesta mateixa prova, el podi femen\u00ed tamb\u00e9 va tenir representaci\u00f3 catalana al proclamar-se campiona l\u2019atleta berguedana <strong>N\u00faria Picas<\/strong>, que amb un temps de 3 hores 35 minuts i 10 segons va ser la m\u00e9s r\u00e0pida per davant de S\u00edlvia Seraf\u00edni i Dominique van Mechgelen.<\/p>\n<p>Aquesta prova de 42 quilometres de recorregut i 1.200 metres de desnivell va transc\u00f3rrer entre les poblacions de Gara\u00f1on i Maspalomas. De manera que la major part del recorregut va transc\u00f3rrer en descens, fet que va fer que aquesta cursa fos una de les m\u00e9s r\u00e0pides del circuit de curses de muntanya. Aquesta edici\u00f3 van comptar amb la participaci\u00f3 de cap a un miler d\u2019atletes provinents de m\u00e9s de setanta pa\u00efsos.<\/p>\n","protected":false},"excerpt":{"rendered":"<p>Albert Pujol, soci del CET i corredor de l\u2019equip SportHG Amlsport, novament ens va emocionar al ser el guanyador de la Marat\u00f3 de la TransGranCanaria que es va disputar a l\u2019illa de Gran Can\u00e0ria el divendres dia 24 de febrer. Pujol travessar la l\u00ednia de meta amb un temps de  [&#8230;]<\/p>\n","protected":false},"author":1,"featured_media":5274,"comment_status":"closed","ping_status":"closed","sticky":false,"template":"","format":"standard","meta":{"footnotes":""},"categories":[32,3],"tags":[],"class_list":["post-5272","post","type-post","status-publish","format-standard","has-post-thumbnail","hentry","category-equip-cet-lenclusa","category-noticies"],"yoast_head":"<!-- This site is optimized with the Yoast SEO plugin v27.5 - https:\/\/yoast.com\/product\/yoast-seo-wordpress\/ -->\n<title>Albert Pujol, guanya la marat\u00f3 de la TransGranCanaria - Centre Excursionista Taradell<\/title>\n<meta name=\"robots\" content=\"index, follow, max-snippet:-1, max-image-preview:large, max-video-preview:-1\" \/>\n<link rel=\"canonical\" href=\"https:\/\/cetaradell.cat\/ce\/albert-pujol-guanya-la-marato-de-la-transgrancanaria\/\" \/>\n<meta property=\"og:locale\" content=\"ca_ES\" \/>\n<meta property=\"og:type\" content=\"article\" \/>\n<meta property=\"og:title\" content=\"Albert Pujol, guanya la marat\u00f3 de la TransGranCanaria - Centre Excursionista Taradell\" \/>\n<meta property=\"og:description\" content=\"Albert Pujol, soci del CET i corredor de l\u2019equip SportHG Amlsport, novament ens va emocionar al ser el guanyador de la Marat\u00f3 de la TransGranCanaria que es va disputar a l\u2019illa de Gran Can\u00e0ria el divendres dia 24 de febrer. Pujol travessar la l\u00ednia de meta amb un temps de [...]\" \/>\n<meta property=\"og:url\" content=\"https:\/\/cetaradell.cat\/ce\/albert-pujol-guanya-la-marato-de-la-transgrancanaria\/\" \/>\n<meta property=\"og:site_name\" content=\"Centre Excursionista Taradell\" \/>\n<meta property=\"article:publisher\" content=\"https:\/\/www.facebook.com\/CETaradell\/\" \/>\n<meta property=\"article:published_time\" content=\"2017-02-28T23:13:39+00:00\" \/>\n<meta property=\"article:modified_time\" content=\"2020-07-29T21:25:15+00:00\" \/>\n<meta property=\"og:image\" content=\"https:\/\/cetaradell.cat\/ce\/wp-content\/uploads\/2017-02-24-Transgrancanariafoto_SportHG-1.jpg\" \/>\n\t<meta property=\"og:image:width\" content=\"1600\" \/>\n\t<meta property=\"og:image:height\" content=\"1066\" \/>\n\t<meta property=\"og:image:type\" content=\"image\/jpeg\" \/>\n<meta name=\"author\" content=\"CET\" \/>\n<meta name=\"twitter:card\" content=\"summary_large_image\" \/>\n<meta name=\"twitter:label1\" content=\"Escrit per\" \/>\n\t<meta name=\"twitter:data1\" content=\"CET\" \/>\n\t<meta name=\"twitter:label2\" content=\"Temps estimat de lectura\" \/>\n\t<meta name=\"twitter:data2\" content=\"1 minut\" \/>\n<script type=\"application\/ld+json\" class=\"yoast-schema-graph\">{\"@context\":\"https:\\\/\\\/schema.org\",\"@graph\":[{\"@type\":\"Article\",\"@id\":\"https:\\\/\\\/cetaradell.cat\\\/ce\\\/albert-pujol-guanya-la-marato-de-la-transgrancanaria\\\/#article\",\"isPartOf\":{\"@id\":\"https:\\\/\\\/cetaradell.cat\\\/ce\\\/albert-pujol-guanya-la-marato-de-la-transgrancanaria\\\/\"},\"author\":{\"name\":\"CET\",\"@id\":\"https:\\\/\\\/cetaradell.cat\\\/ce\\\/#\\\/schema\\\/person\\\/92a59f585073071c7be6649e84b22f78\"},\"headline\":\"Albert Pujol, guanya la marat\u00f3 de la TransGranCanaria\",\"datePublished\":\"2017-02-28T23:13:39+00:00\",\"dateModified\":\"2020-07-29T21:25:15+00:00\",\"mainEntityOfPage\":{\"@id\":\"https:\\\/\\\/cetaradell.cat\\\/ce\\\/albert-pujol-guanya-la-marato-de-la-transgrancanaria\\\/\"},\"wordCount\":303,\"image\":{\"@id\":\"https:\\\/\\\/cetaradell.cat\\\/ce\\\/albert-pujol-guanya-la-marato-de-la-transgrancanaria\\\/#primaryimage\"},\"thumbnailUrl\":\"https:\\\/\\\/cetaradell.cat\\\/ce\\\/wp-content\\\/uploads\\\/2017-02-24-Transgrancanariafoto_SportHG-1.jpg\",\"articleSection\":[\"Equip CET-L'Enclusa\",\"Not\u00edcies\"],\"inLanguage\":\"ca\"},{\"@type\":\"WebPage\",\"@id\":\"https:\\\/\\\/cetaradell.cat\\\/ce\\\/albert-pujol-guanya-la-marato-de-la-transgrancanaria\\\/\",\"url\":\"https:\\\/\\\/cetaradell.cat\\\/ce\\\/albert-pujol-guanya-la-marato-de-la-transgrancanaria\\\/\",\"name\":\"Albert Pujol, guanya la marat\u00f3 de la TransGranCanaria - Centre Excursionista Taradell\",\"isPartOf\":{\"@id\":\"https:\\\/\\\/cetaradell.cat\\\/ce\\\/#website\"},\"primaryImageOfPage\":{\"@id\":\"https:\\\/\\\/cetaradell.cat\\\/ce\\\/albert-pujol-guanya-la-marato-de-la-transgrancanaria\\\/#primaryimage\"},\"image\":{\"@id\":\"https:\\\/\\\/cetaradell.cat\\\/ce\\\/albert-pujol-guanya-la-marato-de-la-transgrancanaria\\\/#primaryimage\"},\"thumbnailUrl\":\"https:\\\/\\\/cetaradell.cat\\\/ce\\\/wp-content\\\/uploads\\\/2017-02-24-Transgrancanariafoto_SportHG-1.jpg\",\"datePublished\":\"2017-02-28T23:13:39+00:00\",\"dateModified\":\"2020-07-29T21:25:15+00:00\",\"author\":{\"@id\":\"https:\\\/\\\/cetaradell.cat\\\/ce\\\/#\\\/schema\\\/person\\\/92a59f585073071c7be6649e84b22f78\"},\"breadcrumb\":{\"@id\":\"https:\\\/\\\/cetaradell.cat\\\/ce\\\/albert-pujol-guanya-la-marato-de-la-transgrancanaria\\\/#breadcrumb\"},\"inLanguage\":\"ca\",\"potentialAction\":[{\"@type\":\"ReadAction\",\"target\":[\"https:\\\/\\\/cetaradell.cat\\\/ce\\\/albert-pujol-guanya-la-marato-de-la-transgrancanaria\\\/\"]}]},{\"@type\":\"ImageObject\",\"inLanguage\":\"ca\",\"@id\":\"https:\\\/\\\/cetaradell.cat\\\/ce\\\/albert-pujol-guanya-la-marato-de-la-transgrancanaria\\\/#primaryimage\",\"url\":\"https:\\\/\\\/cetaradell.cat\\\/ce\\\/wp-content\\\/uploads\\\/2017-02-24-Transgrancanariafoto_SportHG-1.jpg\",\"contentUrl\":\"https:\\\/\\\/cetaradell.cat\\\/ce\\\/wp-content\\\/uploads\\\/2017-02-24-Transgrancanariafoto_SportHG-1.jpg\",\"width\":1600,\"height\":1066},{\"@type\":\"BreadcrumbList\",\"@id\":\"https:\\\/\\\/cetaradell.cat\\\/ce\\\/albert-pujol-guanya-la-marato-de-la-transgrancanaria\\\/#breadcrumb\",\"itemListElement\":[{\"@type\":\"ListItem\",\"position\":1,\"name\":\"Inici\",\"item\":\"https:\\\/\\\/cetaradell.cat\\\/ce\\\/\"},{\"@type\":\"ListItem\",\"position\":2,\"name\":\"Albert Pujol, guanya la marat\u00f3 de la TransGranCanaria\"}]},{\"@type\":\"WebSite\",\"@id\":\"https:\\\/\\\/cetaradell.cat\\\/ce\\\/#website\",\"url\":\"https:\\\/\\\/cetaradell.cat\\\/ce\\\/\",\"name\":\"Centre Excursionista Taradell\",\"description\":\"\",\"potentialAction\":[{\"@type\":\"SearchAction\",\"target\":{\"@type\":\"EntryPoint\",\"urlTemplate\":\"https:\\\/\\\/cetaradell.cat\\\/ce\\\/?s={search_term_string}\"},\"query-input\":{\"@type\":\"PropertyValueSpecification\",\"valueRequired\":true,\"valueName\":\"search_term_string\"}}],\"inLanguage\":\"ca\"},{\"@type\":\"Person\",\"@id\":\"https:\\\/\\\/cetaradell.cat\\\/ce\\\/#\\\/schema\\\/person\\\/92a59f585073071c7be6649e84b22f78\",\"name\":\"CET\",\"image\":{\"@type\":\"ImageObject\",\"inLanguage\":\"ca\",\"@id\":\"https:\\\/\\\/secure.gravatar.com\\\/avatar\\\/d6fbe010d42056feccc0f613ed07277a5118442805079269f12dabdc42e1a727?s=96&d=mm&r=g\",\"url\":\"https:\\\/\\\/secure.gravatar.com\\\/avatar\\\/d6fbe010d42056feccc0f613ed07277a5118442805079269f12dabdc42e1a727?s=96&d=mm&r=g\",\"contentUrl\":\"https:\\\/\\\/secure.gravatar.com\\\/avatar\\\/d6fbe010d42056feccc0f613ed07277a5118442805079269f12dabdc42e1a727?s=96&d=mm&r=g\",\"caption\":\"CET\"},\"url\":\"https:\\\/\\\/cetaradell.cat\\\/ce\\\/author\\\/root\\\/\"}]}<\/script>\n<!-- \/ Yoast SEO plugin. -->","yoast_head_json":{"title":"Albert Pujol, guanya la marat\u00f3 de la TransGranCanaria - Centre Excursionista Taradell","robots":{"index":"index","follow":"follow","max-snippet":"max-snippet:-1","max-image-preview":"max-image-preview:large","max-video-preview":"max-video-preview:-1"},"canonical":"https:\/\/cetaradell.cat\/ce\/albert-pujol-guanya-la-marato-de-la-transgrancanaria\/","og_locale":"ca_ES","og_type":"article","og_title":"Albert Pujol, guanya la marat\u00f3 de la TransGranCanaria - Centre Excursionista Taradell","og_description":"Albert Pujol, soci del CET i corredor de l\u2019equip SportHG Amlsport, novament ens va emocionar al ser el guanyador de la Marat\u00f3 de la TransGranCanaria que es va disputar a l\u2019illa de Gran Can\u00e0ria el divendres dia 24 de febrer. Pujol travessar la l\u00ednia de meta amb un temps de [...]","og_url":"https:\/\/cetaradell.cat\/ce\/albert-pujol-guanya-la-marato-de-la-transgrancanaria\/","og_site_name":"Centre Excursionista Taradell","article_publisher":"https:\/\/www.facebook.com\/CETaradell\/","article_published_time":"2017-02-28T23:13:39+00:00","article_modified_time":"2020-07-29T21:25:15+00:00","og_image":[{"width":1600,"height":1066,"url":"https:\/\/cetaradell.cat\/ce\/wp-content\/uploads\/2017-02-24-Transgrancanariafoto_SportHG-1.jpg","type":"image\/jpeg"}],"author":"CET","twitter_card":"summary_large_image","twitter_misc":{"Escrit per":"CET","Temps estimat de lectura":"1 minut"},"schema":{"@context":"https:\/\/schema.org","@graph":[{"@type":"Article","@id":"https:\/\/cetaradell.cat\/ce\/albert-pujol-guanya-la-marato-de-la-transgrancanaria\/#article","isPartOf":{"@id":"https:\/\/cetaradell.cat\/ce\/albert-pujol-guanya-la-marato-de-la-transgrancanaria\/"},"author":{"name":"CET","@id":"https:\/\/cetaradell.cat\/ce\/#\/schema\/person\/92a59f585073071c7be6649e84b22f78"},"headline":"Albert Pujol, guanya la marat\u00f3 de la TransGranCanaria","datePublished":"2017-02-28T23:13:39+00:00","dateModified":"2020-07-29T21:25:15+00:00","mainEntityOfPage":{"@id":"https:\/\/cetaradell.cat\/ce\/albert-pujol-guanya-la-marato-de-la-transgrancanaria\/"},"wordCount":303,"image":{"@id":"https:\/\/cetaradell.cat\/ce\/albert-pujol-guanya-la-marato-de-la-transgrancanaria\/#primaryimage"},"thumbnailUrl":"https:\/\/cetaradell.cat\/ce\/wp-content\/uploads\/2017-02-24-Transgrancanariafoto_SportHG-1.jpg","articleSection":["Equip CET-L'Enclusa","Not\u00edcies"],"inLanguage":"ca"},{"@type":"WebPage","@id":"https:\/\/cetaradell.cat\/ce\/albert-pujol-guanya-la-marato-de-la-transgrancanaria\/","url":"https:\/\/cetaradell.cat\/ce\/albert-pujol-guanya-la-marato-de-la-transgrancanaria\/","name":"Albert Pujol, guanya la marat\u00f3 de la TransGranCanaria - Centre Excursionista Taradell","isPartOf":{"@id":"https:\/\/cetaradell.cat\/ce\/#website"},"primaryImageOfPage":{"@id":"https:\/\/cetaradell.cat\/ce\/albert-pujol-guanya-la-marato-de-la-transgrancanaria\/#primaryimage"},"image":{"@id":"https:\/\/cetaradell.cat\/ce\/albert-pujol-guanya-la-marato-de-la-transgrancanaria\/#primaryimage"},"thumbnailUrl":"https:\/\/cetaradell.cat\/ce\/wp-content\/uploads\/2017-02-24-Transgrancanariafoto_SportHG-1.jpg","datePublished":"2017-02-28T23:13:39+00:00","dateModified":"2020-07-29T21:25:15+00:00","author":{"@id":"https:\/\/cetaradell.cat\/ce\/#\/schema\/person\/92a59f585073071c7be6649e84b22f78"},"breadcrumb":{"@id":"https:\/\/cetaradell.cat\/ce\/albert-pujol-guanya-la-marato-de-la-transgrancanaria\/#breadcrumb"},"inLanguage":"ca","potentialAction":[{"@type":"ReadAction","target":["https:\/\/cetaradell.cat\/ce\/albert-pujol-guanya-la-marato-de-la-transgrancanaria\/"]}]},{"@type":"ImageObject","inLanguage":"ca","@id":"https:\/\/cetaradell.cat\/ce\/albert-pujol-guanya-la-marato-de-la-transgrancanaria\/#primaryimage","url":"https:\/\/cetaradell.cat\/ce\/wp-content\/uploads\/2017-02-24-Transgrancanariafoto_SportHG-1.jpg","contentUrl":"https:\/\/cetaradell.cat\/ce\/wp-content\/uploads\/2017-02-24-Transgrancanariafoto_SportHG-1.jpg","width":1600,"height":1066},{"@type":"BreadcrumbList","@id":"https:\/\/cetaradell.cat\/ce\/albert-pujol-guanya-la-marato-de-la-transgrancanaria\/#breadcrumb","itemListElement":[{"@type":"ListItem","position":1,"name":"Inici","item":"https:\/\/cetaradell.cat\/ce\/"},{"@type":"ListItem","position":2,"name":"Albert Pujol, guanya la marat\u00f3 de la TransGranCanaria"}]},{"@type":"WebSite","@id":"https:\/\/cetaradell.cat\/ce\/#website","url":"https:\/\/cetaradell.cat\/ce\/","name":"Centre Excursionista Taradell","description":"","potentialAction":[{"@type":"SearchAction","target":{"@type":"EntryPoint","urlTemplate":"https:\/\/cetaradell.cat\/ce\/?s={search_term_string}"},"query-input":{"@type":"PropertyValueSpecification","valueRequired":true,"valueName":"search_term_string"}}],"inLanguage":"ca"},{"@type":"Person","@id":"https:\/\/cetaradell.cat\/ce\/#\/schema\/person\/92a59f585073071c7be6649e84b22f78","name":"CET","image":{"@type":"ImageObject","inLanguage":"ca","@id":"https:\/\/secure.gravatar.com\/avatar\/d6fbe010d42056feccc0f613ed07277a5118442805079269f12dabdc42e1a727?s=96&d=mm&r=g","url":"https:\/\/secure.gravatar.com\/avatar\/d6fbe010d42056feccc0f613ed07277a5118442805079269f12dabdc42e1a727?s=96&d=mm&r=g","contentUrl":"https:\/\/secure.gravatar.com\/avatar\/d6fbe010d42056feccc0f613ed07277a5118442805079269f12dabdc42e1a727?s=96&d=mm&r=g","caption":"CET"},"url":"https:\/\/cetaradell.cat\/ce\/author\/root\/"}]}},"_links":{"self":[{"href":"https:\/\/cetaradell.cat\/ce\/wp-json\/wp\/v2\/posts\/5272","targetHints":{"allow":["GET"]}}],"collection":[{"href":"https:\/\/cetaradell.cat\/ce\/wp-json\/wp\/v2\/posts"}],"about":[{"href":"https:\/\/cetaradell.cat\/ce\/wp-json\/wp\/v2\/types\/post"}],"author":[{"embeddable":true,"href":"https:\/\/cetaradell.cat\/ce\/wp-json\/wp\/v2\/users\/1"}],"replies":[{"embeddable":true,"href":"https:\/\/cetaradell.cat\/ce\/wp-json\/wp\/v2\/comments?post=5272"}],"version-history":[{"count":0,"href":"https:\/\/cetaradell.cat\/ce\/wp-json\/wp\/v2\/posts\/5272\/revisions"}],"wp:featuredmedia":[{"embeddable":true,"href":"https:\/\/cetaradell.cat\/ce\/wp-json\/wp\/v2\/media\/5274"}],"wp:attachment":[{"href":"https:\/\/cetaradell.cat\/ce\/wp-json\/wp\/v2\/media?parent=5272"}],"wp:term":[{"taxonomy":"category","embeddable":true,"href":"https:\/\/cetaradell.cat\/ce\/wp-json\/wp\/v2\/categories?post=5272"},{"taxonomy":"post_tag","embeddable":true,"href":"https:\/\/cetaradell.cat\/ce\/wp-json\/wp\/v2\/tags?post=5272"}],"curies":[{"name":"wp","href":"https:\/\/api.w.org\/{rel}","templated":true}]}}