{"id":5393,"date":"2017-03-31T22:48:50","date_gmt":"2017-03-31T21:48:50","guid":{"rendered":"https:\/\/cetaradell.cat\/ce\/?p=5393"},"modified":"2020-07-14T23:05:30","modified_gmt":"2020-07-14T22:05:30","slug":"assemblea-general-de-socis-2017-resum","status":"publish","type":"post","link":"https:\/\/cetaradell.cat\/ce\/assemblea-general-de-socis-2017-resum\/","title":{"rendered":"Assemblea general de socis 2017 &#8211; Resum"},"content":{"rendered":"<div id=\"attachment_5395\" style=\"width: 310px\" class=\"wp-caption alignleft\"><a href=\"https:\/\/cetaradell.cat\/ce\/wp-content\/uploads\/2017-02-19-Assemblea-C.E.T.-foto_R_Curtichs-9.jpg\" target=\"_blank\" rel=\"attachment noopener wp-att-5395 noreferrer\"><img decoding=\"async\" aria-describedby=\"caption-attachment-5395\" class=\"wp-image-5395 size-medium\" src=\"https:\/\/cetaradell.cat\/ce\/wp-content\/uploads\/2017-02-19-Assemblea-C.E.T.-foto_R_Curtichs-9-300x161.jpg\" alt=\"2017-02-19-Assemblea C.E.T. (foto_R_Curtichs) (9)\" width=\"300\" height=\"161\" srcset=\"https:\/\/cetaradell.cat\/ce\/wp-content\/uploads\/2017-02-19-Assemblea-C.E.T.-foto_R_Curtichs-9-300x161.jpg 300w, https:\/\/cetaradell.cat\/ce\/wp-content\/uploads\/2017-02-19-Assemblea-C.E.T.-foto_R_Curtichs-9-500x268.jpg 500w, https:\/\/cetaradell.cat\/ce\/wp-content\/uploads\/2017-02-19-Assemblea-C.E.T.-foto_R_Curtichs-9-700x375.jpg 700w, https:\/\/cetaradell.cat\/ce\/wp-content\/uploads\/2017-02-19-Assemblea-C.E.T.-foto_R_Curtichs-9.jpg 705w\" sizes=\"(max-width: 300px) 100vw, 300px\" \/><\/a><p id=\"caption-attachment-5395\" class=\"wp-caption-text\">Assemblea 2017 (Foto: Ramon Curtichs)<\/p><\/div>\n<p>El dia 18 de febrer de 2017 a les 8 del vespre, en segona convocat\u00f2ria, va tenir lloc l\u2019assemblea general de socis d\u2019engany amb l\u2019assist\u00e8ncia de 19 socis.<\/p>\n<p>Va encetar l\u2019acte la presidenta de l\u2019entitat Carme Delgado donant la benvinguda als assistents, i els va agrair la seva presencia.<\/p>\n<p>El primer punt de l\u2019ordre del dia va ser l\u2019aprovaci\u00f3 de l\u2019acta de l\u2019assemblea del 2016, que en no haver-hi cap objecci\u00f3 va ser aprovada per unanimitat.<\/p>\n<p>Seguidament es van tractar els temes que es detallen a continuaci\u00f3:<\/p>\n<ul>\n<li><strong>Comptes 2016 i pressupost 2017<\/strong><\/li>\n<\/ul>\n<p>Es va acabar l\u2019any 2016 amb un super\u00e0vit de 1.283,97 euros i per tant es va acordar de mantenir l\u2019import de les quotes de soci.<\/p>\n<p>Es va assenyalar que durant el 2016 s\u2019havien fet diverses despeses en reparacions com als lavabos, pintar portes i finestres, el cremador de calefacci\u00f3 i s\u2019han repassat les carpes les quals, a m\u00e9s a m\u00e9s, s\u2019han marcat amb el nom del CET per donar a con\u00e8ixer l\u2019entitat.<\/p>\n<p>Respecte al pressupost per al 2017 es preveu que ser\u00e0 com el del 2016.<\/p>\n<ul>\n<li><strong>Activitats CET<\/strong><\/li>\n<\/ul>\n<p>Es va fer un rep\u00e0s a les activitats portades a terme el 2016 i es va informar de les previstes per al 2017. Les quals es resumeixen a continuaci\u00f3:<\/p>\n<ul style=\"list-style-type: square;\">\n<li style=\"list-style-type: none;\">\n<ul>\n<li><strong>Assemblea i la botifarra<\/strong> de l\u2019endem\u00e0, es va fer el 2016 i tamb\u00e9 es fa aquest any.<\/li>\n<li><strong>Senders del 1714<\/strong>: va ser el segon que es feien les sortides pel sender de 1714, i van comptar amb una participaci\u00f3 de 25 a 30 persones per sortida. El 2017 es continuen aquestes sortides de manera que a finals d\u2019any s\u2019hauran completat totes les etapes, per tant per al 2018 caldr\u00e0 buscar una altra ruta.<\/li>\n<li><strong>Sortides matinals<\/strong>: durant el 2016 se\u2019n van poder fer menys de les previstes. Es va anar a Montserrat, es va visitar la presa de Sau, es va fer una travessa de N\u00faria al poble de Eina i una sortida al Montseny. Est\u00e0 previst que durant el 2017 se\u2019n segueixin organitzant.<\/li>\n<li><strong>XXXII Cicle de projeccions<\/strong>: es van fer 4 projeccions, una cada divendres del maig, amb bona assist\u00e8ncia de p\u00fablic. Aquest any el cicle tamb\u00e9 comptar\u00e0 amb 4 projeccions.<\/li>\n<li><strong>Festa del soci<\/strong>: l\u2019acte va consistir en un sopar seguit de la projecci\u00f3 de la pel\u00b7l\u00edcula de muntanya: <em>El Soum i el misteri de la b\u00f3ta<\/em>. Havent sopat, i abans de comen\u00e7ar la projecci\u00f3, es va fer un acte de record a Josep Camps, que ens havia deixat el 27 d\u2019abril. Josep Camps havia estat soci de l\u2019entitat i n\u2019era membre de la Junta des de la seva fundaci\u00f3.<\/li>\n<li><strong>XXXVII Caminada de la Festa Major<\/strong>: va comptar amb la participaci\u00f3 de m\u00e9s de 200 persones. El 2017 es far\u00e0 el diumenge dia 27 d\u2019agost.<\/li>\n<li><strong>5a edici\u00f3 de Taradell Camina:<\/strong> el CET va col\u00b7laborar amb Som Dones en l\u2019organitzaci\u00f3 de les caminades que setmanalment durant el juny i juliol es feien els dimarts i els dijous. Si el 2017 es torna a fer el CET est\u00e0 disposat a tornar a col\u00b7laborar-hi.<\/li>\n<li>El CET ha col\u00b7laborat amb el llibre de Miquel Ylla que amb el nom de <strong><em>El llibre que va fer cim \u2013 Viv\u00e8ncies de muntanya<\/em><\/strong>, aplega un recull de relats sobre muntanya molts dels quals havien estat publicats a l\u2019Informatiu del Centre. Aquest 2017 es preveu que es far\u00e0 la presentaci\u00f3 d\u2019aquest llibre a Taradell.<\/li>\n<li><strong>Pessebres<\/strong>: com \u00e9s tradici\u00f3, es va portar un pessebre a les Agudes i un altre a un cim del Pirineus, aquest any a la Coma del Clot. Per al 2017 est\u00e0 previst continua amb la tradici\u00f3.<\/li>\n<li><strong>Cava a Matagalls<\/strong>: va comptar amb molt bona participaci\u00f3. Com sempre es va pujar fins a la creu i despr\u00e9s es va anar fins a la font de Matagalls a fer la cavada.<\/li>\n<\/ul>\n<\/li>\n<\/ul>\n<ul>\n<li><strong>Activitats CET-L&#8217;Enclusa<\/strong><\/li>\n<\/ul>\n<p>Es va fer un rep\u00e0s a les activitats portades a terme per la secci\u00f3 de curses de muntanya, CET-L\u2019Enclusa, i a les que hi ha previstes per la temporada 2017:<\/p>\n<ul>\n<li style=\"list-style-type: none;\">\n<ul>\n<li><strong>6a Cursa dels Gitanos<\/strong>: Va comptar amb 180 participants. Es va fer un canvi de recorregut. Fins el 2015 el recorregut de la cursa era per la part baixa del terme i el nou va ser per la zona del castell d\u2019en Boix, l\u2019Enclusa i cap a Puiglagulla, perqu\u00e8 els participants el trobaven massa irregular. La sortida i arribada de la cursa va ser a la pla\u00e7a de les Eres. El 2017 es far\u00e0 novament amb aquest recorregut.<\/li>\n<li><strong>2r Bandoler Nocturn<\/strong>: va organitzar igualment malgrat no es va fer la copa de curses nocturnes d\u2019Osona. Va comptar amb la participaci\u00f3 d\u2019una cinquantena de corredors. Aquest 2017 s\u2019espera poder tornar a organitzar.<\/li>\n<li><strong>1a Cursa d\u2019Obstacles XS<\/strong>: el duatl\u00f3 infantil es va reconvertir en aquesta cursa d\u2019obstacles dins dels actes de la Festa de l\u2019Esport. Com es va acordar l\u2019any passat, el CET va col\u00b7laborar en l\u2019organitzaci\u00f3 d\u2019aquest cursa d\u2019obstacle, la qual va comptar amb bona participaci\u00f3 i es preveu de repetir.<\/li>\n<li><strong>7a Sant Silvestre<\/strong>: va tenir molt d\u2019\u00e8xit i va comptar amb m\u00e9s de 120 participants molts d\u2019ells amb disfressa. Aquest 2017 es repetir\u00e0.<\/li>\n<li><strong>Atletes del CET-L\u2019Enclusa<\/strong>:\n<ul>\n<li><strong>Curses de muntanya<\/strong>: a la majoria de curses de muntanya que es celebren a prop de la nostra comarca hi participen atletes de la nostra entitat. Un resum de la participaci\u00f3 d\u2019atletes del CET-L\u2019Enclusa a curses de muntanya es pot trobar a la nostra web. D\u2019entre tots els atletes cal destacat els \u00e8xits d\u2019Albert Pujol.<\/li>\n<li><strong>Albert Pujol<\/strong>: va formar part de l\u2019equip de corredors de la Selecci\u00f3 Catalana de Curses per Muntanya de la FEEC, amb el qual va competir a la Marat\u00f3n Alpino Madrile\u00f1o, a la Livigno Skymarathon (It\u00e0lia), a la Matterhorn Ultraks 46K (Su\u00efss) i a la Limone Extreme Skyrace (It\u00e0lia). Entre alguns del seus \u00e8xits cal destacar que va ser subcampi\u00f3 de la National Sky Series Spain-Andorra-Portugal 2016; a la Andorra Ultratrial va batre el r\u00e8cord de la cursa que tenia Marc Pinsach i es va proclamar campi\u00f3 travessant la meta juntament amb Pol Rodr\u00edguez; va ser el guanyador de la 3\u00aa Marat\u00f3 de Montserrat, del Trail del Montseny 34K i de la marat\u00f3 per equips del Trail Rocacorba juntament amb Ferren Sampere; i va ser segona a la segon a la Montserrat Skyrace \u2013 2016 i a la Cinc Cims entre altres. Per altra banda, va ser guardonat a la Festa de l\u2019Esport de Taradell per tercer any consecutiu com a millor esportista de l\u2019any.<\/li>\n<li><strong>Curses d\u2019obstacles<\/strong>: cal destacar la participaci\u00f3 d\u2019Albert Presegu\u00e9 i Marcel Sirisi en aquestes curses especialment dures. Albert Presegu\u00e9 va aconseguir el tercer lloc a la Eternal Running de Sallent i tamb\u00e9 va aconseguir dues Trifectes; cada vegada que se supera una cursa de cada especialitat; una Sprint, una S\u00faper i una Beast s\u2019aconsegueix una trifecta.<\/li>\n<li><strong>Esqu\u00ed de muntanya<\/strong>: Enric Mart\u00edn, del CET, el 2016 va participar en diversos campionats d\u2019esqu\u00ed de muntanya i en la Copa Catalana de Curses Verticals va quedar classificat en 2a posici\u00f3 de la categoria m\u00e0sters 40 i en la 11a de la categoria absoluta masculina. Tamb\u00e9 va quedar 3r de la categoria veterans en la SkiMarathon i va participar en diferents curses de La Grande Course i al ral\u00b7li del CEC, entre altres.<\/li>\n<li><strong>Curses d\u2019orientaci\u00f3<\/strong>: el 2016 el CET es va afiliar a la FCOC. Aquest temporada 2016 es va comptar amb el primer federat del CET el qual va classificar-se en 2n lloc del circuit C2 a la Lliga del Bergued\u00e0-O. Catorze proves d\u2019orientaci\u00f3 han comptat amb participaci\u00f3 de la nostra entitat, totes a peu excepte una en BTT que es va fer a Tona. A la cursa que es va fer el desembre a Aiguafreda hi van participar 10 corredor de Taradell. La temporada 2017 comen\u00e7a amb quatre federats i amb molt bones perspectives.<\/li>\n<\/ul>\n<\/li>\n<\/ul>\n<\/li>\n<\/ul>\n<p>&nbsp;<\/p>\n<ul>\n<li><strong>Escola Esportiva Enclusa 3e<\/strong>: a partir del setembre es va crear aquesta escola esportiva per a nens i joves la qual compta amb una cinquantena d\u2019inscrits. La finalitat de la qual \u00e9s potenciar l\u2019esport des de ben petits amb disciplines que es complementin perqu\u00e8 els nens i nenes puguin gaudir de l\u2019esport fent diferents activitats, com ioga, btt, orientaci\u00f3 o c\u00f3rrer entre altres. La gesti\u00f3 de l\u2019escola va a c\u00e0rrec dels monitors i el Centre els cedeix l\u2019espai per a les activitats d\u2019interior i per quan plou, i gestiona les llic\u00e8ncies federatives. Van col\u00b7laborar amb la festa dels Tonis a la campanya Arnau\u201997, i tamb\u00e9 han organitzat algunes activitats extres els dissabtes i un campus per Nadal<\/li>\n<\/ul>\n<ul>\n<li><strong>XXXVI Rupit-Taradell<\/strong><\/li>\n<\/ul>\n<p>L\u2019any passat va comptar amb 1.161 inscrits dels quals 1.145 van prendre la sortida i 1.123 la van acabar. Cada any els participants van m\u00e9s de pressa; el m\u00e9s r\u00e0pid la va fer amb 4 hores i 7 minuts. En aquesta edici\u00f3 es va fer una aportaci\u00f3 solidaria a la campanya Arnau\u201997 i el CET va lliurar 1.500 euros per lluitar contra la malaltia X-ALD.<\/p>\n<p>Com \u00e9s merescut es va recordar que una activitat tant complexa com aquesta nom\u00e9s es possible gr\u00e0cies a l\u2019esfor\u00e7 de molts col\u00b7laboradors que any darrera any hi participen, als quals l\u2019organitzaci\u00f3 una vegada m\u00e9s va agrair la seva dedicaci\u00f3.<\/p>\n<ul>\n<li><strong>Butllet\u00ed \/ Anuari<\/strong><\/li>\n<\/ul>\n<p>Es va recordar que en l\u2019assemblea del 2015 es va decidir de deixar de fer el butllet\u00ed trimestral degut a que la informaci\u00f3 \u00e9s m\u00e9s r\u00e0pidament assequible a trav\u00e9s de la web i en el seu lloc es faria un anuari que resumiria totes les activitats i not\u00edcies de l\u2019any. Degut a que hi ha molt material per a resumir, l\u2019anuari del 2015 no estar\u00e0 disponible fins al propers mesos i m\u00e9s endavant el del 2016.<\/p>\n<ul>\n<li><strong>Renovaci\u00f3 de Junta<\/strong><\/li>\n<\/ul>\n<p>Aquest any hi ha dos canvis en la Junta. Es donen de baixa Joan Presseguer que era el secretari\u00a0 i Carme Coll que era vocal (comptabilitat). El lloc de secretari ser\u00e0 ocupat per Gerard Paredes i Pepe Blanch entra com a vocal per col\u00b7laborar en l\u2019organitzaci\u00f3 de curses i caminades.<\/p>\n<ul>\n<li><strong>Modificaci\u00f3 dels Estatuts del CET \u2013 Protecci\u00f3 de dades<\/strong><\/li>\n<\/ul>\n<p>Un any m\u00e9s s\u2019ha hagut d\u2019aprovar una modificaci\u00f3 dels estatuts per tal d\u2019adaptar-los als \u00faltims canvis en la normativa d\u2019esports i s\u2019han posat al dia el temes relacionats amb la protecci\u00f3 de dades.<\/p>\n<ul>\n<li><strong>Varis<\/strong><\/li>\n<\/ul>\n<p>Es va suggerir de fer un protocol de promoci\u00f3 dels atletes del CET. Es va demanar de millorar la comunicaci\u00f3 i de veure com es pot millorar la sortida de la Rupit-Taradell.<\/p>\n<p>Es va donar l\u2019assemblea per acabada a quarts de 10 del vespre.<\/p>\n<p>&nbsp;<\/p>\n","protected":false},"excerpt":{"rendered":"<p>El dia 18 de febrer de 2017 a les 8 del vespre, en segona convocat\u00f2ria, va tenir lloc l\u2019assemblea general de socis d\u2019engany amb l\u2019assist\u00e8ncia de 19 socis. Va encetar l\u2019acte la presidenta de l\u2019entitat Carme Delgado donant la benvinguda als assistents, i els va agrair la seva presencia. El  [&#8230;]<\/p>\n","protected":false},"author":1,"featured_media":5395,"comment_status":"closed","ping_status":"closed","sticky":false,"template":"","format":"standard","meta":{"footnotes":""},"categories":[3],"tags":[],"class_list":["post-5393","post","type-post","status-publish","format-standard","has-post-thumbnail","hentry","category-noticies"],"yoast_head":"<!-- This site is optimized with the Yoast SEO plugin v27.5 - https:\/\/yoast.com\/product\/yoast-seo-wordpress\/ -->\n<title>Assemblea general de socis 2017 - Resum - Centre Excursionista Taradell<\/title>\n<meta name=\"robots\" content=\"index, follow, max-snippet:-1, max-image-preview:large, max-video-preview:-1\" \/>\n<link rel=\"canonical\" href=\"https:\/\/cetaradell.cat\/ce\/assemblea-general-de-socis-2017-resum\/\" \/>\n<meta property=\"og:locale\" content=\"ca_ES\" \/>\n<meta property=\"og:type\" content=\"article\" \/>\n<meta property=\"og:title\" content=\"Assemblea general de socis 2017 - Resum - Centre Excursionista Taradell\" \/>\n<meta property=\"og:description\" content=\"El dia 18 de febrer de 2017 a les 8 del vespre, en segona convocat\u00f2ria, va tenir lloc l\u2019assemblea general de socis d\u2019engany amb l\u2019assist\u00e8ncia de 19 socis. Va encetar l\u2019acte la presidenta de l\u2019entitat Carme Delgado donant la benvinguda als assistents, i els va agrair la seva presencia. El [...]\" \/>\n<meta property=\"og:url\" content=\"https:\/\/cetaradell.cat\/ce\/assemblea-general-de-socis-2017-resum\/\" \/>\n<meta property=\"og:site_name\" content=\"Centre Excursionista Taradell\" \/>\n<meta property=\"article:publisher\" content=\"https:\/\/www.facebook.com\/CETaradell\/\" \/>\n<meta property=\"article:published_time\" content=\"2017-03-31T21:48:50+00:00\" \/>\n<meta property=\"article:modified_time\" content=\"2020-07-14T22:05:30+00:00\" \/>\n<meta property=\"og:image\" content=\"https:\/\/cetaradell.cat\/ce\/wp-content\/uploads\/2017-02-19-Assemblea-C.E.T.-foto_R_Curtichs-9.jpg\" \/>\n\t<meta property=\"og:image:width\" content=\"705\" \/>\n\t<meta property=\"og:image:height\" content=\"378\" \/>\n\t<meta property=\"og:image:type\" content=\"image\/jpeg\" \/>\n<meta name=\"author\" content=\"CET\" \/>\n<meta name=\"twitter:card\" content=\"summary_large_image\" \/>\n<meta name=\"twitter:label1\" content=\"Escrit per\" \/>\n\t<meta name=\"twitter:data1\" content=\"CET\" \/>\n\t<meta name=\"twitter:label2\" content=\"Temps estimat de lectura\" \/>\n\t<meta name=\"twitter:data2\" content=\"9 minuts\" \/>\n<script type=\"application\/ld+json\" class=\"yoast-schema-graph\">{\"@context\":\"https:\\\/\\\/schema.org\",\"@graph\":[{\"@type\":\"Article\",\"@id\":\"https:\\\/\\\/cetaradell.cat\\\/ce\\\/assemblea-general-de-socis-2017-resum\\\/#article\",\"isPartOf\":{\"@id\":\"https:\\\/\\\/cetaradell.cat\\\/ce\\\/assemblea-general-de-socis-2017-resum\\\/\"},\"author\":{\"name\":\"CET\",\"@id\":\"https:\\\/\\\/cetaradell.cat\\\/ce\\\/#\\\/schema\\\/person\\\/92a59f585073071c7be6649e84b22f78\"},\"headline\":\"Assemblea general de socis 2017 &#8211; Resum\",\"datePublished\":\"2017-03-31T21:48:50+00:00\",\"dateModified\":\"2020-07-14T22:05:30+00:00\",\"mainEntityOfPage\":{\"@id\":\"https:\\\/\\\/cetaradell.cat\\\/ce\\\/assemblea-general-de-socis-2017-resum\\\/\"},\"wordCount\":1813,\"image\":{\"@id\":\"https:\\\/\\\/cetaradell.cat\\\/ce\\\/assemblea-general-de-socis-2017-resum\\\/#primaryimage\"},\"thumbnailUrl\":\"https:\\\/\\\/cetaradell.cat\\\/ce\\\/wp-content\\\/uploads\\\/2017-02-19-Assemblea-C.E.T.-foto_R_Curtichs-9.jpg\",\"articleSection\":[\"Not\u00edcies\"],\"inLanguage\":\"ca\"},{\"@type\":\"WebPage\",\"@id\":\"https:\\\/\\\/cetaradell.cat\\\/ce\\\/assemblea-general-de-socis-2017-resum\\\/\",\"url\":\"https:\\\/\\\/cetaradell.cat\\\/ce\\\/assemblea-general-de-socis-2017-resum\\\/\",\"name\":\"Assemblea general de socis 2017 - Resum - Centre Excursionista Taradell\",\"isPartOf\":{\"@id\":\"https:\\\/\\\/cetaradell.cat\\\/ce\\\/#website\"},\"primaryImageOfPage\":{\"@id\":\"https:\\\/\\\/cetaradell.cat\\\/ce\\\/assemblea-general-de-socis-2017-resum\\\/#primaryimage\"},\"image\":{\"@id\":\"https:\\\/\\\/cetaradell.cat\\\/ce\\\/assemblea-general-de-socis-2017-resum\\\/#primaryimage\"},\"thumbnailUrl\":\"https:\\\/\\\/cetaradell.cat\\\/ce\\\/wp-content\\\/uploads\\\/2017-02-19-Assemblea-C.E.T.-foto_R_Curtichs-9.jpg\",\"datePublished\":\"2017-03-31T21:48:50+00:00\",\"dateModified\":\"2020-07-14T22:05:30+00:00\",\"author\":{\"@id\":\"https:\\\/\\\/cetaradell.cat\\\/ce\\\/#\\\/schema\\\/person\\\/92a59f585073071c7be6649e84b22f78\"},\"breadcrumb\":{\"@id\":\"https:\\\/\\\/cetaradell.cat\\\/ce\\\/assemblea-general-de-socis-2017-resum\\\/#breadcrumb\"},\"inLanguage\":\"ca\",\"potentialAction\":[{\"@type\":\"ReadAction\",\"target\":[\"https:\\\/\\\/cetaradell.cat\\\/ce\\\/assemblea-general-de-socis-2017-resum\\\/\"]}]},{\"@type\":\"ImageObject\",\"inLanguage\":\"ca\",\"@id\":\"https:\\\/\\\/cetaradell.cat\\\/ce\\\/assemblea-general-de-socis-2017-resum\\\/#primaryimage\",\"url\":\"https:\\\/\\\/cetaradell.cat\\\/ce\\\/wp-content\\\/uploads\\\/2017-02-19-Assemblea-C.E.T.-foto_R_Curtichs-9.jpg\",\"contentUrl\":\"https:\\\/\\\/cetaradell.cat\\\/ce\\\/wp-content\\\/uploads\\\/2017-02-19-Assemblea-C.E.T.-foto_R_Curtichs-9.jpg\",\"width\":705,\"height\":378},{\"@type\":\"BreadcrumbList\",\"@id\":\"https:\\\/\\\/cetaradell.cat\\\/ce\\\/assemblea-general-de-socis-2017-resum\\\/#breadcrumb\",\"itemListElement\":[{\"@type\":\"ListItem\",\"position\":1,\"name\":\"Inici\",\"item\":\"https:\\\/\\\/cetaradell.cat\\\/ce\\\/\"},{\"@type\":\"ListItem\",\"position\":2,\"name\":\"Assemblea general de socis 2017 &#8211; Resum\"}]},{\"@type\":\"WebSite\",\"@id\":\"https:\\\/\\\/cetaradell.cat\\\/ce\\\/#website\",\"url\":\"https:\\\/\\\/cetaradell.cat\\\/ce\\\/\",\"name\":\"Centre Excursionista Taradell\",\"description\":\"\",\"potentialAction\":[{\"@type\":\"SearchAction\",\"target\":{\"@type\":\"EntryPoint\",\"urlTemplate\":\"https:\\\/\\\/cetaradell.cat\\\/ce\\\/?s={search_term_string}\"},\"query-input\":{\"@type\":\"PropertyValueSpecification\",\"valueRequired\":true,\"valueName\":\"search_term_string\"}}],\"inLanguage\":\"ca\"},{\"@type\":\"Person\",\"@id\":\"https:\\\/\\\/cetaradell.cat\\\/ce\\\/#\\\/schema\\\/person\\\/92a59f585073071c7be6649e84b22f78\",\"name\":\"CET\",\"image\":{\"@type\":\"ImageObject\",\"inLanguage\":\"ca\",\"@id\":\"https:\\\/\\\/secure.gravatar.com\\\/avatar\\\/d6fbe010d42056feccc0f613ed07277a5118442805079269f12dabdc42e1a727?s=96&d=mm&r=g\",\"url\":\"https:\\\/\\\/secure.gravatar.com\\\/avatar\\\/d6fbe010d42056feccc0f613ed07277a5118442805079269f12dabdc42e1a727?s=96&d=mm&r=g\",\"contentUrl\":\"https:\\\/\\\/secure.gravatar.com\\\/avatar\\\/d6fbe010d42056feccc0f613ed07277a5118442805079269f12dabdc42e1a727?s=96&d=mm&r=g\",\"caption\":\"CET\"},\"url\":\"https:\\\/\\\/cetaradell.cat\\\/ce\\\/author\\\/root\\\/\"}]}<\/script>\n<!-- \/ Yoast SEO plugin. -->","yoast_head_json":{"title":"Assemblea general de socis 2017 - Resum - Centre Excursionista Taradell","robots":{"index":"index","follow":"follow","max-snippet":"max-snippet:-1","max-image-preview":"max-image-preview:large","max-video-preview":"max-video-preview:-1"},"canonical":"https:\/\/cetaradell.cat\/ce\/assemblea-general-de-socis-2017-resum\/","og_locale":"ca_ES","og_type":"article","og_title":"Assemblea general de socis 2017 - Resum - Centre Excursionista Taradell","og_description":"El dia 18 de febrer de 2017 a les 8 del vespre, en segona convocat\u00f2ria, va tenir lloc l\u2019assemblea general de socis d\u2019engany amb l\u2019assist\u00e8ncia de 19 socis. Va encetar l\u2019acte la presidenta de l\u2019entitat Carme Delgado donant la benvinguda als assistents, i els va agrair la seva presencia. El [...]","og_url":"https:\/\/cetaradell.cat\/ce\/assemblea-general-de-socis-2017-resum\/","og_site_name":"Centre Excursionista Taradell","article_publisher":"https:\/\/www.facebook.com\/CETaradell\/","article_published_time":"2017-03-31T21:48:50+00:00","article_modified_time":"2020-07-14T22:05:30+00:00","og_image":[{"width":705,"height":378,"url":"https:\/\/cetaradell.cat\/ce\/wp-content\/uploads\/2017-02-19-Assemblea-C.E.T.-foto_R_Curtichs-9.jpg","type":"image\/jpeg"}],"author":"CET","twitter_card":"summary_large_image","twitter_misc":{"Escrit per":"CET","Temps estimat de lectura":"9 minuts"},"schema":{"@context":"https:\/\/schema.org","@graph":[{"@type":"Article","@id":"https:\/\/cetaradell.cat\/ce\/assemblea-general-de-socis-2017-resum\/#article","isPartOf":{"@id":"https:\/\/cetaradell.cat\/ce\/assemblea-general-de-socis-2017-resum\/"},"author":{"name":"CET","@id":"https:\/\/cetaradell.cat\/ce\/#\/schema\/person\/92a59f585073071c7be6649e84b22f78"},"headline":"Assemblea general de socis 2017 &#8211; Resum","datePublished":"2017-03-31T21:48:50+00:00","dateModified":"2020-07-14T22:05:30+00:00","mainEntityOfPage":{"@id":"https:\/\/cetaradell.cat\/ce\/assemblea-general-de-socis-2017-resum\/"},"wordCount":1813,"image":{"@id":"https:\/\/cetaradell.cat\/ce\/assemblea-general-de-socis-2017-resum\/#primaryimage"},"thumbnailUrl":"https:\/\/cetaradell.cat\/ce\/wp-content\/uploads\/2017-02-19-Assemblea-C.E.T.-foto_R_Curtichs-9.jpg","articleSection":["Not\u00edcies"],"inLanguage":"ca"},{"@type":"WebPage","@id":"https:\/\/cetaradell.cat\/ce\/assemblea-general-de-socis-2017-resum\/","url":"https:\/\/cetaradell.cat\/ce\/assemblea-general-de-socis-2017-resum\/","name":"Assemblea general de socis 2017 - Resum - Centre Excursionista Taradell","isPartOf":{"@id":"https:\/\/cetaradell.cat\/ce\/#website"},"primaryImageOfPage":{"@id":"https:\/\/cetaradell.cat\/ce\/assemblea-general-de-socis-2017-resum\/#primaryimage"},"image":{"@id":"https:\/\/cetaradell.cat\/ce\/assemblea-general-de-socis-2017-resum\/#primaryimage"},"thumbnailUrl":"https:\/\/cetaradell.cat\/ce\/wp-content\/uploads\/2017-02-19-Assemblea-C.E.T.-foto_R_Curtichs-9.jpg","datePublished":"2017-03-31T21:48:50+00:00","dateModified":"2020-07-14T22:05:30+00:00","author":{"@id":"https:\/\/cetaradell.cat\/ce\/#\/schema\/person\/92a59f585073071c7be6649e84b22f78"},"breadcrumb":{"@id":"https:\/\/cetaradell.cat\/ce\/assemblea-general-de-socis-2017-resum\/#breadcrumb"},"inLanguage":"ca","potentialAction":[{"@type":"ReadAction","target":["https:\/\/cetaradell.cat\/ce\/assemblea-general-de-socis-2017-resum\/"]}]},{"@type":"ImageObject","inLanguage":"ca","@id":"https:\/\/cetaradell.cat\/ce\/assemblea-general-de-socis-2017-resum\/#primaryimage","url":"https:\/\/cetaradell.cat\/ce\/wp-content\/uploads\/2017-02-19-Assemblea-C.E.T.-foto_R_Curtichs-9.jpg","contentUrl":"https:\/\/cetaradell.cat\/ce\/wp-content\/uploads\/2017-02-19-Assemblea-C.E.T.-foto_R_Curtichs-9.jpg","width":705,"height":378},{"@type":"BreadcrumbList","@id":"https:\/\/cetaradell.cat\/ce\/assemblea-general-de-socis-2017-resum\/#breadcrumb","itemListElement":[{"@type":"ListItem","position":1,"name":"Inici","item":"https:\/\/cetaradell.cat\/ce\/"},{"@type":"ListItem","position":2,"name":"Assemblea general de socis 2017 &#8211; Resum"}]},{"@type":"WebSite","@id":"https:\/\/cetaradell.cat\/ce\/#website","url":"https:\/\/cetaradell.cat\/ce\/","name":"Centre Excursionista Taradell","description":"","potentialAction":[{"@type":"SearchAction","target":{"@type":"EntryPoint","urlTemplate":"https:\/\/cetaradell.cat\/ce\/?s={search_term_string}"},"query-input":{"@type":"PropertyValueSpecification","valueRequired":true,"valueName":"search_term_string"}}],"inLanguage":"ca"},{"@type":"Person","@id":"https:\/\/cetaradell.cat\/ce\/#\/schema\/person\/92a59f585073071c7be6649e84b22f78","name":"CET","image":{"@type":"ImageObject","inLanguage":"ca","@id":"https:\/\/secure.gravatar.com\/avatar\/d6fbe010d42056feccc0f613ed07277a5118442805079269f12dabdc42e1a727?s=96&d=mm&r=g","url":"https:\/\/secure.gravatar.com\/avatar\/d6fbe010d42056feccc0f613ed07277a5118442805079269f12dabdc42e1a727?s=96&d=mm&r=g","contentUrl":"https:\/\/secure.gravatar.com\/avatar\/d6fbe010d42056feccc0f613ed07277a5118442805079269f12dabdc42e1a727?s=96&d=mm&r=g","caption":"CET"},"url":"https:\/\/cetaradell.cat\/ce\/author\/root\/"}]}},"_links":{"self":[{"href":"https:\/\/cetaradell.cat\/ce\/wp-json\/wp\/v2\/posts\/5393","targetHints":{"allow":["GET"]}}],"collection":[{"href":"https:\/\/cetaradell.cat\/ce\/wp-json\/wp\/v2\/posts"}],"about":[{"href":"https:\/\/cetaradell.cat\/ce\/wp-json\/wp\/v2\/types\/post"}],"author":[{"embeddable":true,"href":"https:\/\/cetaradell.cat\/ce\/wp-json\/wp\/v2\/users\/1"}],"replies":[{"embeddable":true,"href":"https:\/\/cetaradell.cat\/ce\/wp-json\/wp\/v2\/comments?post=5393"}],"version-history":[{"count":0,"href":"https:\/\/cetaradell.cat\/ce\/wp-json\/wp\/v2\/posts\/5393\/revisions"}],"wp:featuredmedia":[{"embeddable":true,"href":"https:\/\/cetaradell.cat\/ce\/wp-json\/wp\/v2\/media\/5395"}],"wp:attachment":[{"href":"https:\/\/cetaradell.cat\/ce\/wp-json\/wp\/v2\/media?parent=5393"}],"wp:term":[{"taxonomy":"category","embeddable":true,"href":"https:\/\/cetaradell.cat\/ce\/wp-json\/wp\/v2\/categories?post=5393"},{"taxonomy":"post_tag","embeddable":true,"href":"https:\/\/cetaradell.cat\/ce\/wp-json\/wp\/v2\/tags?post=5393"}],"curies":[{"name":"wp","href":"https:\/\/api.w.org\/{rel}","templated":true}]}}