{"id":5398,"date":"2017-04-01T00:23:37","date_gmt":"2017-03-31T23:23:37","guid":{"rendered":"https:\/\/cetaradell.cat\/ce\/?p=5398"},"modified":"2020-07-14T23:04:53","modified_gmt":"2020-07-14T22:04:53","slug":"curses-del-marc-del-cet-lenclusa","status":"publish","type":"post","link":"https:\/\/cetaradell.cat\/ce\/curses-del-marc-del-cet-lenclusa\/","title":{"rendered":"Curses del mar\u00e7 del CET-L\u2019Enclusa"},"content":{"rendered":"<ul>\n<li><strong>Curses d\u2019obstacles<\/strong><\/li>\n<\/ul>\n<div id=\"attachment_5399\" style=\"width: 310px\" class=\"wp-caption alignleft\"><a href=\"https:\/\/cetaradell.cat\/ce\/wp-content\/uploads\/2017-03-11-Unbrokenracefoto_Jose_luis_guimeno-2.jpg\" target=\"_blank\" rel=\"attachment noopener wp-att-5399 noreferrer\"><img decoding=\"async\" aria-describedby=\"caption-attachment-5399\" class=\"wp-image-5399 size-medium\" src=\"https:\/\/cetaradell.cat\/ce\/wp-content\/uploads\/2017-03-11-Unbrokenracefoto_Jose_luis_guimeno-2-300x200.jpg\" alt=\"2017-03-11-Unbrokenrace(foto_Jose_luis_guimeno) (2)\" width=\"300\" height=\"200\" srcset=\"https:\/\/cetaradell.cat\/ce\/wp-content\/uploads\/2017-03-11-Unbrokenracefoto_Jose_luis_guimeno-2-300x200.jpg 300w, https:\/\/cetaradell.cat\/ce\/wp-content\/uploads\/2017-03-11-Unbrokenracefoto_Jose_luis_guimeno-2-500x333.jpg 500w, https:\/\/cetaradell.cat\/ce\/wp-content\/uploads\/2017-03-11-Unbrokenracefoto_Jose_luis_guimeno-2-700x467.jpg 700w, https:\/\/cetaradell.cat\/ce\/wp-content\/uploads\/2017-03-11-Unbrokenracefoto_Jose_luis_guimeno-2-768x512.jpg 768w, https:\/\/cetaradell.cat\/ce\/wp-content\/uploads\/2017-03-11-Unbrokenracefoto_Jose_luis_guimeno-2-1024x683.jpg 1024w, https:\/\/cetaradell.cat\/ce\/wp-content\/uploads\/2017-03-11-Unbrokenracefoto_Jose_luis_guimeno-2.jpg 1368w\" sizes=\"(max-width: 300px) 100vw, 300px\" \/><\/a><p id=\"caption-attachment-5399\" class=\"wp-caption-text\">Albert Presegu\u00e9 a la cursa d\u2019obtacles (Foto: Jos\u00e9 Lu\u00eds Guimeno)<\/p><\/div>\n<p>El dissante 11 de mar\u00e7 a Onda (Castell\u00f3) es va celebrar la cursa d\u2019obstacle <strong>Unbroken Race<\/strong> amb tres circuits, un de 7 quil\u00f2metres, un de 14 i un per nens. L\u2019atleta <strong>Albert Presegu\u00e9<\/strong> del CET-L\u2019Enclusa va participar a la de 14 quil\u00f2metres en la categoria elit on es va classificar en la posici\u00f3 31 entre els 92 participants que es van classificar.<\/p>\n<p>La cursa de 14 quil\u00f2metres, amb un desnivell positiu de 800 metres, ja va ser molt dur des del principi amb una primera part molt r\u00e0pida, despr\u00e9s va venir una zona de trial amb un desnivell de 500 metres en 4 quil\u00f2metres, i per acabar es van trobar amb una seq\u00fc\u00e8ncia dur\u00edssima d\u2019obstacles.<\/p>\n<div id=\"attachment_5400\" style=\"width: 277px\" class=\"wp-caption alignright\"><a href=\"https:\/\/cetaradell.cat\/ce\/wp-content\/uploads\/2017-03-26-Gladiatorsdayfoto_org-1.jpg\" target=\"_blank\" rel=\"attachment noopener wp-att-5400 noreferrer\"><img decoding=\"async\" aria-describedby=\"caption-attachment-5400\" class=\"wp-image-5400\" src=\"https:\/\/cetaradell.cat\/ce\/wp-content\/uploads\/2017-03-26-Gladiatorsdayfoto_org-1-300x225.jpg\" alt=\"2017-03-26-Gladiatorsday(foto_org) (1)\" width=\"267\" height=\"200\" srcset=\"https:\/\/cetaradell.cat\/ce\/wp-content\/uploads\/2017-03-26-Gladiatorsdayfoto_org-1-300x225.jpg 300w, https:\/\/cetaradell.cat\/ce\/wp-content\/uploads\/2017-03-26-Gladiatorsdayfoto_org-1-500x375.jpg 500w, https:\/\/cetaradell.cat\/ce\/wp-content\/uploads\/2017-03-26-Gladiatorsdayfoto_org-1-700x525.jpg 700w, https:\/\/cetaradell.cat\/ce\/wp-content\/uploads\/2017-03-26-Gladiatorsdayfoto_org-1-768x576.jpg 768w, https:\/\/cetaradell.cat\/ce\/wp-content\/uploads\/2017-03-26-Gladiatorsdayfoto_org-1-1024x768.jpg 1024w, https:\/\/cetaradell.cat\/ce\/wp-content\/uploads\/2017-03-26-Gladiatorsdayfoto_org-1.jpg 1600w\" sizes=\"(max-width: 267px) 100vw, 267px\" \/><\/a><p id=\"caption-attachment-5400\" class=\"wp-caption-text\">Albert Presegu\u00e9 a una rampa de la Gladiatorsday (Foto: Gladiatorsday)<\/p><\/div>\n<p>El diumenge 26 de mar\u00e7 <strong>Albert Presegu\u00e9<\/strong> del CET-L\u2019Enclusa va participar a la cursa d\u2019obstacles\u00a0 Gladiatorsday -IrriSarri Land- disputada a Yanci (Navarra) en la qual hi van prendre part uns 500 corredors. La cursa va ser de 8 quil\u00f2metres al llarg dels quals s\u2019havien de superar 28 obstacles. Albert Presegu\u00e9 quasi tota la cursa va estar en 5\u00e8 lloc, lluitant contra el seu company Nestor Terribas, fins arribar a l\u2019\u00faltim obstacle en 7a posici\u00f3, per\u00f2 no va aconseguir passar aquest obstacle, anomenat pegboard, al no poder superar l\u2019\u00faltim forat. Una ll\u00e0stima, per\u00f2 com ell va dir \u201cs\u00f3n coses que passen a les OCR\u201d i li va servir per aprendre i adquirir experi\u00e8ncia.<strong><br \/>\n<\/strong><\/p>\n<ul>\n<li><strong>Maratons<\/strong><\/li>\n<\/ul>\n<div id=\"attachment_5401\" style=\"width: 235px\" class=\"wp-caption alignright\"><a href=\"https:\/\/cetaradell.cat\/ce\/wp-content\/uploads\/2017-03-12-marato_barcelonafoto_isabel_puig.jpg\" target=\"_blank\" rel=\"attachment noopener wp-att-5401 noreferrer\"><img decoding=\"async\" aria-describedby=\"caption-attachment-5401\" class=\"wp-image-5401 size-medium\" src=\"https:\/\/cetaradell.cat\/ce\/wp-content\/uploads\/2017-03-12-marato_barcelonafoto_isabel_puig-225x300.jpg\" alt=\"2017-03-12-marato_barcelona(foto_isabel_puig)\" width=\"225\" height=\"300\" srcset=\"https:\/\/cetaradell.cat\/ce\/wp-content\/uploads\/2017-03-12-marato_barcelonafoto_isabel_puig-225x300.jpg 225w, https:\/\/cetaradell.cat\/ce\/wp-content\/uploads\/2017-03-12-marato_barcelonafoto_isabel_puig-500x667.jpg 500w, https:\/\/cetaradell.cat\/ce\/wp-content\/uploads\/2017-03-12-marato_barcelonafoto_isabel_puig.jpg 528w\" sizes=\"(max-width: 225px) 100vw, 225px\" \/><\/a><p id=\"caption-attachment-5401\" class=\"wp-caption-text\">Joan Llopart a punt per la marat\u00f3 de Barcelona (Foto: Isabel Puig)<\/p><\/div>\n<p>El diumenge 12 de mar\u00e7 es va celebrar a 40 edici\u00f3 de la Zurich Marat\u00f3 de Barcelona en la que els participants han de rec\u00f3rrer una dist\u00e0ncia de 42,195 quil\u00f2metres pels principals carrers de la ciutat.<\/p>\n<p><strong>Joan Llopart<\/strong>, del CET, no va faltar a la cita i va sumar la seva 180a marat\u00f3 que va acabar amb un temps de 3 hores 43 minuts i 18 segons, entrant en la posici\u00f3 5.399 d\u2019entre els 16.390 classificats.<\/p>\n<p><strong><em>\u00a0<\/em><\/strong><\/p>\n<ul>\n<li><strong>Mitges Maratons<\/strong><\/li>\n<\/ul>\n<p>Els dies 18 i 19 de mar\u00e7 a Aiguafreda van tenir lloc les curses de muntanya de la 21a edici\u00f3 de la <strong>Vall del Congost<\/strong>, que va comptar amb l\u2019organitzaci\u00f3 de tres proves; una vertical de 7 quil\u00f2metres i 800 metres de desnivell positiu, que es va celebrar el dissabte; i la marat\u00f3 de 42 quil\u00f2metres i 3.000 metres de desnivell positiu i la mitja marat\u00f3 de 23 quil\u00f2metres i 1.400 metres de desnivell positiu que es van c\u00f3rrer el diumenge totes amb un desnivell important.<\/p>\n<div id=\"attachment_5402\" style=\"width: 310px\" class=\"wp-caption alignleft\"><a href=\"https:\/\/cetaradell.cat\/ce\/wp-content\/uploads\/2017-03-19-mitja_vall_congostfoto_m_codony.jpg\" target=\"_blank\" rel=\"attachment noopener wp-att-5402 noreferrer\"><img decoding=\"async\" aria-describedby=\"caption-attachment-5402\" class=\"wp-image-5402 size-medium\" src=\"https:\/\/cetaradell.cat\/ce\/wp-content\/uploads\/2017-03-19-mitja_vall_congostfoto_m_codony-300x225.jpg\" alt=\"2017-03-19-mitja_vall_congost(foto_m_codony)\" width=\"300\" height=\"225\" srcset=\"https:\/\/cetaradell.cat\/ce\/wp-content\/uploads\/2017-03-19-mitja_vall_congostfoto_m_codony-300x225.jpg 300w, https:\/\/cetaradell.cat\/ce\/wp-content\/uploads\/2017-03-19-mitja_vall_congostfoto_m_codony-500x375.jpg 500w, https:\/\/cetaradell.cat\/ce\/wp-content\/uploads\/2017-03-19-mitja_vall_congostfoto_m_codony-700x525.jpg 700w, https:\/\/cetaradell.cat\/ce\/wp-content\/uploads\/2017-03-19-mitja_vall_congostfoto_m_codony-768x576.jpg 768w, https:\/\/cetaradell.cat\/ce\/wp-content\/uploads\/2017-03-19-mitja_vall_congostfoto_m_codony-1024x768.jpg 1024w, https:\/\/cetaradell.cat\/ce\/wp-content\/uploads\/2017-03-19-mitja_vall_congostfoto_m_codony.jpg 1312w\" sizes=\"(max-width: 300px) 100vw, 300px\" \/><\/a><p id=\"caption-attachment-5402\" class=\"wp-caption-text\">Miquel Codony a la mitja de la Vall del Congost<\/p><\/div>\n<p>A la mitja marat\u00f3 hi va participar el corredor del CET-L\u2019Enclusa <strong>Miquel Codony<\/strong> que va entrar en la posici\u00f3 112 d\u2019entre els 420 participants, de manera que amb un temps de 2 hores 58 minuts i 37 segons va classificar-se en la posici\u00f3 27 dels veterans masculins.<\/p>\n<p><strong><em>\u00a0<\/em><\/strong><\/p>\n<p>&nbsp;<\/p>\n<p>&nbsp;<\/p>\n","protected":false},"excerpt":{"rendered":"<p>Curses d\u2019obstacles El dissante 11 de mar\u00e7 a Onda (Castell\u00f3) es va celebrar la cursa d\u2019obstacle Unbroken Race amb tres circuits, un de 7 quil\u00f2metres, un de 14 i un per nens. L\u2019atleta Albert Presegu\u00e9 del CET-L\u2019Enclusa va participar a la de 14 quil\u00f2metres en la categoria elit on es  [&#8230;]<\/p>\n","protected":false},"author":1,"featured_media":5399,"comment_status":"closed","ping_status":"closed","sticky":false,"template":"","format":"standard","meta":{"footnotes":""},"categories":[32,3],"tags":[],"class_list":["post-5398","post","type-post","status-publish","format-standard","has-post-thumbnail","hentry","category-equip-cet-lenclusa","category-noticies"],"yoast_head":"<!-- This site is optimized with the Yoast SEO plugin v27.5 - https:\/\/yoast.com\/product\/yoast-seo-wordpress\/ -->\n<title>Curses del mar\u00e7 del CET-L\u2019Enclusa - Centre Excursionista Taradell<\/title>\n<meta name=\"robots\" content=\"index, follow, max-snippet:-1, max-image-preview:large, max-video-preview:-1\" \/>\n<link rel=\"canonical\" href=\"https:\/\/cetaradell.cat\/ce\/curses-del-marc-del-cet-lenclusa\/\" \/>\n<meta property=\"og:locale\" content=\"ca_ES\" \/>\n<meta property=\"og:type\" content=\"article\" \/>\n<meta property=\"og:title\" content=\"Curses del mar\u00e7 del CET-L\u2019Enclusa - Centre Excursionista Taradell\" \/>\n<meta property=\"og:description\" content=\"Curses d\u2019obstacles El dissante 11 de mar\u00e7 a Onda (Castell\u00f3) es va celebrar la cursa d\u2019obstacle Unbroken Race amb tres circuits, un de 7 quil\u00f2metres, un de 14 i un per nens. L\u2019atleta Albert Presegu\u00e9 del CET-L\u2019Enclusa va participar a la de 14 quil\u00f2metres en la categoria elit on es [...]\" \/>\n<meta property=\"og:url\" content=\"https:\/\/cetaradell.cat\/ce\/curses-del-marc-del-cet-lenclusa\/\" \/>\n<meta property=\"og:site_name\" content=\"Centre Excursionista Taradell\" \/>\n<meta property=\"article:publisher\" content=\"https:\/\/www.facebook.com\/CETaradell\/\" \/>\n<meta property=\"article:published_time\" content=\"2017-03-31T23:23:37+00:00\" \/>\n<meta property=\"article:modified_time\" content=\"2020-07-14T22:04:53+00:00\" \/>\n<meta property=\"og:image\" content=\"https:\/\/cetaradell.cat\/ce\/wp-content\/uploads\/2017-03-11-Unbrokenracefoto_Jose_luis_guimeno-2.jpg\" \/>\n\t<meta property=\"og:image:width\" content=\"1368\" \/>\n\t<meta property=\"og:image:height\" content=\"912\" \/>\n\t<meta property=\"og:image:type\" content=\"image\/jpeg\" \/>\n<meta name=\"author\" content=\"CET\" \/>\n<meta name=\"twitter:card\" content=\"summary_large_image\" \/>\n<meta name=\"twitter:label1\" content=\"Escrit per\" \/>\n\t<meta name=\"twitter:data1\" content=\"CET\" \/>\n\t<meta name=\"twitter:label2\" content=\"Temps estimat de lectura\" \/>\n\t<meta name=\"twitter:data2\" content=\"3 minuts\" \/>\n<script type=\"application\/ld+json\" class=\"yoast-schema-graph\">{\"@context\":\"https:\\\/\\\/schema.org\",\"@graph\":[{\"@type\":\"Article\",\"@id\":\"https:\\\/\\\/cetaradell.cat\\\/ce\\\/curses-del-marc-del-cet-lenclusa\\\/#article\",\"isPartOf\":{\"@id\":\"https:\\\/\\\/cetaradell.cat\\\/ce\\\/curses-del-marc-del-cet-lenclusa\\\/\"},\"author\":{\"name\":\"CET\",\"@id\":\"https:\\\/\\\/cetaradell.cat\\\/ce\\\/#\\\/schema\\\/person\\\/92a59f585073071c7be6649e84b22f78\"},\"headline\":\"Curses del mar\u00e7 del CET-L\u2019Enclusa\",\"datePublished\":\"2017-03-31T23:23:37+00:00\",\"dateModified\":\"2020-07-14T22:04:53+00:00\",\"mainEntityOfPage\":{\"@id\":\"https:\\\/\\\/cetaradell.cat\\\/ce\\\/curses-del-marc-del-cet-lenclusa\\\/\"},\"wordCount\":517,\"image\":{\"@id\":\"https:\\\/\\\/cetaradell.cat\\\/ce\\\/curses-del-marc-del-cet-lenclusa\\\/#primaryimage\"},\"thumbnailUrl\":\"https:\\\/\\\/cetaradell.cat\\\/ce\\\/wp-content\\\/uploads\\\/2017-03-11-Unbrokenracefoto_Jose_luis_guimeno-2.jpg\",\"articleSection\":[\"Equip CET-L'Enclusa\",\"Not\u00edcies\"],\"inLanguage\":\"ca\"},{\"@type\":\"WebPage\",\"@id\":\"https:\\\/\\\/cetaradell.cat\\\/ce\\\/curses-del-marc-del-cet-lenclusa\\\/\",\"url\":\"https:\\\/\\\/cetaradell.cat\\\/ce\\\/curses-del-marc-del-cet-lenclusa\\\/\",\"name\":\"Curses del mar\u00e7 del CET-L\u2019Enclusa - Centre Excursionista Taradell\",\"isPartOf\":{\"@id\":\"https:\\\/\\\/cetaradell.cat\\\/ce\\\/#website\"},\"primaryImageOfPage\":{\"@id\":\"https:\\\/\\\/cetaradell.cat\\\/ce\\\/curses-del-marc-del-cet-lenclusa\\\/#primaryimage\"},\"image\":{\"@id\":\"https:\\\/\\\/cetaradell.cat\\\/ce\\\/curses-del-marc-del-cet-lenclusa\\\/#primaryimage\"},\"thumbnailUrl\":\"https:\\\/\\\/cetaradell.cat\\\/ce\\\/wp-content\\\/uploads\\\/2017-03-11-Unbrokenracefoto_Jose_luis_guimeno-2.jpg\",\"datePublished\":\"2017-03-31T23:23:37+00:00\",\"dateModified\":\"2020-07-14T22:04:53+00:00\",\"author\":{\"@id\":\"https:\\\/\\\/cetaradell.cat\\\/ce\\\/#\\\/schema\\\/person\\\/92a59f585073071c7be6649e84b22f78\"},\"breadcrumb\":{\"@id\":\"https:\\\/\\\/cetaradell.cat\\\/ce\\\/curses-del-marc-del-cet-lenclusa\\\/#breadcrumb\"},\"inLanguage\":\"ca\",\"potentialAction\":[{\"@type\":\"ReadAction\",\"target\":[\"https:\\\/\\\/cetaradell.cat\\\/ce\\\/curses-del-marc-del-cet-lenclusa\\\/\"]}]},{\"@type\":\"ImageObject\",\"inLanguage\":\"ca\",\"@id\":\"https:\\\/\\\/cetaradell.cat\\\/ce\\\/curses-del-marc-del-cet-lenclusa\\\/#primaryimage\",\"url\":\"https:\\\/\\\/cetaradell.cat\\\/ce\\\/wp-content\\\/uploads\\\/2017-03-11-Unbrokenracefoto_Jose_luis_guimeno-2.jpg\",\"contentUrl\":\"https:\\\/\\\/cetaradell.cat\\\/ce\\\/wp-content\\\/uploads\\\/2017-03-11-Unbrokenracefoto_Jose_luis_guimeno-2.jpg\",\"width\":1368,\"height\":912},{\"@type\":\"BreadcrumbList\",\"@id\":\"https:\\\/\\\/cetaradell.cat\\\/ce\\\/curses-del-marc-del-cet-lenclusa\\\/#breadcrumb\",\"itemListElement\":[{\"@type\":\"ListItem\",\"position\":1,\"name\":\"Inici\",\"item\":\"https:\\\/\\\/cetaradell.cat\\\/ce\\\/\"},{\"@type\":\"ListItem\",\"position\":2,\"name\":\"Curses del mar\u00e7 del CET-L\u2019Enclusa\"}]},{\"@type\":\"WebSite\",\"@id\":\"https:\\\/\\\/cetaradell.cat\\\/ce\\\/#website\",\"url\":\"https:\\\/\\\/cetaradell.cat\\\/ce\\\/\",\"name\":\"Centre Excursionista Taradell\",\"description\":\"\",\"potentialAction\":[{\"@type\":\"SearchAction\",\"target\":{\"@type\":\"EntryPoint\",\"urlTemplate\":\"https:\\\/\\\/cetaradell.cat\\\/ce\\\/?s={search_term_string}\"},\"query-input\":{\"@type\":\"PropertyValueSpecification\",\"valueRequired\":true,\"valueName\":\"search_term_string\"}}],\"inLanguage\":\"ca\"},{\"@type\":\"Person\",\"@id\":\"https:\\\/\\\/cetaradell.cat\\\/ce\\\/#\\\/schema\\\/person\\\/92a59f585073071c7be6649e84b22f78\",\"name\":\"CET\",\"image\":{\"@type\":\"ImageObject\",\"inLanguage\":\"ca\",\"@id\":\"https:\\\/\\\/secure.gravatar.com\\\/avatar\\\/d6fbe010d42056feccc0f613ed07277a5118442805079269f12dabdc42e1a727?s=96&d=mm&r=g\",\"url\":\"https:\\\/\\\/secure.gravatar.com\\\/avatar\\\/d6fbe010d42056feccc0f613ed07277a5118442805079269f12dabdc42e1a727?s=96&d=mm&r=g\",\"contentUrl\":\"https:\\\/\\\/secure.gravatar.com\\\/avatar\\\/d6fbe010d42056feccc0f613ed07277a5118442805079269f12dabdc42e1a727?s=96&d=mm&r=g\",\"caption\":\"CET\"},\"url\":\"https:\\\/\\\/cetaradell.cat\\\/ce\\\/author\\\/root\\\/\"}]}<\/script>\n<!-- \/ Yoast SEO plugin. -->","yoast_head_json":{"title":"Curses del mar\u00e7 del CET-L\u2019Enclusa - Centre Excursionista Taradell","robots":{"index":"index","follow":"follow","max-snippet":"max-snippet:-1","max-image-preview":"max-image-preview:large","max-video-preview":"max-video-preview:-1"},"canonical":"https:\/\/cetaradell.cat\/ce\/curses-del-marc-del-cet-lenclusa\/","og_locale":"ca_ES","og_type":"article","og_title":"Curses del mar\u00e7 del CET-L\u2019Enclusa - Centre Excursionista Taradell","og_description":"Curses d\u2019obstacles El dissante 11 de mar\u00e7 a Onda (Castell\u00f3) es va celebrar la cursa d\u2019obstacle Unbroken Race amb tres circuits, un de 7 quil\u00f2metres, un de 14 i un per nens. L\u2019atleta Albert Presegu\u00e9 del CET-L\u2019Enclusa va participar a la de 14 quil\u00f2metres en la categoria elit on es [...]","og_url":"https:\/\/cetaradell.cat\/ce\/curses-del-marc-del-cet-lenclusa\/","og_site_name":"Centre Excursionista Taradell","article_publisher":"https:\/\/www.facebook.com\/CETaradell\/","article_published_time":"2017-03-31T23:23:37+00:00","article_modified_time":"2020-07-14T22:04:53+00:00","og_image":[{"width":1368,"height":912,"url":"https:\/\/cetaradell.cat\/ce\/wp-content\/uploads\/2017-03-11-Unbrokenracefoto_Jose_luis_guimeno-2.jpg","type":"image\/jpeg"}],"author":"CET","twitter_card":"summary_large_image","twitter_misc":{"Escrit per":"CET","Temps estimat de lectura":"3 minuts"},"schema":{"@context":"https:\/\/schema.org","@graph":[{"@type":"Article","@id":"https:\/\/cetaradell.cat\/ce\/curses-del-marc-del-cet-lenclusa\/#article","isPartOf":{"@id":"https:\/\/cetaradell.cat\/ce\/curses-del-marc-del-cet-lenclusa\/"},"author":{"name":"CET","@id":"https:\/\/cetaradell.cat\/ce\/#\/schema\/person\/92a59f585073071c7be6649e84b22f78"},"headline":"Curses del mar\u00e7 del CET-L\u2019Enclusa","datePublished":"2017-03-31T23:23:37+00:00","dateModified":"2020-07-14T22:04:53+00:00","mainEntityOfPage":{"@id":"https:\/\/cetaradell.cat\/ce\/curses-del-marc-del-cet-lenclusa\/"},"wordCount":517,"image":{"@id":"https:\/\/cetaradell.cat\/ce\/curses-del-marc-del-cet-lenclusa\/#primaryimage"},"thumbnailUrl":"https:\/\/cetaradell.cat\/ce\/wp-content\/uploads\/2017-03-11-Unbrokenracefoto_Jose_luis_guimeno-2.jpg","articleSection":["Equip CET-L'Enclusa","Not\u00edcies"],"inLanguage":"ca"},{"@type":"WebPage","@id":"https:\/\/cetaradell.cat\/ce\/curses-del-marc-del-cet-lenclusa\/","url":"https:\/\/cetaradell.cat\/ce\/curses-del-marc-del-cet-lenclusa\/","name":"Curses del mar\u00e7 del CET-L\u2019Enclusa - Centre Excursionista Taradell","isPartOf":{"@id":"https:\/\/cetaradell.cat\/ce\/#website"},"primaryImageOfPage":{"@id":"https:\/\/cetaradell.cat\/ce\/curses-del-marc-del-cet-lenclusa\/#primaryimage"},"image":{"@id":"https:\/\/cetaradell.cat\/ce\/curses-del-marc-del-cet-lenclusa\/#primaryimage"},"thumbnailUrl":"https:\/\/cetaradell.cat\/ce\/wp-content\/uploads\/2017-03-11-Unbrokenracefoto_Jose_luis_guimeno-2.jpg","datePublished":"2017-03-31T23:23:37+00:00","dateModified":"2020-07-14T22:04:53+00:00","author":{"@id":"https:\/\/cetaradell.cat\/ce\/#\/schema\/person\/92a59f585073071c7be6649e84b22f78"},"breadcrumb":{"@id":"https:\/\/cetaradell.cat\/ce\/curses-del-marc-del-cet-lenclusa\/#breadcrumb"},"inLanguage":"ca","potentialAction":[{"@type":"ReadAction","target":["https:\/\/cetaradell.cat\/ce\/curses-del-marc-del-cet-lenclusa\/"]}]},{"@type":"ImageObject","inLanguage":"ca","@id":"https:\/\/cetaradell.cat\/ce\/curses-del-marc-del-cet-lenclusa\/#primaryimage","url":"https:\/\/cetaradell.cat\/ce\/wp-content\/uploads\/2017-03-11-Unbrokenracefoto_Jose_luis_guimeno-2.jpg","contentUrl":"https:\/\/cetaradell.cat\/ce\/wp-content\/uploads\/2017-03-11-Unbrokenracefoto_Jose_luis_guimeno-2.jpg","width":1368,"height":912},{"@type":"BreadcrumbList","@id":"https:\/\/cetaradell.cat\/ce\/curses-del-marc-del-cet-lenclusa\/#breadcrumb","itemListElement":[{"@type":"ListItem","position":1,"name":"Inici","item":"https:\/\/cetaradell.cat\/ce\/"},{"@type":"ListItem","position":2,"name":"Curses del mar\u00e7 del CET-L\u2019Enclusa"}]},{"@type":"WebSite","@id":"https:\/\/cetaradell.cat\/ce\/#website","url":"https:\/\/cetaradell.cat\/ce\/","name":"Centre Excursionista Taradell","description":"","potentialAction":[{"@type":"SearchAction","target":{"@type":"EntryPoint","urlTemplate":"https:\/\/cetaradell.cat\/ce\/?s={search_term_string}"},"query-input":{"@type":"PropertyValueSpecification","valueRequired":true,"valueName":"search_term_string"}}],"inLanguage":"ca"},{"@type":"Person","@id":"https:\/\/cetaradell.cat\/ce\/#\/schema\/person\/92a59f585073071c7be6649e84b22f78","name":"CET","image":{"@type":"ImageObject","inLanguage":"ca","@id":"https:\/\/secure.gravatar.com\/avatar\/d6fbe010d42056feccc0f613ed07277a5118442805079269f12dabdc42e1a727?s=96&d=mm&r=g","url":"https:\/\/secure.gravatar.com\/avatar\/d6fbe010d42056feccc0f613ed07277a5118442805079269f12dabdc42e1a727?s=96&d=mm&r=g","contentUrl":"https:\/\/secure.gravatar.com\/avatar\/d6fbe010d42056feccc0f613ed07277a5118442805079269f12dabdc42e1a727?s=96&d=mm&r=g","caption":"CET"},"url":"https:\/\/cetaradell.cat\/ce\/author\/root\/"}]}},"_links":{"self":[{"href":"https:\/\/cetaradell.cat\/ce\/wp-json\/wp\/v2\/posts\/5398","targetHints":{"allow":["GET"]}}],"collection":[{"href":"https:\/\/cetaradell.cat\/ce\/wp-json\/wp\/v2\/posts"}],"about":[{"href":"https:\/\/cetaradell.cat\/ce\/wp-json\/wp\/v2\/types\/post"}],"author":[{"embeddable":true,"href":"https:\/\/cetaradell.cat\/ce\/wp-json\/wp\/v2\/users\/1"}],"replies":[{"embeddable":true,"href":"https:\/\/cetaradell.cat\/ce\/wp-json\/wp\/v2\/comments?post=5398"}],"version-history":[{"count":0,"href":"https:\/\/cetaradell.cat\/ce\/wp-json\/wp\/v2\/posts\/5398\/revisions"}],"wp:featuredmedia":[{"embeddable":true,"href":"https:\/\/cetaradell.cat\/ce\/wp-json\/wp\/v2\/media\/5399"}],"wp:attachment":[{"href":"https:\/\/cetaradell.cat\/ce\/wp-json\/wp\/v2\/media?parent=5398"}],"wp:term":[{"taxonomy":"category","embeddable":true,"href":"https:\/\/cetaradell.cat\/ce\/wp-json\/wp\/v2\/categories?post=5398"},{"taxonomy":"post_tag","embeddable":true,"href":"https:\/\/cetaradell.cat\/ce\/wp-json\/wp\/v2\/tags?post=5398"}],"curies":[{"name":"wp","href":"https:\/\/api.w.org\/{rel}","templated":true}]}}