{"id":5426,"date":"2017-04-09T23:15:34","date_gmt":"2017-04-09T22:15:34","guid":{"rendered":"https:\/\/cetaradell.cat\/ce\/?p=5426"},"modified":"2020-07-14T23:03:49","modified_gmt":"2020-07-14T22:03:49","slug":"pepe-i-meri-freixas-lideren-la-lliga-nord-dorientacio","status":"publish","type":"post","link":"https:\/\/cetaradell.cat\/ce\/pepe-i-meri-freixas-lideren-la-lliga-nord-dorientacio\/","title":{"rendered":"Pepe i Meri Freixas lideren la Lliga Nord d&#8217;Orientaci\u00f3"},"content":{"rendered":"<div id=\"attachment_5427\" style=\"width: 310px\" class=\"wp-caption alignleft\"><a href=\"https:\/\/cetaradell.cat\/ce\/wp-content\/uploads\/2017-04-02-Ventall\u00f3foto_Aligots-2b.jpg\" target=\"_blank\" rel=\"attachment noopener wp-att-5427 noreferrer\"><img decoding=\"async\" aria-describedby=\"caption-attachment-5427\" class=\"wp-image-5427 size-medium\" src=\"https:\/\/cetaradell.cat\/ce\/wp-content\/uploads\/2017-04-02-Ventall\u00f3foto_Aligots-2b-300x225.jpg\" alt=\"2017-04-02-Ventall\u00f3(foto_Aligots) (2)b\" width=\"300\" height=\"225\" srcset=\"https:\/\/cetaradell.cat\/ce\/wp-content\/uploads\/2017-04-02-Ventall\u00f3foto_Aligots-2b-300x225.jpg 300w, https:\/\/cetaradell.cat\/ce\/wp-content\/uploads\/2017-04-02-Ventall\u00f3foto_Aligots-2b-500x375.jpg 500w, https:\/\/cetaradell.cat\/ce\/wp-content\/uploads\/2017-04-02-Ventall\u00f3foto_Aligots-2b-700x526.jpg 700w, https:\/\/cetaradell.cat\/ce\/wp-content\/uploads\/2017-04-02-Ventall\u00f3foto_Aligots-2b-768x577.jpg 768w, https:\/\/cetaradell.cat\/ce\/wp-content\/uploads\/2017-04-02-Ventall\u00f3foto_Aligots-2b-1024x769.jpg 1024w, https:\/\/cetaradell.cat\/ce\/wp-content\/uploads\/2017-04-02-Ventall\u00f3foto_Aligots-2b.jpg 1393w\" sizes=\"(max-width: 300px) 100vw, 300px\" \/><\/a><p id=\"caption-attachment-5427\" class=\"wp-caption-text\">Meritxell Freixas a la cursa de Vantall\u00f3 (Foto: Aligots)<\/p><\/div>\n<p><strong>Meritxell Freixas<\/strong>, del CET L\u2019Enclusa-O, amb un temps de 1 hora 25 minuts i 15 segons es va classificar en <strong>primer lloc<\/strong> a la categoria C2-dones de la cursa d\u2019orientaci\u00f3 <strong>GIR-O<\/strong> <strong>Ventall\u00f3, <\/strong>celebrada el diumenge 2 d\u2019abril a Ventall\u00f3 a la comarca de l\u2019Alt Empord\u00e0,\u00a0 la qual puntuava per a la Lliga Nord de Curses d\u2019Orientaci\u00f3 i era organitzada pel club Aligots.<\/p>\n<p>El circuit de la categoria C2 va tenir 24 fites amb una dist\u00e0ncia en l\u00ednia recta de 6.420 metres i 90 metres de desnivell. Algunes zones eren molt t\u00e8cniques i s\u2019havia de dominar l\u2019orientaci\u00f3 per a localitzar les fites r\u00e0pidament.<\/p>\n<p>Tamb\u00e9 van participar en la categoria C2 d\u2019aquesta cursa: <strong>Josep Maria Freixas<\/strong> que es va classificar 3r dels homes amb un temps d&#8217;1 hora 20 minuts i 20 segons, <strong>Marc Ballabriga<\/strong> que amb un temps de 1 hora 23 minuts i 13 segons va ser el 4t dels homes i <strong>Llu\u00eds Saborit<\/strong> que es va classificar en 42\u00e8 lloc de la general amb un temps de 2 hores 24 minuts i 22 segons.<\/p>\n<p>El dissabte 8 d\u2019abril a Les Planes d\u2019Hostoles, la Garrotxa, es va celebrar la cursa d\u2019orientaci\u00f3 <strong>Orientanyeros<\/strong>, organitzada per Gastant Keks, que tamb\u00e9 estava inclosa a la Lliga Nord. El circuit C2 va constar de 16 fites amb una dist\u00e0ncia en l\u00ednia recta de 4 quil\u00f2metres que combinava zones de circuit urb\u00e0 i de muntanya donant a con\u00e8ixer llocs molt bonics d\u2019aquesta poblaci\u00f3.<\/p>\n<div id=\"attachment_5428\" style=\"width: 310px\" class=\"wp-caption alignleft\"><a href=\"https:\/\/cetaradell.cat\/ce\/wp-content\/uploads\/2017-04-02-Ventall\u00f3foto_Aligots-1.jpg\" target=\"_blank\" rel=\"attachment noopener wp-att-5428 noreferrer\"><img decoding=\"async\" aria-describedby=\"caption-attachment-5428\" class=\"wp-image-5428 size-medium\" src=\"https:\/\/cetaradell.cat\/ce\/wp-content\/uploads\/2017-04-02-Ventall\u00f3foto_Aligots-1-300x225.jpg\" alt=\"2017-04-02-Ventall\u00f3(foto_Aligots) (1)\" width=\"300\" height=\"225\" srcset=\"https:\/\/cetaradell.cat\/ce\/wp-content\/uploads\/2017-04-02-Ventall\u00f3foto_Aligots-1-300x225.jpg 300w, https:\/\/cetaradell.cat\/ce\/wp-content\/uploads\/2017-04-02-Ventall\u00f3foto_Aligots-1-500x375.jpg 500w, https:\/\/cetaradell.cat\/ce\/wp-content\/uploads\/2017-04-02-Ventall\u00f3foto_Aligots-1-700x525.jpg 700w, https:\/\/cetaradell.cat\/ce\/wp-content\/uploads\/2017-04-02-Ventall\u00f3foto_Aligots-1-768x576.jpg 768w, https:\/\/cetaradell.cat\/ce\/wp-content\/uploads\/2017-04-02-Ventall\u00f3foto_Aligots-1-1024x768.jpg 1024w, https:\/\/cetaradell.cat\/ce\/wp-content\/uploads\/2017-04-02-Ventall\u00f3foto_Aligots-1.jpg 1124w\" sizes=\"(max-width: 300px) 100vw, 300px\" \/><\/a><p id=\"caption-attachment-5428\" class=\"wp-caption-text\">Josep Maria Freixas a la cursa de Ventall\u00f3 (Foto: Aligots)<\/p><\/div>\n<p><strong>Josep Maria Freixas<\/strong>, del CET L\u2019Enclusa-O, va participar en el circuit C2 d\u2019aquesta cursa on va aconseguir validar les 16 fites del circuit amb un temps de 45 minuts i 1 segon de manera que es va\u00a0 <strong>classificar en primer lloc<\/strong>. Per altra banda, en aquest mateix circuit <strong>Llu\u00eds Saborit<\/strong> va aconseguir el 18\u00e8 lloc de la classificaci\u00f3 general\u00a0 amb un temps d&#8217;1 hora 6 minuts i 59 segons, i <strong>Meritxell Freixas<\/strong> i <strong>Marc Ballabriga<\/strong> tot i tenir uns temps molt bons van ser desqualificats al fer error de targeta al deixar de fitxar una fita del circuit.<\/p>\n<p>Tot i no puntuar en aquest darrera cursa, <strong>Meritxell Freixas<\/strong> mant\u00e9 el lideratge de la categoria C2-dones a la Lliga Nord, gr\u00e0cies a classificar-se en quarta posici\u00f3 a Cardona i Sant Bartomeu del Grau i en primera posici\u00f3 a Sarri\u00e0 de Ter i Ventall\u00f3.<\/p>\n<p><strong>Josep Maria Freixas<\/strong>, tamb\u00e9 mant\u00e9 el primer lloc de la categoria C2-homes a la Lliga Nord, amb dues primeres posicions a Sarri\u00e0 de Ter i Les Planes d\u2019Hostoles, un segon lloc a Cardona, un tercer a Ventall\u00f3 i catorz\u00e8 a Sant Bartomeu del Grau. <strong>Marc Ballabriga <\/strong>i<strong> Llu\u00eds Saborit<\/strong> es mantenen entre els cinc primers de la categoria C2-homes.<\/p>\n","protected":false},"excerpt":{"rendered":"<p>Meritxell Freixas, del CET L\u2019Enclusa-O, amb un temps de 1 hora 25 minuts i 15 segons es va classificar en primer lloc a la categoria C2-dones de la cursa d\u2019orientaci\u00f3 GIR-O Ventall\u00f3, celebrada el diumenge 2 d\u2019abril a Ventall\u00f3 a la comarca de l\u2019Alt Empord\u00e0,\u00a0 la qual puntuava per a  [&#8230;]<\/p>\n","protected":false},"author":1,"featured_media":5427,"comment_status":"closed","ping_status":"closed","sticky":false,"template":"","format":"standard","meta":{"footnotes":""},"categories":[46,3],"tags":[],"class_list":["post-5426","post","type-post","status-publish","format-standard","has-post-thumbnail","hentry","category-equip-cet-lenclusa-o","category-noticies"],"yoast_head":"<!-- This site is optimized with the Yoast SEO plugin v27.5 - https:\/\/yoast.com\/product\/yoast-seo-wordpress\/ -->\n<title>Pepe i Meri Freixas lideren la Lliga Nord d&#039;Orientaci\u00f3 - Centre Excursionista Taradell<\/title>\n<meta name=\"robots\" content=\"index, follow, max-snippet:-1, max-image-preview:large, max-video-preview:-1\" \/>\n<link rel=\"canonical\" href=\"https:\/\/cetaradell.cat\/ce\/pepe-i-meri-freixas-lideren-la-lliga-nord-dorientacio\/\" \/>\n<meta property=\"og:locale\" content=\"ca_ES\" \/>\n<meta property=\"og:type\" content=\"article\" \/>\n<meta property=\"og:title\" content=\"Pepe i Meri Freixas lideren la Lliga Nord d&#039;Orientaci\u00f3 - Centre Excursionista Taradell\" \/>\n<meta property=\"og:description\" content=\"Meritxell Freixas, del CET L\u2019Enclusa-O, amb un temps de 1 hora 25 minuts i 15 segons es va classificar en primer lloc a la categoria C2-dones de la cursa d\u2019orientaci\u00f3 GIR-O Ventall\u00f3, celebrada el diumenge 2 d\u2019abril a Ventall\u00f3 a la comarca de l\u2019Alt Empord\u00e0,\u00a0 la qual puntuava per a [...]\" \/>\n<meta property=\"og:url\" content=\"https:\/\/cetaradell.cat\/ce\/pepe-i-meri-freixas-lideren-la-lliga-nord-dorientacio\/\" \/>\n<meta property=\"og:site_name\" content=\"Centre Excursionista Taradell\" \/>\n<meta property=\"article:publisher\" content=\"https:\/\/www.facebook.com\/CETaradell\/\" \/>\n<meta property=\"article:published_time\" content=\"2017-04-09T22:15:34+00:00\" \/>\n<meta property=\"article:modified_time\" content=\"2020-07-14T22:03:49+00:00\" \/>\n<meta property=\"og:image\" content=\"https:\/\/cetaradell.cat\/ce\/wp-content\/uploads\/2017-04-02-Ventall\u00f3foto_Aligots-2b.jpg\" \/>\n\t<meta property=\"og:image:width\" content=\"1393\" \/>\n\t<meta property=\"og:image:height\" content=\"1046\" \/>\n\t<meta property=\"og:image:type\" content=\"image\/jpeg\" \/>\n<meta name=\"author\" content=\"CET\" \/>\n<meta name=\"twitter:card\" content=\"summary_large_image\" \/>\n<meta name=\"twitter:label1\" content=\"Escrit per\" \/>\n\t<meta name=\"twitter:data1\" content=\"CET\" \/>\n\t<meta name=\"twitter:label2\" content=\"Temps estimat de lectura\" \/>\n\t<meta name=\"twitter:data2\" content=\"2 minuts\" \/>\n<script type=\"application\/ld+json\" class=\"yoast-schema-graph\">{\"@context\":\"https:\\\/\\\/schema.org\",\"@graph\":[{\"@type\":\"Article\",\"@id\":\"https:\\\/\\\/cetaradell.cat\\\/ce\\\/pepe-i-meri-freixas-lideren-la-lliga-nord-dorientacio\\\/#article\",\"isPartOf\":{\"@id\":\"https:\\\/\\\/cetaradell.cat\\\/ce\\\/pepe-i-meri-freixas-lideren-la-lliga-nord-dorientacio\\\/\"},\"author\":{\"name\":\"CET\",\"@id\":\"https:\\\/\\\/cetaradell.cat\\\/ce\\\/#\\\/schema\\\/person\\\/92a59f585073071c7be6649e84b22f78\"},\"headline\":\"Pepe i Meri Freixas lideren la Lliga Nord d&#8217;Orientaci\u00f3\",\"datePublished\":\"2017-04-09T22:15:34+00:00\",\"dateModified\":\"2020-07-14T22:03:49+00:00\",\"mainEntityOfPage\":{\"@id\":\"https:\\\/\\\/cetaradell.cat\\\/ce\\\/pepe-i-meri-freixas-lideren-la-lliga-nord-dorientacio\\\/\"},\"wordCount\":488,\"image\":{\"@id\":\"https:\\\/\\\/cetaradell.cat\\\/ce\\\/pepe-i-meri-freixas-lideren-la-lliga-nord-dorientacio\\\/#primaryimage\"},\"thumbnailUrl\":\"https:\\\/\\\/cetaradell.cat\\\/ce\\\/wp-content\\\/uploads\\\/2017-04-02-Ventall\u00f3foto_Aligots-2b.jpg\",\"articleSection\":[\"Equip CET L'Enclusa-O\",\"Not\u00edcies\"],\"inLanguage\":\"ca\"},{\"@type\":\"WebPage\",\"@id\":\"https:\\\/\\\/cetaradell.cat\\\/ce\\\/pepe-i-meri-freixas-lideren-la-lliga-nord-dorientacio\\\/\",\"url\":\"https:\\\/\\\/cetaradell.cat\\\/ce\\\/pepe-i-meri-freixas-lideren-la-lliga-nord-dorientacio\\\/\",\"name\":\"Pepe i Meri Freixas lideren la Lliga Nord d'Orientaci\u00f3 - Centre Excursionista Taradell\",\"isPartOf\":{\"@id\":\"https:\\\/\\\/cetaradell.cat\\\/ce\\\/#website\"},\"primaryImageOfPage\":{\"@id\":\"https:\\\/\\\/cetaradell.cat\\\/ce\\\/pepe-i-meri-freixas-lideren-la-lliga-nord-dorientacio\\\/#primaryimage\"},\"image\":{\"@id\":\"https:\\\/\\\/cetaradell.cat\\\/ce\\\/pepe-i-meri-freixas-lideren-la-lliga-nord-dorientacio\\\/#primaryimage\"},\"thumbnailUrl\":\"https:\\\/\\\/cetaradell.cat\\\/ce\\\/wp-content\\\/uploads\\\/2017-04-02-Ventall\u00f3foto_Aligots-2b.jpg\",\"datePublished\":\"2017-04-09T22:15:34+00:00\",\"dateModified\":\"2020-07-14T22:03:49+00:00\",\"author\":{\"@id\":\"https:\\\/\\\/cetaradell.cat\\\/ce\\\/#\\\/schema\\\/person\\\/92a59f585073071c7be6649e84b22f78\"},\"breadcrumb\":{\"@id\":\"https:\\\/\\\/cetaradell.cat\\\/ce\\\/pepe-i-meri-freixas-lideren-la-lliga-nord-dorientacio\\\/#breadcrumb\"},\"inLanguage\":\"ca\",\"potentialAction\":[{\"@type\":\"ReadAction\",\"target\":[\"https:\\\/\\\/cetaradell.cat\\\/ce\\\/pepe-i-meri-freixas-lideren-la-lliga-nord-dorientacio\\\/\"]}]},{\"@type\":\"ImageObject\",\"inLanguage\":\"ca\",\"@id\":\"https:\\\/\\\/cetaradell.cat\\\/ce\\\/pepe-i-meri-freixas-lideren-la-lliga-nord-dorientacio\\\/#primaryimage\",\"url\":\"https:\\\/\\\/cetaradell.cat\\\/ce\\\/wp-content\\\/uploads\\\/2017-04-02-Ventall\u00f3foto_Aligots-2b.jpg\",\"contentUrl\":\"https:\\\/\\\/cetaradell.cat\\\/ce\\\/wp-content\\\/uploads\\\/2017-04-02-Ventall\u00f3foto_Aligots-2b.jpg\",\"width\":1393,\"height\":1046},{\"@type\":\"BreadcrumbList\",\"@id\":\"https:\\\/\\\/cetaradell.cat\\\/ce\\\/pepe-i-meri-freixas-lideren-la-lliga-nord-dorientacio\\\/#breadcrumb\",\"itemListElement\":[{\"@type\":\"ListItem\",\"position\":1,\"name\":\"Inici\",\"item\":\"https:\\\/\\\/cetaradell.cat\\\/ce\\\/\"},{\"@type\":\"ListItem\",\"position\":2,\"name\":\"Pepe i Meri Freixas lideren la Lliga Nord d&#8217;Orientaci\u00f3\"}]},{\"@type\":\"WebSite\",\"@id\":\"https:\\\/\\\/cetaradell.cat\\\/ce\\\/#website\",\"url\":\"https:\\\/\\\/cetaradell.cat\\\/ce\\\/\",\"name\":\"Centre Excursionista Taradell\",\"description\":\"\",\"potentialAction\":[{\"@type\":\"SearchAction\",\"target\":{\"@type\":\"EntryPoint\",\"urlTemplate\":\"https:\\\/\\\/cetaradell.cat\\\/ce\\\/?s={search_term_string}\"},\"query-input\":{\"@type\":\"PropertyValueSpecification\",\"valueRequired\":true,\"valueName\":\"search_term_string\"}}],\"inLanguage\":\"ca\"},{\"@type\":\"Person\",\"@id\":\"https:\\\/\\\/cetaradell.cat\\\/ce\\\/#\\\/schema\\\/person\\\/92a59f585073071c7be6649e84b22f78\",\"name\":\"CET\",\"image\":{\"@type\":\"ImageObject\",\"inLanguage\":\"ca\",\"@id\":\"https:\\\/\\\/secure.gravatar.com\\\/avatar\\\/d6fbe010d42056feccc0f613ed07277a5118442805079269f12dabdc42e1a727?s=96&d=mm&r=g\",\"url\":\"https:\\\/\\\/secure.gravatar.com\\\/avatar\\\/d6fbe010d42056feccc0f613ed07277a5118442805079269f12dabdc42e1a727?s=96&d=mm&r=g\",\"contentUrl\":\"https:\\\/\\\/secure.gravatar.com\\\/avatar\\\/d6fbe010d42056feccc0f613ed07277a5118442805079269f12dabdc42e1a727?s=96&d=mm&r=g\",\"caption\":\"CET\"},\"url\":\"https:\\\/\\\/cetaradell.cat\\\/ce\\\/author\\\/root\\\/\"}]}<\/script>\n<!-- \/ Yoast SEO plugin. -->","yoast_head_json":{"title":"Pepe i Meri Freixas lideren la Lliga Nord d'Orientaci\u00f3 - Centre Excursionista Taradell","robots":{"index":"index","follow":"follow","max-snippet":"max-snippet:-1","max-image-preview":"max-image-preview:large","max-video-preview":"max-video-preview:-1"},"canonical":"https:\/\/cetaradell.cat\/ce\/pepe-i-meri-freixas-lideren-la-lliga-nord-dorientacio\/","og_locale":"ca_ES","og_type":"article","og_title":"Pepe i Meri Freixas lideren la Lliga Nord d'Orientaci\u00f3 - Centre Excursionista Taradell","og_description":"Meritxell Freixas, del CET L\u2019Enclusa-O, amb un temps de 1 hora 25 minuts i 15 segons es va classificar en primer lloc a la categoria C2-dones de la cursa d\u2019orientaci\u00f3 GIR-O Ventall\u00f3, celebrada el diumenge 2 d\u2019abril a Ventall\u00f3 a la comarca de l\u2019Alt Empord\u00e0,\u00a0 la qual puntuava per a [...]","og_url":"https:\/\/cetaradell.cat\/ce\/pepe-i-meri-freixas-lideren-la-lliga-nord-dorientacio\/","og_site_name":"Centre Excursionista Taradell","article_publisher":"https:\/\/www.facebook.com\/CETaradell\/","article_published_time":"2017-04-09T22:15:34+00:00","article_modified_time":"2020-07-14T22:03:49+00:00","og_image":[{"width":1393,"height":1046,"url":"https:\/\/cetaradell.cat\/ce\/wp-content\/uploads\/2017-04-02-Ventall\u00f3foto_Aligots-2b.jpg","type":"image\/jpeg"}],"author":"CET","twitter_card":"summary_large_image","twitter_misc":{"Escrit per":"CET","Temps estimat de lectura":"2 minuts"},"schema":{"@context":"https:\/\/schema.org","@graph":[{"@type":"Article","@id":"https:\/\/cetaradell.cat\/ce\/pepe-i-meri-freixas-lideren-la-lliga-nord-dorientacio\/#article","isPartOf":{"@id":"https:\/\/cetaradell.cat\/ce\/pepe-i-meri-freixas-lideren-la-lliga-nord-dorientacio\/"},"author":{"name":"CET","@id":"https:\/\/cetaradell.cat\/ce\/#\/schema\/person\/92a59f585073071c7be6649e84b22f78"},"headline":"Pepe i Meri Freixas lideren la Lliga Nord d&#8217;Orientaci\u00f3","datePublished":"2017-04-09T22:15:34+00:00","dateModified":"2020-07-14T22:03:49+00:00","mainEntityOfPage":{"@id":"https:\/\/cetaradell.cat\/ce\/pepe-i-meri-freixas-lideren-la-lliga-nord-dorientacio\/"},"wordCount":488,"image":{"@id":"https:\/\/cetaradell.cat\/ce\/pepe-i-meri-freixas-lideren-la-lliga-nord-dorientacio\/#primaryimage"},"thumbnailUrl":"https:\/\/cetaradell.cat\/ce\/wp-content\/uploads\/2017-04-02-Ventall\u00f3foto_Aligots-2b.jpg","articleSection":["Equip CET L'Enclusa-O","Not\u00edcies"],"inLanguage":"ca"},{"@type":"WebPage","@id":"https:\/\/cetaradell.cat\/ce\/pepe-i-meri-freixas-lideren-la-lliga-nord-dorientacio\/","url":"https:\/\/cetaradell.cat\/ce\/pepe-i-meri-freixas-lideren-la-lliga-nord-dorientacio\/","name":"Pepe i Meri Freixas lideren la Lliga Nord d'Orientaci\u00f3 - Centre Excursionista Taradell","isPartOf":{"@id":"https:\/\/cetaradell.cat\/ce\/#website"},"primaryImageOfPage":{"@id":"https:\/\/cetaradell.cat\/ce\/pepe-i-meri-freixas-lideren-la-lliga-nord-dorientacio\/#primaryimage"},"image":{"@id":"https:\/\/cetaradell.cat\/ce\/pepe-i-meri-freixas-lideren-la-lliga-nord-dorientacio\/#primaryimage"},"thumbnailUrl":"https:\/\/cetaradell.cat\/ce\/wp-content\/uploads\/2017-04-02-Ventall\u00f3foto_Aligots-2b.jpg","datePublished":"2017-04-09T22:15:34+00:00","dateModified":"2020-07-14T22:03:49+00:00","author":{"@id":"https:\/\/cetaradell.cat\/ce\/#\/schema\/person\/92a59f585073071c7be6649e84b22f78"},"breadcrumb":{"@id":"https:\/\/cetaradell.cat\/ce\/pepe-i-meri-freixas-lideren-la-lliga-nord-dorientacio\/#breadcrumb"},"inLanguage":"ca","potentialAction":[{"@type":"ReadAction","target":["https:\/\/cetaradell.cat\/ce\/pepe-i-meri-freixas-lideren-la-lliga-nord-dorientacio\/"]}]},{"@type":"ImageObject","inLanguage":"ca","@id":"https:\/\/cetaradell.cat\/ce\/pepe-i-meri-freixas-lideren-la-lliga-nord-dorientacio\/#primaryimage","url":"https:\/\/cetaradell.cat\/ce\/wp-content\/uploads\/2017-04-02-Ventall\u00f3foto_Aligots-2b.jpg","contentUrl":"https:\/\/cetaradell.cat\/ce\/wp-content\/uploads\/2017-04-02-Ventall\u00f3foto_Aligots-2b.jpg","width":1393,"height":1046},{"@type":"BreadcrumbList","@id":"https:\/\/cetaradell.cat\/ce\/pepe-i-meri-freixas-lideren-la-lliga-nord-dorientacio\/#breadcrumb","itemListElement":[{"@type":"ListItem","position":1,"name":"Inici","item":"https:\/\/cetaradell.cat\/ce\/"},{"@type":"ListItem","position":2,"name":"Pepe i Meri Freixas lideren la Lliga Nord d&#8217;Orientaci\u00f3"}]},{"@type":"WebSite","@id":"https:\/\/cetaradell.cat\/ce\/#website","url":"https:\/\/cetaradell.cat\/ce\/","name":"Centre Excursionista Taradell","description":"","potentialAction":[{"@type":"SearchAction","target":{"@type":"EntryPoint","urlTemplate":"https:\/\/cetaradell.cat\/ce\/?s={search_term_string}"},"query-input":{"@type":"PropertyValueSpecification","valueRequired":true,"valueName":"search_term_string"}}],"inLanguage":"ca"},{"@type":"Person","@id":"https:\/\/cetaradell.cat\/ce\/#\/schema\/person\/92a59f585073071c7be6649e84b22f78","name":"CET","image":{"@type":"ImageObject","inLanguage":"ca","@id":"https:\/\/secure.gravatar.com\/avatar\/d6fbe010d42056feccc0f613ed07277a5118442805079269f12dabdc42e1a727?s=96&d=mm&r=g","url":"https:\/\/secure.gravatar.com\/avatar\/d6fbe010d42056feccc0f613ed07277a5118442805079269f12dabdc42e1a727?s=96&d=mm&r=g","contentUrl":"https:\/\/secure.gravatar.com\/avatar\/d6fbe010d42056feccc0f613ed07277a5118442805079269f12dabdc42e1a727?s=96&d=mm&r=g","caption":"CET"},"url":"https:\/\/cetaradell.cat\/ce\/author\/root\/"}]}},"_links":{"self":[{"href":"https:\/\/cetaradell.cat\/ce\/wp-json\/wp\/v2\/posts\/5426","targetHints":{"allow":["GET"]}}],"collection":[{"href":"https:\/\/cetaradell.cat\/ce\/wp-json\/wp\/v2\/posts"}],"about":[{"href":"https:\/\/cetaradell.cat\/ce\/wp-json\/wp\/v2\/types\/post"}],"author":[{"embeddable":true,"href":"https:\/\/cetaradell.cat\/ce\/wp-json\/wp\/v2\/users\/1"}],"replies":[{"embeddable":true,"href":"https:\/\/cetaradell.cat\/ce\/wp-json\/wp\/v2\/comments?post=5426"}],"version-history":[{"count":0,"href":"https:\/\/cetaradell.cat\/ce\/wp-json\/wp\/v2\/posts\/5426\/revisions"}],"wp:featuredmedia":[{"embeddable":true,"href":"https:\/\/cetaradell.cat\/ce\/wp-json\/wp\/v2\/media\/5427"}],"wp:attachment":[{"href":"https:\/\/cetaradell.cat\/ce\/wp-json\/wp\/v2\/media?parent=5426"}],"wp:term":[{"taxonomy":"category","embeddable":true,"href":"https:\/\/cetaradell.cat\/ce\/wp-json\/wp\/v2\/categories?post=5426"},{"taxonomy":"post_tag","embeddable":true,"href":"https:\/\/cetaradell.cat\/ce\/wp-json\/wp\/v2\/tags?post=5426"}],"curies":[{"name":"wp","href":"https:\/\/api.w.org\/{rel}","templated":true}]}}