{"id":5447,"date":"2017-04-24T22:59:45","date_gmt":"2017-04-24T21:59:45","guid":{"rendered":"https:\/\/cetaradell.cat\/ce\/?p=5447"},"modified":"2021-09-12T22:48:02","modified_gmt":"2021-09-12T21:48:02","slug":"roger-tuneu-participara-a-la-titan-desert","status":"publish","type":"post","link":"https:\/\/cetaradell.cat\/ce\/roger-tuneu-participara-a-la-titan-desert\/","title":{"rendered":"Roger Tuneu participar\u00e0 a la Titan Desert"},"content":{"rendered":"<p><strong><a href=\"https:\/\/cetaradell.cat\/ce\/wp-content\/uploads\/2017-04-roger_tuneu.jpg\" target=\"_blank\" rel=\"attachment noopener wp-att-5449 noreferrer\"><img decoding=\"async\" class=\"alignleft wp-image-5449 size-medium\" src=\"https:\/\/cetaradell.cat\/ce\/wp-content\/uploads\/2017-04-roger_tuneu-300x225.jpg\" alt=\"2017-04-roger_tuneu\" width=\"300\" height=\"225\" srcset=\"https:\/\/cetaradell.cat\/ce\/wp-content\/uploads\/2017-04-roger_tuneu-300x225.jpg 300w, https:\/\/cetaradell.cat\/ce\/wp-content\/uploads\/2017-04-roger_tuneu-500x375.jpg 500w, https:\/\/cetaradell.cat\/ce\/wp-content\/uploads\/2017-04-roger_tuneu-700x524.jpg 700w, https:\/\/cetaradell.cat\/ce\/wp-content\/uploads\/2017-04-roger_tuneu-768x575.jpg 768w, https:\/\/cetaradell.cat\/ce\/wp-content\/uploads\/2017-04-roger_tuneu-1024x767.jpg 1024w, https:\/\/cetaradell.cat\/ce\/wp-content\/uploads\/2017-04-roger_tuneu.jpg 1080w\" sizes=\"(max-width: 300px) 100vw, 300px\" \/><\/a>Roger Tuneu<\/strong>, soci del CET i entrenador de l\u2019Escola Esportiva Enclusa 3e del CET-L\u2019Enclusa, aquest any far\u00e0 realitat el seu somni de participar a la <strong>Titan Desert<\/strong> que se celebrar\u00e0 del 30 d\u2019abril al 5 de maig de 2017. Aquesta \u00e9s una de les curses m\u00e9s dures del m\u00f3n amb BTT, amb un recorregut que passa dels 600 quil\u00f2metres i un desnivell positiu acumulat d\u2019uns 5.000 metres repartits en sis etapes a la zona d\u2019Errachidia del desert marroqu\u00ed, amb inici i final a Maadid.<\/p>\n<p>El somni de participar en aquesta cursa el va tenir quan era pacient de l\u2019Institut Guttmann on va estar ingressar arrel d\u2019una caiguda mentre entrenava amb BTT, que va patir el 30 de juny de 2012, la qual li va ocasionar un important traumatisme cranioencef\u00e0lic que conjuntament amb un vessament al gangli basal dret, li va provocar una hemipar\u00e8sia al costat esquerra del cos i una molt significativa disminuci\u00f3 de les capacitats cognitives.<\/p>\n<p>Tots els pron\u00f2stics apuntaven a que no es podria valdre per ell mateix i que per tant, que mai m\u00e9s podria tornar a anar amb bicicleta, per\u00f2 dos anys despr\u00e9s de l\u2019accident va poder tornar competir internacionalment en alguns Raids d&#8217;Aventura.<\/p>\n<p><strong>Roger Tuneu<\/strong> sempre ha considerat que un dels pilars fonamentals per a la seva r\u00e0pida recuperaci\u00f3 va ser l&#8217;Institut Guttmann, i per aix\u00f2 la participaci\u00f3 en aquesta cursa a part de ser un gran repte personal per aconseguir fer bon paper i ser finisher, tamb\u00e9 vol fer que serveixi per aportar un <strong>gra de sorra<\/strong> <strong>a l\u2019Institut Guttmann<\/strong> recaptant uns fons que es destinaran \u00edntegrament a aquesta entitat amb la intenci\u00f3 de poder ajudar a totes les persones que estan passant per una situaci\u00f3 similar a la que ell va viure en aquell moment.<\/p>\n<p>Aix\u00ed, el 30 de juny de 2017, coincidint que far\u00e0 5 anys del seu &#8220;petit entrebanc&#8221;, com ell l\u2019anomena, far\u00e0 personalment aquesta donaci\u00f3 posant punt i final a aquesta etapa de la seva vida. Des de fa anys que volia dur a terme el projecte de la Titan Desert i ara gr\u00e0cies als diferents patrocinadors i col\u00b7laborador que li han donat suport, entre ells el Centre Excursionista Taradell, podr\u00e0 fer-se realitat.<\/p>\n","protected":false},"excerpt":{"rendered":"<p>Roger Tuneu, soci del CET i entrenador de l\u2019Escola Esportiva Enclusa 3e del CET-L\u2019Enclusa, aquest any far\u00e0 realitat el seu somni de participar a la Titan Desert que se celebrar\u00e0 del 30 d\u2019abril al 5 de maig de 2017. Aquesta \u00e9s una de les curses m\u00e9s dures del m\u00f3n amb  [&#8230;]<\/p>\n","protected":false},"author":1,"featured_media":5449,"comment_status":"closed","ping_status":"closed","sticky":false,"template":"","format":"standard","meta":{"footnotes":""},"categories":[3],"tags":[],"class_list":["post-5447","post","type-post","status-publish","format-standard","has-post-thumbnail","hentry","category-noticies"],"yoast_head":"<!-- This site is optimized with the Yoast SEO plugin v27.5 - https:\/\/yoast.com\/product\/yoast-seo-wordpress\/ -->\n<title>Roger Tuneu participar\u00e0 a la Titan Desert - Centre Excursionista Taradell<\/title>\n<meta name=\"robots\" content=\"index, follow, max-snippet:-1, max-image-preview:large, max-video-preview:-1\" \/>\n<link rel=\"canonical\" href=\"https:\/\/cetaradell.cat\/ce\/roger-tuneu-participara-a-la-titan-desert\/\" \/>\n<meta property=\"og:locale\" content=\"ca_ES\" \/>\n<meta property=\"og:type\" content=\"article\" \/>\n<meta property=\"og:title\" content=\"Roger Tuneu participar\u00e0 a la Titan Desert - Centre Excursionista Taradell\" \/>\n<meta property=\"og:description\" content=\"Roger Tuneu, soci del CET i entrenador de l\u2019Escola Esportiva Enclusa 3e del CET-L\u2019Enclusa, aquest any far\u00e0 realitat el seu somni de participar a la Titan Desert que se celebrar\u00e0 del 30 d\u2019abril al 5 de maig de 2017. Aquesta \u00e9s una de les curses m\u00e9s dures del m\u00f3n amb [...]\" \/>\n<meta property=\"og:url\" content=\"https:\/\/cetaradell.cat\/ce\/roger-tuneu-participara-a-la-titan-desert\/\" \/>\n<meta property=\"og:site_name\" content=\"Centre Excursionista Taradell\" \/>\n<meta property=\"article:publisher\" content=\"https:\/\/www.facebook.com\/CETaradell\/\" \/>\n<meta property=\"article:published_time\" content=\"2017-04-24T21:59:45+00:00\" \/>\n<meta property=\"article:modified_time\" content=\"2021-09-12T21:48:02+00:00\" \/>\n<meta property=\"og:image\" content=\"https:\/\/cetaradell.cat\/ce\/wp-content\/uploads\/2017-04-roger_tuneu.jpg\" \/>\n\t<meta property=\"og:image:width\" content=\"1080\" \/>\n\t<meta property=\"og:image:height\" content=\"809\" \/>\n\t<meta property=\"og:image:type\" content=\"image\/jpeg\" \/>\n<meta name=\"author\" content=\"CET\" \/>\n<meta name=\"twitter:card\" content=\"summary_large_image\" \/>\n<meta name=\"twitter:label1\" content=\"Escrit per\" \/>\n\t<meta name=\"twitter:data1\" content=\"CET\" \/>\n\t<meta name=\"twitter:label2\" content=\"Temps estimat de lectura\" \/>\n\t<meta name=\"twitter:data2\" content=\"2 minuts\" \/>\n<script type=\"application\/ld+json\" class=\"yoast-schema-graph\">{\"@context\":\"https:\\\/\\\/schema.org\",\"@graph\":[{\"@type\":\"Article\",\"@id\":\"https:\\\/\\\/cetaradell.cat\\\/ce\\\/roger-tuneu-participara-a-la-titan-desert\\\/#article\",\"isPartOf\":{\"@id\":\"https:\\\/\\\/cetaradell.cat\\\/ce\\\/roger-tuneu-participara-a-la-titan-desert\\\/\"},\"author\":{\"name\":\"CET\",\"@id\":\"https:\\\/\\\/cetaradell.cat\\\/ce\\\/#\\\/schema\\\/person\\\/92a59f585073071c7be6649e84b22f78\"},\"headline\":\"Roger Tuneu participar\u00e0 a la Titan Desert\",\"datePublished\":\"2017-04-24T21:59:45+00:00\",\"dateModified\":\"2021-09-12T21:48:02+00:00\",\"mainEntityOfPage\":{\"@id\":\"https:\\\/\\\/cetaradell.cat\\\/ce\\\/roger-tuneu-participara-a-la-titan-desert\\\/\"},\"wordCount\":383,\"image\":{\"@id\":\"https:\\\/\\\/cetaradell.cat\\\/ce\\\/roger-tuneu-participara-a-la-titan-desert\\\/#primaryimage\"},\"thumbnailUrl\":\"https:\\\/\\\/cetaradell.cat\\\/ce\\\/wp-content\\\/uploads\\\/2017-04-roger_tuneu.jpg\",\"articleSection\":[\"Not\u00edcies\"],\"inLanguage\":\"ca\"},{\"@type\":\"WebPage\",\"@id\":\"https:\\\/\\\/cetaradell.cat\\\/ce\\\/roger-tuneu-participara-a-la-titan-desert\\\/\",\"url\":\"https:\\\/\\\/cetaradell.cat\\\/ce\\\/roger-tuneu-participara-a-la-titan-desert\\\/\",\"name\":\"Roger Tuneu participar\u00e0 a la Titan Desert - Centre Excursionista Taradell\",\"isPartOf\":{\"@id\":\"https:\\\/\\\/cetaradell.cat\\\/ce\\\/#website\"},\"primaryImageOfPage\":{\"@id\":\"https:\\\/\\\/cetaradell.cat\\\/ce\\\/roger-tuneu-participara-a-la-titan-desert\\\/#primaryimage\"},\"image\":{\"@id\":\"https:\\\/\\\/cetaradell.cat\\\/ce\\\/roger-tuneu-participara-a-la-titan-desert\\\/#primaryimage\"},\"thumbnailUrl\":\"https:\\\/\\\/cetaradell.cat\\\/ce\\\/wp-content\\\/uploads\\\/2017-04-roger_tuneu.jpg\",\"datePublished\":\"2017-04-24T21:59:45+00:00\",\"dateModified\":\"2021-09-12T21:48:02+00:00\",\"author\":{\"@id\":\"https:\\\/\\\/cetaradell.cat\\\/ce\\\/#\\\/schema\\\/person\\\/92a59f585073071c7be6649e84b22f78\"},\"breadcrumb\":{\"@id\":\"https:\\\/\\\/cetaradell.cat\\\/ce\\\/roger-tuneu-participara-a-la-titan-desert\\\/#breadcrumb\"},\"inLanguage\":\"ca\",\"potentialAction\":[{\"@type\":\"ReadAction\",\"target\":[\"https:\\\/\\\/cetaradell.cat\\\/ce\\\/roger-tuneu-participara-a-la-titan-desert\\\/\"]}]},{\"@type\":\"ImageObject\",\"inLanguage\":\"ca\",\"@id\":\"https:\\\/\\\/cetaradell.cat\\\/ce\\\/roger-tuneu-participara-a-la-titan-desert\\\/#primaryimage\",\"url\":\"https:\\\/\\\/cetaradell.cat\\\/ce\\\/wp-content\\\/uploads\\\/2017-04-roger_tuneu.jpg\",\"contentUrl\":\"https:\\\/\\\/cetaradell.cat\\\/ce\\\/wp-content\\\/uploads\\\/2017-04-roger_tuneu.jpg\",\"width\":1080,\"height\":809},{\"@type\":\"BreadcrumbList\",\"@id\":\"https:\\\/\\\/cetaradell.cat\\\/ce\\\/roger-tuneu-participara-a-la-titan-desert\\\/#breadcrumb\",\"itemListElement\":[{\"@type\":\"ListItem\",\"position\":1,\"name\":\"Inici\",\"item\":\"https:\\\/\\\/cetaradell.cat\\\/ce\\\/\"},{\"@type\":\"ListItem\",\"position\":2,\"name\":\"Roger Tuneu participar\u00e0 a la Titan Desert\"}]},{\"@type\":\"WebSite\",\"@id\":\"https:\\\/\\\/cetaradell.cat\\\/ce\\\/#website\",\"url\":\"https:\\\/\\\/cetaradell.cat\\\/ce\\\/\",\"name\":\"Centre Excursionista Taradell\",\"description\":\"\",\"potentialAction\":[{\"@type\":\"SearchAction\",\"target\":{\"@type\":\"EntryPoint\",\"urlTemplate\":\"https:\\\/\\\/cetaradell.cat\\\/ce\\\/?s={search_term_string}\"},\"query-input\":{\"@type\":\"PropertyValueSpecification\",\"valueRequired\":true,\"valueName\":\"search_term_string\"}}],\"inLanguage\":\"ca\"},{\"@type\":\"Person\",\"@id\":\"https:\\\/\\\/cetaradell.cat\\\/ce\\\/#\\\/schema\\\/person\\\/92a59f585073071c7be6649e84b22f78\",\"name\":\"CET\",\"image\":{\"@type\":\"ImageObject\",\"inLanguage\":\"ca\",\"@id\":\"https:\\\/\\\/secure.gravatar.com\\\/avatar\\\/d6fbe010d42056feccc0f613ed07277a5118442805079269f12dabdc42e1a727?s=96&d=mm&r=g\",\"url\":\"https:\\\/\\\/secure.gravatar.com\\\/avatar\\\/d6fbe010d42056feccc0f613ed07277a5118442805079269f12dabdc42e1a727?s=96&d=mm&r=g\",\"contentUrl\":\"https:\\\/\\\/secure.gravatar.com\\\/avatar\\\/d6fbe010d42056feccc0f613ed07277a5118442805079269f12dabdc42e1a727?s=96&d=mm&r=g\",\"caption\":\"CET\"},\"url\":\"https:\\\/\\\/cetaradell.cat\\\/ce\\\/author\\\/root\\\/\"}]}<\/script>\n<!-- \/ Yoast SEO plugin. -->","yoast_head_json":{"title":"Roger Tuneu participar\u00e0 a la Titan Desert - Centre Excursionista Taradell","robots":{"index":"index","follow":"follow","max-snippet":"max-snippet:-1","max-image-preview":"max-image-preview:large","max-video-preview":"max-video-preview:-1"},"canonical":"https:\/\/cetaradell.cat\/ce\/roger-tuneu-participara-a-la-titan-desert\/","og_locale":"ca_ES","og_type":"article","og_title":"Roger Tuneu participar\u00e0 a la Titan Desert - Centre Excursionista Taradell","og_description":"Roger Tuneu, soci del CET i entrenador de l\u2019Escola Esportiva Enclusa 3e del CET-L\u2019Enclusa, aquest any far\u00e0 realitat el seu somni de participar a la Titan Desert que se celebrar\u00e0 del 30 d\u2019abril al 5 de maig de 2017. Aquesta \u00e9s una de les curses m\u00e9s dures del m\u00f3n amb [...]","og_url":"https:\/\/cetaradell.cat\/ce\/roger-tuneu-participara-a-la-titan-desert\/","og_site_name":"Centre Excursionista Taradell","article_publisher":"https:\/\/www.facebook.com\/CETaradell\/","article_published_time":"2017-04-24T21:59:45+00:00","article_modified_time":"2021-09-12T21:48:02+00:00","og_image":[{"width":1080,"height":809,"url":"https:\/\/cetaradell.cat\/ce\/wp-content\/uploads\/2017-04-roger_tuneu.jpg","type":"image\/jpeg"}],"author":"CET","twitter_card":"summary_large_image","twitter_misc":{"Escrit per":"CET","Temps estimat de lectura":"2 minuts"},"schema":{"@context":"https:\/\/schema.org","@graph":[{"@type":"Article","@id":"https:\/\/cetaradell.cat\/ce\/roger-tuneu-participara-a-la-titan-desert\/#article","isPartOf":{"@id":"https:\/\/cetaradell.cat\/ce\/roger-tuneu-participara-a-la-titan-desert\/"},"author":{"name":"CET","@id":"https:\/\/cetaradell.cat\/ce\/#\/schema\/person\/92a59f585073071c7be6649e84b22f78"},"headline":"Roger Tuneu participar\u00e0 a la Titan Desert","datePublished":"2017-04-24T21:59:45+00:00","dateModified":"2021-09-12T21:48:02+00:00","mainEntityOfPage":{"@id":"https:\/\/cetaradell.cat\/ce\/roger-tuneu-participara-a-la-titan-desert\/"},"wordCount":383,"image":{"@id":"https:\/\/cetaradell.cat\/ce\/roger-tuneu-participara-a-la-titan-desert\/#primaryimage"},"thumbnailUrl":"https:\/\/cetaradell.cat\/ce\/wp-content\/uploads\/2017-04-roger_tuneu.jpg","articleSection":["Not\u00edcies"],"inLanguage":"ca"},{"@type":"WebPage","@id":"https:\/\/cetaradell.cat\/ce\/roger-tuneu-participara-a-la-titan-desert\/","url":"https:\/\/cetaradell.cat\/ce\/roger-tuneu-participara-a-la-titan-desert\/","name":"Roger Tuneu participar\u00e0 a la Titan Desert - Centre Excursionista Taradell","isPartOf":{"@id":"https:\/\/cetaradell.cat\/ce\/#website"},"primaryImageOfPage":{"@id":"https:\/\/cetaradell.cat\/ce\/roger-tuneu-participara-a-la-titan-desert\/#primaryimage"},"image":{"@id":"https:\/\/cetaradell.cat\/ce\/roger-tuneu-participara-a-la-titan-desert\/#primaryimage"},"thumbnailUrl":"https:\/\/cetaradell.cat\/ce\/wp-content\/uploads\/2017-04-roger_tuneu.jpg","datePublished":"2017-04-24T21:59:45+00:00","dateModified":"2021-09-12T21:48:02+00:00","author":{"@id":"https:\/\/cetaradell.cat\/ce\/#\/schema\/person\/92a59f585073071c7be6649e84b22f78"},"breadcrumb":{"@id":"https:\/\/cetaradell.cat\/ce\/roger-tuneu-participara-a-la-titan-desert\/#breadcrumb"},"inLanguage":"ca","potentialAction":[{"@type":"ReadAction","target":["https:\/\/cetaradell.cat\/ce\/roger-tuneu-participara-a-la-titan-desert\/"]}]},{"@type":"ImageObject","inLanguage":"ca","@id":"https:\/\/cetaradell.cat\/ce\/roger-tuneu-participara-a-la-titan-desert\/#primaryimage","url":"https:\/\/cetaradell.cat\/ce\/wp-content\/uploads\/2017-04-roger_tuneu.jpg","contentUrl":"https:\/\/cetaradell.cat\/ce\/wp-content\/uploads\/2017-04-roger_tuneu.jpg","width":1080,"height":809},{"@type":"BreadcrumbList","@id":"https:\/\/cetaradell.cat\/ce\/roger-tuneu-participara-a-la-titan-desert\/#breadcrumb","itemListElement":[{"@type":"ListItem","position":1,"name":"Inici","item":"https:\/\/cetaradell.cat\/ce\/"},{"@type":"ListItem","position":2,"name":"Roger Tuneu participar\u00e0 a la Titan Desert"}]},{"@type":"WebSite","@id":"https:\/\/cetaradell.cat\/ce\/#website","url":"https:\/\/cetaradell.cat\/ce\/","name":"Centre Excursionista Taradell","description":"","potentialAction":[{"@type":"SearchAction","target":{"@type":"EntryPoint","urlTemplate":"https:\/\/cetaradell.cat\/ce\/?s={search_term_string}"},"query-input":{"@type":"PropertyValueSpecification","valueRequired":true,"valueName":"search_term_string"}}],"inLanguage":"ca"},{"@type":"Person","@id":"https:\/\/cetaradell.cat\/ce\/#\/schema\/person\/92a59f585073071c7be6649e84b22f78","name":"CET","image":{"@type":"ImageObject","inLanguage":"ca","@id":"https:\/\/secure.gravatar.com\/avatar\/d6fbe010d42056feccc0f613ed07277a5118442805079269f12dabdc42e1a727?s=96&d=mm&r=g","url":"https:\/\/secure.gravatar.com\/avatar\/d6fbe010d42056feccc0f613ed07277a5118442805079269f12dabdc42e1a727?s=96&d=mm&r=g","contentUrl":"https:\/\/secure.gravatar.com\/avatar\/d6fbe010d42056feccc0f613ed07277a5118442805079269f12dabdc42e1a727?s=96&d=mm&r=g","caption":"CET"},"url":"https:\/\/cetaradell.cat\/ce\/author\/root\/"}]}},"_links":{"self":[{"href":"https:\/\/cetaradell.cat\/ce\/wp-json\/wp\/v2\/posts\/5447","targetHints":{"allow":["GET"]}}],"collection":[{"href":"https:\/\/cetaradell.cat\/ce\/wp-json\/wp\/v2\/posts"}],"about":[{"href":"https:\/\/cetaradell.cat\/ce\/wp-json\/wp\/v2\/types\/post"}],"author":[{"embeddable":true,"href":"https:\/\/cetaradell.cat\/ce\/wp-json\/wp\/v2\/users\/1"}],"replies":[{"embeddable":true,"href":"https:\/\/cetaradell.cat\/ce\/wp-json\/wp\/v2\/comments?post=5447"}],"version-history":[{"count":0,"href":"https:\/\/cetaradell.cat\/ce\/wp-json\/wp\/v2\/posts\/5447\/revisions"}],"wp:featuredmedia":[{"embeddable":true,"href":"https:\/\/cetaradell.cat\/ce\/wp-json\/wp\/v2\/media\/5449"}],"wp:attachment":[{"href":"https:\/\/cetaradell.cat\/ce\/wp-json\/wp\/v2\/media?parent=5447"}],"wp:term":[{"taxonomy":"category","embeddable":true,"href":"https:\/\/cetaradell.cat\/ce\/wp-json\/wp\/v2\/categories?post=5447"},{"taxonomy":"post_tag","embeddable":true,"href":"https:\/\/cetaradell.cat\/ce\/wp-json\/wp\/v2\/tags?post=5447"}],"curies":[{"name":"wp","href":"https:\/\/api.w.org\/{rel}","templated":true}]}}