{"id":5479,"date":"2017-05-04T23:24:30","date_gmt":"2017-05-04T22:24:30","guid":{"rendered":"https:\/\/cetaradell.cat\/ce\/?p=5479"},"modified":"2020-07-14T23:02:13","modified_gmt":"2020-07-14T22:02:13","slug":"curses-de-labril-del-cet-lenclusa","status":"publish","type":"post","link":"https:\/\/cetaradell.cat\/ce\/curses-de-labril-del-cet-lenclusa\/","title":{"rendered":"Curses de l\u2019abril del CET-L\u2019Enclusa"},"content":{"rendered":"<ul>\n<li><strong>Roc Gros 2017<\/strong><\/li>\n<\/ul>\n<div id=\"attachment_5482\" style=\"width: 198px\" class=\"wp-caption alignleft\"><a href=\"https:\/\/cetaradell.cat\/ce\/wp-content\/uploads\/2017-04-02-Cursa_Roc_Grosfoto_FB_MMarina.jpg\" target=\"_blank\" rel=\"attachment noopener wp-att-5482 noreferrer\"><img decoding=\"async\" aria-describedby=\"caption-attachment-5482\" class=\"wp-image-5482\" src=\"https:\/\/cetaradell.cat\/ce\/wp-content\/uploads\/2017-04-02-Cursa_Roc_Grosfoto_FB_MMarina-225x300.jpg\" alt=\"2017-04-02-Cursa_Roc_Gros(foto_FB_MMarina)\" width=\"188\" height=\"250\" srcset=\"https:\/\/cetaradell.cat\/ce\/wp-content\/uploads\/2017-04-02-Cursa_Roc_Grosfoto_FB_MMarina-225x300.jpg 225w, https:\/\/cetaradell.cat\/ce\/wp-content\/uploads\/2017-04-02-Cursa_Roc_Grosfoto_FB_MMarina-500x667.jpg 500w, https:\/\/cetaradell.cat\/ce\/wp-content\/uploads\/2017-04-02-Cursa_Roc_Grosfoto_FB_MMarina-700x933.jpg 700w, https:\/\/cetaradell.cat\/ce\/wp-content\/uploads\/2017-04-02-Cursa_Roc_Grosfoto_FB_MMarina-768x1024.jpg 768w, https:\/\/cetaradell.cat\/ce\/wp-content\/uploads\/2017-04-02-Cursa_Roc_Grosfoto_FB_MMarina.jpg 1080w\" sizes=\"(max-width: 188px) 100vw, 188px\" \/><\/a><p id=\"caption-attachment-5482\" class=\"wp-caption-text\">Miquel Codony al Roc Groc<\/p><\/div>\n<p>El 2 d\u2019abril als Hostalets de Baleny\u00e0 es va disputar la 6a Cursa del Roc Gros. El recorregut va ser de 21 quil\u00f2metres amb un desnivell positiu de 1.030 metres.<\/p>\n<p>En aquesta edici\u00f3 hi van participar 327 corredors, entre els quals hi havia <strong>D\u00eddac Romero<\/strong>, <strong>Miquel Codony<\/strong> i <strong>Xevi Relats<\/strong> del CET-L\u2019Enclusa. <strong>Miquel Codony<\/strong> es va classificar en la posici\u00f3 27 dels veterans masculins, i en la 88 de la general, amb un temps de 2 hores 21 minuts i 6 segons i <strong>D\u00eddac Romero<\/strong> en la posici\u00f3 40 dels veterans masculins, i la 119 de la general, amb un temps de 2 hores 28 minuts i 59 segons. <strong>Xevi Relats<\/strong> va entrar en la posici\u00f3 63 dels s\u00e8niors masculins, i la 130 de la general, amb un temps de 2 hores 31 minuts i 14 segons.<\/p>\n<p>&nbsp;<\/p>\n<p>&nbsp;<\/p>\n<p>&nbsp;<\/p>\n<ul>\n<li><strong>Ultra del Montseny<\/strong><\/li>\n<\/ul>\n<div id=\"attachment_5480\" style=\"width: 177px\" class=\"wp-caption alignright\"><a href=\"https:\/\/cetaradell.cat\/ce\/wp-content\/uploads\/2017-04-01-Ultra_MontsenyFoto_JPerez-1.jpg\" target=\"_blank\" rel=\"attachment noopener wp-att-5480 noreferrer\"><img decoding=\"async\" aria-describedby=\"caption-attachment-5480\" class=\"wp-image-5480\" src=\"https:\/\/cetaradell.cat\/ce\/wp-content\/uploads\/2017-04-01-Ultra_MontsenyFoto_JPerez-1-200x300.jpg\" alt=\"2017-04-01-Ultra_Montseny(Foto_JPerez) (1)\" width=\"167\" height=\"250\" srcset=\"https:\/\/cetaradell.cat\/ce\/wp-content\/uploads\/2017-04-01-Ultra_MontsenyFoto_JPerez-1-200x300.jpg 200w, https:\/\/cetaradell.cat\/ce\/wp-content\/uploads\/2017-04-01-Ultra_MontsenyFoto_JPerez-1-500x750.jpg 500w, https:\/\/cetaradell.cat\/ce\/wp-content\/uploads\/2017-04-01-Ultra_MontsenyFoto_JPerez-1.jpg 538w\" sizes=\"(max-width: 167px) 100vw, 167px\" \/><\/a><p id=\"caption-attachment-5480\" class=\"wp-caption-text\">Jordi P\u00e9rez, D\u00eddac Gallardo i Jaime P\u00e9rez durant la cursa<\/p><\/div>\n<p>El dissabte dia 1 d\u2019abril a Seva es va celebrar la <strong>Ultra del Montseny<\/strong>. En aquesta prova es van organitzar dues curses; la Ultra 84K de 84 quil\u00f2metres de recorregut i 4.657 metres de desnivell positiu que s\u2019havia de completar en menys de 20 hores i la 37K de 37 quil\u00f2metres i 2.386 metres de desnivell positiu que tenia la sortida i arribada al poble de Montseny.<\/p>\n<p>A la prova Ultra hi va participar el soci de la nostra entitat <strong>Jordi P\u00e9rez<\/strong> que juntament amb <strong>Jaime P\u00e9rez<\/strong> i <strong>D\u00eddac Gallardo<\/strong> van competir en la categoria d\u2019equip, en la qual es van classificar en 3r lloc dels equips masculins amb un temps de 15 hores 13 minuts i 52 segons.<\/p>\n<p>&nbsp;<\/p>\n<ul>\n<li><strong>Rom\u00e0nic Extrem 2017<\/strong><\/li>\n<\/ul>\n<div id=\"attachment_5481\" style=\"width: 260px\" class=\"wp-caption alignleft\"><a href=\"https:\/\/cetaradell.cat\/ce\/wp-content\/uploads\/2017-04-02_Romanic_Extremfoto_Isabel_Puigb.jpg\" target=\"_blank\" rel=\"attachment noopener wp-att-5481 noreferrer\"><img decoding=\"async\" aria-describedby=\"caption-attachment-5481\" class=\"wp-image-5481\" src=\"https:\/\/cetaradell.cat\/ce\/wp-content\/uploads\/2017-04-02_Romanic_Extremfoto_Isabel_Puigb-300x225.jpg\" alt=\"2017-04-02_Romanic_Extrem(foto_Isabel_Puig)b\" width=\"250\" height=\"188\" srcset=\"https:\/\/cetaradell.cat\/ce\/wp-content\/uploads\/2017-04-02_Romanic_Extremfoto_Isabel_Puigb-300x225.jpg 300w, https:\/\/cetaradell.cat\/ce\/wp-content\/uploads\/2017-04-02_Romanic_Extremfoto_Isabel_Puigb-500x375.jpg 500w, https:\/\/cetaradell.cat\/ce\/wp-content\/uploads\/2017-04-02_Romanic_Extremfoto_Isabel_Puigb.jpg 622w\" sizes=\"(max-width: 250px) 100vw, 250px\" \/><\/a><p id=\"caption-attachment-5481\" class=\"wp-caption-text\">Joan Llopart a la Rom\u00e0nic Extrem (Foto: Isabel Puig)<\/p><\/div>\n<p>El 2 d\u2019abril a la Vall de Vianya es va disputar la <strong>Rom\u00e0nic Extrem<\/strong>, que va constar d\u2019una marat\u00f3 i una mitja marrat\u00f3 que van transcorrer per senders i corriols d\u2019entre els l\u00edmits del Parc Natural de la Zona Volc\u00e0nica de la Garrotxa i l&#8217;Alta Garrotxa.<\/p>\n<p>A la marat\u00f3 de 42,17 quil\u00f2metres de recorregut i 2.000 metres de desnivell positiu hi va participar <strong>Joan Llopart<\/strong>, del CET-L\u2019Enclusa, la qual va ser la seva 181 marat\u00f3 i la va completar amb un temps de 7 hores 33 minuts i 59 segons, classificant-se en la posici\u00f3 136 de la general masculina.<\/p>\n<p>&nbsp;<\/p>\n<p><strong>\u00a0<\/strong><\/p>\n<ul>\n<li><strong>Pels Camins dels Matxos<\/strong><\/li>\n<\/ul>\n<p>El diumenge 9 d\u2019abril, a Torell\u00f3, es va celebrar la 16a edici\u00f3 de la cursa <strong>Pels Camins dels Matxos<\/strong>. El recorregut de la cursa va ser de 63 quil\u00f2metres i 6.200 metres de desnivell acumulat, els quals s\u2019havien de fer en menys de 15 hores, i passava pels llocs m\u00e9s emblem\u00e0tics de la zona: Borgony\u00e0, Bellmunt (1.248 m), Salt del Mol\u00ed, Serra de Curull, Puigsacalm (1.514 m), La Grevolosa, Cabrera, La Creu de Salgueda (1.088 m) i El Castell dels Torell\u00f3 (781 m). Al participant que els 63 quil\u00f2metres se feien massa llargs durant la cursa podia escollir un recorregut alternatiu de 56, 53 o un de 48 quil\u00f2metres. En aquesta edici\u00f3 tamb\u00e9 es va organitzar un recorregut anomenat <strong>el Tastet de Matxos<\/strong> amb 22 quil\u00f2metres de corriols i 2.800 metres de desnivell acumulat.<\/p>\n<p>Els atletes del CET-L\u2019Enclusa, <strong>D\u00eddac Romero <\/strong>(10h 56m 24s), <strong>Josep A. Jaramillo <\/strong>(11h 08m 47s), <strong>Josep Duran <\/strong>(13h 23m 57s), i <strong>S\u00f2nia S\u00e1nchez<\/strong> (13h 24m 01s) van completar el recorregut sencer. <strong>Santi Molist<\/strong> (09h 00m 30s) va fer el circuit mitj\u00e0, de 53 quil\u00f2metres i 5.100 metres de desnivell; <strong>Berta Roca<\/strong> (13h 29m 41s)\u00a0 a optar pel circuit de 48 quil\u00f2metres i 4.500 metres de desnivell; i <strong>Jordi P\u00e9rez<\/strong> (02h 53m 25s) va participar al Tastet de Matxos.<\/p>\n<p>&nbsp;<\/p>\n<ul>\n<li><strong>Cursa d\u2019obstacles<\/strong><\/li>\n<\/ul>\n<p>El cap de setmana del 22 al 23 d\u2019abril a Sant Agustin de Guadalix (Madrid) va tenir lloc la primera <strong>Spartan Race<\/strong> de l\u2019any en la qual hi va participar l\u2019atleta del CET-L\u2019Enclusa <strong>Albert Presegu\u00e9<\/strong>.<\/p>\n<p>El dissabte es va disputar la prova Super de la Spartan Race Madrid amb un recorreut de m\u00e9s de 13 quil\u00f2metres i m\u00e9s de 25 obstacles, on <strong>Albert Presegu\u00e9<\/strong> amb un temps de 1 hora i 25 minuts es va classificar en <strong>3a posici\u00f3 <\/strong>de la categoria \u00e8lit de 18 a 24 anys i 36a de la general.<\/p>\n<p>A la cursa Sprint, celebrada l\u2019endem\u00e0, d\u2019uns 5 quil\u00f2metres i m\u00e9s de 20 obstacles, amb un temps de 38 minuts i 3 segons, <strong>Albert Presegu\u00e9<\/strong> es va classificar en <strong>4a posici\u00f3<\/strong> de la categoria \u00e8lit de 18 a 24 anys i 33a de la general.<\/p>\n<table>\n<tbody>\n<tr>\n<td>\n<p><div id=\"attachment_5484\" style=\"width: 310px\" class=\"wp-caption aligncenter\"><a href=\"https:\/\/cetaradell.cat\/ce\/wp-content\/uploads\/2017-04-22-SpartanRaceMadridSportgraf-4.jpg\" target=\"_blank\" rel=\"attachment noopener wp-att-5484 noreferrer\"><img decoding=\"async\" aria-describedby=\"caption-attachment-5484\" class=\"wp-image-5484 size-medium\" src=\"https:\/\/cetaradell.cat\/ce\/wp-content\/uploads\/2017-04-22-SpartanRaceMadridSportgraf-4-300x200.jpg\" alt=\"2017-04-22-SpartanRaceMadrid(Sportgraf) (4)\" width=\"300\" height=\"200\" srcset=\"https:\/\/cetaradell.cat\/ce\/wp-content\/uploads\/2017-04-22-SpartanRaceMadridSportgraf-4-300x200.jpg 300w, https:\/\/cetaradell.cat\/ce\/wp-content\/uploads\/2017-04-22-SpartanRaceMadridSportgraf-4-500x333.jpg 500w, https:\/\/cetaradell.cat\/ce\/wp-content\/uploads\/2017-04-22-SpartanRaceMadridSportgraf-4-700x467.jpg 700w, https:\/\/cetaradell.cat\/ce\/wp-content\/uploads\/2017-04-22-SpartanRaceMadridSportgraf-4-768x512.jpg 768w, https:\/\/cetaradell.cat\/ce\/wp-content\/uploads\/2017-04-22-SpartanRaceMadridSportgraf-4.jpg 1024w\" sizes=\"(max-width: 300px) 100vw, 300px\" \/><\/a><p id=\"caption-attachment-5484\" class=\"wp-caption-text\">Albert Presegu\u00e9 a la prova Super (Foto: Sportograf)<\/p><\/div><\/td>\n<td>\n<p><div id=\"attachment_5485\" style=\"width: 210px\" class=\"wp-caption aligncenter\"><a href=\"https:\/\/cetaradell.cat\/ce\/wp-content\/uploads\/2017-04-23-SpartanRaceMadridFB_APresegu\u00e9-2.jpg\" target=\"_blank\" rel=\"attachment noopener wp-att-5485 noreferrer\"><img decoding=\"async\" aria-describedby=\"caption-attachment-5485\" class=\"wp-image-5485\" src=\"https:\/\/cetaradell.cat\/ce\/wp-content\/uploads\/2017-04-23-SpartanRaceMadridFB_APresegu\u00e9-2-300x300.jpg\" alt=\"2017-04-23-SpartanRaceMadrid(FB_APresegu\u00e9) (2)\" width=\"200\" height=\"200\" srcset=\"https:\/\/cetaradell.cat\/ce\/wp-content\/uploads\/2017-04-23-SpartanRaceMadridFB_APresegu\u00e9-2-60x60.jpg 60w, https:\/\/cetaradell.cat\/ce\/wp-content\/uploads\/2017-04-23-SpartanRaceMadridFB_APresegu\u00e9-2-100x100.jpg 100w, https:\/\/cetaradell.cat\/ce\/wp-content\/uploads\/2017-04-23-SpartanRaceMadridFB_APresegu\u00e9-2-150x150.jpg 150w, https:\/\/cetaradell.cat\/ce\/wp-content\/uploads\/2017-04-23-SpartanRaceMadridFB_APresegu\u00e9-2-300x300.jpg 300w, https:\/\/cetaradell.cat\/ce\/wp-content\/uploads\/2017-04-23-SpartanRaceMadridFB_APresegu\u00e9-2-500x500.jpg 500w, https:\/\/cetaradell.cat\/ce\/wp-content\/uploads\/2017-04-23-SpartanRaceMadridFB_APresegu\u00e9-2.jpg 551w\" sizes=\"(max-width: 200px) 100vw, 200px\" \/><\/a><p id=\"caption-attachment-5485\" class=\"wp-caption-text\">Albert Presegu\u00e9 (dreta) amb Nestor Terribas despr\u00e9s de la prova Sprint<\/p><\/div><\/td>\n<\/tr>\n<\/tbody>\n<\/table>\n<p>&nbsp;<\/p>\n<ul>\n<li><strong>MiM Penyagolosa<\/strong><\/li>\n<\/ul>\n<div id=\"attachment_5483\" style=\"width: 260px\" class=\"wp-caption alignleft\"><a href=\"https:\/\/cetaradell.cat\/ce\/wp-content\/uploads\/2017-04-22_MiM_Penyagolosa.jpg\" target=\"_blank\" rel=\"attachment noopener wp-att-5483 noreferrer\"><img decoding=\"async\" aria-describedby=\"caption-attachment-5483\" class=\"wp-image-5483\" src=\"https:\/\/cetaradell.cat\/ce\/wp-content\/uploads\/2017-04-22_MiM_Penyagolosa-300x279.jpg\" alt=\"2017-04-22_MiM_Penyagolosa\" width=\"250\" height=\"232\" srcset=\"https:\/\/cetaradell.cat\/ce\/wp-content\/uploads\/2017-04-22_MiM_Penyagolosa-300x279.jpg 300w, https:\/\/cetaradell.cat\/ce\/wp-content\/uploads\/2017-04-22_MiM_Penyagolosa-500x464.jpg 500w, https:\/\/cetaradell.cat\/ce\/wp-content\/uploads\/2017-04-22_MiM_Penyagolosa.jpg 700w\" sizes=\"(max-width: 250px) 100vw, 250px\" \/><\/a><p id=\"caption-attachment-5483\" class=\"wp-caption-text\">Albert Pujol a la Penyagolosa<\/p><\/div>\n<p>El dissabte 22 de maig a Castell\u00f3 es va disputar la 19a edici\u00f3 de la <strong>MiM Penyagolosa<\/strong>, una marat\u00f3 i mitja que surt d\u2019aquesta ciutat pr\u00e0cticament arran de mar per acabar a Sant Joan de Penyagolosa a m\u00e9s de 1.200 metres d\u2019al\u00e7ada. La dist\u00e0ncia total del recoregut va ser de <strong>63 quil\u00f2metres<\/strong> amb un desnivell positiu acumulat de 3.045 metres i un desnivell negatiu acumulat de 1.833 metres. Aquest cursa va ser la segona prova que puntuava per al circuit M de la Spain Ultra Cup i va comptar amb 1.385 finalistes.<\/p>\n<p><strong>Albert Pujol<\/strong>, soci del CET, va particiapar en aquesta cursa i va travessar la meta en <strong>6a posici\u00f3<\/strong> amb un temps de 5 hores 43 minuts i 51 segon. Tot i que aquesta dist\u00e0ncia no era la seva preferida, ni el ritme, s\u2019hi va anar adaptant; va comen\u00e7ar a un ritme conservador fins al quil\u00f2metre 30 per canviar-lo a partir d\u2019aquest punt, per\u00f2 en aquest punt va sofir una caigua en una baixada de pedres que el va deixar baldat. En el seguent control va afagar el pals de c\u00f3rrer i al cap de poc ja tornava a estar ficat a la cursa i malgrat el dolor i el cansament va aconseguir remuntar dues posicions entrant en una m\u00e9s que merescuda 6a posici\u00f3, de manera que mant\u00e9 el liderat a la Spain Ultra Cup.<\/p>\n<p>&nbsp;<\/p>\n","protected":false},"excerpt":{"rendered":"<p>Roc Gros 2017 El 2 d\u2019abril als Hostalets de Baleny\u00e0 es va disputar la 6a Cursa del Roc Gros. El recorregut va ser de 21 quil\u00f2metres amb un desnivell positiu de 1.030 metres. En aquesta edici\u00f3 hi van participar 327 corredors, entre els quals hi havia D\u00eddac Romero, Miquel Codony  [&#8230;]<\/p>\n","protected":false},"author":1,"featured_media":5482,"comment_status":"closed","ping_status":"closed","sticky":false,"template":"","format":"standard","meta":{"footnotes":""},"categories":[32,3],"tags":[],"class_list":["post-5479","post","type-post","status-publish","format-standard","has-post-thumbnail","hentry","category-equip-cet-lenclusa","category-noticies"],"yoast_head":"<!-- This site is optimized with the Yoast SEO plugin v27.5 - https:\/\/yoast.com\/product\/yoast-seo-wordpress\/ -->\n<title>Curses de l\u2019abril del CET-L\u2019Enclusa - Centre Excursionista Taradell<\/title>\n<meta name=\"robots\" content=\"index, follow, max-snippet:-1, max-image-preview:large, max-video-preview:-1\" \/>\n<link rel=\"canonical\" href=\"https:\/\/cetaradell.cat\/ce\/curses-de-labril-del-cet-lenclusa\/\" \/>\n<meta property=\"og:locale\" content=\"ca_ES\" \/>\n<meta property=\"og:type\" content=\"article\" \/>\n<meta property=\"og:title\" content=\"Curses de l\u2019abril del CET-L\u2019Enclusa - Centre Excursionista Taradell\" \/>\n<meta property=\"og:description\" content=\"Roc Gros 2017 El 2 d\u2019abril als Hostalets de Baleny\u00e0 es va disputar la 6a Cursa del Roc Gros. El recorregut va ser de 21 quil\u00f2metres amb un desnivell positiu de 1.030 metres. En aquesta edici\u00f3 hi van participar 327 corredors, entre els quals hi havia D\u00eddac Romero, Miquel Codony [...]\" \/>\n<meta property=\"og:url\" content=\"https:\/\/cetaradell.cat\/ce\/curses-de-labril-del-cet-lenclusa\/\" \/>\n<meta property=\"og:site_name\" content=\"Centre Excursionista Taradell\" \/>\n<meta property=\"article:publisher\" content=\"https:\/\/www.facebook.com\/CETaradell\/\" \/>\n<meta property=\"article:published_time\" content=\"2017-05-04T22:24:30+00:00\" \/>\n<meta property=\"article:modified_time\" content=\"2020-07-14T22:02:13+00:00\" \/>\n<meta property=\"og:image\" content=\"https:\/\/cetaradell.cat\/ce\/wp-content\/uploads\/2017-04-02-Cursa_Roc_Grosfoto_FB_MMarina.jpg\" \/>\n\t<meta property=\"og:image:width\" content=\"1080\" \/>\n\t<meta property=\"og:image:height\" content=\"1440\" \/>\n\t<meta property=\"og:image:type\" content=\"image\/jpeg\" \/>\n<meta name=\"author\" content=\"CET\" \/>\n<meta name=\"twitter:card\" content=\"summary_large_image\" \/>\n<meta name=\"twitter:label1\" content=\"Escrit per\" \/>\n\t<meta name=\"twitter:data1\" content=\"CET\" \/>\n\t<meta name=\"twitter:label2\" content=\"Temps estimat de lectura\" \/>\n\t<meta name=\"twitter:data2\" content=\"5 minuts\" \/>\n<script type=\"application\/ld+json\" class=\"yoast-schema-graph\">{\"@context\":\"https:\\\/\\\/schema.org\",\"@graph\":[{\"@type\":\"Article\",\"@id\":\"https:\\\/\\\/cetaradell.cat\\\/ce\\\/curses-de-labril-del-cet-lenclusa\\\/#article\",\"isPartOf\":{\"@id\":\"https:\\\/\\\/cetaradell.cat\\\/ce\\\/curses-de-labril-del-cet-lenclusa\\\/\"},\"author\":{\"name\":\"CET\",\"@id\":\"https:\\\/\\\/cetaradell.cat\\\/ce\\\/#\\\/schema\\\/person\\\/92a59f585073071c7be6649e84b22f78\"},\"headline\":\"Curses de l\u2019abril del CET-L\u2019Enclusa\",\"datePublished\":\"2017-05-04T22:24:30+00:00\",\"dateModified\":\"2020-07-14T22:02:13+00:00\",\"mainEntityOfPage\":{\"@id\":\"https:\\\/\\\/cetaradell.cat\\\/ce\\\/curses-de-labril-del-cet-lenclusa\\\/\"},\"wordCount\":1043,\"image\":{\"@id\":\"https:\\\/\\\/cetaradell.cat\\\/ce\\\/curses-de-labril-del-cet-lenclusa\\\/#primaryimage\"},\"thumbnailUrl\":\"https:\\\/\\\/cetaradell.cat\\\/ce\\\/wp-content\\\/uploads\\\/2017-04-02-Cursa_Roc_Grosfoto_FB_MMarina.jpg\",\"articleSection\":[\"Equip CET-L'Enclusa\",\"Not\u00edcies\"],\"inLanguage\":\"ca\"},{\"@type\":\"WebPage\",\"@id\":\"https:\\\/\\\/cetaradell.cat\\\/ce\\\/curses-de-labril-del-cet-lenclusa\\\/\",\"url\":\"https:\\\/\\\/cetaradell.cat\\\/ce\\\/curses-de-labril-del-cet-lenclusa\\\/\",\"name\":\"Curses de l\u2019abril del CET-L\u2019Enclusa - Centre Excursionista Taradell\",\"isPartOf\":{\"@id\":\"https:\\\/\\\/cetaradell.cat\\\/ce\\\/#website\"},\"primaryImageOfPage\":{\"@id\":\"https:\\\/\\\/cetaradell.cat\\\/ce\\\/curses-de-labril-del-cet-lenclusa\\\/#primaryimage\"},\"image\":{\"@id\":\"https:\\\/\\\/cetaradell.cat\\\/ce\\\/curses-de-labril-del-cet-lenclusa\\\/#primaryimage\"},\"thumbnailUrl\":\"https:\\\/\\\/cetaradell.cat\\\/ce\\\/wp-content\\\/uploads\\\/2017-04-02-Cursa_Roc_Grosfoto_FB_MMarina.jpg\",\"datePublished\":\"2017-05-04T22:24:30+00:00\",\"dateModified\":\"2020-07-14T22:02:13+00:00\",\"author\":{\"@id\":\"https:\\\/\\\/cetaradell.cat\\\/ce\\\/#\\\/schema\\\/person\\\/92a59f585073071c7be6649e84b22f78\"},\"breadcrumb\":{\"@id\":\"https:\\\/\\\/cetaradell.cat\\\/ce\\\/curses-de-labril-del-cet-lenclusa\\\/#breadcrumb\"},\"inLanguage\":\"ca\",\"potentialAction\":[{\"@type\":\"ReadAction\",\"target\":[\"https:\\\/\\\/cetaradell.cat\\\/ce\\\/curses-de-labril-del-cet-lenclusa\\\/\"]}]},{\"@type\":\"ImageObject\",\"inLanguage\":\"ca\",\"@id\":\"https:\\\/\\\/cetaradell.cat\\\/ce\\\/curses-de-labril-del-cet-lenclusa\\\/#primaryimage\",\"url\":\"https:\\\/\\\/cetaradell.cat\\\/ce\\\/wp-content\\\/uploads\\\/2017-04-02-Cursa_Roc_Grosfoto_FB_MMarina.jpg\",\"contentUrl\":\"https:\\\/\\\/cetaradell.cat\\\/ce\\\/wp-content\\\/uploads\\\/2017-04-02-Cursa_Roc_Grosfoto_FB_MMarina.jpg\",\"width\":1080,\"height\":1440},{\"@type\":\"BreadcrumbList\",\"@id\":\"https:\\\/\\\/cetaradell.cat\\\/ce\\\/curses-de-labril-del-cet-lenclusa\\\/#breadcrumb\",\"itemListElement\":[{\"@type\":\"ListItem\",\"position\":1,\"name\":\"Inici\",\"item\":\"https:\\\/\\\/cetaradell.cat\\\/ce\\\/\"},{\"@type\":\"ListItem\",\"position\":2,\"name\":\"Curses de l\u2019abril del CET-L\u2019Enclusa\"}]},{\"@type\":\"WebSite\",\"@id\":\"https:\\\/\\\/cetaradell.cat\\\/ce\\\/#website\",\"url\":\"https:\\\/\\\/cetaradell.cat\\\/ce\\\/\",\"name\":\"Centre Excursionista Taradell\",\"description\":\"\",\"potentialAction\":[{\"@type\":\"SearchAction\",\"target\":{\"@type\":\"EntryPoint\",\"urlTemplate\":\"https:\\\/\\\/cetaradell.cat\\\/ce\\\/?s={search_term_string}\"},\"query-input\":{\"@type\":\"PropertyValueSpecification\",\"valueRequired\":true,\"valueName\":\"search_term_string\"}}],\"inLanguage\":\"ca\"},{\"@type\":\"Person\",\"@id\":\"https:\\\/\\\/cetaradell.cat\\\/ce\\\/#\\\/schema\\\/person\\\/92a59f585073071c7be6649e84b22f78\",\"name\":\"CET\",\"image\":{\"@type\":\"ImageObject\",\"inLanguage\":\"ca\",\"@id\":\"https:\\\/\\\/secure.gravatar.com\\\/avatar\\\/d6fbe010d42056feccc0f613ed07277a5118442805079269f12dabdc42e1a727?s=96&d=mm&r=g\",\"url\":\"https:\\\/\\\/secure.gravatar.com\\\/avatar\\\/d6fbe010d42056feccc0f613ed07277a5118442805079269f12dabdc42e1a727?s=96&d=mm&r=g\",\"contentUrl\":\"https:\\\/\\\/secure.gravatar.com\\\/avatar\\\/d6fbe010d42056feccc0f613ed07277a5118442805079269f12dabdc42e1a727?s=96&d=mm&r=g\",\"caption\":\"CET\"},\"url\":\"https:\\\/\\\/cetaradell.cat\\\/ce\\\/author\\\/root\\\/\"}]}<\/script>\n<!-- \/ Yoast SEO plugin. -->","yoast_head_json":{"title":"Curses de l\u2019abril del CET-L\u2019Enclusa - Centre Excursionista Taradell","robots":{"index":"index","follow":"follow","max-snippet":"max-snippet:-1","max-image-preview":"max-image-preview:large","max-video-preview":"max-video-preview:-1"},"canonical":"https:\/\/cetaradell.cat\/ce\/curses-de-labril-del-cet-lenclusa\/","og_locale":"ca_ES","og_type":"article","og_title":"Curses de l\u2019abril del CET-L\u2019Enclusa - Centre Excursionista Taradell","og_description":"Roc Gros 2017 El 2 d\u2019abril als Hostalets de Baleny\u00e0 es va disputar la 6a Cursa del Roc Gros. El recorregut va ser de 21 quil\u00f2metres amb un desnivell positiu de 1.030 metres. En aquesta edici\u00f3 hi van participar 327 corredors, entre els quals hi havia D\u00eddac Romero, Miquel Codony [...]","og_url":"https:\/\/cetaradell.cat\/ce\/curses-de-labril-del-cet-lenclusa\/","og_site_name":"Centre Excursionista Taradell","article_publisher":"https:\/\/www.facebook.com\/CETaradell\/","article_published_time":"2017-05-04T22:24:30+00:00","article_modified_time":"2020-07-14T22:02:13+00:00","og_image":[{"width":1080,"height":1440,"url":"https:\/\/cetaradell.cat\/ce\/wp-content\/uploads\/2017-04-02-Cursa_Roc_Grosfoto_FB_MMarina.jpg","type":"image\/jpeg"}],"author":"CET","twitter_card":"summary_large_image","twitter_misc":{"Escrit per":"CET","Temps estimat de lectura":"5 minuts"},"schema":{"@context":"https:\/\/schema.org","@graph":[{"@type":"Article","@id":"https:\/\/cetaradell.cat\/ce\/curses-de-labril-del-cet-lenclusa\/#article","isPartOf":{"@id":"https:\/\/cetaradell.cat\/ce\/curses-de-labril-del-cet-lenclusa\/"},"author":{"name":"CET","@id":"https:\/\/cetaradell.cat\/ce\/#\/schema\/person\/92a59f585073071c7be6649e84b22f78"},"headline":"Curses de l\u2019abril del CET-L\u2019Enclusa","datePublished":"2017-05-04T22:24:30+00:00","dateModified":"2020-07-14T22:02:13+00:00","mainEntityOfPage":{"@id":"https:\/\/cetaradell.cat\/ce\/curses-de-labril-del-cet-lenclusa\/"},"wordCount":1043,"image":{"@id":"https:\/\/cetaradell.cat\/ce\/curses-de-labril-del-cet-lenclusa\/#primaryimage"},"thumbnailUrl":"https:\/\/cetaradell.cat\/ce\/wp-content\/uploads\/2017-04-02-Cursa_Roc_Grosfoto_FB_MMarina.jpg","articleSection":["Equip CET-L'Enclusa","Not\u00edcies"],"inLanguage":"ca"},{"@type":"WebPage","@id":"https:\/\/cetaradell.cat\/ce\/curses-de-labril-del-cet-lenclusa\/","url":"https:\/\/cetaradell.cat\/ce\/curses-de-labril-del-cet-lenclusa\/","name":"Curses de l\u2019abril del CET-L\u2019Enclusa - Centre Excursionista Taradell","isPartOf":{"@id":"https:\/\/cetaradell.cat\/ce\/#website"},"primaryImageOfPage":{"@id":"https:\/\/cetaradell.cat\/ce\/curses-de-labril-del-cet-lenclusa\/#primaryimage"},"image":{"@id":"https:\/\/cetaradell.cat\/ce\/curses-de-labril-del-cet-lenclusa\/#primaryimage"},"thumbnailUrl":"https:\/\/cetaradell.cat\/ce\/wp-content\/uploads\/2017-04-02-Cursa_Roc_Grosfoto_FB_MMarina.jpg","datePublished":"2017-05-04T22:24:30+00:00","dateModified":"2020-07-14T22:02:13+00:00","author":{"@id":"https:\/\/cetaradell.cat\/ce\/#\/schema\/person\/92a59f585073071c7be6649e84b22f78"},"breadcrumb":{"@id":"https:\/\/cetaradell.cat\/ce\/curses-de-labril-del-cet-lenclusa\/#breadcrumb"},"inLanguage":"ca","potentialAction":[{"@type":"ReadAction","target":["https:\/\/cetaradell.cat\/ce\/curses-de-labril-del-cet-lenclusa\/"]}]},{"@type":"ImageObject","inLanguage":"ca","@id":"https:\/\/cetaradell.cat\/ce\/curses-de-labril-del-cet-lenclusa\/#primaryimage","url":"https:\/\/cetaradell.cat\/ce\/wp-content\/uploads\/2017-04-02-Cursa_Roc_Grosfoto_FB_MMarina.jpg","contentUrl":"https:\/\/cetaradell.cat\/ce\/wp-content\/uploads\/2017-04-02-Cursa_Roc_Grosfoto_FB_MMarina.jpg","width":1080,"height":1440},{"@type":"BreadcrumbList","@id":"https:\/\/cetaradell.cat\/ce\/curses-de-labril-del-cet-lenclusa\/#breadcrumb","itemListElement":[{"@type":"ListItem","position":1,"name":"Inici","item":"https:\/\/cetaradell.cat\/ce\/"},{"@type":"ListItem","position":2,"name":"Curses de l\u2019abril del CET-L\u2019Enclusa"}]},{"@type":"WebSite","@id":"https:\/\/cetaradell.cat\/ce\/#website","url":"https:\/\/cetaradell.cat\/ce\/","name":"Centre Excursionista Taradell","description":"","potentialAction":[{"@type":"SearchAction","target":{"@type":"EntryPoint","urlTemplate":"https:\/\/cetaradell.cat\/ce\/?s={search_term_string}"},"query-input":{"@type":"PropertyValueSpecification","valueRequired":true,"valueName":"search_term_string"}}],"inLanguage":"ca"},{"@type":"Person","@id":"https:\/\/cetaradell.cat\/ce\/#\/schema\/person\/92a59f585073071c7be6649e84b22f78","name":"CET","image":{"@type":"ImageObject","inLanguage":"ca","@id":"https:\/\/secure.gravatar.com\/avatar\/d6fbe010d42056feccc0f613ed07277a5118442805079269f12dabdc42e1a727?s=96&d=mm&r=g","url":"https:\/\/secure.gravatar.com\/avatar\/d6fbe010d42056feccc0f613ed07277a5118442805079269f12dabdc42e1a727?s=96&d=mm&r=g","contentUrl":"https:\/\/secure.gravatar.com\/avatar\/d6fbe010d42056feccc0f613ed07277a5118442805079269f12dabdc42e1a727?s=96&d=mm&r=g","caption":"CET"},"url":"https:\/\/cetaradell.cat\/ce\/author\/root\/"}]}},"_links":{"self":[{"href":"https:\/\/cetaradell.cat\/ce\/wp-json\/wp\/v2\/posts\/5479","targetHints":{"allow":["GET"]}}],"collection":[{"href":"https:\/\/cetaradell.cat\/ce\/wp-json\/wp\/v2\/posts"}],"about":[{"href":"https:\/\/cetaradell.cat\/ce\/wp-json\/wp\/v2\/types\/post"}],"author":[{"embeddable":true,"href":"https:\/\/cetaradell.cat\/ce\/wp-json\/wp\/v2\/users\/1"}],"replies":[{"embeddable":true,"href":"https:\/\/cetaradell.cat\/ce\/wp-json\/wp\/v2\/comments?post=5479"}],"version-history":[{"count":0,"href":"https:\/\/cetaradell.cat\/ce\/wp-json\/wp\/v2\/posts\/5479\/revisions"}],"wp:featuredmedia":[{"embeddable":true,"href":"https:\/\/cetaradell.cat\/ce\/wp-json\/wp\/v2\/media\/5482"}],"wp:attachment":[{"href":"https:\/\/cetaradell.cat\/ce\/wp-json\/wp\/v2\/media?parent=5479"}],"wp:term":[{"taxonomy":"category","embeddable":true,"href":"https:\/\/cetaradell.cat\/ce\/wp-json\/wp\/v2\/categories?post=5479"},{"taxonomy":"post_tag","embeddable":true,"href":"https:\/\/cetaradell.cat\/ce\/wp-json\/wp\/v2\/tags?post=5479"}],"curies":[{"name":"wp","href":"https:\/\/api.w.org\/{rel}","templated":true}]}}