{"id":5511,"date":"2017-05-07T22:34:38","date_gmt":"2017-05-07T21:34:38","guid":{"rendered":"https:\/\/cetaradell.cat\/ce\/?p=5511"},"modified":"2020-07-14T23:01:30","modified_gmt":"2020-07-14T22:01:30","slug":"jornada-de-seguretat-i-prevencio-a-muntanya","status":"publish","type":"post","link":"https:\/\/cetaradell.cat\/ce\/jornada-de-seguretat-i-prevencio-a-muntanya\/","title":{"rendered":"Jornada de seguretat i prevenci\u00f3 a muntanya"},"content":{"rendered":"<p><a href=\"https:\/\/cetaradell.cat\/ce\/wp-content\/uploads\/1492558164-curs.jpg\" target=\"_blank\" rel=\"attachment noopener wp-att-5512 noreferrer\"><img decoding=\"async\" class=\"alignleft wp-image-5512 size-medium\" src=\"https:\/\/cetaradell.cat\/ce\/wp-content\/uploads\/1492558164-curs-225x300.jpg\" alt=\"1492558164 curs\" width=\"225\" height=\"300\" srcset=\"https:\/\/cetaradell.cat\/ce\/wp-content\/uploads\/1492558164-curs-225x300.jpg 225w, https:\/\/cetaradell.cat\/ce\/wp-content\/uploads\/1492558164-curs-500x667.jpg 500w, https:\/\/cetaradell.cat\/ce\/wp-content\/uploads\/1492558164-curs.jpg 576w\" sizes=\"(max-width: 225px) 100vw, 225px\" \/><\/a><strong>Cicleu sobre la imatge per ampliar el programa<\/strong> de la\u00a0 3a jornada d&#8217;actualitzaci\u00f3 del curs de medicina i socors de muntanya: Seguretat, prevenci\u00f3 i conseq\u00fc\u00e8ncies legals derivades dels accidents.<\/p>\n","protected":false},"excerpt":{"rendered":"<p>Cicleu sobre la imatge per ampliar el programa de la\u00a0 3a jornada d&#8217;actualitzaci\u00f3 del curs de medicina i socors de muntanya: Seguretat, prevenci\u00f3 i conseq\u00fc\u00e8ncies legals derivades dels accidents.<\/p>\n","protected":false},"author":1,"featured_media":5512,"comment_status":"closed","ping_status":"closed","sticky":false,"template":"","format":"standard","meta":{"footnotes":""},"categories":[7,3],"tags":[],"class_list":["post-5511","post","type-post","status-publish","format-standard","has-post-thumbnail","hentry","category-muntanya","category-noticies"],"yoast_head":"<!-- This site is optimized with the Yoast SEO plugin v27.5 - https:\/\/yoast.com\/product\/yoast-seo-wordpress\/ -->\n<title>Jornada de seguretat i prevenci\u00f3 a muntanya - Centre Excursionista Taradell<\/title>\n<meta name=\"robots\" content=\"index, follow, max-snippet:-1, max-image-preview:large, max-video-preview:-1\" \/>\n<link rel=\"canonical\" href=\"https:\/\/cetaradell.cat\/ce\/jornada-de-seguretat-i-prevencio-a-muntanya\/\" \/>\n<meta property=\"og:locale\" content=\"ca_ES\" \/>\n<meta property=\"og:type\" content=\"article\" \/>\n<meta property=\"og:title\" content=\"Jornada de seguretat i prevenci\u00f3 a muntanya - Centre Excursionista Taradell\" \/>\n<meta property=\"og:description\" content=\"Cicleu sobre la imatge per ampliar el programa de la\u00a0 3a jornada d&#8217;actualitzaci\u00f3 del curs de medicina i socors de muntanya: Seguretat, prevenci\u00f3 i conseq\u00fc\u00e8ncies legals derivades dels accidents.\" \/>\n<meta property=\"og:url\" content=\"https:\/\/cetaradell.cat\/ce\/jornada-de-seguretat-i-prevencio-a-muntanya\/\" \/>\n<meta property=\"og:site_name\" content=\"Centre Excursionista Taradell\" \/>\n<meta property=\"article:publisher\" content=\"https:\/\/www.facebook.com\/CETaradell\/\" \/>\n<meta property=\"article:published_time\" content=\"2017-05-07T21:34:38+00:00\" \/>\n<meta property=\"article:modified_time\" content=\"2020-07-14T22:01:30+00:00\" \/>\n<meta property=\"og:image\" content=\"https:\/\/cetaradell.cat\/ce\/wp-content\/uploads\/1492558164-curs.jpg\" \/>\n\t<meta property=\"og:image:width\" content=\"576\" \/>\n\t<meta property=\"og:image:height\" content=\"768\" \/>\n\t<meta property=\"og:image:type\" content=\"image\/jpeg\" \/>\n<meta name=\"author\" content=\"CET\" \/>\n<meta name=\"twitter:card\" content=\"summary_large_image\" \/>\n<meta name=\"twitter:label1\" content=\"Escrit per\" \/>\n\t<meta name=\"twitter:data1\" content=\"CET\" \/>\n<script type=\"application\/ld+json\" class=\"yoast-schema-graph\">{\"@context\":\"https:\\\/\\\/schema.org\",\"@graph\":[{\"@type\":\"Article\",\"@id\":\"https:\\\/\\\/cetaradell.cat\\\/ce\\\/jornada-de-seguretat-i-prevencio-a-muntanya\\\/#article\",\"isPartOf\":{\"@id\":\"https:\\\/\\\/cetaradell.cat\\\/ce\\\/jornada-de-seguretat-i-prevencio-a-muntanya\\\/\"},\"author\":{\"name\":\"CET\",\"@id\":\"https:\\\/\\\/cetaradell.cat\\\/ce\\\/#\\\/schema\\\/person\\\/92a59f585073071c7be6649e84b22f78\"},\"headline\":\"Jornada de seguretat i prevenci\u00f3 a muntanya\",\"datePublished\":\"2017-05-07T21:34:38+00:00\",\"dateModified\":\"2020-07-14T22:01:30+00:00\",\"mainEntityOfPage\":{\"@id\":\"https:\\\/\\\/cetaradell.cat\\\/ce\\\/jornada-de-seguretat-i-prevencio-a-muntanya\\\/\"},\"wordCount\":38,\"image\":{\"@id\":\"https:\\\/\\\/cetaradell.cat\\\/ce\\\/jornada-de-seguretat-i-prevencio-a-muntanya\\\/#primaryimage\"},\"thumbnailUrl\":\"https:\\\/\\\/cetaradell.cat\\\/ce\\\/wp-content\\\/uploads\\\/1492558164-curs.jpg\",\"articleSection\":[\"Muntanya\",\"Not\u00edcies\"],\"inLanguage\":\"ca\"},{\"@type\":\"WebPage\",\"@id\":\"https:\\\/\\\/cetaradell.cat\\\/ce\\\/jornada-de-seguretat-i-prevencio-a-muntanya\\\/\",\"url\":\"https:\\\/\\\/cetaradell.cat\\\/ce\\\/jornada-de-seguretat-i-prevencio-a-muntanya\\\/\",\"name\":\"Jornada de seguretat i prevenci\u00f3 a muntanya - Centre Excursionista Taradell\",\"isPartOf\":{\"@id\":\"https:\\\/\\\/cetaradell.cat\\\/ce\\\/#website\"},\"primaryImageOfPage\":{\"@id\":\"https:\\\/\\\/cetaradell.cat\\\/ce\\\/jornada-de-seguretat-i-prevencio-a-muntanya\\\/#primaryimage\"},\"image\":{\"@id\":\"https:\\\/\\\/cetaradell.cat\\\/ce\\\/jornada-de-seguretat-i-prevencio-a-muntanya\\\/#primaryimage\"},\"thumbnailUrl\":\"https:\\\/\\\/cetaradell.cat\\\/ce\\\/wp-content\\\/uploads\\\/1492558164-curs.jpg\",\"datePublished\":\"2017-05-07T21:34:38+00:00\",\"dateModified\":\"2020-07-14T22:01:30+00:00\",\"author\":{\"@id\":\"https:\\\/\\\/cetaradell.cat\\\/ce\\\/#\\\/schema\\\/person\\\/92a59f585073071c7be6649e84b22f78\"},\"breadcrumb\":{\"@id\":\"https:\\\/\\\/cetaradell.cat\\\/ce\\\/jornada-de-seguretat-i-prevencio-a-muntanya\\\/#breadcrumb\"},\"inLanguage\":\"ca\",\"potentialAction\":[{\"@type\":\"ReadAction\",\"target\":[\"https:\\\/\\\/cetaradell.cat\\\/ce\\\/jornada-de-seguretat-i-prevencio-a-muntanya\\\/\"]}]},{\"@type\":\"ImageObject\",\"inLanguage\":\"ca\",\"@id\":\"https:\\\/\\\/cetaradell.cat\\\/ce\\\/jornada-de-seguretat-i-prevencio-a-muntanya\\\/#primaryimage\",\"url\":\"https:\\\/\\\/cetaradell.cat\\\/ce\\\/wp-content\\\/uploads\\\/1492558164-curs.jpg\",\"contentUrl\":\"https:\\\/\\\/cetaradell.cat\\\/ce\\\/wp-content\\\/uploads\\\/1492558164-curs.jpg\",\"width\":576,\"height\":768},{\"@type\":\"BreadcrumbList\",\"@id\":\"https:\\\/\\\/cetaradell.cat\\\/ce\\\/jornada-de-seguretat-i-prevencio-a-muntanya\\\/#breadcrumb\",\"itemListElement\":[{\"@type\":\"ListItem\",\"position\":1,\"name\":\"Inici\",\"item\":\"https:\\\/\\\/cetaradell.cat\\\/ce\\\/\"},{\"@type\":\"ListItem\",\"position\":2,\"name\":\"Jornada de seguretat i prevenci\u00f3 a muntanya\"}]},{\"@type\":\"WebSite\",\"@id\":\"https:\\\/\\\/cetaradell.cat\\\/ce\\\/#website\",\"url\":\"https:\\\/\\\/cetaradell.cat\\\/ce\\\/\",\"name\":\"Centre Excursionista Taradell\",\"description\":\"\",\"potentialAction\":[{\"@type\":\"SearchAction\",\"target\":{\"@type\":\"EntryPoint\",\"urlTemplate\":\"https:\\\/\\\/cetaradell.cat\\\/ce\\\/?s={search_term_string}\"},\"query-input\":{\"@type\":\"PropertyValueSpecification\",\"valueRequired\":true,\"valueName\":\"search_term_string\"}}],\"inLanguage\":\"ca\"},{\"@type\":\"Person\",\"@id\":\"https:\\\/\\\/cetaradell.cat\\\/ce\\\/#\\\/schema\\\/person\\\/92a59f585073071c7be6649e84b22f78\",\"name\":\"CET\",\"image\":{\"@type\":\"ImageObject\",\"inLanguage\":\"ca\",\"@id\":\"https:\\\/\\\/secure.gravatar.com\\\/avatar\\\/d6fbe010d42056feccc0f613ed07277a5118442805079269f12dabdc42e1a727?s=96&d=mm&r=g\",\"url\":\"https:\\\/\\\/secure.gravatar.com\\\/avatar\\\/d6fbe010d42056feccc0f613ed07277a5118442805079269f12dabdc42e1a727?s=96&d=mm&r=g\",\"contentUrl\":\"https:\\\/\\\/secure.gravatar.com\\\/avatar\\\/d6fbe010d42056feccc0f613ed07277a5118442805079269f12dabdc42e1a727?s=96&d=mm&r=g\",\"caption\":\"CET\"},\"url\":\"https:\\\/\\\/cetaradell.cat\\\/ce\\\/author\\\/root\\\/\"}]}<\/script>\n<!-- \/ Yoast SEO plugin. -->","yoast_head_json":{"title":"Jornada de seguretat i prevenci\u00f3 a muntanya - Centre Excursionista Taradell","robots":{"index":"index","follow":"follow","max-snippet":"max-snippet:-1","max-image-preview":"max-image-preview:large","max-video-preview":"max-video-preview:-1"},"canonical":"https:\/\/cetaradell.cat\/ce\/jornada-de-seguretat-i-prevencio-a-muntanya\/","og_locale":"ca_ES","og_type":"article","og_title":"Jornada de seguretat i prevenci\u00f3 a muntanya - Centre Excursionista Taradell","og_description":"Cicleu sobre la imatge per ampliar el programa de la\u00a0 3a jornada d&#8217;actualitzaci\u00f3 del curs de medicina i socors de muntanya: Seguretat, prevenci\u00f3 i conseq\u00fc\u00e8ncies legals derivades dels accidents.","og_url":"https:\/\/cetaradell.cat\/ce\/jornada-de-seguretat-i-prevencio-a-muntanya\/","og_site_name":"Centre Excursionista Taradell","article_publisher":"https:\/\/www.facebook.com\/CETaradell\/","article_published_time":"2017-05-07T21:34:38+00:00","article_modified_time":"2020-07-14T22:01:30+00:00","og_image":[{"width":576,"height":768,"url":"https:\/\/cetaradell.cat\/ce\/wp-content\/uploads\/1492558164-curs.jpg","type":"image\/jpeg"}],"author":"CET","twitter_card":"summary_large_image","twitter_misc":{"Escrit per":"CET"},"schema":{"@context":"https:\/\/schema.org","@graph":[{"@type":"Article","@id":"https:\/\/cetaradell.cat\/ce\/jornada-de-seguretat-i-prevencio-a-muntanya\/#article","isPartOf":{"@id":"https:\/\/cetaradell.cat\/ce\/jornada-de-seguretat-i-prevencio-a-muntanya\/"},"author":{"name":"CET","@id":"https:\/\/cetaradell.cat\/ce\/#\/schema\/person\/92a59f585073071c7be6649e84b22f78"},"headline":"Jornada de seguretat i prevenci\u00f3 a muntanya","datePublished":"2017-05-07T21:34:38+00:00","dateModified":"2020-07-14T22:01:30+00:00","mainEntityOfPage":{"@id":"https:\/\/cetaradell.cat\/ce\/jornada-de-seguretat-i-prevencio-a-muntanya\/"},"wordCount":38,"image":{"@id":"https:\/\/cetaradell.cat\/ce\/jornada-de-seguretat-i-prevencio-a-muntanya\/#primaryimage"},"thumbnailUrl":"https:\/\/cetaradell.cat\/ce\/wp-content\/uploads\/1492558164-curs.jpg","articleSection":["Muntanya","Not\u00edcies"],"inLanguage":"ca"},{"@type":"WebPage","@id":"https:\/\/cetaradell.cat\/ce\/jornada-de-seguretat-i-prevencio-a-muntanya\/","url":"https:\/\/cetaradell.cat\/ce\/jornada-de-seguretat-i-prevencio-a-muntanya\/","name":"Jornada de seguretat i prevenci\u00f3 a muntanya - Centre Excursionista Taradell","isPartOf":{"@id":"https:\/\/cetaradell.cat\/ce\/#website"},"primaryImageOfPage":{"@id":"https:\/\/cetaradell.cat\/ce\/jornada-de-seguretat-i-prevencio-a-muntanya\/#primaryimage"},"image":{"@id":"https:\/\/cetaradell.cat\/ce\/jornada-de-seguretat-i-prevencio-a-muntanya\/#primaryimage"},"thumbnailUrl":"https:\/\/cetaradell.cat\/ce\/wp-content\/uploads\/1492558164-curs.jpg","datePublished":"2017-05-07T21:34:38+00:00","dateModified":"2020-07-14T22:01:30+00:00","author":{"@id":"https:\/\/cetaradell.cat\/ce\/#\/schema\/person\/92a59f585073071c7be6649e84b22f78"},"breadcrumb":{"@id":"https:\/\/cetaradell.cat\/ce\/jornada-de-seguretat-i-prevencio-a-muntanya\/#breadcrumb"},"inLanguage":"ca","potentialAction":[{"@type":"ReadAction","target":["https:\/\/cetaradell.cat\/ce\/jornada-de-seguretat-i-prevencio-a-muntanya\/"]}]},{"@type":"ImageObject","inLanguage":"ca","@id":"https:\/\/cetaradell.cat\/ce\/jornada-de-seguretat-i-prevencio-a-muntanya\/#primaryimage","url":"https:\/\/cetaradell.cat\/ce\/wp-content\/uploads\/1492558164-curs.jpg","contentUrl":"https:\/\/cetaradell.cat\/ce\/wp-content\/uploads\/1492558164-curs.jpg","width":576,"height":768},{"@type":"BreadcrumbList","@id":"https:\/\/cetaradell.cat\/ce\/jornada-de-seguretat-i-prevencio-a-muntanya\/#breadcrumb","itemListElement":[{"@type":"ListItem","position":1,"name":"Inici","item":"https:\/\/cetaradell.cat\/ce\/"},{"@type":"ListItem","position":2,"name":"Jornada de seguretat i prevenci\u00f3 a muntanya"}]},{"@type":"WebSite","@id":"https:\/\/cetaradell.cat\/ce\/#website","url":"https:\/\/cetaradell.cat\/ce\/","name":"Centre Excursionista Taradell","description":"","potentialAction":[{"@type":"SearchAction","target":{"@type":"EntryPoint","urlTemplate":"https:\/\/cetaradell.cat\/ce\/?s={search_term_string}"},"query-input":{"@type":"PropertyValueSpecification","valueRequired":true,"valueName":"search_term_string"}}],"inLanguage":"ca"},{"@type":"Person","@id":"https:\/\/cetaradell.cat\/ce\/#\/schema\/person\/92a59f585073071c7be6649e84b22f78","name":"CET","image":{"@type":"ImageObject","inLanguage":"ca","@id":"https:\/\/secure.gravatar.com\/avatar\/d6fbe010d42056feccc0f613ed07277a5118442805079269f12dabdc42e1a727?s=96&d=mm&r=g","url":"https:\/\/secure.gravatar.com\/avatar\/d6fbe010d42056feccc0f613ed07277a5118442805079269f12dabdc42e1a727?s=96&d=mm&r=g","contentUrl":"https:\/\/secure.gravatar.com\/avatar\/d6fbe010d42056feccc0f613ed07277a5118442805079269f12dabdc42e1a727?s=96&d=mm&r=g","caption":"CET"},"url":"https:\/\/cetaradell.cat\/ce\/author\/root\/"}]}},"_links":{"self":[{"href":"https:\/\/cetaradell.cat\/ce\/wp-json\/wp\/v2\/posts\/5511","targetHints":{"allow":["GET"]}}],"collection":[{"href":"https:\/\/cetaradell.cat\/ce\/wp-json\/wp\/v2\/posts"}],"about":[{"href":"https:\/\/cetaradell.cat\/ce\/wp-json\/wp\/v2\/types\/post"}],"author":[{"embeddable":true,"href":"https:\/\/cetaradell.cat\/ce\/wp-json\/wp\/v2\/users\/1"}],"replies":[{"embeddable":true,"href":"https:\/\/cetaradell.cat\/ce\/wp-json\/wp\/v2\/comments?post=5511"}],"version-history":[{"count":0,"href":"https:\/\/cetaradell.cat\/ce\/wp-json\/wp\/v2\/posts\/5511\/revisions"}],"wp:featuredmedia":[{"embeddable":true,"href":"https:\/\/cetaradell.cat\/ce\/wp-json\/wp\/v2\/media\/5512"}],"wp:attachment":[{"href":"https:\/\/cetaradell.cat\/ce\/wp-json\/wp\/v2\/media?parent=5511"}],"wp:term":[{"taxonomy":"category","embeddable":true,"href":"https:\/\/cetaradell.cat\/ce\/wp-json\/wp\/v2\/categories?post=5511"},{"taxonomy":"post_tag","embeddable":true,"href":"https:\/\/cetaradell.cat\/ce\/wp-json\/wp\/v2\/tags?post=5511"}],"curies":[{"name":"wp","href":"https:\/\/api.w.org\/{rel}","templated":true}]}}