{"id":5518,"date":"2017-05-10T22:30:42","date_gmt":"2017-05-10T21:30:42","guid":{"rendered":"https:\/\/cetaradell.cat\/ce\/?p=5518"},"modified":"2020-07-14T23:01:00","modified_gmt":"2020-07-14T22:01:00","slug":"els-germans-freixas-primers-a-la-cursa-dorientacio-de-besalu","status":"publish","type":"post","link":"https:\/\/cetaradell.cat\/ce\/els-germans-freixas-primers-a-la-cursa-dorientacio-de-besalu\/","title":{"rendered":"Els germans Freixas primers a la cursa de Besal\u00fa"},"content":{"rendered":"<div id=\"attachment_5519\" style=\"width: 310px\" class=\"wp-caption alignleft\"><a href=\"https:\/\/cetaradell.cat\/ce\/wp-content\/uploads\/2017-05-07_Besal\u00faMFreixas-8.jpeg\" target=\"_blank\" rel=\"attachment noopener wp-att-5519 noreferrer\"><img decoding=\"async\" aria-describedby=\"caption-attachment-5519\" class=\"wp-image-5519 size-medium\" src=\"https:\/\/cetaradell.cat\/ce\/wp-content\/uploads\/2017-05-07_Besal\u00faMFreixas-8-300x225.jpeg\" alt=\"2017-05-07_Besal\u00fa(MFreixas) (8)\" width=\"300\" height=\"225\" srcset=\"https:\/\/cetaradell.cat\/ce\/wp-content\/uploads\/2017-05-07_Besal\u00faMFreixas-8-300x225.jpeg 300w, https:\/\/cetaradell.cat\/ce\/wp-content\/uploads\/2017-05-07_Besal\u00faMFreixas-8-500x375.jpeg 500w, https:\/\/cetaradell.cat\/ce\/wp-content\/uploads\/2017-05-07_Besal\u00faMFreixas-8-700x525.jpeg 700w, https:\/\/cetaradell.cat\/ce\/wp-content\/uploads\/2017-05-07_Besal\u00faMFreixas-8-768x576.jpeg 768w, https:\/\/cetaradell.cat\/ce\/wp-content\/uploads\/2017-05-07_Besal\u00faMFreixas-8-1024x768.jpeg 1024w, https:\/\/cetaradell.cat\/ce\/wp-content\/uploads\/2017-05-07_Besal\u00faMFreixas-8.jpeg 1600w\" sizes=\"(max-width: 300px) 100vw, 300px\" \/><\/a><p id=\"caption-attachment-5519\" class=\"wp-caption-text\">Meritxell Freixas, Marc Ballabriga i Josep Maria Freixas a Besal\u00fa<\/p><\/div>\n<p><strong>Meritxell Freixas <\/strong>i <strong>Josep Maria Freixas<\/strong>, del CET L\u2019Enclusa-O, van ser els guanyadors del circuit C2 de les categories femenina i masculina, respectivament, a la <strong>Cursa Popular d\u2019Orientaci\u00f3<\/strong> <strong>Trofeu Tallaferro 2017<\/strong>, que es va disputar el diumenge dia 7 de maig a Besal\u00fa.<\/p>\n<p>En el mateix circuit tamb\u00e9 hi va participar l\u2019orientador del CET, <strong>Marc Ballabriga<\/strong>, que es va classificar en 10\u00e8 lloc de la categoria masculina amb un temps de 48 minuts i 26 segons, a deu minuts de Josep Maria Freixas que va completar el circuit amb 38 minuts i 29 segons. Mentre que Meritxell Freixes va ser la primera dona amb un temps de 45 minuts i 15 segons.<\/p>\n<p>El circuit C2 va tenir una dist\u00e0ncia en l\u00ednia recta de 3,9 quil\u00f2metres i va constar de 19 fites,\u00a0 b\u00e0sicament pel casc urb\u00e0 d\u2019aquest bonica poblaci\u00f3 medieval de la Garrotxa.<\/p>\n<p>Amb aquests resultats, <strong>Josep Maria Freixas<\/strong> i <strong>Marc Ballabriga<\/strong> es mantenen en primera i segona posici\u00f3 de la categoria masculina del circuit C2 de la <strong>Lliga Nord de Curses d\u2019Orientaci\u00f3<\/strong> i <strong>Meritxell Freixas<\/strong> es mant\u00e9 en primera posici\u00f3 de la categoria femenina del mateix circuit.<\/p>\n","protected":false},"excerpt":{"rendered":"<p>Meritxell Freixas i Josep Maria Freixas, del CET L\u2019Enclusa-O, van ser els guanyadors del circuit C2 de les categories femenina i masculina, respectivament, a la Cursa Popular d\u2019Orientaci\u00f3 Trofeu Tallaferro 2017, que es va disputar el diumenge dia 7 de maig a Besal\u00fa. En el mateix circuit tamb\u00e9 hi va  [&#8230;]<\/p>\n","protected":false},"author":1,"featured_media":5519,"comment_status":"closed","ping_status":"closed","sticky":false,"template":"","format":"standard","meta":{"footnotes":""},"categories":[46,3],"tags":[],"class_list":["post-5518","post","type-post","status-publish","format-standard","has-post-thumbnail","hentry","category-equip-cet-lenclusa-o","category-noticies"],"yoast_head":"<!-- This site is optimized with the Yoast SEO plugin v27.5 - https:\/\/yoast.com\/product\/yoast-seo-wordpress\/ -->\n<title>Els germans Freixas primers a la cursa de Besal\u00fa - Centre Excursionista Taradell<\/title>\n<meta name=\"robots\" content=\"index, follow, max-snippet:-1, max-image-preview:large, max-video-preview:-1\" \/>\n<link rel=\"canonical\" href=\"https:\/\/cetaradell.cat\/ce\/els-germans-freixas-primers-a-la-cursa-dorientacio-de-besalu\/\" \/>\n<meta property=\"og:locale\" content=\"ca_ES\" \/>\n<meta property=\"og:type\" content=\"article\" \/>\n<meta property=\"og:title\" content=\"Els germans Freixas primers a la cursa de Besal\u00fa - Centre Excursionista Taradell\" \/>\n<meta property=\"og:description\" content=\"Meritxell Freixas i Josep Maria Freixas, del CET L\u2019Enclusa-O, van ser els guanyadors del circuit C2 de les categories femenina i masculina, respectivament, a la Cursa Popular d\u2019Orientaci\u00f3 Trofeu Tallaferro 2017, que es va disputar el diumenge dia 7 de maig a Besal\u00fa. En el mateix circuit tamb\u00e9 hi va [...]\" \/>\n<meta property=\"og:url\" content=\"https:\/\/cetaradell.cat\/ce\/els-germans-freixas-primers-a-la-cursa-dorientacio-de-besalu\/\" \/>\n<meta property=\"og:site_name\" content=\"Centre Excursionista Taradell\" \/>\n<meta property=\"article:publisher\" content=\"https:\/\/www.facebook.com\/CETaradell\/\" \/>\n<meta property=\"article:published_time\" content=\"2017-05-10T21:30:42+00:00\" \/>\n<meta property=\"article:modified_time\" content=\"2020-07-14T22:01:00+00:00\" \/>\n<meta property=\"og:image\" content=\"https:\/\/cetaradell.cat\/ce\/wp-content\/uploads\/2017-05-07_Besal\u00faMFreixas-8.jpeg\" \/>\n\t<meta property=\"og:image:width\" content=\"1600\" \/>\n\t<meta property=\"og:image:height\" content=\"1200\" \/>\n\t<meta property=\"og:image:type\" content=\"image\/jpeg\" \/>\n<meta name=\"author\" content=\"CET\" \/>\n<meta name=\"twitter:card\" content=\"summary_large_image\" \/>\n<meta name=\"twitter:label1\" content=\"Escrit per\" \/>\n\t<meta name=\"twitter:data1\" content=\"CET\" \/>\n\t<meta name=\"twitter:label2\" content=\"Temps estimat de lectura\" \/>\n\t<meta name=\"twitter:data2\" content=\"1 minut\" \/>\n<script type=\"application\/ld+json\" class=\"yoast-schema-graph\">{\"@context\":\"https:\\\/\\\/schema.org\",\"@graph\":[{\"@type\":\"Article\",\"@id\":\"https:\\\/\\\/cetaradell.cat\\\/ce\\\/els-germans-freixas-primers-a-la-cursa-dorientacio-de-besalu\\\/#article\",\"isPartOf\":{\"@id\":\"https:\\\/\\\/cetaradell.cat\\\/ce\\\/els-germans-freixas-primers-a-la-cursa-dorientacio-de-besalu\\\/\"},\"author\":{\"name\":\"CET\",\"@id\":\"https:\\\/\\\/cetaradell.cat\\\/ce\\\/#\\\/schema\\\/person\\\/92a59f585073071c7be6649e84b22f78\"},\"headline\":\"Els germans Freixas primers a la cursa de Besal\u00fa\",\"datePublished\":\"2017-05-10T21:30:42+00:00\",\"dateModified\":\"2020-07-14T22:01:00+00:00\",\"mainEntityOfPage\":{\"@id\":\"https:\\\/\\\/cetaradell.cat\\\/ce\\\/els-germans-freixas-primers-a-la-cursa-dorientacio-de-besalu\\\/\"},\"wordCount\":211,\"image\":{\"@id\":\"https:\\\/\\\/cetaradell.cat\\\/ce\\\/els-germans-freixas-primers-a-la-cursa-dorientacio-de-besalu\\\/#primaryimage\"},\"thumbnailUrl\":\"https:\\\/\\\/cetaradell.cat\\\/ce\\\/wp-content\\\/uploads\\\/2017-05-07_Besal\u00faMFreixas-8.jpeg\",\"articleSection\":[\"Equip CET L'Enclusa-O\",\"Not\u00edcies\"],\"inLanguage\":\"ca\"},{\"@type\":\"WebPage\",\"@id\":\"https:\\\/\\\/cetaradell.cat\\\/ce\\\/els-germans-freixas-primers-a-la-cursa-dorientacio-de-besalu\\\/\",\"url\":\"https:\\\/\\\/cetaradell.cat\\\/ce\\\/els-germans-freixas-primers-a-la-cursa-dorientacio-de-besalu\\\/\",\"name\":\"Els germans Freixas primers a la cursa de Besal\u00fa - Centre Excursionista Taradell\",\"isPartOf\":{\"@id\":\"https:\\\/\\\/cetaradell.cat\\\/ce\\\/#website\"},\"primaryImageOfPage\":{\"@id\":\"https:\\\/\\\/cetaradell.cat\\\/ce\\\/els-germans-freixas-primers-a-la-cursa-dorientacio-de-besalu\\\/#primaryimage\"},\"image\":{\"@id\":\"https:\\\/\\\/cetaradell.cat\\\/ce\\\/els-germans-freixas-primers-a-la-cursa-dorientacio-de-besalu\\\/#primaryimage\"},\"thumbnailUrl\":\"https:\\\/\\\/cetaradell.cat\\\/ce\\\/wp-content\\\/uploads\\\/2017-05-07_Besal\u00faMFreixas-8.jpeg\",\"datePublished\":\"2017-05-10T21:30:42+00:00\",\"dateModified\":\"2020-07-14T22:01:00+00:00\",\"author\":{\"@id\":\"https:\\\/\\\/cetaradell.cat\\\/ce\\\/#\\\/schema\\\/person\\\/92a59f585073071c7be6649e84b22f78\"},\"breadcrumb\":{\"@id\":\"https:\\\/\\\/cetaradell.cat\\\/ce\\\/els-germans-freixas-primers-a-la-cursa-dorientacio-de-besalu\\\/#breadcrumb\"},\"inLanguage\":\"ca\",\"potentialAction\":[{\"@type\":\"ReadAction\",\"target\":[\"https:\\\/\\\/cetaradell.cat\\\/ce\\\/els-germans-freixas-primers-a-la-cursa-dorientacio-de-besalu\\\/\"]}]},{\"@type\":\"ImageObject\",\"inLanguage\":\"ca\",\"@id\":\"https:\\\/\\\/cetaradell.cat\\\/ce\\\/els-germans-freixas-primers-a-la-cursa-dorientacio-de-besalu\\\/#primaryimage\",\"url\":\"https:\\\/\\\/cetaradell.cat\\\/ce\\\/wp-content\\\/uploads\\\/2017-05-07_Besal\u00faMFreixas-8.jpeg\",\"contentUrl\":\"https:\\\/\\\/cetaradell.cat\\\/ce\\\/wp-content\\\/uploads\\\/2017-05-07_Besal\u00faMFreixas-8.jpeg\",\"width\":1600,\"height\":1200},{\"@type\":\"BreadcrumbList\",\"@id\":\"https:\\\/\\\/cetaradell.cat\\\/ce\\\/els-germans-freixas-primers-a-la-cursa-dorientacio-de-besalu\\\/#breadcrumb\",\"itemListElement\":[{\"@type\":\"ListItem\",\"position\":1,\"name\":\"Inici\",\"item\":\"https:\\\/\\\/cetaradell.cat\\\/ce\\\/\"},{\"@type\":\"ListItem\",\"position\":2,\"name\":\"Els germans Freixas primers a la cursa de Besal\u00fa\"}]},{\"@type\":\"WebSite\",\"@id\":\"https:\\\/\\\/cetaradell.cat\\\/ce\\\/#website\",\"url\":\"https:\\\/\\\/cetaradell.cat\\\/ce\\\/\",\"name\":\"Centre Excursionista Taradell\",\"description\":\"\",\"potentialAction\":[{\"@type\":\"SearchAction\",\"target\":{\"@type\":\"EntryPoint\",\"urlTemplate\":\"https:\\\/\\\/cetaradell.cat\\\/ce\\\/?s={search_term_string}\"},\"query-input\":{\"@type\":\"PropertyValueSpecification\",\"valueRequired\":true,\"valueName\":\"search_term_string\"}}],\"inLanguage\":\"ca\"},{\"@type\":\"Person\",\"@id\":\"https:\\\/\\\/cetaradell.cat\\\/ce\\\/#\\\/schema\\\/person\\\/92a59f585073071c7be6649e84b22f78\",\"name\":\"CET\",\"image\":{\"@type\":\"ImageObject\",\"inLanguage\":\"ca\",\"@id\":\"https:\\\/\\\/secure.gravatar.com\\\/avatar\\\/d6fbe010d42056feccc0f613ed07277a5118442805079269f12dabdc42e1a727?s=96&d=mm&r=g\",\"url\":\"https:\\\/\\\/secure.gravatar.com\\\/avatar\\\/d6fbe010d42056feccc0f613ed07277a5118442805079269f12dabdc42e1a727?s=96&d=mm&r=g\",\"contentUrl\":\"https:\\\/\\\/secure.gravatar.com\\\/avatar\\\/d6fbe010d42056feccc0f613ed07277a5118442805079269f12dabdc42e1a727?s=96&d=mm&r=g\",\"caption\":\"CET\"},\"url\":\"https:\\\/\\\/cetaradell.cat\\\/ce\\\/author\\\/root\\\/\"}]}<\/script>\n<!-- \/ Yoast SEO plugin. -->","yoast_head_json":{"title":"Els germans Freixas primers a la cursa de Besal\u00fa - Centre Excursionista Taradell","robots":{"index":"index","follow":"follow","max-snippet":"max-snippet:-1","max-image-preview":"max-image-preview:large","max-video-preview":"max-video-preview:-1"},"canonical":"https:\/\/cetaradell.cat\/ce\/els-germans-freixas-primers-a-la-cursa-dorientacio-de-besalu\/","og_locale":"ca_ES","og_type":"article","og_title":"Els germans Freixas primers a la cursa de Besal\u00fa - Centre Excursionista Taradell","og_description":"Meritxell Freixas i Josep Maria Freixas, del CET L\u2019Enclusa-O, van ser els guanyadors del circuit C2 de les categories femenina i masculina, respectivament, a la Cursa Popular d\u2019Orientaci\u00f3 Trofeu Tallaferro 2017, que es va disputar el diumenge dia 7 de maig a Besal\u00fa. En el mateix circuit tamb\u00e9 hi va [...]","og_url":"https:\/\/cetaradell.cat\/ce\/els-germans-freixas-primers-a-la-cursa-dorientacio-de-besalu\/","og_site_name":"Centre Excursionista Taradell","article_publisher":"https:\/\/www.facebook.com\/CETaradell\/","article_published_time":"2017-05-10T21:30:42+00:00","article_modified_time":"2020-07-14T22:01:00+00:00","og_image":[{"width":1600,"height":1200,"url":"https:\/\/cetaradell.cat\/ce\/wp-content\/uploads\/2017-05-07_Besal\u00faMFreixas-8.jpeg","type":"image\/jpeg"}],"author":"CET","twitter_card":"summary_large_image","twitter_misc":{"Escrit per":"CET","Temps estimat de lectura":"1 minut"},"schema":{"@context":"https:\/\/schema.org","@graph":[{"@type":"Article","@id":"https:\/\/cetaradell.cat\/ce\/els-germans-freixas-primers-a-la-cursa-dorientacio-de-besalu\/#article","isPartOf":{"@id":"https:\/\/cetaradell.cat\/ce\/els-germans-freixas-primers-a-la-cursa-dorientacio-de-besalu\/"},"author":{"name":"CET","@id":"https:\/\/cetaradell.cat\/ce\/#\/schema\/person\/92a59f585073071c7be6649e84b22f78"},"headline":"Els germans Freixas primers a la cursa de Besal\u00fa","datePublished":"2017-05-10T21:30:42+00:00","dateModified":"2020-07-14T22:01:00+00:00","mainEntityOfPage":{"@id":"https:\/\/cetaradell.cat\/ce\/els-germans-freixas-primers-a-la-cursa-dorientacio-de-besalu\/"},"wordCount":211,"image":{"@id":"https:\/\/cetaradell.cat\/ce\/els-germans-freixas-primers-a-la-cursa-dorientacio-de-besalu\/#primaryimage"},"thumbnailUrl":"https:\/\/cetaradell.cat\/ce\/wp-content\/uploads\/2017-05-07_Besal\u00faMFreixas-8.jpeg","articleSection":["Equip CET L'Enclusa-O","Not\u00edcies"],"inLanguage":"ca"},{"@type":"WebPage","@id":"https:\/\/cetaradell.cat\/ce\/els-germans-freixas-primers-a-la-cursa-dorientacio-de-besalu\/","url":"https:\/\/cetaradell.cat\/ce\/els-germans-freixas-primers-a-la-cursa-dorientacio-de-besalu\/","name":"Els germans Freixas primers a la cursa de Besal\u00fa - Centre Excursionista Taradell","isPartOf":{"@id":"https:\/\/cetaradell.cat\/ce\/#website"},"primaryImageOfPage":{"@id":"https:\/\/cetaradell.cat\/ce\/els-germans-freixas-primers-a-la-cursa-dorientacio-de-besalu\/#primaryimage"},"image":{"@id":"https:\/\/cetaradell.cat\/ce\/els-germans-freixas-primers-a-la-cursa-dorientacio-de-besalu\/#primaryimage"},"thumbnailUrl":"https:\/\/cetaradell.cat\/ce\/wp-content\/uploads\/2017-05-07_Besal\u00faMFreixas-8.jpeg","datePublished":"2017-05-10T21:30:42+00:00","dateModified":"2020-07-14T22:01:00+00:00","author":{"@id":"https:\/\/cetaradell.cat\/ce\/#\/schema\/person\/92a59f585073071c7be6649e84b22f78"},"breadcrumb":{"@id":"https:\/\/cetaradell.cat\/ce\/els-germans-freixas-primers-a-la-cursa-dorientacio-de-besalu\/#breadcrumb"},"inLanguage":"ca","potentialAction":[{"@type":"ReadAction","target":["https:\/\/cetaradell.cat\/ce\/els-germans-freixas-primers-a-la-cursa-dorientacio-de-besalu\/"]}]},{"@type":"ImageObject","inLanguage":"ca","@id":"https:\/\/cetaradell.cat\/ce\/els-germans-freixas-primers-a-la-cursa-dorientacio-de-besalu\/#primaryimage","url":"https:\/\/cetaradell.cat\/ce\/wp-content\/uploads\/2017-05-07_Besal\u00faMFreixas-8.jpeg","contentUrl":"https:\/\/cetaradell.cat\/ce\/wp-content\/uploads\/2017-05-07_Besal\u00faMFreixas-8.jpeg","width":1600,"height":1200},{"@type":"BreadcrumbList","@id":"https:\/\/cetaradell.cat\/ce\/els-germans-freixas-primers-a-la-cursa-dorientacio-de-besalu\/#breadcrumb","itemListElement":[{"@type":"ListItem","position":1,"name":"Inici","item":"https:\/\/cetaradell.cat\/ce\/"},{"@type":"ListItem","position":2,"name":"Els germans Freixas primers a la cursa de Besal\u00fa"}]},{"@type":"WebSite","@id":"https:\/\/cetaradell.cat\/ce\/#website","url":"https:\/\/cetaradell.cat\/ce\/","name":"Centre Excursionista Taradell","description":"","potentialAction":[{"@type":"SearchAction","target":{"@type":"EntryPoint","urlTemplate":"https:\/\/cetaradell.cat\/ce\/?s={search_term_string}"},"query-input":{"@type":"PropertyValueSpecification","valueRequired":true,"valueName":"search_term_string"}}],"inLanguage":"ca"},{"@type":"Person","@id":"https:\/\/cetaradell.cat\/ce\/#\/schema\/person\/92a59f585073071c7be6649e84b22f78","name":"CET","image":{"@type":"ImageObject","inLanguage":"ca","@id":"https:\/\/secure.gravatar.com\/avatar\/d6fbe010d42056feccc0f613ed07277a5118442805079269f12dabdc42e1a727?s=96&d=mm&r=g","url":"https:\/\/secure.gravatar.com\/avatar\/d6fbe010d42056feccc0f613ed07277a5118442805079269f12dabdc42e1a727?s=96&d=mm&r=g","contentUrl":"https:\/\/secure.gravatar.com\/avatar\/d6fbe010d42056feccc0f613ed07277a5118442805079269f12dabdc42e1a727?s=96&d=mm&r=g","caption":"CET"},"url":"https:\/\/cetaradell.cat\/ce\/author\/root\/"}]}},"_links":{"self":[{"href":"https:\/\/cetaradell.cat\/ce\/wp-json\/wp\/v2\/posts\/5518","targetHints":{"allow":["GET"]}}],"collection":[{"href":"https:\/\/cetaradell.cat\/ce\/wp-json\/wp\/v2\/posts"}],"about":[{"href":"https:\/\/cetaradell.cat\/ce\/wp-json\/wp\/v2\/types\/post"}],"author":[{"embeddable":true,"href":"https:\/\/cetaradell.cat\/ce\/wp-json\/wp\/v2\/users\/1"}],"replies":[{"embeddable":true,"href":"https:\/\/cetaradell.cat\/ce\/wp-json\/wp\/v2\/comments?post=5518"}],"version-history":[{"count":0,"href":"https:\/\/cetaradell.cat\/ce\/wp-json\/wp\/v2\/posts\/5518\/revisions"}],"wp:featuredmedia":[{"embeddable":true,"href":"https:\/\/cetaradell.cat\/ce\/wp-json\/wp\/v2\/media\/5519"}],"wp:attachment":[{"href":"https:\/\/cetaradell.cat\/ce\/wp-json\/wp\/v2\/media?parent=5518"}],"wp:term":[{"taxonomy":"category","embeddable":true,"href":"https:\/\/cetaradell.cat\/ce\/wp-json\/wp\/v2\/categories?post=5518"},{"taxonomy":"post_tag","embeddable":true,"href":"https:\/\/cetaradell.cat\/ce\/wp-json\/wp\/v2\/tags?post=5518"}],"curies":[{"name":"wp","href":"https:\/\/api.w.org\/{rel}","templated":true}]}}