{"id":5540,"date":"2017-05-31T23:02:12","date_gmt":"2017-05-31T22:02:12","guid":{"rendered":"https:\/\/cetaradell.cat\/ce\/?p=5540"},"modified":"2020-07-12T00:34:29","modified_gmt":"2020-07-11T23:34:29","slug":"9a-festa-de-lesport-de-taradell","status":"publish","type":"post","link":"https:\/\/cetaradell.cat\/ce\/9a-festa-de-lesport-de-taradell\/","title":{"rendered":"9a Festa de l&#8217;Esport de Taradell"},"content":{"rendered":"<div id=\"attachment_5541\" style=\"width: 310px\" class=\"wp-caption alignleft\"><a href=\"https:\/\/cetaradell.cat\/ce\/wp-content\/uploads\/Festa-del-esport-Taradell0406160018.jpg\" target=\"_blank\" rel=\"attachment noopener wp-att-5541 noreferrer\"><img decoding=\"async\" aria-describedby=\"caption-attachment-5541\" class=\"wp-image-5541 size-medium\" src=\"https:\/\/cetaradell.cat\/ce\/wp-content\/uploads\/Festa-del-esport-Taradell0406160018-300x199.jpg\" alt=\"Festa del esport Taradell04,06,160018\" width=\"300\" height=\"199\" srcset=\"https:\/\/cetaradell.cat\/ce\/wp-content\/uploads\/Festa-del-esport-Taradell0406160018-300x199.jpg 300w, https:\/\/cetaradell.cat\/ce\/wp-content\/uploads\/Festa-del-esport-Taradell0406160018-500x332.jpg 500w, https:\/\/cetaradell.cat\/ce\/wp-content\/uploads\/Festa-del-esport-Taradell0406160018-700x465.jpg 700w, https:\/\/cetaradell.cat\/ce\/wp-content\/uploads\/Festa-del-esport-Taradell0406160018-768x510.jpg 768w, https:\/\/cetaradell.cat\/ce\/wp-content\/uploads\/Festa-del-esport-Taradell0406160018.jpg 1000w\" sizes=\"(max-width: 300px) 100vw, 300px\" \/><\/a><p id=\"caption-attachment-5541\" class=\"wp-caption-text\">Cursa d&#8217;obstacles 2016 (Foto: R. Curtichs)<\/p><\/div>\n<p>El cap de setmana del divendres 9 al diumenge 11 de juny es celebrar\u00e0 a Taradell la novena edici\u00f3 de la Festa de l\u2019Esport que com en les anteriors edicions comptar\u00e0 amb la col\u00b7laboraci\u00f3 del Centre Excursionista Taradell en l\u2019organitzaci\u00f3 de la <a href=\"https:\/\/cetaradell.cat\/ce\/wp-content\/uploads\/Cursa-obstacles.pdf\" target=\"_blank\" rel=\"noopener noreferrer\"><strong>Cursa d\u2019Obstacles (\u2192)<\/strong><\/a> i en la <strong>Caminada Nocturna<\/strong>.<\/p>\n<p>La festa d\u2019enguany comen\u00e7ar\u00e0 el divendres amb un partir de futbol de Bandolers contra Sometents i un de Bandolers Canalla contra Sometents Canalla que s\u2019organitzen dins dels actes per celebrar els 25 anys de la Festa d\u2019en Toca-sons.<\/p>\n<p>Els actes del dissabte comen\u00e7aran a les 11 del mat\u00ed amb una jornada de portes obertes a l\u2019exposici\u00f3 de motos antigues de Jaume Serra i una concentraci\u00f3 motos antigues i actuals.<\/p>\n<p><a href=\"https:\/\/cetaradell.cat\/ce\/wp-content\/uploads\/Cursa-obstacles.pdf\" target=\"_blank\" rel=\"attachment noopener wp-att-5545 noreferrer\"><img decoding=\"async\" class=\"alignright wp-image-5545 size-medium\" src=\"https:\/\/cetaradell.cat\/ce\/wp-content\/uploads\/2017-cursa-obstacles-213x300.jpg\" alt=\"2017-cursa-obstacles\" width=\"213\" height=\"300\" srcset=\"https:\/\/cetaradell.cat\/ce\/wp-content\/uploads\/2017-cursa-obstacles-213x300.jpg 213w, https:\/\/cetaradell.cat\/ce\/wp-content\/uploads\/2017-cursa-obstacles.jpg 397w\" sizes=\"(max-width: 213px) 100vw, 213px\" \/><\/a>El mateix dissabte, a 2\/5 de 5 de la tarda al bosc del Pujol\u00f3 es repetir\u00e0 la <strong><a href=\"https:\/\/cetaradell.cat\/ce\/wp-content\/uploads\/Cursa-obstacles.pdf\" target=\"_blank\" rel=\"noopener noreferrer\">Cursa d\u2019Obstacles per a totes les edats(\u2192)<\/a><\/strong>, despr\u00e9s de l\u2019\u00e8xit de l\u2019any passat. Les inscripcions es faran al Pujol\u00f3 a partir de 2\/4 de 4 de la tarda i hi haur\u00e0 categories infantils per adults.<\/p>\n<p>A 2\/4 de 9 dels vespre es donar\u00e0 la sortida de la <strong>Caminada Nocturna i Botifarrada<\/strong> que des del Pujol\u00f3, despr\u00e9s d\u2019un recorregut d\u2019uns 6 quil\u00f2metres, portar\u00e0 els participants fins al camp de futbol de la Roureda on els es far\u00e0 la botifarrada. Les inscripcions es podran fer durant tota la tarda al Pujol\u00f3. \u00c9s una caminada ideal per fer amb fam\u00edlia.<\/p>\n<p>La Festa de l\u2019Esport es clausurar\u00e0 el diumenge amb la gal\u00b7la de lliurament de trofeus als millors esportistes de l\u2019any que tindr\u00e0 lloc a partir de les 6 de la tarda al Serrat del Figar\u00f2, al llarg d\u2019un berenar-sopar degustaci\u00f3.<\/p>\n","protected":false},"excerpt":{"rendered":"<p>El cap de setmana del divendres 9 al diumenge 11 de juny es celebrar\u00e0 a Taradell la novena edici\u00f3 de la Festa de l\u2019Esport que com en les anteriors edicions comptar\u00e0 amb la col\u00b7laboraci\u00f3 del Centre Excursionista Taradell en l\u2019organitzaci\u00f3 de la Cursa d\u2019Obstacles (\u2192) i en la Caminada Nocturna.  [&#8230;]<\/p>\n","protected":false},"author":1,"featured_media":5541,"comment_status":"closed","ping_status":"closed","sticky":false,"template":"","format":"standard","meta":{"footnotes":""},"categories":[4,21],"tags":[],"class_list":["post-5540","post","type-post","status-publish","format-standard","has-post-thumbnail","hentry","category-activitats","category-collaboracio-amb-entitats"],"yoast_head":"<!-- This site is optimized with the Yoast SEO plugin v27.5 - https:\/\/yoast.com\/product\/yoast-seo-wordpress\/ -->\n<title>9a Festa de l&#039;Esport de Taradell - Centre Excursionista Taradell<\/title>\n<meta name=\"robots\" content=\"index, follow, max-snippet:-1, max-image-preview:large, max-video-preview:-1\" \/>\n<link rel=\"canonical\" href=\"https:\/\/cetaradell.cat\/ce\/9a-festa-de-lesport-de-taradell\/\" \/>\n<meta property=\"og:locale\" content=\"ca_ES\" \/>\n<meta property=\"og:type\" content=\"article\" \/>\n<meta property=\"og:title\" content=\"9a Festa de l&#039;Esport de Taradell - Centre Excursionista Taradell\" \/>\n<meta property=\"og:description\" content=\"El cap de setmana del divendres 9 al diumenge 11 de juny es celebrar\u00e0 a Taradell la novena edici\u00f3 de la Festa de l\u2019Esport que com en les anteriors edicions comptar\u00e0 amb la col\u00b7laboraci\u00f3 del Centre Excursionista Taradell en l\u2019organitzaci\u00f3 de la Cursa d\u2019Obstacles (\u2192) i en la Caminada Nocturna. [...]\" \/>\n<meta property=\"og:url\" content=\"https:\/\/cetaradell.cat\/ce\/9a-festa-de-lesport-de-taradell\/\" \/>\n<meta property=\"og:site_name\" content=\"Centre Excursionista Taradell\" \/>\n<meta property=\"article:publisher\" content=\"https:\/\/www.facebook.com\/CETaradell\/\" \/>\n<meta property=\"article:published_time\" content=\"2017-05-31T22:02:12+00:00\" \/>\n<meta property=\"article:modified_time\" content=\"2020-07-11T23:34:29+00:00\" \/>\n<meta property=\"og:image\" content=\"https:\/\/cetaradell.cat\/ce\/wp-content\/uploads\/Festa-del-esport-Taradell0406160018.jpg\" \/>\n\t<meta property=\"og:image:width\" content=\"1000\" \/>\n\t<meta property=\"og:image:height\" content=\"664\" \/>\n\t<meta property=\"og:image:type\" content=\"image\/jpeg\" \/>\n<meta name=\"author\" content=\"CET\" \/>\n<meta name=\"twitter:card\" content=\"summary_large_image\" \/>\n<meta name=\"twitter:label1\" content=\"Escrit per\" \/>\n\t<meta name=\"twitter:data1\" content=\"CET\" \/>\n\t<meta name=\"twitter:label2\" content=\"Temps estimat de lectura\" \/>\n\t<meta name=\"twitter:data2\" content=\"1 minut\" \/>\n<script type=\"application\/ld+json\" class=\"yoast-schema-graph\">{\"@context\":\"https:\\\/\\\/schema.org\",\"@graph\":[{\"@type\":\"Article\",\"@id\":\"https:\\\/\\\/cetaradell.cat\\\/ce\\\/9a-festa-de-lesport-de-taradell\\\/#article\",\"isPartOf\":{\"@id\":\"https:\\\/\\\/cetaradell.cat\\\/ce\\\/9a-festa-de-lesport-de-taradell\\\/\"},\"author\":{\"name\":\"CET\",\"@id\":\"https:\\\/\\\/cetaradell.cat\\\/ce\\\/#\\\/schema\\\/person\\\/92a59f585073071c7be6649e84b22f78\"},\"headline\":\"9a Festa de l&#8217;Esport de Taradell\",\"datePublished\":\"2017-05-31T22:02:12+00:00\",\"dateModified\":\"2020-07-11T23:34:29+00:00\",\"mainEntityOfPage\":{\"@id\":\"https:\\\/\\\/cetaradell.cat\\\/ce\\\/9a-festa-de-lesport-de-taradell\\\/\"},\"wordCount\":303,\"image\":{\"@id\":\"https:\\\/\\\/cetaradell.cat\\\/ce\\\/9a-festa-de-lesport-de-taradell\\\/#primaryimage\"},\"thumbnailUrl\":\"https:\\\/\\\/cetaradell.cat\\\/ce\\\/wp-content\\\/uploads\\\/Festa-del-esport-Taradell0406160018.jpg\",\"articleSection\":[\"Activitats\",\"Col\u00b7laboraci\u00f3 amb entitats\"],\"inLanguage\":\"ca\"},{\"@type\":\"WebPage\",\"@id\":\"https:\\\/\\\/cetaradell.cat\\\/ce\\\/9a-festa-de-lesport-de-taradell\\\/\",\"url\":\"https:\\\/\\\/cetaradell.cat\\\/ce\\\/9a-festa-de-lesport-de-taradell\\\/\",\"name\":\"9a Festa de l'Esport de Taradell - Centre Excursionista Taradell\",\"isPartOf\":{\"@id\":\"https:\\\/\\\/cetaradell.cat\\\/ce\\\/#website\"},\"primaryImageOfPage\":{\"@id\":\"https:\\\/\\\/cetaradell.cat\\\/ce\\\/9a-festa-de-lesport-de-taradell\\\/#primaryimage\"},\"image\":{\"@id\":\"https:\\\/\\\/cetaradell.cat\\\/ce\\\/9a-festa-de-lesport-de-taradell\\\/#primaryimage\"},\"thumbnailUrl\":\"https:\\\/\\\/cetaradell.cat\\\/ce\\\/wp-content\\\/uploads\\\/Festa-del-esport-Taradell0406160018.jpg\",\"datePublished\":\"2017-05-31T22:02:12+00:00\",\"dateModified\":\"2020-07-11T23:34:29+00:00\",\"author\":{\"@id\":\"https:\\\/\\\/cetaradell.cat\\\/ce\\\/#\\\/schema\\\/person\\\/92a59f585073071c7be6649e84b22f78\"},\"breadcrumb\":{\"@id\":\"https:\\\/\\\/cetaradell.cat\\\/ce\\\/9a-festa-de-lesport-de-taradell\\\/#breadcrumb\"},\"inLanguage\":\"ca\",\"potentialAction\":[{\"@type\":\"ReadAction\",\"target\":[\"https:\\\/\\\/cetaradell.cat\\\/ce\\\/9a-festa-de-lesport-de-taradell\\\/\"]}]},{\"@type\":\"ImageObject\",\"inLanguage\":\"ca\",\"@id\":\"https:\\\/\\\/cetaradell.cat\\\/ce\\\/9a-festa-de-lesport-de-taradell\\\/#primaryimage\",\"url\":\"https:\\\/\\\/cetaradell.cat\\\/ce\\\/wp-content\\\/uploads\\\/Festa-del-esport-Taradell0406160018.jpg\",\"contentUrl\":\"https:\\\/\\\/cetaradell.cat\\\/ce\\\/wp-content\\\/uploads\\\/Festa-del-esport-Taradell0406160018.jpg\",\"width\":1000,\"height\":664},{\"@type\":\"BreadcrumbList\",\"@id\":\"https:\\\/\\\/cetaradell.cat\\\/ce\\\/9a-festa-de-lesport-de-taradell\\\/#breadcrumb\",\"itemListElement\":[{\"@type\":\"ListItem\",\"position\":1,\"name\":\"Inici\",\"item\":\"https:\\\/\\\/cetaradell.cat\\\/ce\\\/\"},{\"@type\":\"ListItem\",\"position\":2,\"name\":\"9a Festa de l&#8217;Esport de Taradell\"}]},{\"@type\":\"WebSite\",\"@id\":\"https:\\\/\\\/cetaradell.cat\\\/ce\\\/#website\",\"url\":\"https:\\\/\\\/cetaradell.cat\\\/ce\\\/\",\"name\":\"Centre Excursionista Taradell\",\"description\":\"\",\"potentialAction\":[{\"@type\":\"SearchAction\",\"target\":{\"@type\":\"EntryPoint\",\"urlTemplate\":\"https:\\\/\\\/cetaradell.cat\\\/ce\\\/?s={search_term_string}\"},\"query-input\":{\"@type\":\"PropertyValueSpecification\",\"valueRequired\":true,\"valueName\":\"search_term_string\"}}],\"inLanguage\":\"ca\"},{\"@type\":\"Person\",\"@id\":\"https:\\\/\\\/cetaradell.cat\\\/ce\\\/#\\\/schema\\\/person\\\/92a59f585073071c7be6649e84b22f78\",\"name\":\"CET\",\"image\":{\"@type\":\"ImageObject\",\"inLanguage\":\"ca\",\"@id\":\"https:\\\/\\\/secure.gravatar.com\\\/avatar\\\/d6fbe010d42056feccc0f613ed07277a5118442805079269f12dabdc42e1a727?s=96&d=mm&r=g\",\"url\":\"https:\\\/\\\/secure.gravatar.com\\\/avatar\\\/d6fbe010d42056feccc0f613ed07277a5118442805079269f12dabdc42e1a727?s=96&d=mm&r=g\",\"contentUrl\":\"https:\\\/\\\/secure.gravatar.com\\\/avatar\\\/d6fbe010d42056feccc0f613ed07277a5118442805079269f12dabdc42e1a727?s=96&d=mm&r=g\",\"caption\":\"CET\"},\"url\":\"https:\\\/\\\/cetaradell.cat\\\/ce\\\/author\\\/root\\\/\"}]}<\/script>\n<!-- \/ Yoast SEO plugin. -->","yoast_head_json":{"title":"9a Festa de l'Esport de Taradell - Centre Excursionista Taradell","robots":{"index":"index","follow":"follow","max-snippet":"max-snippet:-1","max-image-preview":"max-image-preview:large","max-video-preview":"max-video-preview:-1"},"canonical":"https:\/\/cetaradell.cat\/ce\/9a-festa-de-lesport-de-taradell\/","og_locale":"ca_ES","og_type":"article","og_title":"9a Festa de l'Esport de Taradell - Centre Excursionista Taradell","og_description":"El cap de setmana del divendres 9 al diumenge 11 de juny es celebrar\u00e0 a Taradell la novena edici\u00f3 de la Festa de l\u2019Esport que com en les anteriors edicions comptar\u00e0 amb la col\u00b7laboraci\u00f3 del Centre Excursionista Taradell en l\u2019organitzaci\u00f3 de la Cursa d\u2019Obstacles (\u2192) i en la Caminada Nocturna. [...]","og_url":"https:\/\/cetaradell.cat\/ce\/9a-festa-de-lesport-de-taradell\/","og_site_name":"Centre Excursionista Taradell","article_publisher":"https:\/\/www.facebook.com\/CETaradell\/","article_published_time":"2017-05-31T22:02:12+00:00","article_modified_time":"2020-07-11T23:34:29+00:00","og_image":[{"width":1000,"height":664,"url":"https:\/\/cetaradell.cat\/ce\/wp-content\/uploads\/Festa-del-esport-Taradell0406160018.jpg","type":"image\/jpeg"}],"author":"CET","twitter_card":"summary_large_image","twitter_misc":{"Escrit per":"CET","Temps estimat de lectura":"1 minut"},"schema":{"@context":"https:\/\/schema.org","@graph":[{"@type":"Article","@id":"https:\/\/cetaradell.cat\/ce\/9a-festa-de-lesport-de-taradell\/#article","isPartOf":{"@id":"https:\/\/cetaradell.cat\/ce\/9a-festa-de-lesport-de-taradell\/"},"author":{"name":"CET","@id":"https:\/\/cetaradell.cat\/ce\/#\/schema\/person\/92a59f585073071c7be6649e84b22f78"},"headline":"9a Festa de l&#8217;Esport de Taradell","datePublished":"2017-05-31T22:02:12+00:00","dateModified":"2020-07-11T23:34:29+00:00","mainEntityOfPage":{"@id":"https:\/\/cetaradell.cat\/ce\/9a-festa-de-lesport-de-taradell\/"},"wordCount":303,"image":{"@id":"https:\/\/cetaradell.cat\/ce\/9a-festa-de-lesport-de-taradell\/#primaryimage"},"thumbnailUrl":"https:\/\/cetaradell.cat\/ce\/wp-content\/uploads\/Festa-del-esport-Taradell0406160018.jpg","articleSection":["Activitats","Col\u00b7laboraci\u00f3 amb entitats"],"inLanguage":"ca"},{"@type":"WebPage","@id":"https:\/\/cetaradell.cat\/ce\/9a-festa-de-lesport-de-taradell\/","url":"https:\/\/cetaradell.cat\/ce\/9a-festa-de-lesport-de-taradell\/","name":"9a Festa de l'Esport de Taradell - Centre Excursionista Taradell","isPartOf":{"@id":"https:\/\/cetaradell.cat\/ce\/#website"},"primaryImageOfPage":{"@id":"https:\/\/cetaradell.cat\/ce\/9a-festa-de-lesport-de-taradell\/#primaryimage"},"image":{"@id":"https:\/\/cetaradell.cat\/ce\/9a-festa-de-lesport-de-taradell\/#primaryimage"},"thumbnailUrl":"https:\/\/cetaradell.cat\/ce\/wp-content\/uploads\/Festa-del-esport-Taradell0406160018.jpg","datePublished":"2017-05-31T22:02:12+00:00","dateModified":"2020-07-11T23:34:29+00:00","author":{"@id":"https:\/\/cetaradell.cat\/ce\/#\/schema\/person\/92a59f585073071c7be6649e84b22f78"},"breadcrumb":{"@id":"https:\/\/cetaradell.cat\/ce\/9a-festa-de-lesport-de-taradell\/#breadcrumb"},"inLanguage":"ca","potentialAction":[{"@type":"ReadAction","target":["https:\/\/cetaradell.cat\/ce\/9a-festa-de-lesport-de-taradell\/"]}]},{"@type":"ImageObject","inLanguage":"ca","@id":"https:\/\/cetaradell.cat\/ce\/9a-festa-de-lesport-de-taradell\/#primaryimage","url":"https:\/\/cetaradell.cat\/ce\/wp-content\/uploads\/Festa-del-esport-Taradell0406160018.jpg","contentUrl":"https:\/\/cetaradell.cat\/ce\/wp-content\/uploads\/Festa-del-esport-Taradell0406160018.jpg","width":1000,"height":664},{"@type":"BreadcrumbList","@id":"https:\/\/cetaradell.cat\/ce\/9a-festa-de-lesport-de-taradell\/#breadcrumb","itemListElement":[{"@type":"ListItem","position":1,"name":"Inici","item":"https:\/\/cetaradell.cat\/ce\/"},{"@type":"ListItem","position":2,"name":"9a Festa de l&#8217;Esport de Taradell"}]},{"@type":"WebSite","@id":"https:\/\/cetaradell.cat\/ce\/#website","url":"https:\/\/cetaradell.cat\/ce\/","name":"Centre Excursionista Taradell","description":"","potentialAction":[{"@type":"SearchAction","target":{"@type":"EntryPoint","urlTemplate":"https:\/\/cetaradell.cat\/ce\/?s={search_term_string}"},"query-input":{"@type":"PropertyValueSpecification","valueRequired":true,"valueName":"search_term_string"}}],"inLanguage":"ca"},{"@type":"Person","@id":"https:\/\/cetaradell.cat\/ce\/#\/schema\/person\/92a59f585073071c7be6649e84b22f78","name":"CET","image":{"@type":"ImageObject","inLanguage":"ca","@id":"https:\/\/secure.gravatar.com\/avatar\/d6fbe010d42056feccc0f613ed07277a5118442805079269f12dabdc42e1a727?s=96&d=mm&r=g","url":"https:\/\/secure.gravatar.com\/avatar\/d6fbe010d42056feccc0f613ed07277a5118442805079269f12dabdc42e1a727?s=96&d=mm&r=g","contentUrl":"https:\/\/secure.gravatar.com\/avatar\/d6fbe010d42056feccc0f613ed07277a5118442805079269f12dabdc42e1a727?s=96&d=mm&r=g","caption":"CET"},"url":"https:\/\/cetaradell.cat\/ce\/author\/root\/"}]}},"_links":{"self":[{"href":"https:\/\/cetaradell.cat\/ce\/wp-json\/wp\/v2\/posts\/5540","targetHints":{"allow":["GET"]}}],"collection":[{"href":"https:\/\/cetaradell.cat\/ce\/wp-json\/wp\/v2\/posts"}],"about":[{"href":"https:\/\/cetaradell.cat\/ce\/wp-json\/wp\/v2\/types\/post"}],"author":[{"embeddable":true,"href":"https:\/\/cetaradell.cat\/ce\/wp-json\/wp\/v2\/users\/1"}],"replies":[{"embeddable":true,"href":"https:\/\/cetaradell.cat\/ce\/wp-json\/wp\/v2\/comments?post=5540"}],"version-history":[{"count":0,"href":"https:\/\/cetaradell.cat\/ce\/wp-json\/wp\/v2\/posts\/5540\/revisions"}],"wp:featuredmedia":[{"embeddable":true,"href":"https:\/\/cetaradell.cat\/ce\/wp-json\/wp\/v2\/media\/5541"}],"wp:attachment":[{"href":"https:\/\/cetaradell.cat\/ce\/wp-json\/wp\/v2\/media?parent=5540"}],"wp:term":[{"taxonomy":"category","embeddable":true,"href":"https:\/\/cetaradell.cat\/ce\/wp-json\/wp\/v2\/categories?post=5540"},{"taxonomy":"post_tag","embeddable":true,"href":"https:\/\/cetaradell.cat\/ce\/wp-json\/wp\/v2\/tags?post=5540"}],"curies":[{"name":"wp","href":"https:\/\/api.w.org\/{rel}","templated":true}]}}