{"id":5594,"date":"2017-06-19T06:53:52","date_gmt":"2017-06-19T05:53:52","guid":{"rendered":"https:\/\/cetaradell.cat\/ce\/?p=5594"},"modified":"2020-07-14T22:52:39","modified_gmt":"2020-07-14T21:52:39","slug":"meri-i-pepe-freixas-primera-i-segon-a-la-guixa","status":"publish","type":"post","link":"https:\/\/cetaradell.cat\/ce\/meri-i-pepe-freixas-primera-i-segon-a-la-guixa\/","title":{"rendered":"Meri i Pepe Freixas, primera i segon a la cursa de la Guixa"},"content":{"rendered":"<div id=\"attachment_5595\" style=\"width: 310px\" class=\"wp-caption alignleft\"><a href=\"https:\/\/cetaradell.cat\/ce\/wp-content\/uploads\/2017-06-18-Cursa_Orientacio_La_Guixa.jpg\" target=\"_blank\" rel=\"attachment noopener wp-att-5595 noreferrer\"><img decoding=\"async\" aria-describedby=\"caption-attachment-5595\" class=\"wp-image-5595 size-medium\" src=\"https:\/\/cetaradell.cat\/ce\/wp-content\/uploads\/2017-06-18-Cursa_Orientacio_La_Guixa-300x225.jpg\" alt=\"2017-06-18-Cursa_Orientacio_La_Guixa\" width=\"300\" height=\"225\" srcset=\"https:\/\/cetaradell.cat\/ce\/wp-content\/uploads\/2017-06-18-Cursa_Orientacio_La_Guixa-300x225.jpg 300w, https:\/\/cetaradell.cat\/ce\/wp-content\/uploads\/2017-06-18-Cursa_Orientacio_La_Guixa-500x375.jpg 500w, https:\/\/cetaradell.cat\/ce\/wp-content\/uploads\/2017-06-18-Cursa_Orientacio_La_Guixa-700x525.jpg 700w, https:\/\/cetaradell.cat\/ce\/wp-content\/uploads\/2017-06-18-Cursa_Orientacio_La_Guixa-768x576.jpg 768w, https:\/\/cetaradell.cat\/ce\/wp-content\/uploads\/2017-06-18-Cursa_Orientacio_La_Guixa-1024x768.jpg 1024w, https:\/\/cetaradell.cat\/ce\/wp-content\/uploads\/2017-06-18-Cursa_Orientacio_La_Guixa.jpg 1170w\" sizes=\"(max-width: 300px) 100vw, 300px\" \/><\/a><p id=\"caption-attachment-5595\" class=\"wp-caption-text\">Llu\u00eds Saborit, Marc Ballabriga, Metitxell Freixas i Josep Maria Freixas a la cursa de la Guixa<\/p><\/div>\n<p><strong>Meritxell Feixas<\/strong> es va classificar en primer lloc de la categoria femenina del circuit C2 a la <strong>IV Cursa Popular d\u2019Orientaci\u00f3 de la Guixa<\/strong> celebrada el diumenge dia 18 de juny, i <strong>Josep Maria Freixas<\/strong> es va classificar en segon lloc de la categoria masculina del mateix circuit, a nom\u00e9s 1 minuts i 24 segons del primer. En aquest mateix circuit, el C2, tamb\u00e9 hi van participar el orientadors del CET L\u2019Enclusa-O, <strong>Llu\u00eds Saborit <\/strong>que es va classificar en 7\u00e8 lloc i <strong>Marc Ballabriga <\/strong>que va estrt desqualificat al no fitxar les fites correctament.<\/p>\n<p>Cal dir que el circuit C2 va ser molt t\u00e8cnic; les fites estaven molt ben amagades sovint entre zones de vegetaci\u00f3 espessa o entre clots de margues molt encaixonats que obligava als corredors afinar molt amb l\u2019orientaci\u00f3, per\u00f2 alhora gaudir plenament d\u2019aquest esport. Per altra banda, les elevades temperatures van fer augmentar encara m\u00e9s la duresa de la prova.<\/p>\n<div id=\"attachment_5596\" style=\"width: 310px\" class=\"wp-caption alignleft\"><a href=\"https:\/\/cetaradell.cat\/ce\/wp-content\/uploads\/2017-06-18-Cursa_Orientacio_La_GuixaFoto-Edu_Freixas.jpeg\" target=\"_blank\" rel=\"attachment noopener wp-att-5596 noreferrer\"><img decoding=\"async\" aria-describedby=\"caption-attachment-5596\" class=\"wp-image-5596 size-medium\" src=\"https:\/\/cetaradell.cat\/ce\/wp-content\/uploads\/2017-06-18-Cursa_Orientacio_La_GuixaFoto-Edu_Freixas-300x169.jpeg\" alt=\"2017-06-18-Cursa_Orientacio_La_Guixa(Foto-Edu_Freixas)\" width=\"300\" height=\"169\" srcset=\"https:\/\/cetaradell.cat\/ce\/wp-content\/uploads\/2017-06-18-Cursa_Orientacio_La_GuixaFoto-Edu_Freixas-300x169.jpeg 300w, https:\/\/cetaradell.cat\/ce\/wp-content\/uploads\/2017-06-18-Cursa_Orientacio_La_GuixaFoto-Edu_Freixas-500x281.jpeg 500w, https:\/\/cetaradell.cat\/ce\/wp-content\/uploads\/2017-06-18-Cursa_Orientacio_La_GuixaFoto-Edu_Freixas-700x394.jpeg 700w, https:\/\/cetaradell.cat\/ce\/wp-content\/uploads\/2017-06-18-Cursa_Orientacio_La_GuixaFoto-Edu_Freixas-768x432.jpeg 768w, https:\/\/cetaradell.cat\/ce\/wp-content\/uploads\/2017-06-18-Cursa_Orientacio_La_GuixaFoto-Edu_Freixas-1024x576.jpeg 1024w, https:\/\/cetaradell.cat\/ce\/wp-content\/uploads\/2017-06-18-Cursa_Orientacio_La_GuixaFoto-Edu_Freixas.jpeg 1600w\" sizes=\"(max-width: 300px) 100vw, 300px\" \/><\/a><p id=\"caption-attachment-5596\" class=\"wp-caption-text\">La fam\u00edlia Freixas a l&#8217;arribada de la C3 (Foto: Edu Freixas)<\/p><\/div>\n<p>El circuit C3 d\u2019aquesta cursa de la Guixa, pensat per qui vol iniciar-se en aquest esport o b\u00e9 el vol provar, va comptar amb la participaci\u00f3 de quatre taradellencs que volien con\u00e8ixer en directa com era una cursa d\u2019orientaci\u00f3 ja que a casa seva tenien tot uns campions, eren: <strong>Edu Freixas<\/strong>, <strong>Eduard Freixas<\/strong>, <strong>Merc\u00e8 Nogu\u00e9<\/strong> i la petita <strong>Estel Freixas<\/strong>.<\/p>\n<p>&nbsp;<\/p>\n","protected":false},"excerpt":{"rendered":"<p>Meritxell Feixas es va classificar en primer lloc de la categoria femenina del circuit C2 a la IV Cursa Popular d\u2019Orientaci\u00f3 de la Guixa celebrada el diumenge dia 18 de juny, i Josep Maria Freixas es va classificar en segon lloc de la categoria masculina del mateix circuit, a nom\u00e9s  [&#8230;]<\/p>\n","protected":false},"author":1,"featured_media":5595,"comment_status":"closed","ping_status":"closed","sticky":false,"template":"","format":"standard","meta":{"footnotes":""},"categories":[46,3],"tags":[],"class_list":["post-5594","post","type-post","status-publish","format-standard","has-post-thumbnail","hentry","category-equip-cet-lenclusa-o","category-noticies"],"yoast_head":"<!-- This site is optimized with the Yoast SEO plugin v27.5 - https:\/\/yoast.com\/product\/yoast-seo-wordpress\/ -->\n<title>Meri i Pepe Freixas, primera i segon a la cursa de la Guixa - Centre Excursionista Taradell<\/title>\n<meta name=\"robots\" content=\"index, follow, max-snippet:-1, max-image-preview:large, max-video-preview:-1\" \/>\n<link rel=\"canonical\" href=\"https:\/\/cetaradell.cat\/ce\/meri-i-pepe-freixas-primera-i-segon-a-la-guixa\/\" \/>\n<meta property=\"og:locale\" content=\"ca_ES\" \/>\n<meta property=\"og:type\" content=\"article\" \/>\n<meta property=\"og:title\" content=\"Meri i Pepe Freixas, primera i segon a la cursa de la Guixa - Centre Excursionista Taradell\" \/>\n<meta property=\"og:description\" content=\"Meritxell Feixas es va classificar en primer lloc de la categoria femenina del circuit C2 a la IV Cursa Popular d\u2019Orientaci\u00f3 de la Guixa celebrada el diumenge dia 18 de juny, i Josep Maria Freixas es va classificar en segon lloc de la categoria masculina del mateix circuit, a nom\u00e9s [...]\" \/>\n<meta property=\"og:url\" content=\"https:\/\/cetaradell.cat\/ce\/meri-i-pepe-freixas-primera-i-segon-a-la-guixa\/\" \/>\n<meta property=\"og:site_name\" content=\"Centre Excursionista Taradell\" \/>\n<meta property=\"article:publisher\" content=\"https:\/\/www.facebook.com\/CETaradell\/\" \/>\n<meta property=\"article:published_time\" content=\"2017-06-19T05:53:52+00:00\" \/>\n<meta property=\"article:modified_time\" content=\"2020-07-14T21:52:39+00:00\" \/>\n<meta property=\"og:image\" content=\"https:\/\/cetaradell.cat\/ce\/wp-content\/uploads\/2017-06-18-Cursa_Orientacio_La_Guixa.jpg\" \/>\n\t<meta property=\"og:image:width\" content=\"1170\" \/>\n\t<meta property=\"og:image:height\" content=\"878\" \/>\n\t<meta property=\"og:image:type\" content=\"image\/jpeg\" \/>\n<meta name=\"author\" content=\"CET\" \/>\n<meta name=\"twitter:card\" content=\"summary_large_image\" \/>\n<meta name=\"twitter:label1\" content=\"Escrit per\" \/>\n\t<meta name=\"twitter:data1\" content=\"CET\" \/>\n\t<meta name=\"twitter:label2\" content=\"Temps estimat de lectura\" \/>\n\t<meta name=\"twitter:data2\" content=\"1 minut\" \/>\n<script type=\"application\/ld+json\" class=\"yoast-schema-graph\">{\"@context\":\"https:\\\/\\\/schema.org\",\"@graph\":[{\"@type\":\"Article\",\"@id\":\"https:\\\/\\\/cetaradell.cat\\\/ce\\\/meri-i-pepe-freixas-primera-i-segon-a-la-guixa\\\/#article\",\"isPartOf\":{\"@id\":\"https:\\\/\\\/cetaradell.cat\\\/ce\\\/meri-i-pepe-freixas-primera-i-segon-a-la-guixa\\\/\"},\"author\":{\"name\":\"CET\",\"@id\":\"https:\\\/\\\/cetaradell.cat\\\/ce\\\/#\\\/schema\\\/person\\\/92a59f585073071c7be6649e84b22f78\"},\"headline\":\"Meri i Pepe Freixas, primera i segon a la cursa de la Guixa\",\"datePublished\":\"2017-06-19T05:53:52+00:00\",\"dateModified\":\"2020-07-14T21:52:39+00:00\",\"mainEntityOfPage\":{\"@id\":\"https:\\\/\\\/cetaradell.cat\\\/ce\\\/meri-i-pepe-freixas-primera-i-segon-a-la-guixa\\\/\"},\"wordCount\":278,\"image\":{\"@id\":\"https:\\\/\\\/cetaradell.cat\\\/ce\\\/meri-i-pepe-freixas-primera-i-segon-a-la-guixa\\\/#primaryimage\"},\"thumbnailUrl\":\"https:\\\/\\\/cetaradell.cat\\\/ce\\\/wp-content\\\/uploads\\\/2017-06-18-Cursa_Orientacio_La_Guixa.jpg\",\"articleSection\":[\"Equip CET L'Enclusa-O\",\"Not\u00edcies\"],\"inLanguage\":\"ca\"},{\"@type\":\"WebPage\",\"@id\":\"https:\\\/\\\/cetaradell.cat\\\/ce\\\/meri-i-pepe-freixas-primera-i-segon-a-la-guixa\\\/\",\"url\":\"https:\\\/\\\/cetaradell.cat\\\/ce\\\/meri-i-pepe-freixas-primera-i-segon-a-la-guixa\\\/\",\"name\":\"Meri i Pepe Freixas, primera i segon a la cursa de la Guixa - Centre Excursionista Taradell\",\"isPartOf\":{\"@id\":\"https:\\\/\\\/cetaradell.cat\\\/ce\\\/#website\"},\"primaryImageOfPage\":{\"@id\":\"https:\\\/\\\/cetaradell.cat\\\/ce\\\/meri-i-pepe-freixas-primera-i-segon-a-la-guixa\\\/#primaryimage\"},\"image\":{\"@id\":\"https:\\\/\\\/cetaradell.cat\\\/ce\\\/meri-i-pepe-freixas-primera-i-segon-a-la-guixa\\\/#primaryimage\"},\"thumbnailUrl\":\"https:\\\/\\\/cetaradell.cat\\\/ce\\\/wp-content\\\/uploads\\\/2017-06-18-Cursa_Orientacio_La_Guixa.jpg\",\"datePublished\":\"2017-06-19T05:53:52+00:00\",\"dateModified\":\"2020-07-14T21:52:39+00:00\",\"author\":{\"@id\":\"https:\\\/\\\/cetaradell.cat\\\/ce\\\/#\\\/schema\\\/person\\\/92a59f585073071c7be6649e84b22f78\"},\"breadcrumb\":{\"@id\":\"https:\\\/\\\/cetaradell.cat\\\/ce\\\/meri-i-pepe-freixas-primera-i-segon-a-la-guixa\\\/#breadcrumb\"},\"inLanguage\":\"ca\",\"potentialAction\":[{\"@type\":\"ReadAction\",\"target\":[\"https:\\\/\\\/cetaradell.cat\\\/ce\\\/meri-i-pepe-freixas-primera-i-segon-a-la-guixa\\\/\"]}]},{\"@type\":\"ImageObject\",\"inLanguage\":\"ca\",\"@id\":\"https:\\\/\\\/cetaradell.cat\\\/ce\\\/meri-i-pepe-freixas-primera-i-segon-a-la-guixa\\\/#primaryimage\",\"url\":\"https:\\\/\\\/cetaradell.cat\\\/ce\\\/wp-content\\\/uploads\\\/2017-06-18-Cursa_Orientacio_La_Guixa.jpg\",\"contentUrl\":\"https:\\\/\\\/cetaradell.cat\\\/ce\\\/wp-content\\\/uploads\\\/2017-06-18-Cursa_Orientacio_La_Guixa.jpg\",\"width\":1170,\"height\":878},{\"@type\":\"BreadcrumbList\",\"@id\":\"https:\\\/\\\/cetaradell.cat\\\/ce\\\/meri-i-pepe-freixas-primera-i-segon-a-la-guixa\\\/#breadcrumb\",\"itemListElement\":[{\"@type\":\"ListItem\",\"position\":1,\"name\":\"Inici\",\"item\":\"https:\\\/\\\/cetaradell.cat\\\/ce\\\/\"},{\"@type\":\"ListItem\",\"position\":2,\"name\":\"Meri i Pepe Freixas, primera i segon a la cursa de la Guixa\"}]},{\"@type\":\"WebSite\",\"@id\":\"https:\\\/\\\/cetaradell.cat\\\/ce\\\/#website\",\"url\":\"https:\\\/\\\/cetaradell.cat\\\/ce\\\/\",\"name\":\"Centre Excursionista Taradell\",\"description\":\"\",\"potentialAction\":[{\"@type\":\"SearchAction\",\"target\":{\"@type\":\"EntryPoint\",\"urlTemplate\":\"https:\\\/\\\/cetaradell.cat\\\/ce\\\/?s={search_term_string}\"},\"query-input\":{\"@type\":\"PropertyValueSpecification\",\"valueRequired\":true,\"valueName\":\"search_term_string\"}}],\"inLanguage\":\"ca\"},{\"@type\":\"Person\",\"@id\":\"https:\\\/\\\/cetaradell.cat\\\/ce\\\/#\\\/schema\\\/person\\\/92a59f585073071c7be6649e84b22f78\",\"name\":\"CET\",\"image\":{\"@type\":\"ImageObject\",\"inLanguage\":\"ca\",\"@id\":\"https:\\\/\\\/secure.gravatar.com\\\/avatar\\\/d6fbe010d42056feccc0f613ed07277a5118442805079269f12dabdc42e1a727?s=96&d=mm&r=g\",\"url\":\"https:\\\/\\\/secure.gravatar.com\\\/avatar\\\/d6fbe010d42056feccc0f613ed07277a5118442805079269f12dabdc42e1a727?s=96&d=mm&r=g\",\"contentUrl\":\"https:\\\/\\\/secure.gravatar.com\\\/avatar\\\/d6fbe010d42056feccc0f613ed07277a5118442805079269f12dabdc42e1a727?s=96&d=mm&r=g\",\"caption\":\"CET\"},\"url\":\"https:\\\/\\\/cetaradell.cat\\\/ce\\\/author\\\/root\\\/\"}]}<\/script>\n<!-- \/ Yoast SEO plugin. -->","yoast_head_json":{"title":"Meri i Pepe Freixas, primera i segon a la cursa de la Guixa - Centre Excursionista Taradell","robots":{"index":"index","follow":"follow","max-snippet":"max-snippet:-1","max-image-preview":"max-image-preview:large","max-video-preview":"max-video-preview:-1"},"canonical":"https:\/\/cetaradell.cat\/ce\/meri-i-pepe-freixas-primera-i-segon-a-la-guixa\/","og_locale":"ca_ES","og_type":"article","og_title":"Meri i Pepe Freixas, primera i segon a la cursa de la Guixa - Centre Excursionista Taradell","og_description":"Meritxell Feixas es va classificar en primer lloc de la categoria femenina del circuit C2 a la IV Cursa Popular d\u2019Orientaci\u00f3 de la Guixa celebrada el diumenge dia 18 de juny, i Josep Maria Freixas es va classificar en segon lloc de la categoria masculina del mateix circuit, a nom\u00e9s [...]","og_url":"https:\/\/cetaradell.cat\/ce\/meri-i-pepe-freixas-primera-i-segon-a-la-guixa\/","og_site_name":"Centre Excursionista Taradell","article_publisher":"https:\/\/www.facebook.com\/CETaradell\/","article_published_time":"2017-06-19T05:53:52+00:00","article_modified_time":"2020-07-14T21:52:39+00:00","og_image":[{"width":1170,"height":878,"url":"https:\/\/cetaradell.cat\/ce\/wp-content\/uploads\/2017-06-18-Cursa_Orientacio_La_Guixa.jpg","type":"image\/jpeg"}],"author":"CET","twitter_card":"summary_large_image","twitter_misc":{"Escrit per":"CET","Temps estimat de lectura":"1 minut"},"schema":{"@context":"https:\/\/schema.org","@graph":[{"@type":"Article","@id":"https:\/\/cetaradell.cat\/ce\/meri-i-pepe-freixas-primera-i-segon-a-la-guixa\/#article","isPartOf":{"@id":"https:\/\/cetaradell.cat\/ce\/meri-i-pepe-freixas-primera-i-segon-a-la-guixa\/"},"author":{"name":"CET","@id":"https:\/\/cetaradell.cat\/ce\/#\/schema\/person\/92a59f585073071c7be6649e84b22f78"},"headline":"Meri i Pepe Freixas, primera i segon a la cursa de la Guixa","datePublished":"2017-06-19T05:53:52+00:00","dateModified":"2020-07-14T21:52:39+00:00","mainEntityOfPage":{"@id":"https:\/\/cetaradell.cat\/ce\/meri-i-pepe-freixas-primera-i-segon-a-la-guixa\/"},"wordCount":278,"image":{"@id":"https:\/\/cetaradell.cat\/ce\/meri-i-pepe-freixas-primera-i-segon-a-la-guixa\/#primaryimage"},"thumbnailUrl":"https:\/\/cetaradell.cat\/ce\/wp-content\/uploads\/2017-06-18-Cursa_Orientacio_La_Guixa.jpg","articleSection":["Equip CET L'Enclusa-O","Not\u00edcies"],"inLanguage":"ca"},{"@type":"WebPage","@id":"https:\/\/cetaradell.cat\/ce\/meri-i-pepe-freixas-primera-i-segon-a-la-guixa\/","url":"https:\/\/cetaradell.cat\/ce\/meri-i-pepe-freixas-primera-i-segon-a-la-guixa\/","name":"Meri i Pepe Freixas, primera i segon a la cursa de la Guixa - Centre Excursionista Taradell","isPartOf":{"@id":"https:\/\/cetaradell.cat\/ce\/#website"},"primaryImageOfPage":{"@id":"https:\/\/cetaradell.cat\/ce\/meri-i-pepe-freixas-primera-i-segon-a-la-guixa\/#primaryimage"},"image":{"@id":"https:\/\/cetaradell.cat\/ce\/meri-i-pepe-freixas-primera-i-segon-a-la-guixa\/#primaryimage"},"thumbnailUrl":"https:\/\/cetaradell.cat\/ce\/wp-content\/uploads\/2017-06-18-Cursa_Orientacio_La_Guixa.jpg","datePublished":"2017-06-19T05:53:52+00:00","dateModified":"2020-07-14T21:52:39+00:00","author":{"@id":"https:\/\/cetaradell.cat\/ce\/#\/schema\/person\/92a59f585073071c7be6649e84b22f78"},"breadcrumb":{"@id":"https:\/\/cetaradell.cat\/ce\/meri-i-pepe-freixas-primera-i-segon-a-la-guixa\/#breadcrumb"},"inLanguage":"ca","potentialAction":[{"@type":"ReadAction","target":["https:\/\/cetaradell.cat\/ce\/meri-i-pepe-freixas-primera-i-segon-a-la-guixa\/"]}]},{"@type":"ImageObject","inLanguage":"ca","@id":"https:\/\/cetaradell.cat\/ce\/meri-i-pepe-freixas-primera-i-segon-a-la-guixa\/#primaryimage","url":"https:\/\/cetaradell.cat\/ce\/wp-content\/uploads\/2017-06-18-Cursa_Orientacio_La_Guixa.jpg","contentUrl":"https:\/\/cetaradell.cat\/ce\/wp-content\/uploads\/2017-06-18-Cursa_Orientacio_La_Guixa.jpg","width":1170,"height":878},{"@type":"BreadcrumbList","@id":"https:\/\/cetaradell.cat\/ce\/meri-i-pepe-freixas-primera-i-segon-a-la-guixa\/#breadcrumb","itemListElement":[{"@type":"ListItem","position":1,"name":"Inici","item":"https:\/\/cetaradell.cat\/ce\/"},{"@type":"ListItem","position":2,"name":"Meri i Pepe Freixas, primera i segon a la cursa de la Guixa"}]},{"@type":"WebSite","@id":"https:\/\/cetaradell.cat\/ce\/#website","url":"https:\/\/cetaradell.cat\/ce\/","name":"Centre Excursionista Taradell","description":"","potentialAction":[{"@type":"SearchAction","target":{"@type":"EntryPoint","urlTemplate":"https:\/\/cetaradell.cat\/ce\/?s={search_term_string}"},"query-input":{"@type":"PropertyValueSpecification","valueRequired":true,"valueName":"search_term_string"}}],"inLanguage":"ca"},{"@type":"Person","@id":"https:\/\/cetaradell.cat\/ce\/#\/schema\/person\/92a59f585073071c7be6649e84b22f78","name":"CET","image":{"@type":"ImageObject","inLanguage":"ca","@id":"https:\/\/secure.gravatar.com\/avatar\/d6fbe010d42056feccc0f613ed07277a5118442805079269f12dabdc42e1a727?s=96&d=mm&r=g","url":"https:\/\/secure.gravatar.com\/avatar\/d6fbe010d42056feccc0f613ed07277a5118442805079269f12dabdc42e1a727?s=96&d=mm&r=g","contentUrl":"https:\/\/secure.gravatar.com\/avatar\/d6fbe010d42056feccc0f613ed07277a5118442805079269f12dabdc42e1a727?s=96&d=mm&r=g","caption":"CET"},"url":"https:\/\/cetaradell.cat\/ce\/author\/root\/"}]}},"_links":{"self":[{"href":"https:\/\/cetaradell.cat\/ce\/wp-json\/wp\/v2\/posts\/5594","targetHints":{"allow":["GET"]}}],"collection":[{"href":"https:\/\/cetaradell.cat\/ce\/wp-json\/wp\/v2\/posts"}],"about":[{"href":"https:\/\/cetaradell.cat\/ce\/wp-json\/wp\/v2\/types\/post"}],"author":[{"embeddable":true,"href":"https:\/\/cetaradell.cat\/ce\/wp-json\/wp\/v2\/users\/1"}],"replies":[{"embeddable":true,"href":"https:\/\/cetaradell.cat\/ce\/wp-json\/wp\/v2\/comments?post=5594"}],"version-history":[{"count":0,"href":"https:\/\/cetaradell.cat\/ce\/wp-json\/wp\/v2\/posts\/5594\/revisions"}],"wp:featuredmedia":[{"embeddable":true,"href":"https:\/\/cetaradell.cat\/ce\/wp-json\/wp\/v2\/media\/5595"}],"wp:attachment":[{"href":"https:\/\/cetaradell.cat\/ce\/wp-json\/wp\/v2\/media?parent=5594"}],"wp:term":[{"taxonomy":"category","embeddable":true,"href":"https:\/\/cetaradell.cat\/ce\/wp-json\/wp\/v2\/categories?post=5594"},{"taxonomy":"post_tag","embeddable":true,"href":"https:\/\/cetaradell.cat\/ce\/wp-json\/wp\/v2\/tags?post=5594"}],"curies":[{"name":"wp","href":"https:\/\/api.w.org\/{rel}","templated":true}]}}