{"id":5612,"date":"2017-06-23T16:12:03","date_gmt":"2017-06-23T15:12:03","guid":{"rendered":"https:\/\/cetaradell.cat\/ce\/?p=5612"},"modified":"2020-07-14T22:51:38","modified_gmt":"2020-07-14T21:51:38","slug":"festa-dels-100-cims-2017","status":"publish","type":"post","link":"https:\/\/cetaradell.cat\/ce\/festa-dels-100-cims-2017\/","title":{"rendered":"Festa dels 100 Cims \u2013 2017"},"content":{"rendered":"<blockquote><p><strong>Xavi Blancafort obt\u00e9 el tercer premi del 8\u00e8 Concurs Fotocims<\/strong><\/p><\/blockquote>\n<div id=\"attachment_5614\" style=\"width: 310px\" class=\"wp-caption alignleft\"><a href=\"https:\/\/cetaradell.cat\/ce\/wp-content\/uploads\/Pic-de-la-Dona-28-02-2010-017_Xevi_Blancafort.jpg\" target=\"_blank\" rel=\"attachment noopener wp-att-5614 noreferrer\"><img decoding=\"async\" aria-describedby=\"caption-attachment-5614\" class=\"wp-image-5614 size-medium\" src=\"https:\/\/cetaradell.cat\/ce\/wp-content\/uploads\/Pic-de-la-Dona-28-02-2010-017_Xevi_Blancafort-300x201.jpg\" alt=\"Pic-de-la-Dona-(28-02-2010)-017_Xevi_Blancafort\" width=\"300\" height=\"201\" srcset=\"https:\/\/cetaradell.cat\/ce\/wp-content\/uploads\/Pic-de-la-Dona-28-02-2010-017_Xevi_Blancafort-300x201.jpg 300w, https:\/\/cetaradell.cat\/ce\/wp-content\/uploads\/Pic-de-la-Dona-28-02-2010-017_Xevi_Blancafort-500x335.jpg 500w, https:\/\/cetaradell.cat\/ce\/wp-content\/uploads\/Pic-de-la-Dona-28-02-2010-017_Xevi_Blancafort-700x469.jpg 700w, https:\/\/cetaradell.cat\/ce\/wp-content\/uploads\/Pic-de-la-Dona-28-02-2010-017_Xevi_Blancafort-768x514.jpg 768w, https:\/\/cetaradell.cat\/ce\/wp-content\/uploads\/Pic-de-la-Dona-28-02-2010-017_Xevi_Blancafort-1024x686.jpg 1024w, https:\/\/cetaradell.cat\/ce\/wp-content\/uploads\/Pic-de-la-Dona-28-02-2010-017_Xevi_Blancafort.jpg 1181w\" sizes=\"(max-width: 300px) 100vw, 300px\" \/><\/a><p id=\"caption-attachment-5614\" class=\"wp-caption-text\">3r premi Fotocims: Portella de Mantet pujant al Costabona (Foto: Xevi Blancafort)<\/p><\/div>\n<p>Com cada any la FEEC va celebrar la festa dels 100 Cims. Cal dir que el repte del 100 Cims t\u00e9 com a objectiu donar a con\u00e8ixer indrets de les nostres comarques amb cims els quals no cal que destaquin per l\u2019al\u00e7ada si no que tinguin algun significat per l\u2019entitat que l\u2019ha triat.<\/p>\n<p>Des del 2006, que es va comen\u00e7ar aquesta iniciativa, tots els federats que facin algun dels cims que estan dins del cat\u00e0leg dels 100 Cims i ho desitgin poden validar-ho a la FEEC. A la pagina web de la FEEC trobareu el cat\u00e0leg dels cims i manera de validar els cims que hagueu fet.<\/p>\n<p>En 10 anys de 100 Cims 389 federats han aconseguit arribar als 100 cims, i un total de 1.789 excursionistes estan en proc\u00e9s d\u2019aconseguir el repte. Cal remarcar que \u00e9s una activitat no competitiva, no importa el temps en que es tardi en aconseguir-ho.<\/p>\n<p>La festa del 2017 es va fer el dia 21 de maig i va ser organitzada per la Uni\u00f3 Excursionista de Sabadell. L\u2019acte va consistir en dues activitats; una va ser una passejada cultural per Sabadell i l\u2019altra una sortida per els vorals de Sabadell, tamb\u00e9 es va realitzar una visita al Servei General d\u2019Informaci\u00f3 de Muntanya.<\/p>\n<p>Durant la festa es va lliurar el 7\u00e8 Premi FEEC-Canicr\u00f2s, el premi de Facebook \u201cQuin cim \u00e9s?\u201d, el 8\u00e8 Premi literari 100 Cims i el premi del 8\u00e8 concurs Fotocims. A m\u00e9s a m\u00e9s, es va fer el reconeixement als federats que durant el 2016 van superar el repte dels 100 Cims, i tamb\u00e9 els que van assolir els 200 i els 300 cims, els quals van ser obsequiats amb un mapa personalitzat dels cims<\/p>\n<p>Per part del CET van assolir el repte dels 100 Cims els socis <strong>Ant\u00f2nia Fern\u00e1ndez<\/strong> i <strong>Carles Par\u00e9s<\/strong>,\u00a0 i el tamb\u00e9 soci del CET <strong>Xavier Blancafort<\/strong> va aconseguir el tercer premi en el concurs fotogr\u00e0fic Fotocims amb la fotografia que portava per t\u00edtol: \u201cPortella de Mantet pujant al Costabona\u201d.<\/p>\n","protected":false},"excerpt":{"rendered":"<p>Xavi Blancafort obt\u00e9 el tercer premi del 8\u00e8 Concurs Fotocims Com cada any la FEEC va celebrar la festa dels 100 Cims. Cal dir que el repte del 100 Cims t\u00e9 com a objectiu donar a con\u00e8ixer indrets de les nostres comarques amb cims els quals no cal que destaquin  [&#8230;]<\/p>\n","protected":false},"author":1,"featured_media":5614,"comment_status":"closed","ping_status":"closed","sticky":false,"template":"","format":"standard","meta":{"footnotes":""},"categories":[12,3],"tags":[],"class_list":["post-5612","post","type-post","status-publish","format-standard","has-post-thumbnail","hentry","category-100-cims","category-noticies"],"yoast_head":"<!-- This site is optimized with the Yoast SEO plugin v27.5 - https:\/\/yoast.com\/product\/yoast-seo-wordpress\/ -->\n<title>Festa dels 100 Cims \u2013 2017 - Centre Excursionista Taradell<\/title>\n<meta name=\"robots\" content=\"index, follow, max-snippet:-1, max-image-preview:large, max-video-preview:-1\" \/>\n<link rel=\"canonical\" href=\"https:\/\/cetaradell.cat\/ce\/festa-dels-100-cims-2017\/\" \/>\n<meta property=\"og:locale\" content=\"ca_ES\" \/>\n<meta property=\"og:type\" content=\"article\" \/>\n<meta property=\"og:title\" content=\"Festa dels 100 Cims \u2013 2017 - Centre Excursionista Taradell\" \/>\n<meta property=\"og:description\" content=\"Xavi Blancafort obt\u00e9 el tercer premi del 8\u00e8 Concurs Fotocims Com cada any la FEEC va celebrar la festa dels 100 Cims. Cal dir que el repte del 100 Cims t\u00e9 com a objectiu donar a con\u00e8ixer indrets de les nostres comarques amb cims els quals no cal que destaquin [...]\" \/>\n<meta property=\"og:url\" content=\"https:\/\/cetaradell.cat\/ce\/festa-dels-100-cims-2017\/\" \/>\n<meta property=\"og:site_name\" content=\"Centre Excursionista Taradell\" \/>\n<meta property=\"article:publisher\" content=\"https:\/\/www.facebook.com\/CETaradell\/\" \/>\n<meta property=\"article:published_time\" content=\"2017-06-23T15:12:03+00:00\" \/>\n<meta property=\"article:modified_time\" content=\"2020-07-14T21:51:38+00:00\" \/>\n<meta property=\"og:image\" content=\"https:\/\/cetaradell.cat\/ce\/wp-content\/uploads\/Pic-de-la-Dona-28-02-2010-017_Xevi_Blancafort.jpg\" \/>\n\t<meta property=\"og:image:width\" content=\"1181\" \/>\n\t<meta property=\"og:image:height\" content=\"791\" \/>\n\t<meta property=\"og:image:type\" content=\"image\/jpeg\" \/>\n<meta name=\"author\" content=\"CET\" \/>\n<meta name=\"twitter:card\" content=\"summary_large_image\" \/>\n<meta name=\"twitter:label1\" content=\"Escrit per\" \/>\n\t<meta name=\"twitter:data1\" content=\"CET\" \/>\n\t<meta name=\"twitter:label2\" content=\"Temps estimat de lectura\" \/>\n\t<meta name=\"twitter:data2\" content=\"2 minuts\" \/>\n<script type=\"application\/ld+json\" class=\"yoast-schema-graph\">{\"@context\":\"https:\\\/\\\/schema.org\",\"@graph\":[{\"@type\":\"Article\",\"@id\":\"https:\\\/\\\/cetaradell.cat\\\/ce\\\/festa-dels-100-cims-2017\\\/#article\",\"isPartOf\":{\"@id\":\"https:\\\/\\\/cetaradell.cat\\\/ce\\\/festa-dels-100-cims-2017\\\/\"},\"author\":{\"name\":\"CET\",\"@id\":\"https:\\\/\\\/cetaradell.cat\\\/ce\\\/#\\\/schema\\\/person\\\/92a59f585073071c7be6649e84b22f78\"},\"headline\":\"Festa dels 100 Cims \u2013 2017\",\"datePublished\":\"2017-06-23T15:12:03+00:00\",\"dateModified\":\"2020-07-14T21:51:38+00:00\",\"mainEntityOfPage\":{\"@id\":\"https:\\\/\\\/cetaradell.cat\\\/ce\\\/festa-dels-100-cims-2017\\\/\"},\"wordCount\":364,\"image\":{\"@id\":\"https:\\\/\\\/cetaradell.cat\\\/ce\\\/festa-dels-100-cims-2017\\\/#primaryimage\"},\"thumbnailUrl\":\"https:\\\/\\\/cetaradell.cat\\\/ce\\\/wp-content\\\/uploads\\\/Pic-de-la-Dona-28-02-2010-017_Xevi_Blancafort.jpg\",\"articleSection\":[\"100 Cims\",\"Not\u00edcies\"],\"inLanguage\":\"ca\"},{\"@type\":\"WebPage\",\"@id\":\"https:\\\/\\\/cetaradell.cat\\\/ce\\\/festa-dels-100-cims-2017\\\/\",\"url\":\"https:\\\/\\\/cetaradell.cat\\\/ce\\\/festa-dels-100-cims-2017\\\/\",\"name\":\"Festa dels 100 Cims \u2013 2017 - Centre Excursionista Taradell\",\"isPartOf\":{\"@id\":\"https:\\\/\\\/cetaradell.cat\\\/ce\\\/#website\"},\"primaryImageOfPage\":{\"@id\":\"https:\\\/\\\/cetaradell.cat\\\/ce\\\/festa-dels-100-cims-2017\\\/#primaryimage\"},\"image\":{\"@id\":\"https:\\\/\\\/cetaradell.cat\\\/ce\\\/festa-dels-100-cims-2017\\\/#primaryimage\"},\"thumbnailUrl\":\"https:\\\/\\\/cetaradell.cat\\\/ce\\\/wp-content\\\/uploads\\\/Pic-de-la-Dona-28-02-2010-017_Xevi_Blancafort.jpg\",\"datePublished\":\"2017-06-23T15:12:03+00:00\",\"dateModified\":\"2020-07-14T21:51:38+00:00\",\"author\":{\"@id\":\"https:\\\/\\\/cetaradell.cat\\\/ce\\\/#\\\/schema\\\/person\\\/92a59f585073071c7be6649e84b22f78\"},\"breadcrumb\":{\"@id\":\"https:\\\/\\\/cetaradell.cat\\\/ce\\\/festa-dels-100-cims-2017\\\/#breadcrumb\"},\"inLanguage\":\"ca\",\"potentialAction\":[{\"@type\":\"ReadAction\",\"target\":[\"https:\\\/\\\/cetaradell.cat\\\/ce\\\/festa-dels-100-cims-2017\\\/\"]}]},{\"@type\":\"ImageObject\",\"inLanguage\":\"ca\",\"@id\":\"https:\\\/\\\/cetaradell.cat\\\/ce\\\/festa-dels-100-cims-2017\\\/#primaryimage\",\"url\":\"https:\\\/\\\/cetaradell.cat\\\/ce\\\/wp-content\\\/uploads\\\/Pic-de-la-Dona-28-02-2010-017_Xevi_Blancafort.jpg\",\"contentUrl\":\"https:\\\/\\\/cetaradell.cat\\\/ce\\\/wp-content\\\/uploads\\\/Pic-de-la-Dona-28-02-2010-017_Xevi_Blancafort.jpg\",\"width\":1181,\"height\":791},{\"@type\":\"BreadcrumbList\",\"@id\":\"https:\\\/\\\/cetaradell.cat\\\/ce\\\/festa-dels-100-cims-2017\\\/#breadcrumb\",\"itemListElement\":[{\"@type\":\"ListItem\",\"position\":1,\"name\":\"Inici\",\"item\":\"https:\\\/\\\/cetaradell.cat\\\/ce\\\/\"},{\"@type\":\"ListItem\",\"position\":2,\"name\":\"Festa dels 100 Cims \u2013 2017\"}]},{\"@type\":\"WebSite\",\"@id\":\"https:\\\/\\\/cetaradell.cat\\\/ce\\\/#website\",\"url\":\"https:\\\/\\\/cetaradell.cat\\\/ce\\\/\",\"name\":\"Centre Excursionista Taradell\",\"description\":\"\",\"potentialAction\":[{\"@type\":\"SearchAction\",\"target\":{\"@type\":\"EntryPoint\",\"urlTemplate\":\"https:\\\/\\\/cetaradell.cat\\\/ce\\\/?s={search_term_string}\"},\"query-input\":{\"@type\":\"PropertyValueSpecification\",\"valueRequired\":true,\"valueName\":\"search_term_string\"}}],\"inLanguage\":\"ca\"},{\"@type\":\"Person\",\"@id\":\"https:\\\/\\\/cetaradell.cat\\\/ce\\\/#\\\/schema\\\/person\\\/92a59f585073071c7be6649e84b22f78\",\"name\":\"CET\",\"image\":{\"@type\":\"ImageObject\",\"inLanguage\":\"ca\",\"@id\":\"https:\\\/\\\/secure.gravatar.com\\\/avatar\\\/d6fbe010d42056feccc0f613ed07277a5118442805079269f12dabdc42e1a727?s=96&d=mm&r=g\",\"url\":\"https:\\\/\\\/secure.gravatar.com\\\/avatar\\\/d6fbe010d42056feccc0f613ed07277a5118442805079269f12dabdc42e1a727?s=96&d=mm&r=g\",\"contentUrl\":\"https:\\\/\\\/secure.gravatar.com\\\/avatar\\\/d6fbe010d42056feccc0f613ed07277a5118442805079269f12dabdc42e1a727?s=96&d=mm&r=g\",\"caption\":\"CET\"},\"url\":\"https:\\\/\\\/cetaradell.cat\\\/ce\\\/author\\\/root\\\/\"}]}<\/script>\n<!-- \/ Yoast SEO plugin. -->","yoast_head_json":{"title":"Festa dels 100 Cims \u2013 2017 - Centre Excursionista Taradell","robots":{"index":"index","follow":"follow","max-snippet":"max-snippet:-1","max-image-preview":"max-image-preview:large","max-video-preview":"max-video-preview:-1"},"canonical":"https:\/\/cetaradell.cat\/ce\/festa-dels-100-cims-2017\/","og_locale":"ca_ES","og_type":"article","og_title":"Festa dels 100 Cims \u2013 2017 - Centre Excursionista Taradell","og_description":"Xavi Blancafort obt\u00e9 el tercer premi del 8\u00e8 Concurs Fotocims Com cada any la FEEC va celebrar la festa dels 100 Cims. Cal dir que el repte del 100 Cims t\u00e9 com a objectiu donar a con\u00e8ixer indrets de les nostres comarques amb cims els quals no cal que destaquin [...]","og_url":"https:\/\/cetaradell.cat\/ce\/festa-dels-100-cims-2017\/","og_site_name":"Centre Excursionista Taradell","article_publisher":"https:\/\/www.facebook.com\/CETaradell\/","article_published_time":"2017-06-23T15:12:03+00:00","article_modified_time":"2020-07-14T21:51:38+00:00","og_image":[{"width":1181,"height":791,"url":"https:\/\/cetaradell.cat\/ce\/wp-content\/uploads\/Pic-de-la-Dona-28-02-2010-017_Xevi_Blancafort.jpg","type":"image\/jpeg"}],"author":"CET","twitter_card":"summary_large_image","twitter_misc":{"Escrit per":"CET","Temps estimat de lectura":"2 minuts"},"schema":{"@context":"https:\/\/schema.org","@graph":[{"@type":"Article","@id":"https:\/\/cetaradell.cat\/ce\/festa-dels-100-cims-2017\/#article","isPartOf":{"@id":"https:\/\/cetaradell.cat\/ce\/festa-dels-100-cims-2017\/"},"author":{"name":"CET","@id":"https:\/\/cetaradell.cat\/ce\/#\/schema\/person\/92a59f585073071c7be6649e84b22f78"},"headline":"Festa dels 100 Cims \u2013 2017","datePublished":"2017-06-23T15:12:03+00:00","dateModified":"2020-07-14T21:51:38+00:00","mainEntityOfPage":{"@id":"https:\/\/cetaradell.cat\/ce\/festa-dels-100-cims-2017\/"},"wordCount":364,"image":{"@id":"https:\/\/cetaradell.cat\/ce\/festa-dels-100-cims-2017\/#primaryimage"},"thumbnailUrl":"https:\/\/cetaradell.cat\/ce\/wp-content\/uploads\/Pic-de-la-Dona-28-02-2010-017_Xevi_Blancafort.jpg","articleSection":["100 Cims","Not\u00edcies"],"inLanguage":"ca"},{"@type":"WebPage","@id":"https:\/\/cetaradell.cat\/ce\/festa-dels-100-cims-2017\/","url":"https:\/\/cetaradell.cat\/ce\/festa-dels-100-cims-2017\/","name":"Festa dels 100 Cims \u2013 2017 - Centre Excursionista Taradell","isPartOf":{"@id":"https:\/\/cetaradell.cat\/ce\/#website"},"primaryImageOfPage":{"@id":"https:\/\/cetaradell.cat\/ce\/festa-dels-100-cims-2017\/#primaryimage"},"image":{"@id":"https:\/\/cetaradell.cat\/ce\/festa-dels-100-cims-2017\/#primaryimage"},"thumbnailUrl":"https:\/\/cetaradell.cat\/ce\/wp-content\/uploads\/Pic-de-la-Dona-28-02-2010-017_Xevi_Blancafort.jpg","datePublished":"2017-06-23T15:12:03+00:00","dateModified":"2020-07-14T21:51:38+00:00","author":{"@id":"https:\/\/cetaradell.cat\/ce\/#\/schema\/person\/92a59f585073071c7be6649e84b22f78"},"breadcrumb":{"@id":"https:\/\/cetaradell.cat\/ce\/festa-dels-100-cims-2017\/#breadcrumb"},"inLanguage":"ca","potentialAction":[{"@type":"ReadAction","target":["https:\/\/cetaradell.cat\/ce\/festa-dels-100-cims-2017\/"]}]},{"@type":"ImageObject","inLanguage":"ca","@id":"https:\/\/cetaradell.cat\/ce\/festa-dels-100-cims-2017\/#primaryimage","url":"https:\/\/cetaradell.cat\/ce\/wp-content\/uploads\/Pic-de-la-Dona-28-02-2010-017_Xevi_Blancafort.jpg","contentUrl":"https:\/\/cetaradell.cat\/ce\/wp-content\/uploads\/Pic-de-la-Dona-28-02-2010-017_Xevi_Blancafort.jpg","width":1181,"height":791},{"@type":"BreadcrumbList","@id":"https:\/\/cetaradell.cat\/ce\/festa-dels-100-cims-2017\/#breadcrumb","itemListElement":[{"@type":"ListItem","position":1,"name":"Inici","item":"https:\/\/cetaradell.cat\/ce\/"},{"@type":"ListItem","position":2,"name":"Festa dels 100 Cims \u2013 2017"}]},{"@type":"WebSite","@id":"https:\/\/cetaradell.cat\/ce\/#website","url":"https:\/\/cetaradell.cat\/ce\/","name":"Centre Excursionista Taradell","description":"","potentialAction":[{"@type":"SearchAction","target":{"@type":"EntryPoint","urlTemplate":"https:\/\/cetaradell.cat\/ce\/?s={search_term_string}"},"query-input":{"@type":"PropertyValueSpecification","valueRequired":true,"valueName":"search_term_string"}}],"inLanguage":"ca"},{"@type":"Person","@id":"https:\/\/cetaradell.cat\/ce\/#\/schema\/person\/92a59f585073071c7be6649e84b22f78","name":"CET","image":{"@type":"ImageObject","inLanguage":"ca","@id":"https:\/\/secure.gravatar.com\/avatar\/d6fbe010d42056feccc0f613ed07277a5118442805079269f12dabdc42e1a727?s=96&d=mm&r=g","url":"https:\/\/secure.gravatar.com\/avatar\/d6fbe010d42056feccc0f613ed07277a5118442805079269f12dabdc42e1a727?s=96&d=mm&r=g","contentUrl":"https:\/\/secure.gravatar.com\/avatar\/d6fbe010d42056feccc0f613ed07277a5118442805079269f12dabdc42e1a727?s=96&d=mm&r=g","caption":"CET"},"url":"https:\/\/cetaradell.cat\/ce\/author\/root\/"}]}},"_links":{"self":[{"href":"https:\/\/cetaradell.cat\/ce\/wp-json\/wp\/v2\/posts\/5612","targetHints":{"allow":["GET"]}}],"collection":[{"href":"https:\/\/cetaradell.cat\/ce\/wp-json\/wp\/v2\/posts"}],"about":[{"href":"https:\/\/cetaradell.cat\/ce\/wp-json\/wp\/v2\/types\/post"}],"author":[{"embeddable":true,"href":"https:\/\/cetaradell.cat\/ce\/wp-json\/wp\/v2\/users\/1"}],"replies":[{"embeddable":true,"href":"https:\/\/cetaradell.cat\/ce\/wp-json\/wp\/v2\/comments?post=5612"}],"version-history":[{"count":0,"href":"https:\/\/cetaradell.cat\/ce\/wp-json\/wp\/v2\/posts\/5612\/revisions"}],"wp:featuredmedia":[{"embeddable":true,"href":"https:\/\/cetaradell.cat\/ce\/wp-json\/wp\/v2\/media\/5614"}],"wp:attachment":[{"href":"https:\/\/cetaradell.cat\/ce\/wp-json\/wp\/v2\/media?parent=5612"}],"wp:term":[{"taxonomy":"category","embeddable":true,"href":"https:\/\/cetaradell.cat\/ce\/wp-json\/wp\/v2\/categories?post=5612"},{"taxonomy":"post_tag","embeddable":true,"href":"https:\/\/cetaradell.cat\/ce\/wp-json\/wp\/v2\/tags?post=5612"}],"curies":[{"name":"wp","href":"https:\/\/api.w.org\/{rel}","templated":true}]}}