{"id":5620,"date":"2017-06-16T23:05:28","date_gmt":"2017-06-16T22:05:28","guid":{"rendered":"https:\/\/cetaradell.cat\/ce\/?p=5620"},"modified":"2020-07-14T22:57:57","modified_gmt":"2020-07-14T21:57:57","slug":"33e-cicle-de-projeccions","status":"publish","type":"post","link":"https:\/\/cetaradell.cat\/ce\/33e-cicle-de-projeccions\/","title":{"rendered":"33\u00e8 Cicle de projeccions"},"content":{"rendered":"<div id=\"attachment_5621\" style=\"width: 310px\" class=\"wp-caption alignleft\"><a href=\"https:\/\/cetaradell.cat\/ce\/wp-content\/uploads\/Projeccions-C.E.Taradell_1b.jpg\" target=\"_blank\" rel=\"attachment noopener wp-att-5621 noreferrer\"><img decoding=\"async\" aria-describedby=\"caption-attachment-5621\" class=\"wp-image-5621 size-medium\" src=\"https:\/\/cetaradell.cat\/ce\/wp-content\/uploads\/Projeccions-C.E.Taradell_1b-300x199.jpg\" alt=\"Projeccions C.E.Taradell_1b\" width=\"300\" height=\"199\" srcset=\"https:\/\/cetaradell.cat\/ce\/wp-content\/uploads\/Projeccions-C.E.Taradell_1b-300x199.jpg 300w, https:\/\/cetaradell.cat\/ce\/wp-content\/uploads\/Projeccions-C.E.Taradell_1b-500x332.jpg 500w, https:\/\/cetaradell.cat\/ce\/wp-content\/uploads\/Projeccions-C.E.Taradell_1b-700x465.jpg 700w, https:\/\/cetaradell.cat\/ce\/wp-content\/uploads\/Projeccions-C.E.Taradell_1b-768x510.jpg 768w, https:\/\/cetaradell.cat\/ce\/wp-content\/uploads\/Projeccions-C.E.Taradell_1b-1024x680.jpg 1024w, https:\/\/cetaradell.cat\/ce\/wp-content\/uploads\/Projeccions-C.E.Taradell_1b.jpg 1072w\" sizes=\"(max-width: 300px) 100vw, 300px\" \/><\/a><p id=\"caption-attachment-5621\" class=\"wp-caption-text\">Projecci\u00f3: &#8220;El repte dels 100 Cims&#8221; (Foto: Ramon Curtichs)<\/p><\/div>\n<p>El <strong>Cicle de Projeccions del Centre Excursionista Taradell<\/strong>, enguany, va arribar a la 33a edici\u00f3 la qual va constar de quatre sessions, una cada divendres del mes de maig. Les projeccions es van fer a la biblioteca Antoni Pladevall i Font de Taradell i van comptar amb l\u2019assist\u00e8ncia d\u2019una setantena de persones per sessi\u00f3.<\/p>\n<p>La primera projecci\u00f3, el 5 de maig, va ser doble: <strong><em>Euvielha<\/em><\/strong>, de 26 minuts de durada, i <strong><em>El Garmo negro i l&#8217;aixeta amagada<\/em><\/strong>, de 25 minuts. Les dues a c\u00e0rrec de Josep Maria Parareda i Rosa Maria Aregall.<\/p>\n<p><strong><em>Euvielha:<\/em><\/strong> N\u00e9ouvielle \u00e9s el lloc de les neus velles. Una reserva natural del Pirineu Franc\u00e9s. Van aprofitar uns dies per Sant Joan per fer l&#8217;ascens al pic del Campbieil, cim de 3.173 metres. I tamb\u00e9 al cim del N\u00e9ouville per l&#8217;aresta dels Tres Consellers; magnifica via d&#8217;escalada de mitjana dificultat que permet pujar a aquest fant\u00e0stic tres mil dels Pirineus per una de les arestes m\u00e9s celebres de tota la carena Pirenaica.<\/p>\n<p><strong><em>El Garmo negro i l&#8217;aixeta amagada<\/em><\/strong>: El Garmo Negro, de 3.051 metres, \u00e9s un dels 3.000 m\u00e9s accessibles del Pirineus; es troba a la vall del Tena al Pirineu Aragon\u00e8s. A la vegada van aprofitar per fer els cims Algas i Argualas. Van arrodonir la sortida fent la via ferrada de la Cascada del Sorrosal a\u00a0 prop de la localitat de Broto, una cascada espectacular dins d&#8217;un amfiteatre natural, una ruta hipn\u00f2tica i atraient, i per acabar es van trobar amb l&#8217;ensurt de l&#8217;aixeta amagada.<\/p>\n<p>El 12 de maig tamb\u00e9 va ser una sessi\u00f3 doble: <strong><em>Birm\u00e0nia, el regne del somriure etern<\/em><\/strong> i <strong><em>Bangkok i les illes secretes del mar d&#8217;Andaman (Tail\u00e0ndia)<\/em><\/strong>, a c\u00e0rrec de Jordi Llorens i Estap\u00e9 que va portar el p\u00fablic a un viatge per Birm\u00e0nia. Un pa\u00eds ric amb un patrimoni cultural de pagodes daurades, temples, llacs, mercats i sobretot la seva gent, el millor patrimoni del pa\u00eds.<\/p>\n<p>Per altra banda, a <strong><em>Bangkok i les illes secretes del mar d&#8217;Andaman (Tail\u00e0ndia)<\/em><\/strong> primerament \u00a0es va fer una visita a la bulliciosa Bangkok per despr\u00e9s gaudir de la naturalesa de les illes secretes del mar d&#8217;Andaman, al sud de Tail\u00e0ndia, on les seves platges es manifesten amb tota la seva puresa d&#8217;aig\u00fces blau turquesa i sorres coral\u00b7lines d&#8217;un blanc encegador, que semblen la millor destinaci\u00f3 perqu\u00e8 algun pirata hi amagui el seu tresor.<\/p>\n<p>La tercera projecci\u00f3, <strong><em>El repte dels 100 Cims<\/em><\/strong>, va anar a c\u00e0rrec de Bet Molist. Bet va explicar que el repte dels 100 cims era un projecte proposat per la FEEC que als participants els permet con\u00e8ixer els indrets m\u00e9s emblem\u00e0tics de cada rac\u00f3 de la geografia catalana mitjan\u00e7ant l&#8217;excursionisme. Va comentar que aquest no era un repte competitiu i que tampoc calia estar molt en forma per poder-lo aconseguir ja que en el llistat de cims que es proposen n&#8217;hi ha de tota mena d&#8217;al\u00e7ades i dificultats.<\/p>\n<p>El dia 26 de mig va tancar el cicle la projecci\u00f3 <strong><em>Matagalls. La muntanya i l&#8217;aplec<\/em><\/strong> a c\u00e0rrec de \u00d2scar Farrerons, autor d\u2019un llibre que porta aquest mateix t\u00edtol. Aquest viladrauenc d&#8217;adopci\u00f3 va parlar del Matagalls, de la seva hist\u00f2ria, de l&#8217;anomenada Creu de Catalunya i de les 67 edicions d&#8217;un Aplec que des del 1950 congrega a centenars de persones vingudes d&#8217;arreu de Catalunya, tot acompanyat amb les corresponents imatges.<\/p>\n","protected":false},"excerpt":{"rendered":"<p>El Cicle de Projeccions del Centre Excursionista Taradell, enguany, va arribar a la 33a edici\u00f3 la qual va constar de quatre sessions, una cada divendres del mes de maig. Les projeccions es van fer a la biblioteca Antoni Pladevall i Font de Taradell i van comptar amb l\u2019assist\u00e8ncia d\u2019una setantena  [&#8230;]<\/p>\n","protected":false},"author":1,"featured_media":5621,"comment_status":"closed","ping_status":"closed","sticky":false,"template":"","format":"standard","meta":{"footnotes":""},"categories":[7,3],"tags":[],"class_list":["post-5620","post","type-post","status-publish","format-standard","has-post-thumbnail","hentry","category-muntanya","category-noticies"],"yoast_head":"<!-- This site is optimized with the Yoast SEO plugin v27.5 - https:\/\/yoast.com\/product\/yoast-seo-wordpress\/ -->\n<title>33\u00e8 Cicle de projeccions - Centre Excursionista Taradell<\/title>\n<meta name=\"robots\" content=\"index, follow, max-snippet:-1, max-image-preview:large, max-video-preview:-1\" \/>\n<link rel=\"canonical\" href=\"https:\/\/cetaradell.cat\/ce\/33e-cicle-de-projeccions\/\" \/>\n<meta property=\"og:locale\" content=\"ca_ES\" \/>\n<meta property=\"og:type\" content=\"article\" \/>\n<meta property=\"og:title\" content=\"33\u00e8 Cicle de projeccions - Centre Excursionista Taradell\" \/>\n<meta property=\"og:description\" content=\"El Cicle de Projeccions del Centre Excursionista Taradell, enguany, va arribar a la 33a edici\u00f3 la qual va constar de quatre sessions, una cada divendres del mes de maig. Les projeccions es van fer a la biblioteca Antoni Pladevall i Font de Taradell i van comptar amb l\u2019assist\u00e8ncia d\u2019una setantena [...]\" \/>\n<meta property=\"og:url\" content=\"https:\/\/cetaradell.cat\/ce\/33e-cicle-de-projeccions\/\" \/>\n<meta property=\"og:site_name\" content=\"Centre Excursionista Taradell\" \/>\n<meta property=\"article:publisher\" content=\"https:\/\/www.facebook.com\/CETaradell\/\" \/>\n<meta property=\"article:published_time\" content=\"2017-06-16T22:05:28+00:00\" \/>\n<meta property=\"article:modified_time\" content=\"2020-07-14T21:57:57+00:00\" \/>\n<meta property=\"og:image\" content=\"https:\/\/cetaradell.cat\/ce\/wp-content\/uploads\/Projeccions-C.E.Taradell_1b.jpg\" \/>\n\t<meta property=\"og:image:width\" content=\"1072\" \/>\n\t<meta property=\"og:image:height\" content=\"712\" \/>\n\t<meta property=\"og:image:type\" content=\"image\/jpeg\" \/>\n<meta name=\"author\" content=\"CET\" \/>\n<meta name=\"twitter:card\" content=\"summary_large_image\" \/>\n<meta name=\"twitter:label1\" content=\"Escrit per\" \/>\n\t<meta name=\"twitter:data1\" content=\"CET\" \/>\n\t<meta name=\"twitter:label2\" content=\"Temps estimat de lectura\" \/>\n\t<meta name=\"twitter:data2\" content=\"3 minuts\" \/>\n<script type=\"application\/ld+json\" class=\"yoast-schema-graph\">{\"@context\":\"https:\\\/\\\/schema.org\",\"@graph\":[{\"@type\":\"Article\",\"@id\":\"https:\\\/\\\/cetaradell.cat\\\/ce\\\/33e-cicle-de-projeccions\\\/#article\",\"isPartOf\":{\"@id\":\"https:\\\/\\\/cetaradell.cat\\\/ce\\\/33e-cicle-de-projeccions\\\/\"},\"author\":{\"name\":\"CET\",\"@id\":\"https:\\\/\\\/cetaradell.cat\\\/ce\\\/#\\\/schema\\\/person\\\/92a59f585073071c7be6649e84b22f78\"},\"headline\":\"33\u00e8 Cicle de projeccions\",\"datePublished\":\"2017-06-16T22:05:28+00:00\",\"dateModified\":\"2020-07-14T21:57:57+00:00\",\"mainEntityOfPage\":{\"@id\":\"https:\\\/\\\/cetaradell.cat\\\/ce\\\/33e-cicle-de-projeccions\\\/\"},\"wordCount\":608,\"image\":{\"@id\":\"https:\\\/\\\/cetaradell.cat\\\/ce\\\/33e-cicle-de-projeccions\\\/#primaryimage\"},\"thumbnailUrl\":\"https:\\\/\\\/cetaradell.cat\\\/ce\\\/wp-content\\\/uploads\\\/Projeccions-C.E.Taradell_1b.jpg\",\"articleSection\":[\"Muntanya\",\"Not\u00edcies\"],\"inLanguage\":\"ca\"},{\"@type\":\"WebPage\",\"@id\":\"https:\\\/\\\/cetaradell.cat\\\/ce\\\/33e-cicle-de-projeccions\\\/\",\"url\":\"https:\\\/\\\/cetaradell.cat\\\/ce\\\/33e-cicle-de-projeccions\\\/\",\"name\":\"33\u00e8 Cicle de projeccions - Centre Excursionista Taradell\",\"isPartOf\":{\"@id\":\"https:\\\/\\\/cetaradell.cat\\\/ce\\\/#website\"},\"primaryImageOfPage\":{\"@id\":\"https:\\\/\\\/cetaradell.cat\\\/ce\\\/33e-cicle-de-projeccions\\\/#primaryimage\"},\"image\":{\"@id\":\"https:\\\/\\\/cetaradell.cat\\\/ce\\\/33e-cicle-de-projeccions\\\/#primaryimage\"},\"thumbnailUrl\":\"https:\\\/\\\/cetaradell.cat\\\/ce\\\/wp-content\\\/uploads\\\/Projeccions-C.E.Taradell_1b.jpg\",\"datePublished\":\"2017-06-16T22:05:28+00:00\",\"dateModified\":\"2020-07-14T21:57:57+00:00\",\"author\":{\"@id\":\"https:\\\/\\\/cetaradell.cat\\\/ce\\\/#\\\/schema\\\/person\\\/92a59f585073071c7be6649e84b22f78\"},\"breadcrumb\":{\"@id\":\"https:\\\/\\\/cetaradell.cat\\\/ce\\\/33e-cicle-de-projeccions\\\/#breadcrumb\"},\"inLanguage\":\"ca\",\"potentialAction\":[{\"@type\":\"ReadAction\",\"target\":[\"https:\\\/\\\/cetaradell.cat\\\/ce\\\/33e-cicle-de-projeccions\\\/\"]}]},{\"@type\":\"ImageObject\",\"inLanguage\":\"ca\",\"@id\":\"https:\\\/\\\/cetaradell.cat\\\/ce\\\/33e-cicle-de-projeccions\\\/#primaryimage\",\"url\":\"https:\\\/\\\/cetaradell.cat\\\/ce\\\/wp-content\\\/uploads\\\/Projeccions-C.E.Taradell_1b.jpg\",\"contentUrl\":\"https:\\\/\\\/cetaradell.cat\\\/ce\\\/wp-content\\\/uploads\\\/Projeccions-C.E.Taradell_1b.jpg\",\"width\":1072,\"height\":712},{\"@type\":\"BreadcrumbList\",\"@id\":\"https:\\\/\\\/cetaradell.cat\\\/ce\\\/33e-cicle-de-projeccions\\\/#breadcrumb\",\"itemListElement\":[{\"@type\":\"ListItem\",\"position\":1,\"name\":\"Inici\",\"item\":\"https:\\\/\\\/cetaradell.cat\\\/ce\\\/\"},{\"@type\":\"ListItem\",\"position\":2,\"name\":\"33\u00e8 Cicle de projeccions\"}]},{\"@type\":\"WebSite\",\"@id\":\"https:\\\/\\\/cetaradell.cat\\\/ce\\\/#website\",\"url\":\"https:\\\/\\\/cetaradell.cat\\\/ce\\\/\",\"name\":\"Centre Excursionista Taradell\",\"description\":\"\",\"potentialAction\":[{\"@type\":\"SearchAction\",\"target\":{\"@type\":\"EntryPoint\",\"urlTemplate\":\"https:\\\/\\\/cetaradell.cat\\\/ce\\\/?s={search_term_string}\"},\"query-input\":{\"@type\":\"PropertyValueSpecification\",\"valueRequired\":true,\"valueName\":\"search_term_string\"}}],\"inLanguage\":\"ca\"},{\"@type\":\"Person\",\"@id\":\"https:\\\/\\\/cetaradell.cat\\\/ce\\\/#\\\/schema\\\/person\\\/92a59f585073071c7be6649e84b22f78\",\"name\":\"CET\",\"image\":{\"@type\":\"ImageObject\",\"inLanguage\":\"ca\",\"@id\":\"https:\\\/\\\/secure.gravatar.com\\\/avatar\\\/d6fbe010d42056feccc0f613ed07277a5118442805079269f12dabdc42e1a727?s=96&d=mm&r=g\",\"url\":\"https:\\\/\\\/secure.gravatar.com\\\/avatar\\\/d6fbe010d42056feccc0f613ed07277a5118442805079269f12dabdc42e1a727?s=96&d=mm&r=g\",\"contentUrl\":\"https:\\\/\\\/secure.gravatar.com\\\/avatar\\\/d6fbe010d42056feccc0f613ed07277a5118442805079269f12dabdc42e1a727?s=96&d=mm&r=g\",\"caption\":\"CET\"},\"url\":\"https:\\\/\\\/cetaradell.cat\\\/ce\\\/author\\\/root\\\/\"}]}<\/script>\n<!-- \/ Yoast SEO plugin. -->","yoast_head_json":{"title":"33\u00e8 Cicle de projeccions - Centre Excursionista Taradell","robots":{"index":"index","follow":"follow","max-snippet":"max-snippet:-1","max-image-preview":"max-image-preview:large","max-video-preview":"max-video-preview:-1"},"canonical":"https:\/\/cetaradell.cat\/ce\/33e-cicle-de-projeccions\/","og_locale":"ca_ES","og_type":"article","og_title":"33\u00e8 Cicle de projeccions - Centre Excursionista Taradell","og_description":"El Cicle de Projeccions del Centre Excursionista Taradell, enguany, va arribar a la 33a edici\u00f3 la qual va constar de quatre sessions, una cada divendres del mes de maig. Les projeccions es van fer a la biblioteca Antoni Pladevall i Font de Taradell i van comptar amb l\u2019assist\u00e8ncia d\u2019una setantena [...]","og_url":"https:\/\/cetaradell.cat\/ce\/33e-cicle-de-projeccions\/","og_site_name":"Centre Excursionista Taradell","article_publisher":"https:\/\/www.facebook.com\/CETaradell\/","article_published_time":"2017-06-16T22:05:28+00:00","article_modified_time":"2020-07-14T21:57:57+00:00","og_image":[{"width":1072,"height":712,"url":"https:\/\/cetaradell.cat\/ce\/wp-content\/uploads\/Projeccions-C.E.Taradell_1b.jpg","type":"image\/jpeg"}],"author":"CET","twitter_card":"summary_large_image","twitter_misc":{"Escrit per":"CET","Temps estimat de lectura":"3 minuts"},"schema":{"@context":"https:\/\/schema.org","@graph":[{"@type":"Article","@id":"https:\/\/cetaradell.cat\/ce\/33e-cicle-de-projeccions\/#article","isPartOf":{"@id":"https:\/\/cetaradell.cat\/ce\/33e-cicle-de-projeccions\/"},"author":{"name":"CET","@id":"https:\/\/cetaradell.cat\/ce\/#\/schema\/person\/92a59f585073071c7be6649e84b22f78"},"headline":"33\u00e8 Cicle de projeccions","datePublished":"2017-06-16T22:05:28+00:00","dateModified":"2020-07-14T21:57:57+00:00","mainEntityOfPage":{"@id":"https:\/\/cetaradell.cat\/ce\/33e-cicle-de-projeccions\/"},"wordCount":608,"image":{"@id":"https:\/\/cetaradell.cat\/ce\/33e-cicle-de-projeccions\/#primaryimage"},"thumbnailUrl":"https:\/\/cetaradell.cat\/ce\/wp-content\/uploads\/Projeccions-C.E.Taradell_1b.jpg","articleSection":["Muntanya","Not\u00edcies"],"inLanguage":"ca"},{"@type":"WebPage","@id":"https:\/\/cetaradell.cat\/ce\/33e-cicle-de-projeccions\/","url":"https:\/\/cetaradell.cat\/ce\/33e-cicle-de-projeccions\/","name":"33\u00e8 Cicle de projeccions - Centre Excursionista Taradell","isPartOf":{"@id":"https:\/\/cetaradell.cat\/ce\/#website"},"primaryImageOfPage":{"@id":"https:\/\/cetaradell.cat\/ce\/33e-cicle-de-projeccions\/#primaryimage"},"image":{"@id":"https:\/\/cetaradell.cat\/ce\/33e-cicle-de-projeccions\/#primaryimage"},"thumbnailUrl":"https:\/\/cetaradell.cat\/ce\/wp-content\/uploads\/Projeccions-C.E.Taradell_1b.jpg","datePublished":"2017-06-16T22:05:28+00:00","dateModified":"2020-07-14T21:57:57+00:00","author":{"@id":"https:\/\/cetaradell.cat\/ce\/#\/schema\/person\/92a59f585073071c7be6649e84b22f78"},"breadcrumb":{"@id":"https:\/\/cetaradell.cat\/ce\/33e-cicle-de-projeccions\/#breadcrumb"},"inLanguage":"ca","potentialAction":[{"@type":"ReadAction","target":["https:\/\/cetaradell.cat\/ce\/33e-cicle-de-projeccions\/"]}]},{"@type":"ImageObject","inLanguage":"ca","@id":"https:\/\/cetaradell.cat\/ce\/33e-cicle-de-projeccions\/#primaryimage","url":"https:\/\/cetaradell.cat\/ce\/wp-content\/uploads\/Projeccions-C.E.Taradell_1b.jpg","contentUrl":"https:\/\/cetaradell.cat\/ce\/wp-content\/uploads\/Projeccions-C.E.Taradell_1b.jpg","width":1072,"height":712},{"@type":"BreadcrumbList","@id":"https:\/\/cetaradell.cat\/ce\/33e-cicle-de-projeccions\/#breadcrumb","itemListElement":[{"@type":"ListItem","position":1,"name":"Inici","item":"https:\/\/cetaradell.cat\/ce\/"},{"@type":"ListItem","position":2,"name":"33\u00e8 Cicle de projeccions"}]},{"@type":"WebSite","@id":"https:\/\/cetaradell.cat\/ce\/#website","url":"https:\/\/cetaradell.cat\/ce\/","name":"Centre Excursionista Taradell","description":"","potentialAction":[{"@type":"SearchAction","target":{"@type":"EntryPoint","urlTemplate":"https:\/\/cetaradell.cat\/ce\/?s={search_term_string}"},"query-input":{"@type":"PropertyValueSpecification","valueRequired":true,"valueName":"search_term_string"}}],"inLanguage":"ca"},{"@type":"Person","@id":"https:\/\/cetaradell.cat\/ce\/#\/schema\/person\/92a59f585073071c7be6649e84b22f78","name":"CET","image":{"@type":"ImageObject","inLanguage":"ca","@id":"https:\/\/secure.gravatar.com\/avatar\/d6fbe010d42056feccc0f613ed07277a5118442805079269f12dabdc42e1a727?s=96&d=mm&r=g","url":"https:\/\/secure.gravatar.com\/avatar\/d6fbe010d42056feccc0f613ed07277a5118442805079269f12dabdc42e1a727?s=96&d=mm&r=g","contentUrl":"https:\/\/secure.gravatar.com\/avatar\/d6fbe010d42056feccc0f613ed07277a5118442805079269f12dabdc42e1a727?s=96&d=mm&r=g","caption":"CET"},"url":"https:\/\/cetaradell.cat\/ce\/author\/root\/"}]}},"_links":{"self":[{"href":"https:\/\/cetaradell.cat\/ce\/wp-json\/wp\/v2\/posts\/5620","targetHints":{"allow":["GET"]}}],"collection":[{"href":"https:\/\/cetaradell.cat\/ce\/wp-json\/wp\/v2\/posts"}],"about":[{"href":"https:\/\/cetaradell.cat\/ce\/wp-json\/wp\/v2\/types\/post"}],"author":[{"embeddable":true,"href":"https:\/\/cetaradell.cat\/ce\/wp-json\/wp\/v2\/users\/1"}],"replies":[{"embeddable":true,"href":"https:\/\/cetaradell.cat\/ce\/wp-json\/wp\/v2\/comments?post=5620"}],"version-history":[{"count":0,"href":"https:\/\/cetaradell.cat\/ce\/wp-json\/wp\/v2\/posts\/5620\/revisions"}],"wp:featuredmedia":[{"embeddable":true,"href":"https:\/\/cetaradell.cat\/ce\/wp-json\/wp\/v2\/media\/5621"}],"wp:attachment":[{"href":"https:\/\/cetaradell.cat\/ce\/wp-json\/wp\/v2\/media?parent=5620"}],"wp:term":[{"taxonomy":"category","embeddable":true,"href":"https:\/\/cetaradell.cat\/ce\/wp-json\/wp\/v2\/categories?post=5620"},{"taxonomy":"post_tag","embeddable":true,"href":"https:\/\/cetaradell.cat\/ce\/wp-json\/wp\/v2\/tags?post=5620"}],"curies":[{"name":"wp","href":"https:\/\/api.w.org\/{rel}","templated":true}]}}