{"id":5638,"date":"2017-06-27T22:49:24","date_gmt":"2017-06-27T21:49:24","guid":{"rendered":"https:\/\/cetaradell.cat\/ce\/?p=5638"},"modified":"2020-07-12T00:33:49","modified_gmt":"2020-07-11T23:33:49","slug":"1a-caminada-nocturna-de-la-festa-major-de-la-roca","status":"publish","type":"post","link":"https:\/\/cetaradell.cat\/ce\/1a-caminada-nocturna-de-la-festa-major-de-la-roca\/","title":{"rendered":"1a Caminada Nocturna de la Festa Major de la Roca"},"content":{"rendered":"<p><a href=\"https:\/\/cetaradell.cat\/ce\/wp-content\/uploads\/2017-06-30_1_caminada_la_roca.jpg\" target=\"_blank\" rel=\"attachment noopener wp-att-5639 noreferrer\"><img decoding=\"async\" class=\"alignleft wp-image-5639 size-medium\" src=\"https:\/\/cetaradell.cat\/ce\/wp-content\/uploads\/2017-06-30_1_caminada_la_roca-212x300.jpg\" alt=\"2017-06-30_1_caminada_la_roca\" width=\"212\" height=\"300\" srcset=\"https:\/\/cetaradell.cat\/ce\/wp-content\/uploads\/2017-06-30_1_caminada_la_roca-212x300.jpg 212w, https:\/\/cetaradell.cat\/ce\/wp-content\/uploads\/2017-06-30_1_caminada_la_roca.jpg 477w\" sizes=\"(max-width: 212px) 100vw, 212px\" \/><\/a>L\u2019<strong>Associaci\u00f3 de Ve\u00efns de la Urbanitzaci\u00f3 La Roca de Taradell<\/strong> ha organitzat un conjunt d\u2019actes per celebrar la <strong>Festa Major<\/strong> d\u2019enguany entre els quals hi ha la primera edici\u00f3 d\u2019una caminada nocturna que tindr\u00e0 lloc el divendres <strong>dia 30 de juny a 2\/4 de 9 del vespre<\/strong> i que comptar\u00e0 amb la col\u00b7laboraci\u00f3 del Centre Excursionista Taradell. La sortida i arribada de la caminada ser\u00e0 a la caseta d\u2019informaci\u00f3 de la urbanitzaci\u00f3. La durada de la caminada ser\u00e0 aproximadament d\u2019una hora i en arribar s\u2019oferir\u00e0 un petit refrigeri als participants. Seguidament s\u2019inaugurar\u00e0 la caseta de l\u2019Associaci\u00f3 de Ve\u00efns.<\/p>\n","protected":false},"excerpt":{"rendered":"<p>L\u2019Associaci\u00f3 de Ve\u00efns de la Urbanitzaci\u00f3 La Roca de Taradell ha organitzat un conjunt d\u2019actes per celebrar la Festa Major d\u2019enguany entre els quals hi ha la primera edici\u00f3 d\u2019una caminada nocturna que tindr\u00e0 lloc el divendres dia 30 de juny a 2\/4 de 9 del vespre i que comptar\u00e0  [&#8230;]<\/p>\n","protected":false},"author":1,"featured_media":5639,"comment_status":"closed","ping_status":"closed","sticky":false,"template":"","format":"standard","meta":{"footnotes":""},"categories":[4,21],"tags":[],"class_list":["post-5638","post","type-post","status-publish","format-standard","has-post-thumbnail","hentry","category-activitats","category-collaboracio-amb-entitats"],"yoast_head":"<!-- This site is optimized with the Yoast SEO plugin v27.5 - https:\/\/yoast.com\/product\/yoast-seo-wordpress\/ -->\n<title>1a Caminada Nocturna de la Festa Major de la Roca - Centre Excursionista Taradell<\/title>\n<meta name=\"robots\" content=\"index, follow, max-snippet:-1, max-image-preview:large, max-video-preview:-1\" \/>\n<link rel=\"canonical\" href=\"https:\/\/cetaradell.cat\/ce\/1a-caminada-nocturna-de-la-festa-major-de-la-roca\/\" \/>\n<meta property=\"og:locale\" content=\"ca_ES\" \/>\n<meta property=\"og:type\" content=\"article\" \/>\n<meta property=\"og:title\" content=\"1a Caminada Nocturna de la Festa Major de la Roca - Centre Excursionista Taradell\" \/>\n<meta property=\"og:description\" content=\"L\u2019Associaci\u00f3 de Ve\u00efns de la Urbanitzaci\u00f3 La Roca de Taradell ha organitzat un conjunt d\u2019actes per celebrar la Festa Major d\u2019enguany entre els quals hi ha la primera edici\u00f3 d\u2019una caminada nocturna que tindr\u00e0 lloc el divendres dia 30 de juny a 2\/4 de 9 del vespre i que comptar\u00e0 [...]\" \/>\n<meta property=\"og:url\" content=\"https:\/\/cetaradell.cat\/ce\/1a-caminada-nocturna-de-la-festa-major-de-la-roca\/\" \/>\n<meta property=\"og:site_name\" content=\"Centre Excursionista Taradell\" \/>\n<meta property=\"article:publisher\" content=\"https:\/\/www.facebook.com\/CETaradell\/\" \/>\n<meta property=\"article:published_time\" content=\"2017-06-27T21:49:24+00:00\" \/>\n<meta property=\"article:modified_time\" content=\"2020-07-11T23:33:49+00:00\" \/>\n<meta property=\"og:image\" content=\"https:\/\/cetaradell.cat\/ce\/wp-content\/uploads\/2017-06-30_1_caminada_la_roca.jpg\" \/>\n\t<meta property=\"og:image:width\" content=\"477\" \/>\n\t<meta property=\"og:image:height\" content=\"675\" \/>\n\t<meta property=\"og:image:type\" content=\"image\/jpeg\" \/>\n<meta name=\"author\" content=\"CET\" \/>\n<meta name=\"twitter:card\" content=\"summary_large_image\" \/>\n<meta name=\"twitter:label1\" content=\"Escrit per\" \/>\n\t<meta name=\"twitter:data1\" content=\"CET\" \/>\n\t<meta name=\"twitter:label2\" content=\"Temps estimat de lectura\" \/>\n\t<meta name=\"twitter:data2\" content=\"1 minut\" \/>\n<script type=\"application\/ld+json\" class=\"yoast-schema-graph\">{\"@context\":\"https:\\\/\\\/schema.org\",\"@graph\":[{\"@type\":\"Article\",\"@id\":\"https:\\\/\\\/cetaradell.cat\\\/ce\\\/1a-caminada-nocturna-de-la-festa-major-de-la-roca\\\/#article\",\"isPartOf\":{\"@id\":\"https:\\\/\\\/cetaradell.cat\\\/ce\\\/1a-caminada-nocturna-de-la-festa-major-de-la-roca\\\/\"},\"author\":{\"name\":\"CET\",\"@id\":\"https:\\\/\\\/cetaradell.cat\\\/ce\\\/#\\\/schema\\\/person\\\/92a59f585073071c7be6649e84b22f78\"},\"headline\":\"1a Caminada Nocturna de la Festa Major de la Roca\",\"datePublished\":\"2017-06-27T21:49:24+00:00\",\"dateModified\":\"2020-07-11T23:33:49+00:00\",\"mainEntityOfPage\":{\"@id\":\"https:\\\/\\\/cetaradell.cat\\\/ce\\\/1a-caminada-nocturna-de-la-festa-major-de-la-roca\\\/\"},\"wordCount\":117,\"image\":{\"@id\":\"https:\\\/\\\/cetaradell.cat\\\/ce\\\/1a-caminada-nocturna-de-la-festa-major-de-la-roca\\\/#primaryimage\"},\"thumbnailUrl\":\"https:\\\/\\\/cetaradell.cat\\\/ce\\\/wp-content\\\/uploads\\\/2017-06-30_1_caminada_la_roca.jpg\",\"articleSection\":[\"Activitats\",\"Col\u00b7laboraci\u00f3 amb entitats\"],\"inLanguage\":\"ca\"},{\"@type\":\"WebPage\",\"@id\":\"https:\\\/\\\/cetaradell.cat\\\/ce\\\/1a-caminada-nocturna-de-la-festa-major-de-la-roca\\\/\",\"url\":\"https:\\\/\\\/cetaradell.cat\\\/ce\\\/1a-caminada-nocturna-de-la-festa-major-de-la-roca\\\/\",\"name\":\"1a Caminada Nocturna de la Festa Major de la Roca - Centre Excursionista Taradell\",\"isPartOf\":{\"@id\":\"https:\\\/\\\/cetaradell.cat\\\/ce\\\/#website\"},\"primaryImageOfPage\":{\"@id\":\"https:\\\/\\\/cetaradell.cat\\\/ce\\\/1a-caminada-nocturna-de-la-festa-major-de-la-roca\\\/#primaryimage\"},\"image\":{\"@id\":\"https:\\\/\\\/cetaradell.cat\\\/ce\\\/1a-caminada-nocturna-de-la-festa-major-de-la-roca\\\/#primaryimage\"},\"thumbnailUrl\":\"https:\\\/\\\/cetaradell.cat\\\/ce\\\/wp-content\\\/uploads\\\/2017-06-30_1_caminada_la_roca.jpg\",\"datePublished\":\"2017-06-27T21:49:24+00:00\",\"dateModified\":\"2020-07-11T23:33:49+00:00\",\"author\":{\"@id\":\"https:\\\/\\\/cetaradell.cat\\\/ce\\\/#\\\/schema\\\/person\\\/92a59f585073071c7be6649e84b22f78\"},\"breadcrumb\":{\"@id\":\"https:\\\/\\\/cetaradell.cat\\\/ce\\\/1a-caminada-nocturna-de-la-festa-major-de-la-roca\\\/#breadcrumb\"},\"inLanguage\":\"ca\",\"potentialAction\":[{\"@type\":\"ReadAction\",\"target\":[\"https:\\\/\\\/cetaradell.cat\\\/ce\\\/1a-caminada-nocturna-de-la-festa-major-de-la-roca\\\/\"]}]},{\"@type\":\"ImageObject\",\"inLanguage\":\"ca\",\"@id\":\"https:\\\/\\\/cetaradell.cat\\\/ce\\\/1a-caminada-nocturna-de-la-festa-major-de-la-roca\\\/#primaryimage\",\"url\":\"https:\\\/\\\/cetaradell.cat\\\/ce\\\/wp-content\\\/uploads\\\/2017-06-30_1_caminada_la_roca.jpg\",\"contentUrl\":\"https:\\\/\\\/cetaradell.cat\\\/ce\\\/wp-content\\\/uploads\\\/2017-06-30_1_caminada_la_roca.jpg\",\"width\":477,\"height\":675},{\"@type\":\"BreadcrumbList\",\"@id\":\"https:\\\/\\\/cetaradell.cat\\\/ce\\\/1a-caminada-nocturna-de-la-festa-major-de-la-roca\\\/#breadcrumb\",\"itemListElement\":[{\"@type\":\"ListItem\",\"position\":1,\"name\":\"Inici\",\"item\":\"https:\\\/\\\/cetaradell.cat\\\/ce\\\/\"},{\"@type\":\"ListItem\",\"position\":2,\"name\":\"1a Caminada Nocturna de la Festa Major de la Roca\"}]},{\"@type\":\"WebSite\",\"@id\":\"https:\\\/\\\/cetaradell.cat\\\/ce\\\/#website\",\"url\":\"https:\\\/\\\/cetaradell.cat\\\/ce\\\/\",\"name\":\"Centre Excursionista Taradell\",\"description\":\"\",\"potentialAction\":[{\"@type\":\"SearchAction\",\"target\":{\"@type\":\"EntryPoint\",\"urlTemplate\":\"https:\\\/\\\/cetaradell.cat\\\/ce\\\/?s={search_term_string}\"},\"query-input\":{\"@type\":\"PropertyValueSpecification\",\"valueRequired\":true,\"valueName\":\"search_term_string\"}}],\"inLanguage\":\"ca\"},{\"@type\":\"Person\",\"@id\":\"https:\\\/\\\/cetaradell.cat\\\/ce\\\/#\\\/schema\\\/person\\\/92a59f585073071c7be6649e84b22f78\",\"name\":\"CET\",\"image\":{\"@type\":\"ImageObject\",\"inLanguage\":\"ca\",\"@id\":\"https:\\\/\\\/secure.gravatar.com\\\/avatar\\\/d6fbe010d42056feccc0f613ed07277a5118442805079269f12dabdc42e1a727?s=96&d=mm&r=g\",\"url\":\"https:\\\/\\\/secure.gravatar.com\\\/avatar\\\/d6fbe010d42056feccc0f613ed07277a5118442805079269f12dabdc42e1a727?s=96&d=mm&r=g\",\"contentUrl\":\"https:\\\/\\\/secure.gravatar.com\\\/avatar\\\/d6fbe010d42056feccc0f613ed07277a5118442805079269f12dabdc42e1a727?s=96&d=mm&r=g\",\"caption\":\"CET\"},\"url\":\"https:\\\/\\\/cetaradell.cat\\\/ce\\\/author\\\/root\\\/\"}]}<\/script>\n<!-- \/ Yoast SEO plugin. -->","yoast_head_json":{"title":"1a Caminada Nocturna de la Festa Major de la Roca - Centre Excursionista Taradell","robots":{"index":"index","follow":"follow","max-snippet":"max-snippet:-1","max-image-preview":"max-image-preview:large","max-video-preview":"max-video-preview:-1"},"canonical":"https:\/\/cetaradell.cat\/ce\/1a-caminada-nocturna-de-la-festa-major-de-la-roca\/","og_locale":"ca_ES","og_type":"article","og_title":"1a Caminada Nocturna de la Festa Major de la Roca - Centre Excursionista Taradell","og_description":"L\u2019Associaci\u00f3 de Ve\u00efns de la Urbanitzaci\u00f3 La Roca de Taradell ha organitzat un conjunt d\u2019actes per celebrar la Festa Major d\u2019enguany entre els quals hi ha la primera edici\u00f3 d\u2019una caminada nocturna que tindr\u00e0 lloc el divendres dia 30 de juny a 2\/4 de 9 del vespre i que comptar\u00e0 [...]","og_url":"https:\/\/cetaradell.cat\/ce\/1a-caminada-nocturna-de-la-festa-major-de-la-roca\/","og_site_name":"Centre Excursionista Taradell","article_publisher":"https:\/\/www.facebook.com\/CETaradell\/","article_published_time":"2017-06-27T21:49:24+00:00","article_modified_time":"2020-07-11T23:33:49+00:00","og_image":[{"width":477,"height":675,"url":"https:\/\/cetaradell.cat\/ce\/wp-content\/uploads\/2017-06-30_1_caminada_la_roca.jpg","type":"image\/jpeg"}],"author":"CET","twitter_card":"summary_large_image","twitter_misc":{"Escrit per":"CET","Temps estimat de lectura":"1 minut"},"schema":{"@context":"https:\/\/schema.org","@graph":[{"@type":"Article","@id":"https:\/\/cetaradell.cat\/ce\/1a-caminada-nocturna-de-la-festa-major-de-la-roca\/#article","isPartOf":{"@id":"https:\/\/cetaradell.cat\/ce\/1a-caminada-nocturna-de-la-festa-major-de-la-roca\/"},"author":{"name":"CET","@id":"https:\/\/cetaradell.cat\/ce\/#\/schema\/person\/92a59f585073071c7be6649e84b22f78"},"headline":"1a Caminada Nocturna de la Festa Major de la Roca","datePublished":"2017-06-27T21:49:24+00:00","dateModified":"2020-07-11T23:33:49+00:00","mainEntityOfPage":{"@id":"https:\/\/cetaradell.cat\/ce\/1a-caminada-nocturna-de-la-festa-major-de-la-roca\/"},"wordCount":117,"image":{"@id":"https:\/\/cetaradell.cat\/ce\/1a-caminada-nocturna-de-la-festa-major-de-la-roca\/#primaryimage"},"thumbnailUrl":"https:\/\/cetaradell.cat\/ce\/wp-content\/uploads\/2017-06-30_1_caminada_la_roca.jpg","articleSection":["Activitats","Col\u00b7laboraci\u00f3 amb entitats"],"inLanguage":"ca"},{"@type":"WebPage","@id":"https:\/\/cetaradell.cat\/ce\/1a-caminada-nocturna-de-la-festa-major-de-la-roca\/","url":"https:\/\/cetaradell.cat\/ce\/1a-caminada-nocturna-de-la-festa-major-de-la-roca\/","name":"1a Caminada Nocturna de la Festa Major de la Roca - Centre Excursionista Taradell","isPartOf":{"@id":"https:\/\/cetaradell.cat\/ce\/#website"},"primaryImageOfPage":{"@id":"https:\/\/cetaradell.cat\/ce\/1a-caminada-nocturna-de-la-festa-major-de-la-roca\/#primaryimage"},"image":{"@id":"https:\/\/cetaradell.cat\/ce\/1a-caminada-nocturna-de-la-festa-major-de-la-roca\/#primaryimage"},"thumbnailUrl":"https:\/\/cetaradell.cat\/ce\/wp-content\/uploads\/2017-06-30_1_caminada_la_roca.jpg","datePublished":"2017-06-27T21:49:24+00:00","dateModified":"2020-07-11T23:33:49+00:00","author":{"@id":"https:\/\/cetaradell.cat\/ce\/#\/schema\/person\/92a59f585073071c7be6649e84b22f78"},"breadcrumb":{"@id":"https:\/\/cetaradell.cat\/ce\/1a-caminada-nocturna-de-la-festa-major-de-la-roca\/#breadcrumb"},"inLanguage":"ca","potentialAction":[{"@type":"ReadAction","target":["https:\/\/cetaradell.cat\/ce\/1a-caminada-nocturna-de-la-festa-major-de-la-roca\/"]}]},{"@type":"ImageObject","inLanguage":"ca","@id":"https:\/\/cetaradell.cat\/ce\/1a-caminada-nocturna-de-la-festa-major-de-la-roca\/#primaryimage","url":"https:\/\/cetaradell.cat\/ce\/wp-content\/uploads\/2017-06-30_1_caminada_la_roca.jpg","contentUrl":"https:\/\/cetaradell.cat\/ce\/wp-content\/uploads\/2017-06-30_1_caminada_la_roca.jpg","width":477,"height":675},{"@type":"BreadcrumbList","@id":"https:\/\/cetaradell.cat\/ce\/1a-caminada-nocturna-de-la-festa-major-de-la-roca\/#breadcrumb","itemListElement":[{"@type":"ListItem","position":1,"name":"Inici","item":"https:\/\/cetaradell.cat\/ce\/"},{"@type":"ListItem","position":2,"name":"1a Caminada Nocturna de la Festa Major de la Roca"}]},{"@type":"WebSite","@id":"https:\/\/cetaradell.cat\/ce\/#website","url":"https:\/\/cetaradell.cat\/ce\/","name":"Centre Excursionista Taradell","description":"","potentialAction":[{"@type":"SearchAction","target":{"@type":"EntryPoint","urlTemplate":"https:\/\/cetaradell.cat\/ce\/?s={search_term_string}"},"query-input":{"@type":"PropertyValueSpecification","valueRequired":true,"valueName":"search_term_string"}}],"inLanguage":"ca"},{"@type":"Person","@id":"https:\/\/cetaradell.cat\/ce\/#\/schema\/person\/92a59f585073071c7be6649e84b22f78","name":"CET","image":{"@type":"ImageObject","inLanguage":"ca","@id":"https:\/\/secure.gravatar.com\/avatar\/d6fbe010d42056feccc0f613ed07277a5118442805079269f12dabdc42e1a727?s=96&d=mm&r=g","url":"https:\/\/secure.gravatar.com\/avatar\/d6fbe010d42056feccc0f613ed07277a5118442805079269f12dabdc42e1a727?s=96&d=mm&r=g","contentUrl":"https:\/\/secure.gravatar.com\/avatar\/d6fbe010d42056feccc0f613ed07277a5118442805079269f12dabdc42e1a727?s=96&d=mm&r=g","caption":"CET"},"url":"https:\/\/cetaradell.cat\/ce\/author\/root\/"}]}},"_links":{"self":[{"href":"https:\/\/cetaradell.cat\/ce\/wp-json\/wp\/v2\/posts\/5638","targetHints":{"allow":["GET"]}}],"collection":[{"href":"https:\/\/cetaradell.cat\/ce\/wp-json\/wp\/v2\/posts"}],"about":[{"href":"https:\/\/cetaradell.cat\/ce\/wp-json\/wp\/v2\/types\/post"}],"author":[{"embeddable":true,"href":"https:\/\/cetaradell.cat\/ce\/wp-json\/wp\/v2\/users\/1"}],"replies":[{"embeddable":true,"href":"https:\/\/cetaradell.cat\/ce\/wp-json\/wp\/v2\/comments?post=5638"}],"version-history":[{"count":0,"href":"https:\/\/cetaradell.cat\/ce\/wp-json\/wp\/v2\/posts\/5638\/revisions"}],"wp:featuredmedia":[{"embeddable":true,"href":"https:\/\/cetaradell.cat\/ce\/wp-json\/wp\/v2\/media\/5639"}],"wp:attachment":[{"href":"https:\/\/cetaradell.cat\/ce\/wp-json\/wp\/v2\/media?parent=5638"}],"wp:term":[{"taxonomy":"category","embeddable":true,"href":"https:\/\/cetaradell.cat\/ce\/wp-json\/wp\/v2\/categories?post=5638"},{"taxonomy":"post_tag","embeddable":true,"href":"https:\/\/cetaradell.cat\/ce\/wp-json\/wp\/v2\/tags?post=5638"}],"curies":[{"name":"wp","href":"https:\/\/api.w.org\/{rel}","templated":true}]}}