{"id":5667,"date":"2017-07-12T22:50:01","date_gmt":"2017-07-12T21:50:01","guid":{"rendered":"https:\/\/cetaradell.cat\/ce\/?p=5667"},"modified":"2020-07-12T00:20:10","modified_gmt":"2020-07-11T23:20:10","slug":"curses-del-juny-del-cet-lenclusa-o","status":"publish","type":"post","link":"https:\/\/cetaradell.cat\/ce\/curses-del-juny-del-cet-lenclusa-o\/","title":{"rendered":"Curses del juny del CET-L\u2019Enclusa-O"},"content":{"rendered":"<ul>\n<li><strong>Rogaine de la Tinen\u00e7a de Benifass\u00e0<\/strong><\/li>\n<\/ul>\n<div id=\"attachment_5668\" style=\"width: 310px\" class=\"wp-caption alignleft\"><a href=\"https:\/\/cetaradell.cat\/ce\/wp-content\/uploads\/2017-06-03-rogaine-Tinen\u00e7a_de_Benifass\u00e0-foto_lanovafita-2.jpg\" target=\"_blank\" rel=\"attachment noopener wp-att-5668 noreferrer\"><img decoding=\"async\" aria-describedby=\"caption-attachment-5668\" class=\"wp-image-5668 size-medium\" src=\"https:\/\/cetaradell.cat\/ce\/wp-content\/uploads\/2017-06-03-rogaine-Tinen\u00e7a_de_Benifass\u00e0-foto_lanovafita-2-300x199.jpg\" alt=\"2017-06-03-rogaine-Tinen\u00e7a_de_Benifass\u00e0 (foto_lanovafita) (2)\" width=\"300\" height=\"199\" srcset=\"https:\/\/cetaradell.cat\/ce\/wp-content\/uploads\/2017-06-03-rogaine-Tinen\u00e7a_de_Benifass\u00e0-foto_lanovafita-2-300x199.jpg 300w, https:\/\/cetaradell.cat\/ce\/wp-content\/uploads\/2017-06-03-rogaine-Tinen\u00e7a_de_Benifass\u00e0-foto_lanovafita-2-500x332.jpg 500w, https:\/\/cetaradell.cat\/ce\/wp-content\/uploads\/2017-06-03-rogaine-Tinen\u00e7a_de_Benifass\u00e0-foto_lanovafita-2-700x465.jpg 700w, https:\/\/cetaradell.cat\/ce\/wp-content\/uploads\/2017-06-03-rogaine-Tinen\u00e7a_de_Benifass\u00e0-foto_lanovafita-2-768x511.jpg 768w, https:\/\/cetaradell.cat\/ce\/wp-content\/uploads\/2017-06-03-rogaine-Tinen\u00e7a_de_Benifass\u00e0-foto_lanovafita-2-1024x681.jpg 1024w, https:\/\/cetaradell.cat\/ce\/wp-content\/uploads\/2017-06-03-rogaine-Tinen\u00e7a_de_Benifass\u00e0-foto_lanovafita-2.jpg 1504w\" sizes=\"(max-width: 300px) 100vw, 300px\" \/><\/a><p id=\"caption-attachment-5668\" class=\"wp-caption-text\">L\u2019equip del CET planificant l\u2019estrat\u00e8gia (Foto: La Nova Fita)<\/p><\/div>\n<p>El 3 de juny a localitat castellonenca de El Boixar es va celebrar la 2a edici\u00f3 del Rogaine de la Tinen\u00e7a de Benifass\u00e0, que puntuava pel Campionat\u00a0 Iberogaine, en aquesta edici\u00f3 es podia competir en una prova de 4 hores o en una de 12, un equip d\u2019orientadors del CET L\u2019Enclusa-O format per <strong>Marc Ballabriga<\/strong>, <strong>Meritxell Freixas<\/strong> i <strong>Josep Maria Freixas<\/strong> va participar a la de 12 hores. En total<\/p>\n<p>Va ser una prova molt dura ja que a part de la durada, 12 hores, s\u2019hi van afegir unes condicions meteorol\u00f2giques molt adverses que no van permetre als participants poder gaudir plenament de la Tinen\u00e7a de Binifass\u00e0 que \u00e9s considerada una de les zones m\u00e9s agrestes i belles del Pa\u00eds Valenci\u00e0. Aix\u00ed, doncs, al llarg de la prova els 125 orientadors inscrits van haver de suportat pluja, pedra i fred. Malgrat tot, <strong>l\u2019equip del<\/strong> <strong>CET<\/strong> va aconseguir 131 punts en 11 hores 9 minuts i 41 segons, fet que els va permetre classificar-se en 7\u00e8 lloc dels equips mixtes.<\/p>\n<ul>\n<li><strong>2 dies dels Pirineus 2017<\/strong><\/li>\n<\/ul>\n<div id=\"attachment_5672\" style=\"width: 310px\" class=\"wp-caption alignleft\"><a href=\"https:\/\/cetaradell.cat\/ce\/wp-content\/uploads\/2017-06-11-2dies_Pirineusfoto_org-2b.jpg\" target=\"_blank\" rel=\"attachment noopener wp-att-5672 noreferrer\"><img decoding=\"async\" aria-describedby=\"caption-attachment-5672\" class=\"wp-image-5672 size-medium\" src=\"https:\/\/cetaradell.cat\/ce\/wp-content\/uploads\/2017-06-11-2dies_Pirineusfoto_org-2b-300x201.jpg\" alt=\"2017-06-11-2dies_Pirineus(foto_org) (2)b\" width=\"300\" height=\"201\" srcset=\"https:\/\/cetaradell.cat\/ce\/wp-content\/uploads\/2017-06-11-2dies_Pirineusfoto_org-2b-300x201.jpg 300w, https:\/\/cetaradell.cat\/ce\/wp-content\/uploads\/2017-06-11-2dies_Pirineusfoto_org-2b-500x335.jpg 500w, https:\/\/cetaradell.cat\/ce\/wp-content\/uploads\/2017-06-11-2dies_Pirineusfoto_org-2b-700x469.jpg 700w, https:\/\/cetaradell.cat\/ce\/wp-content\/uploads\/2017-06-11-2dies_Pirineusfoto_org-2b-768x514.jpg 768w, https:\/\/cetaradell.cat\/ce\/wp-content\/uploads\/2017-06-11-2dies_Pirineusfoto_org-2b.jpg 968w\" sizes=\"(max-width: 300px) 100vw, 300px\" \/><\/a><p id=\"caption-attachment-5672\" class=\"wp-caption-text\">Marc Ballabriga a l\u2019arribada (Foto: Xino-Xano)<\/p><\/div>\n<p>El cap de setmana del 10 i 11 de juny a Sant Jaume de Fontanya es van celebrar el 2 dies dels Pirineus. El dissabte dia 10 es va disputar el Campionat de Catalunya de relleus i el diumenge 11 una cursa de llarga dist\u00e0ncia puntuable per la <strong>Copa Catalana<\/strong> en la qual hi van participar 3 orientadors del CET L\u2019Enclusa-O.<\/p>\n<p>En la categoria D21A hi va competir <strong>Meritxell Freixas<\/strong> que amb un temps de 1:32:05 es va classificar en <strong>5a posici\u00f3<\/strong> en un circuit de 13 fites amb un recorregut lineal de 4,1 quil\u00f2metres i 225 metres de desnivell. En la categoria H21A hi van participar <strong>Marc Ballabriga <\/strong>i <strong>Josep Maria Freixas<\/strong> que amb uns temps respectius de 1:09:13 i 1:31:53 es van classificar en <strong>4a i 13a posici\u00f3<\/strong>, sobre un circuit de 15 fites amb un recorregut lineal de 4,3 km i 255 metres de desnivell.<\/p>\n<table>\n<tbody>\n<tr>\n<td>\n<p><div id=\"attachment_5674\" style=\"width: 235px\" class=\"wp-caption aligncenter\"><a href=\"https:\/\/cetaradell.cat\/ce\/wp-content\/uploads\/2017-06-11-2dies_PirineusArribada-foto_org-51b-e1499895486643.jpg\" target=\"_blank\" rel=\"attachment noopener wp-att-5674 noreferrer\"><img decoding=\"async\" aria-describedby=\"caption-attachment-5674\" class=\"wp-image-5674 size-medium\" src=\"https:\/\/cetaradell.cat\/ce\/wp-content\/uploads\/2017-06-11-2dies_PirineusArribada-foto_org-51b-e1499895486643-225x300.jpg\" alt=\"2017-06-11-2dies_Pirineus(Arribada-foto_org) (51)b\" width=\"225\" height=\"300\" \/><\/a><p id=\"caption-attachment-5674\" class=\"wp-caption-text\">Meri Freixas a l\u2019arribada (Foto: Xavi Gra\u00f1\u00e9)<\/p><\/div><\/td>\n<td>\n<p><div id=\"attachment_5675\" style=\"width: 235px\" class=\"wp-caption aligncenter\"><a href=\"https:\/\/cetaradell.cat\/ce\/wp-content\/uploads\/2017-06-11-2dies_PirineusArribada-foto_org44b-e1499895538555.jpg\" target=\"_blank\" rel=\"attachment noopener wp-att-5675 noreferrer\"><img decoding=\"async\" aria-describedby=\"caption-attachment-5675\" class=\"wp-image-5675 size-medium\" src=\"https:\/\/cetaradell.cat\/ce\/wp-content\/uploads\/2017-06-11-2dies_PirineusArribada-foto_org44b-e1499895538555-225x300.jpg\" alt=\"2017-06-11-2dies_Pirineus(Arribada-foto_org)(44)b\" width=\"225\" height=\"300\" \/><\/a><p id=\"caption-attachment-5675\" class=\"wp-caption-text\">Josep Maria Freixas a l\u2019arribada (Foto: Xavi Gra\u00f1\u00e9)<\/p><\/div><\/td>\n<\/tr>\n<\/tbody>\n<\/table>\n<ul>\n<li><strong><a href=\"https:\/\/cetaradell.cat\/ce\/meri-i-pepe-freixas-primera-i-segon-a-la-guixa\/\" target=\"_blank\" rel=\"noopener noreferrer\">IV Cursa Popular d\u2019Orientaci\u00f3 de la Guixa (\u2192)<\/a><br \/>\n<\/strong><\/li>\n<\/ul>\n<div id=\"attachment_5595\" style=\"width: 310px\" class=\"wp-caption alignleft\"><a href=\"https:\/\/cetaradell.cat\/ce\/wp-content\/uploads\/2017-06-18-Cursa_Orientacio_La_Guixa.jpg\" target=\"_blank\" rel=\"attachment noopener wp-att-5595 noreferrer\"><img decoding=\"async\" aria-describedby=\"caption-attachment-5595\" class=\"wp-image-5595 size-medium\" src=\"https:\/\/cetaradell.cat\/ce\/wp-content\/uploads\/2017-06-18-Cursa_Orientacio_La_Guixa-300x225.jpg\" alt=\"2017-06-18-Cursa_Orientacio_La_Guixa\" width=\"300\" height=\"225\" srcset=\"https:\/\/cetaradell.cat\/ce\/wp-content\/uploads\/2017-06-18-Cursa_Orientacio_La_Guixa-300x225.jpg 300w, https:\/\/cetaradell.cat\/ce\/wp-content\/uploads\/2017-06-18-Cursa_Orientacio_La_Guixa-500x375.jpg 500w, https:\/\/cetaradell.cat\/ce\/wp-content\/uploads\/2017-06-18-Cursa_Orientacio_La_Guixa-700x525.jpg 700w, https:\/\/cetaradell.cat\/ce\/wp-content\/uploads\/2017-06-18-Cursa_Orientacio_La_Guixa-768x576.jpg 768w, https:\/\/cetaradell.cat\/ce\/wp-content\/uploads\/2017-06-18-Cursa_Orientacio_La_Guixa-1024x768.jpg 1024w, https:\/\/cetaradell.cat\/ce\/wp-content\/uploads\/2017-06-18-Cursa_Orientacio_La_Guixa.jpg 1170w\" sizes=\"(max-width: 300px) 100vw, 300px\" \/><\/a><p id=\"caption-attachment-5595\" class=\"wp-caption-text\">Llu\u00eds Saborit, Marc Ballabriga, Metitxell Freixas i Josep Maria Freixas a la cursa de la Guixa<\/p><\/div>\n<p><strong>Meritxell Feixas<\/strong> es va classificar en primer lloc de la categoria femenina del circuit C2 a la <strong>IV Cursa Popular d\u2019Orientaci\u00f3 de la Guixa<\/strong> celebrada el diumenge dia 18 de juny, i <strong>Josep Maria Freixas<\/strong> es va classificar en segon lloc de la categoria masculina del mateix circuit, a nom\u00e9s 1 minuts i 24 segons del primer. En aquest mateix circuit, el C2, tamb\u00e9 hi van participar el orientadors del CET L\u2019Enclusa-O, <strong>Llu\u00eds Saborit <\/strong>que es va classificar en 7\u00e8 lloc i <strong>Marc Ballabriga <\/strong>que va estar desqualificat al no fitxar les fites correctament.<\/p>\n<p>El circuit C3 d\u2019aquesta cursa de la Guixa, pensat per qui vol iniciar-se en aquest esport o b\u00e9 el vol provar, va comptar amb la participaci\u00f3 de quatre taradellencs que volien con\u00e8ixer en directa com era una cursa d\u2019orientaci\u00f3 ja que a casa seva tenen tot uns campions, es va tractar de: <strong>Edu Freixas<\/strong>, <strong>Eduard Freixas<\/strong>, <strong>Merc\u00e8 Nogu\u00e9<\/strong> i la petita <strong>Estel Freixas<\/strong>.<\/p>\n<div id=\"attachment_5595\" class=\"wp-caption alignleft\">\n<p class=\"wp-caption-text\">\n<\/div>\n","protected":false},"excerpt":{"rendered":"<p>Rogaine de la Tinen\u00e7a de Benifass\u00e0 El 3 de juny a localitat castellonenca de El Boixar es va celebrar la 2a edici\u00f3 del Rogaine de la Tinen\u00e7a de Benifass\u00e0, que puntuava pel Campionat\u00a0 Iberogaine, en aquesta edici\u00f3 es podia competir en una prova de 4 hores o en una de  [&#8230;]<\/p>\n","protected":false},"author":1,"featured_media":5668,"comment_status":"closed","ping_status":"closed","sticky":false,"template":"","format":"standard","meta":{"footnotes":""},"categories":[46,3],"tags":[],"class_list":["post-5667","post","type-post","status-publish","format-standard","has-post-thumbnail","hentry","category-equip-cet-lenclusa-o","category-noticies"],"yoast_head":"<!-- This site is optimized with the Yoast SEO plugin v27.5 - https:\/\/yoast.com\/product\/yoast-seo-wordpress\/ -->\n<title>Curses del juny del CET-L\u2019Enclusa-O - Centre Excursionista Taradell<\/title>\n<meta name=\"robots\" content=\"index, follow, max-snippet:-1, max-image-preview:large, max-video-preview:-1\" \/>\n<link rel=\"canonical\" href=\"https:\/\/cetaradell.cat\/ce\/curses-del-juny-del-cet-lenclusa-o\/\" \/>\n<meta property=\"og:locale\" content=\"ca_ES\" \/>\n<meta property=\"og:type\" content=\"article\" \/>\n<meta property=\"og:title\" content=\"Curses del juny del CET-L\u2019Enclusa-O - Centre Excursionista Taradell\" \/>\n<meta property=\"og:description\" content=\"Rogaine de la Tinen\u00e7a de Benifass\u00e0 El 3 de juny a localitat castellonenca de El Boixar es va celebrar la 2a edici\u00f3 del Rogaine de la Tinen\u00e7a de Benifass\u00e0, que puntuava pel Campionat\u00a0 Iberogaine, en aquesta edici\u00f3 es podia competir en una prova de 4 hores o en una de [...]\" \/>\n<meta property=\"og:url\" content=\"https:\/\/cetaradell.cat\/ce\/curses-del-juny-del-cet-lenclusa-o\/\" \/>\n<meta property=\"og:site_name\" content=\"Centre Excursionista Taradell\" \/>\n<meta property=\"article:publisher\" content=\"https:\/\/www.facebook.com\/CETaradell\/\" \/>\n<meta property=\"article:published_time\" content=\"2017-07-12T21:50:01+00:00\" \/>\n<meta property=\"article:modified_time\" content=\"2020-07-11T23:20:10+00:00\" \/>\n<meta property=\"og:image\" content=\"https:\/\/cetaradell.cat\/ce\/wp-content\/uploads\/2017-06-03-rogaine-Tinen\u00e7a_de_Benifass\u00e0-foto_lanovafita-2.jpg\" \/>\n\t<meta property=\"og:image:width\" content=\"1504\" \/>\n\t<meta property=\"og:image:height\" content=\"1000\" \/>\n\t<meta property=\"og:image:type\" content=\"image\/jpeg\" \/>\n<meta name=\"author\" content=\"CET\" \/>\n<meta name=\"twitter:card\" content=\"summary_large_image\" \/>\n<meta name=\"twitter:label1\" content=\"Escrit per\" \/>\n\t<meta name=\"twitter:data1\" content=\"CET\" \/>\n\t<meta name=\"twitter:label2\" content=\"Temps estimat de lectura\" \/>\n\t<meta name=\"twitter:data2\" content=\"3 minuts\" \/>\n<script type=\"application\/ld+json\" class=\"yoast-schema-graph\">{\"@context\":\"https:\\\/\\\/schema.org\",\"@graph\":[{\"@type\":\"Article\",\"@id\":\"https:\\\/\\\/cetaradell.cat\\\/ce\\\/curses-del-juny-del-cet-lenclusa-o\\\/#article\",\"isPartOf\":{\"@id\":\"https:\\\/\\\/cetaradell.cat\\\/ce\\\/curses-del-juny-del-cet-lenclusa-o\\\/\"},\"author\":{\"name\":\"CET\",\"@id\":\"https:\\\/\\\/cetaradell.cat\\\/ce\\\/#\\\/schema\\\/person\\\/92a59f585073071c7be6649e84b22f78\"},\"headline\":\"Curses del juny del CET-L\u2019Enclusa-O\",\"datePublished\":\"2017-07-12T21:50:01+00:00\",\"dateModified\":\"2020-07-11T23:20:10+00:00\",\"mainEntityOfPage\":{\"@id\":\"https:\\\/\\\/cetaradell.cat\\\/ce\\\/curses-del-juny-del-cet-lenclusa-o\\\/\"},\"wordCount\":577,\"image\":{\"@id\":\"https:\\\/\\\/cetaradell.cat\\\/ce\\\/curses-del-juny-del-cet-lenclusa-o\\\/#primaryimage\"},\"thumbnailUrl\":\"https:\\\/\\\/cetaradell.cat\\\/ce\\\/wp-content\\\/uploads\\\/2017-06-03-rogaine-Tinen\u00e7a_de_Benifass\u00e0-foto_lanovafita-2.jpg\",\"articleSection\":[\"Equip CET L'Enclusa-O\",\"Not\u00edcies\"],\"inLanguage\":\"ca\"},{\"@type\":\"WebPage\",\"@id\":\"https:\\\/\\\/cetaradell.cat\\\/ce\\\/curses-del-juny-del-cet-lenclusa-o\\\/\",\"url\":\"https:\\\/\\\/cetaradell.cat\\\/ce\\\/curses-del-juny-del-cet-lenclusa-o\\\/\",\"name\":\"Curses del juny del CET-L\u2019Enclusa-O - Centre Excursionista Taradell\",\"isPartOf\":{\"@id\":\"https:\\\/\\\/cetaradell.cat\\\/ce\\\/#website\"},\"primaryImageOfPage\":{\"@id\":\"https:\\\/\\\/cetaradell.cat\\\/ce\\\/curses-del-juny-del-cet-lenclusa-o\\\/#primaryimage\"},\"image\":{\"@id\":\"https:\\\/\\\/cetaradell.cat\\\/ce\\\/curses-del-juny-del-cet-lenclusa-o\\\/#primaryimage\"},\"thumbnailUrl\":\"https:\\\/\\\/cetaradell.cat\\\/ce\\\/wp-content\\\/uploads\\\/2017-06-03-rogaine-Tinen\u00e7a_de_Benifass\u00e0-foto_lanovafita-2.jpg\",\"datePublished\":\"2017-07-12T21:50:01+00:00\",\"dateModified\":\"2020-07-11T23:20:10+00:00\",\"author\":{\"@id\":\"https:\\\/\\\/cetaradell.cat\\\/ce\\\/#\\\/schema\\\/person\\\/92a59f585073071c7be6649e84b22f78\"},\"breadcrumb\":{\"@id\":\"https:\\\/\\\/cetaradell.cat\\\/ce\\\/curses-del-juny-del-cet-lenclusa-o\\\/#breadcrumb\"},\"inLanguage\":\"ca\",\"potentialAction\":[{\"@type\":\"ReadAction\",\"target\":[\"https:\\\/\\\/cetaradell.cat\\\/ce\\\/curses-del-juny-del-cet-lenclusa-o\\\/\"]}]},{\"@type\":\"ImageObject\",\"inLanguage\":\"ca\",\"@id\":\"https:\\\/\\\/cetaradell.cat\\\/ce\\\/curses-del-juny-del-cet-lenclusa-o\\\/#primaryimage\",\"url\":\"https:\\\/\\\/cetaradell.cat\\\/ce\\\/wp-content\\\/uploads\\\/2017-06-03-rogaine-Tinen\u00e7a_de_Benifass\u00e0-foto_lanovafita-2.jpg\",\"contentUrl\":\"https:\\\/\\\/cetaradell.cat\\\/ce\\\/wp-content\\\/uploads\\\/2017-06-03-rogaine-Tinen\u00e7a_de_Benifass\u00e0-foto_lanovafita-2.jpg\",\"width\":1504,\"height\":1000},{\"@type\":\"BreadcrumbList\",\"@id\":\"https:\\\/\\\/cetaradell.cat\\\/ce\\\/curses-del-juny-del-cet-lenclusa-o\\\/#breadcrumb\",\"itemListElement\":[{\"@type\":\"ListItem\",\"position\":1,\"name\":\"Inici\",\"item\":\"https:\\\/\\\/cetaradell.cat\\\/ce\\\/\"},{\"@type\":\"ListItem\",\"position\":2,\"name\":\"Curses del juny del CET-L\u2019Enclusa-O\"}]},{\"@type\":\"WebSite\",\"@id\":\"https:\\\/\\\/cetaradell.cat\\\/ce\\\/#website\",\"url\":\"https:\\\/\\\/cetaradell.cat\\\/ce\\\/\",\"name\":\"Centre Excursionista Taradell\",\"description\":\"\",\"potentialAction\":[{\"@type\":\"SearchAction\",\"target\":{\"@type\":\"EntryPoint\",\"urlTemplate\":\"https:\\\/\\\/cetaradell.cat\\\/ce\\\/?s={search_term_string}\"},\"query-input\":{\"@type\":\"PropertyValueSpecification\",\"valueRequired\":true,\"valueName\":\"search_term_string\"}}],\"inLanguage\":\"ca\"},{\"@type\":\"Person\",\"@id\":\"https:\\\/\\\/cetaradell.cat\\\/ce\\\/#\\\/schema\\\/person\\\/92a59f585073071c7be6649e84b22f78\",\"name\":\"CET\",\"image\":{\"@type\":\"ImageObject\",\"inLanguage\":\"ca\",\"@id\":\"https:\\\/\\\/secure.gravatar.com\\\/avatar\\\/d6fbe010d42056feccc0f613ed07277a5118442805079269f12dabdc42e1a727?s=96&d=mm&r=g\",\"url\":\"https:\\\/\\\/secure.gravatar.com\\\/avatar\\\/d6fbe010d42056feccc0f613ed07277a5118442805079269f12dabdc42e1a727?s=96&d=mm&r=g\",\"contentUrl\":\"https:\\\/\\\/secure.gravatar.com\\\/avatar\\\/d6fbe010d42056feccc0f613ed07277a5118442805079269f12dabdc42e1a727?s=96&d=mm&r=g\",\"caption\":\"CET\"},\"url\":\"https:\\\/\\\/cetaradell.cat\\\/ce\\\/author\\\/root\\\/\"}]}<\/script>\n<!-- \/ Yoast SEO plugin. -->","yoast_head_json":{"title":"Curses del juny del CET-L\u2019Enclusa-O - Centre Excursionista Taradell","robots":{"index":"index","follow":"follow","max-snippet":"max-snippet:-1","max-image-preview":"max-image-preview:large","max-video-preview":"max-video-preview:-1"},"canonical":"https:\/\/cetaradell.cat\/ce\/curses-del-juny-del-cet-lenclusa-o\/","og_locale":"ca_ES","og_type":"article","og_title":"Curses del juny del CET-L\u2019Enclusa-O - Centre Excursionista Taradell","og_description":"Rogaine de la Tinen\u00e7a de Benifass\u00e0 El 3 de juny a localitat castellonenca de El Boixar es va celebrar la 2a edici\u00f3 del Rogaine de la Tinen\u00e7a de Benifass\u00e0, que puntuava pel Campionat\u00a0 Iberogaine, en aquesta edici\u00f3 es podia competir en una prova de 4 hores o en una de [...]","og_url":"https:\/\/cetaradell.cat\/ce\/curses-del-juny-del-cet-lenclusa-o\/","og_site_name":"Centre Excursionista Taradell","article_publisher":"https:\/\/www.facebook.com\/CETaradell\/","article_published_time":"2017-07-12T21:50:01+00:00","article_modified_time":"2020-07-11T23:20:10+00:00","og_image":[{"width":1504,"height":1000,"url":"https:\/\/cetaradell.cat\/ce\/wp-content\/uploads\/2017-06-03-rogaine-Tinen\u00e7a_de_Benifass\u00e0-foto_lanovafita-2.jpg","type":"image\/jpeg"}],"author":"CET","twitter_card":"summary_large_image","twitter_misc":{"Escrit per":"CET","Temps estimat de lectura":"3 minuts"},"schema":{"@context":"https:\/\/schema.org","@graph":[{"@type":"Article","@id":"https:\/\/cetaradell.cat\/ce\/curses-del-juny-del-cet-lenclusa-o\/#article","isPartOf":{"@id":"https:\/\/cetaradell.cat\/ce\/curses-del-juny-del-cet-lenclusa-o\/"},"author":{"name":"CET","@id":"https:\/\/cetaradell.cat\/ce\/#\/schema\/person\/92a59f585073071c7be6649e84b22f78"},"headline":"Curses del juny del CET-L\u2019Enclusa-O","datePublished":"2017-07-12T21:50:01+00:00","dateModified":"2020-07-11T23:20:10+00:00","mainEntityOfPage":{"@id":"https:\/\/cetaradell.cat\/ce\/curses-del-juny-del-cet-lenclusa-o\/"},"wordCount":577,"image":{"@id":"https:\/\/cetaradell.cat\/ce\/curses-del-juny-del-cet-lenclusa-o\/#primaryimage"},"thumbnailUrl":"https:\/\/cetaradell.cat\/ce\/wp-content\/uploads\/2017-06-03-rogaine-Tinen\u00e7a_de_Benifass\u00e0-foto_lanovafita-2.jpg","articleSection":["Equip CET L'Enclusa-O","Not\u00edcies"],"inLanguage":"ca"},{"@type":"WebPage","@id":"https:\/\/cetaradell.cat\/ce\/curses-del-juny-del-cet-lenclusa-o\/","url":"https:\/\/cetaradell.cat\/ce\/curses-del-juny-del-cet-lenclusa-o\/","name":"Curses del juny del CET-L\u2019Enclusa-O - Centre Excursionista Taradell","isPartOf":{"@id":"https:\/\/cetaradell.cat\/ce\/#website"},"primaryImageOfPage":{"@id":"https:\/\/cetaradell.cat\/ce\/curses-del-juny-del-cet-lenclusa-o\/#primaryimage"},"image":{"@id":"https:\/\/cetaradell.cat\/ce\/curses-del-juny-del-cet-lenclusa-o\/#primaryimage"},"thumbnailUrl":"https:\/\/cetaradell.cat\/ce\/wp-content\/uploads\/2017-06-03-rogaine-Tinen\u00e7a_de_Benifass\u00e0-foto_lanovafita-2.jpg","datePublished":"2017-07-12T21:50:01+00:00","dateModified":"2020-07-11T23:20:10+00:00","author":{"@id":"https:\/\/cetaradell.cat\/ce\/#\/schema\/person\/92a59f585073071c7be6649e84b22f78"},"breadcrumb":{"@id":"https:\/\/cetaradell.cat\/ce\/curses-del-juny-del-cet-lenclusa-o\/#breadcrumb"},"inLanguage":"ca","potentialAction":[{"@type":"ReadAction","target":["https:\/\/cetaradell.cat\/ce\/curses-del-juny-del-cet-lenclusa-o\/"]}]},{"@type":"ImageObject","inLanguage":"ca","@id":"https:\/\/cetaradell.cat\/ce\/curses-del-juny-del-cet-lenclusa-o\/#primaryimage","url":"https:\/\/cetaradell.cat\/ce\/wp-content\/uploads\/2017-06-03-rogaine-Tinen\u00e7a_de_Benifass\u00e0-foto_lanovafita-2.jpg","contentUrl":"https:\/\/cetaradell.cat\/ce\/wp-content\/uploads\/2017-06-03-rogaine-Tinen\u00e7a_de_Benifass\u00e0-foto_lanovafita-2.jpg","width":1504,"height":1000},{"@type":"BreadcrumbList","@id":"https:\/\/cetaradell.cat\/ce\/curses-del-juny-del-cet-lenclusa-o\/#breadcrumb","itemListElement":[{"@type":"ListItem","position":1,"name":"Inici","item":"https:\/\/cetaradell.cat\/ce\/"},{"@type":"ListItem","position":2,"name":"Curses del juny del CET-L\u2019Enclusa-O"}]},{"@type":"WebSite","@id":"https:\/\/cetaradell.cat\/ce\/#website","url":"https:\/\/cetaradell.cat\/ce\/","name":"Centre Excursionista Taradell","description":"","potentialAction":[{"@type":"SearchAction","target":{"@type":"EntryPoint","urlTemplate":"https:\/\/cetaradell.cat\/ce\/?s={search_term_string}"},"query-input":{"@type":"PropertyValueSpecification","valueRequired":true,"valueName":"search_term_string"}}],"inLanguage":"ca"},{"@type":"Person","@id":"https:\/\/cetaradell.cat\/ce\/#\/schema\/person\/92a59f585073071c7be6649e84b22f78","name":"CET","image":{"@type":"ImageObject","inLanguage":"ca","@id":"https:\/\/secure.gravatar.com\/avatar\/d6fbe010d42056feccc0f613ed07277a5118442805079269f12dabdc42e1a727?s=96&d=mm&r=g","url":"https:\/\/secure.gravatar.com\/avatar\/d6fbe010d42056feccc0f613ed07277a5118442805079269f12dabdc42e1a727?s=96&d=mm&r=g","contentUrl":"https:\/\/secure.gravatar.com\/avatar\/d6fbe010d42056feccc0f613ed07277a5118442805079269f12dabdc42e1a727?s=96&d=mm&r=g","caption":"CET"},"url":"https:\/\/cetaradell.cat\/ce\/author\/root\/"}]}},"_links":{"self":[{"href":"https:\/\/cetaradell.cat\/ce\/wp-json\/wp\/v2\/posts\/5667","targetHints":{"allow":["GET"]}}],"collection":[{"href":"https:\/\/cetaradell.cat\/ce\/wp-json\/wp\/v2\/posts"}],"about":[{"href":"https:\/\/cetaradell.cat\/ce\/wp-json\/wp\/v2\/types\/post"}],"author":[{"embeddable":true,"href":"https:\/\/cetaradell.cat\/ce\/wp-json\/wp\/v2\/users\/1"}],"replies":[{"embeddable":true,"href":"https:\/\/cetaradell.cat\/ce\/wp-json\/wp\/v2\/comments?post=5667"}],"version-history":[{"count":0,"href":"https:\/\/cetaradell.cat\/ce\/wp-json\/wp\/v2\/posts\/5667\/revisions"}],"wp:featuredmedia":[{"embeddable":true,"href":"https:\/\/cetaradell.cat\/ce\/wp-json\/wp\/v2\/media\/5668"}],"wp:attachment":[{"href":"https:\/\/cetaradell.cat\/ce\/wp-json\/wp\/v2\/media?parent=5667"}],"wp:term":[{"taxonomy":"category","embeddable":true,"href":"https:\/\/cetaradell.cat\/ce\/wp-json\/wp\/v2\/categories?post=5667"},{"taxonomy":"post_tag","embeddable":true,"href":"https:\/\/cetaradell.cat\/ce\/wp-json\/wp\/v2\/tags?post=5667"}],"curies":[{"name":"wp","href":"https:\/\/api.w.org\/{rel}","templated":true}]}}