{"id":5679,"date":"2017-07-20T23:17:20","date_gmt":"2017-07-20T22:17:20","guid":{"rendered":"https:\/\/cetaradell.cat\/ce\/?p=5679"},"modified":"2020-07-12T00:15:10","modified_gmt":"2020-07-11T23:15:10","slug":"tavessa-nuria-fontpedrosa","status":"publish","type":"post","link":"https:\/\/cetaradell.cat\/ce\/tavessa-nuria-fontpedrosa\/","title":{"rendered":"Tavessa N\u00faria &#8211; Fontpedrosa"},"content":{"rendered":"<div id=\"attachment_5680\" style=\"width: 260px\" class=\"wp-caption alignleft\"><a href=\"https:\/\/cetaradell.cat\/ce\/wp-content\/uploads\/travessa-nuria-fontpedrosa.jpg\" target=\"_blank\" rel=\"attachment noopener wp-att-5680 noreferrer\"><img decoding=\"async\" aria-describedby=\"caption-attachment-5680\" class=\"wp-image-5680\" src=\"https:\/\/cetaradell.cat\/ce\/wp-content\/uploads\/travessa-nuria-fontpedrosa-152x300.jpg\" alt=\"travessa-nuria-fontpedrosa\" width=\"250\" height=\"492\" srcset=\"https:\/\/cetaradell.cat\/ce\/wp-content\/uploads\/travessa-nuria-fontpedrosa-152x300.jpg 152w, https:\/\/cetaradell.cat\/ce\/wp-content\/uploads\/travessa-nuria-fontpedrosa-500x984.jpg 500w, https:\/\/cetaradell.cat\/ce\/wp-content\/uploads\/travessa-nuria-fontpedrosa-520x1024.jpg 520w, https:\/\/cetaradell.cat\/ce\/wp-content\/uploads\/travessa-nuria-fontpedrosa-700x1378.jpg 700w, https:\/\/cetaradell.cat\/ce\/wp-content\/uploads\/travessa-nuria-fontpedrosa-768x1512.jpg 768w, https:\/\/cetaradell.cat\/ce\/wp-content\/uploads\/travessa-nuria-fontpedrosa.jpg 1092w\" sizes=\"(max-width: 250px) 100vw, 250px\" \/><\/a><p id=\"caption-attachment-5680\" class=\"wp-caption-text\">Travessa N\u00faria &#8211; Fontpedrosa<\/p><\/div>\n<p><strong>Dia:<\/strong>\u00a0 diumenge, 30 de juliol de 2017<\/p>\n<p><strong>Hora de sortida:<\/strong> de Taradell a les 6.15, de Vic a\u00a0 les 6.30<\/p>\n<p><strong>Transport: <\/strong>autob\u00fas<\/p>\n<p><strong>Dist\u00e0ncia<\/strong>: 18 km<\/p>\n<p><strong>Desnivell:<\/strong> +760 m \/ -1.630 m<\/p>\n<p><strong>Preu: <\/strong>31 euros, inclou l&#8217;autob\u00fas i el cremallera de N\u00faria<\/p>\n<p><strong>Recomanacions:<\/strong> portar bon cal\u00e7at, bastons i aigua<\/p>\n<p><strong>Descripci\u00f3:<\/strong> comen\u00e7arem la sortida des de N\u00faria en direcci\u00f3 al coll de Nou Fonts. Un cop al cim girarem a l&#8217;esquerre per anar al coll d&#8217;en Bernat, i del coll baixarem pel fressat corriol que zigzagueja vessant avall. Deixarem a m\u00e0 esquerra la Barraca de l\u2019Estanyol (bon estat per a una o dues persones) per baixar fins a les Clotades de l\u2019Estanyol, on es troba el llac.<\/p>\n<p>El cam\u00ed m\u00e9s avall entra en un bosc de pi negre que ressegueix la riera fins a la Ja\u00e7a Grossa; prat on trobem el cam\u00ed que d\u00f3na acc\u00e9s al refugi de l\u2019Orri. Refugi lliure amb una zona oberta en estat acceptable, amb aigua i llenya, i amb una altra de tancada nom\u00e9s per a pastors. Tot seguit continuarem per la pista fins arribar\u00a0a la\u00a0 Bassa d\u2019Aumat. Creuarem la bassa per sobre de la presa i seguirem el corriol marcat amb pintura groga que ens portar\u00e0 per un preci\u00f3s corriol bosc\u00f3s elevat sobre la vall des d\u2019on tindrem bones vistes del riu Riberola i a les muntanyes ve\u00efnes.<\/p>\n<p>El sender desemboca a la pista d\u2019acc\u00e9s a la presa d\u2019Aumat, cam\u00ed que seguirem uns metres fins al Castell on nom\u00e9s hi han Ru\u00efnes d\u2019un antic castell datat probablement del s. XIII. Tot seguit arribarem a Prats de Balaguer\u00a0on farem una forta baixada que ens portar\u00e0 fins a Fontpedrosa, punt final de l&#8217;excursi\u00f3.<\/p>\n<p>Nota: tot i que durant\u00a0 l&#8217;excursi\u00f3 es troba aigua, no es recomanable per fer-ne us ja que es trobem moltes vaques i cavalls, i podria estar contaminada.<\/p>\n<div id=\"attachment_5683\" style=\"width: 510px\" class=\"wp-caption aligncenter\"><a href=\"https:\/\/cetaradell.cat\/ce\/wp-content\/uploads\/travessa-nuria-fontpedrosa-desnivell.jpg\" target=\"_blank\" rel=\"attachment noopener wp-att-5683 noreferrer\"><img decoding=\"async\" aria-describedby=\"caption-attachment-5683\" class=\"wp-image-5683\" src=\"https:\/\/cetaradell.cat\/ce\/wp-content\/uploads\/travessa-nuria-fontpedrosa-desnivell-300x218.jpg\" alt=\"travessa-nuria-fontpedrosa-desnivell\" width=\"500\" height=\"364\" srcset=\"https:\/\/cetaradell.cat\/ce\/wp-content\/uploads\/travessa-nuria-fontpedrosa-desnivell-300x218.jpg 300w, https:\/\/cetaradell.cat\/ce\/wp-content\/uploads\/travessa-nuria-fontpedrosa-desnivell-500x364.jpg 500w, https:\/\/cetaradell.cat\/ce\/wp-content\/uploads\/travessa-nuria-fontpedrosa-desnivell-700x509.jpg 700w, https:\/\/cetaradell.cat\/ce\/wp-content\/uploads\/travessa-nuria-fontpedrosa-desnivell-768x559.jpg 768w, https:\/\/cetaradell.cat\/ce\/wp-content\/uploads\/travessa-nuria-fontpedrosa-desnivell-1024x745.jpg 1024w, https:\/\/cetaradell.cat\/ce\/wp-content\/uploads\/travessa-nuria-fontpedrosa-desnivell.jpg 1262w\" sizes=\"(max-width: 500px) 100vw, 500px\" \/><\/a><p id=\"caption-attachment-5683\" class=\"wp-caption-text\">Travessa N\u00faria &#8211; Fontpedrosa, desnivell<\/p><\/div>\n","protected":false},"excerpt":{"rendered":"<p>Dia:\u00a0 diumenge, 30 de juliol de 2017 Hora de sortida: de Taradell a les 6.15, de Vic a\u00a0 les 6.30 Transport: autob\u00fas Dist\u00e0ncia: 18 km Desnivell: +760 m \/ -1.630 m Preu: 31 euros, inclou l&#8217;autob\u00fas i el cremallera de N\u00faria Recomanacions: portar bon cal\u00e7at, bastons i aigua Descripci\u00f3: comen\u00e7arem  [&#8230;]<\/p>\n","protected":false},"author":1,"featured_media":5680,"comment_status":"closed","ping_status":"closed","sticky":false,"template":"","format":"standard","meta":{"footnotes":""},"categories":[4,7],"tags":[],"class_list":["post-5679","post","type-post","status-publish","format-standard","has-post-thumbnail","hentry","category-activitats","category-muntanya"],"yoast_head":"<!-- This site is optimized with the Yoast SEO plugin v27.5 - https:\/\/yoast.com\/product\/yoast-seo-wordpress\/ -->\n<title>Tavessa N\u00faria - Fontpedrosa - Centre Excursionista Taradell<\/title>\n<meta name=\"robots\" content=\"index, follow, max-snippet:-1, max-image-preview:large, max-video-preview:-1\" \/>\n<link rel=\"canonical\" href=\"https:\/\/cetaradell.cat\/ce\/tavessa-nuria-fontpedrosa\/\" \/>\n<meta property=\"og:locale\" content=\"ca_ES\" \/>\n<meta property=\"og:type\" content=\"article\" \/>\n<meta property=\"og:title\" content=\"Tavessa N\u00faria - Fontpedrosa - Centre Excursionista Taradell\" \/>\n<meta property=\"og:description\" content=\"Dia:\u00a0 diumenge, 30 de juliol de 2017 Hora de sortida: de Taradell a les 6.15, de Vic a\u00a0 les 6.30 Transport: autob\u00fas Dist\u00e0ncia: 18 km Desnivell: +760 m \/ -1.630 m Preu: 31 euros, inclou l&#8217;autob\u00fas i el cremallera de N\u00faria Recomanacions: portar bon cal\u00e7at, bastons i aigua Descripci\u00f3: comen\u00e7arem [...]\" \/>\n<meta property=\"og:url\" content=\"https:\/\/cetaradell.cat\/ce\/tavessa-nuria-fontpedrosa\/\" \/>\n<meta property=\"og:site_name\" content=\"Centre Excursionista Taradell\" \/>\n<meta property=\"article:publisher\" content=\"https:\/\/www.facebook.com\/CETaradell\/\" \/>\n<meta property=\"article:published_time\" content=\"2017-07-20T22:17:20+00:00\" \/>\n<meta property=\"article:modified_time\" content=\"2020-07-11T23:15:10+00:00\" \/>\n<meta property=\"og:image\" content=\"https:\/\/cetaradell.cat\/ce\/wp-content\/uploads\/travessa-nuria-fontpedrosa.jpg\" \/>\n\t<meta property=\"og:image:width\" content=\"1092\" \/>\n\t<meta property=\"og:image:height\" content=\"2150\" \/>\n\t<meta property=\"og:image:type\" content=\"image\/jpeg\" \/>\n<meta name=\"author\" content=\"CET\" \/>\n<meta name=\"twitter:card\" content=\"summary_large_image\" \/>\n<meta name=\"twitter:label1\" content=\"Escrit per\" \/>\n\t<meta name=\"twitter:data1\" content=\"CET\" \/>\n\t<meta name=\"twitter:label2\" content=\"Temps estimat de lectura\" \/>\n\t<meta name=\"twitter:data2\" content=\"2 minuts\" \/>\n<script type=\"application\/ld+json\" class=\"yoast-schema-graph\">{\"@context\":\"https:\\\/\\\/schema.org\",\"@graph\":[{\"@type\":\"Article\",\"@id\":\"https:\\\/\\\/cetaradell.cat\\\/ce\\\/tavessa-nuria-fontpedrosa\\\/#article\",\"isPartOf\":{\"@id\":\"https:\\\/\\\/cetaradell.cat\\\/ce\\\/tavessa-nuria-fontpedrosa\\\/\"},\"author\":{\"name\":\"CET\",\"@id\":\"https:\\\/\\\/cetaradell.cat\\\/ce\\\/#\\\/schema\\\/person\\\/92a59f585073071c7be6649e84b22f78\"},\"headline\":\"Tavessa N\u00faria &#8211; Fontpedrosa\",\"datePublished\":\"2017-07-20T22:17:20+00:00\",\"dateModified\":\"2020-07-11T23:15:10+00:00\",\"mainEntityOfPage\":{\"@id\":\"https:\\\/\\\/cetaradell.cat\\\/ce\\\/tavessa-nuria-fontpedrosa\\\/\"},\"wordCount\":357,\"image\":{\"@id\":\"https:\\\/\\\/cetaradell.cat\\\/ce\\\/tavessa-nuria-fontpedrosa\\\/#primaryimage\"},\"thumbnailUrl\":\"https:\\\/\\\/cetaradell.cat\\\/ce\\\/wp-content\\\/uploads\\\/travessa-nuria-fontpedrosa.jpg\",\"articleSection\":[\"Activitats\",\"Muntanya\"],\"inLanguage\":\"ca\"},{\"@type\":\"WebPage\",\"@id\":\"https:\\\/\\\/cetaradell.cat\\\/ce\\\/tavessa-nuria-fontpedrosa\\\/\",\"url\":\"https:\\\/\\\/cetaradell.cat\\\/ce\\\/tavessa-nuria-fontpedrosa\\\/\",\"name\":\"Tavessa N\u00faria - Fontpedrosa - Centre Excursionista Taradell\",\"isPartOf\":{\"@id\":\"https:\\\/\\\/cetaradell.cat\\\/ce\\\/#website\"},\"primaryImageOfPage\":{\"@id\":\"https:\\\/\\\/cetaradell.cat\\\/ce\\\/tavessa-nuria-fontpedrosa\\\/#primaryimage\"},\"image\":{\"@id\":\"https:\\\/\\\/cetaradell.cat\\\/ce\\\/tavessa-nuria-fontpedrosa\\\/#primaryimage\"},\"thumbnailUrl\":\"https:\\\/\\\/cetaradell.cat\\\/ce\\\/wp-content\\\/uploads\\\/travessa-nuria-fontpedrosa.jpg\",\"datePublished\":\"2017-07-20T22:17:20+00:00\",\"dateModified\":\"2020-07-11T23:15:10+00:00\",\"author\":{\"@id\":\"https:\\\/\\\/cetaradell.cat\\\/ce\\\/#\\\/schema\\\/person\\\/92a59f585073071c7be6649e84b22f78\"},\"breadcrumb\":{\"@id\":\"https:\\\/\\\/cetaradell.cat\\\/ce\\\/tavessa-nuria-fontpedrosa\\\/#breadcrumb\"},\"inLanguage\":\"ca\",\"potentialAction\":[{\"@type\":\"ReadAction\",\"target\":[\"https:\\\/\\\/cetaradell.cat\\\/ce\\\/tavessa-nuria-fontpedrosa\\\/\"]}]},{\"@type\":\"ImageObject\",\"inLanguage\":\"ca\",\"@id\":\"https:\\\/\\\/cetaradell.cat\\\/ce\\\/tavessa-nuria-fontpedrosa\\\/#primaryimage\",\"url\":\"https:\\\/\\\/cetaradell.cat\\\/ce\\\/wp-content\\\/uploads\\\/travessa-nuria-fontpedrosa.jpg\",\"contentUrl\":\"https:\\\/\\\/cetaradell.cat\\\/ce\\\/wp-content\\\/uploads\\\/travessa-nuria-fontpedrosa.jpg\",\"width\":1092,\"height\":2150},{\"@type\":\"BreadcrumbList\",\"@id\":\"https:\\\/\\\/cetaradell.cat\\\/ce\\\/tavessa-nuria-fontpedrosa\\\/#breadcrumb\",\"itemListElement\":[{\"@type\":\"ListItem\",\"position\":1,\"name\":\"Inici\",\"item\":\"https:\\\/\\\/cetaradell.cat\\\/ce\\\/\"},{\"@type\":\"ListItem\",\"position\":2,\"name\":\"Tavessa N\u00faria &#8211; Fontpedrosa\"}]},{\"@type\":\"WebSite\",\"@id\":\"https:\\\/\\\/cetaradell.cat\\\/ce\\\/#website\",\"url\":\"https:\\\/\\\/cetaradell.cat\\\/ce\\\/\",\"name\":\"Centre Excursionista Taradell\",\"description\":\"\",\"potentialAction\":[{\"@type\":\"SearchAction\",\"target\":{\"@type\":\"EntryPoint\",\"urlTemplate\":\"https:\\\/\\\/cetaradell.cat\\\/ce\\\/?s={search_term_string}\"},\"query-input\":{\"@type\":\"PropertyValueSpecification\",\"valueRequired\":true,\"valueName\":\"search_term_string\"}}],\"inLanguage\":\"ca\"},{\"@type\":\"Person\",\"@id\":\"https:\\\/\\\/cetaradell.cat\\\/ce\\\/#\\\/schema\\\/person\\\/92a59f585073071c7be6649e84b22f78\",\"name\":\"CET\",\"image\":{\"@type\":\"ImageObject\",\"inLanguage\":\"ca\",\"@id\":\"https:\\\/\\\/secure.gravatar.com\\\/avatar\\\/d6fbe010d42056feccc0f613ed07277a5118442805079269f12dabdc42e1a727?s=96&d=mm&r=g\",\"url\":\"https:\\\/\\\/secure.gravatar.com\\\/avatar\\\/d6fbe010d42056feccc0f613ed07277a5118442805079269f12dabdc42e1a727?s=96&d=mm&r=g\",\"contentUrl\":\"https:\\\/\\\/secure.gravatar.com\\\/avatar\\\/d6fbe010d42056feccc0f613ed07277a5118442805079269f12dabdc42e1a727?s=96&d=mm&r=g\",\"caption\":\"CET\"},\"url\":\"https:\\\/\\\/cetaradell.cat\\\/ce\\\/author\\\/root\\\/\"}]}<\/script>\n<!-- \/ Yoast SEO plugin. -->","yoast_head_json":{"title":"Tavessa N\u00faria - Fontpedrosa - Centre Excursionista Taradell","robots":{"index":"index","follow":"follow","max-snippet":"max-snippet:-1","max-image-preview":"max-image-preview:large","max-video-preview":"max-video-preview:-1"},"canonical":"https:\/\/cetaradell.cat\/ce\/tavessa-nuria-fontpedrosa\/","og_locale":"ca_ES","og_type":"article","og_title":"Tavessa N\u00faria - Fontpedrosa - Centre Excursionista Taradell","og_description":"Dia:\u00a0 diumenge, 30 de juliol de 2017 Hora de sortida: de Taradell a les 6.15, de Vic a\u00a0 les 6.30 Transport: autob\u00fas Dist\u00e0ncia: 18 km Desnivell: +760 m \/ -1.630 m Preu: 31 euros, inclou l&#8217;autob\u00fas i el cremallera de N\u00faria Recomanacions: portar bon cal\u00e7at, bastons i aigua Descripci\u00f3: comen\u00e7arem [...]","og_url":"https:\/\/cetaradell.cat\/ce\/tavessa-nuria-fontpedrosa\/","og_site_name":"Centre Excursionista Taradell","article_publisher":"https:\/\/www.facebook.com\/CETaradell\/","article_published_time":"2017-07-20T22:17:20+00:00","article_modified_time":"2020-07-11T23:15:10+00:00","og_image":[{"width":1092,"height":2150,"url":"https:\/\/cetaradell.cat\/ce\/wp-content\/uploads\/travessa-nuria-fontpedrosa.jpg","type":"image\/jpeg"}],"author":"CET","twitter_card":"summary_large_image","twitter_misc":{"Escrit per":"CET","Temps estimat de lectura":"2 minuts"},"schema":{"@context":"https:\/\/schema.org","@graph":[{"@type":"Article","@id":"https:\/\/cetaradell.cat\/ce\/tavessa-nuria-fontpedrosa\/#article","isPartOf":{"@id":"https:\/\/cetaradell.cat\/ce\/tavessa-nuria-fontpedrosa\/"},"author":{"name":"CET","@id":"https:\/\/cetaradell.cat\/ce\/#\/schema\/person\/92a59f585073071c7be6649e84b22f78"},"headline":"Tavessa N\u00faria &#8211; Fontpedrosa","datePublished":"2017-07-20T22:17:20+00:00","dateModified":"2020-07-11T23:15:10+00:00","mainEntityOfPage":{"@id":"https:\/\/cetaradell.cat\/ce\/tavessa-nuria-fontpedrosa\/"},"wordCount":357,"image":{"@id":"https:\/\/cetaradell.cat\/ce\/tavessa-nuria-fontpedrosa\/#primaryimage"},"thumbnailUrl":"https:\/\/cetaradell.cat\/ce\/wp-content\/uploads\/travessa-nuria-fontpedrosa.jpg","articleSection":["Activitats","Muntanya"],"inLanguage":"ca"},{"@type":"WebPage","@id":"https:\/\/cetaradell.cat\/ce\/tavessa-nuria-fontpedrosa\/","url":"https:\/\/cetaradell.cat\/ce\/tavessa-nuria-fontpedrosa\/","name":"Tavessa N\u00faria - Fontpedrosa - Centre Excursionista Taradell","isPartOf":{"@id":"https:\/\/cetaradell.cat\/ce\/#website"},"primaryImageOfPage":{"@id":"https:\/\/cetaradell.cat\/ce\/tavessa-nuria-fontpedrosa\/#primaryimage"},"image":{"@id":"https:\/\/cetaradell.cat\/ce\/tavessa-nuria-fontpedrosa\/#primaryimage"},"thumbnailUrl":"https:\/\/cetaradell.cat\/ce\/wp-content\/uploads\/travessa-nuria-fontpedrosa.jpg","datePublished":"2017-07-20T22:17:20+00:00","dateModified":"2020-07-11T23:15:10+00:00","author":{"@id":"https:\/\/cetaradell.cat\/ce\/#\/schema\/person\/92a59f585073071c7be6649e84b22f78"},"breadcrumb":{"@id":"https:\/\/cetaradell.cat\/ce\/tavessa-nuria-fontpedrosa\/#breadcrumb"},"inLanguage":"ca","potentialAction":[{"@type":"ReadAction","target":["https:\/\/cetaradell.cat\/ce\/tavessa-nuria-fontpedrosa\/"]}]},{"@type":"ImageObject","inLanguage":"ca","@id":"https:\/\/cetaradell.cat\/ce\/tavessa-nuria-fontpedrosa\/#primaryimage","url":"https:\/\/cetaradell.cat\/ce\/wp-content\/uploads\/travessa-nuria-fontpedrosa.jpg","contentUrl":"https:\/\/cetaradell.cat\/ce\/wp-content\/uploads\/travessa-nuria-fontpedrosa.jpg","width":1092,"height":2150},{"@type":"BreadcrumbList","@id":"https:\/\/cetaradell.cat\/ce\/tavessa-nuria-fontpedrosa\/#breadcrumb","itemListElement":[{"@type":"ListItem","position":1,"name":"Inici","item":"https:\/\/cetaradell.cat\/ce\/"},{"@type":"ListItem","position":2,"name":"Tavessa N\u00faria &#8211; Fontpedrosa"}]},{"@type":"WebSite","@id":"https:\/\/cetaradell.cat\/ce\/#website","url":"https:\/\/cetaradell.cat\/ce\/","name":"Centre Excursionista Taradell","description":"","potentialAction":[{"@type":"SearchAction","target":{"@type":"EntryPoint","urlTemplate":"https:\/\/cetaradell.cat\/ce\/?s={search_term_string}"},"query-input":{"@type":"PropertyValueSpecification","valueRequired":true,"valueName":"search_term_string"}}],"inLanguage":"ca"},{"@type":"Person","@id":"https:\/\/cetaradell.cat\/ce\/#\/schema\/person\/92a59f585073071c7be6649e84b22f78","name":"CET","image":{"@type":"ImageObject","inLanguage":"ca","@id":"https:\/\/secure.gravatar.com\/avatar\/d6fbe010d42056feccc0f613ed07277a5118442805079269f12dabdc42e1a727?s=96&d=mm&r=g","url":"https:\/\/secure.gravatar.com\/avatar\/d6fbe010d42056feccc0f613ed07277a5118442805079269f12dabdc42e1a727?s=96&d=mm&r=g","contentUrl":"https:\/\/secure.gravatar.com\/avatar\/d6fbe010d42056feccc0f613ed07277a5118442805079269f12dabdc42e1a727?s=96&d=mm&r=g","caption":"CET"},"url":"https:\/\/cetaradell.cat\/ce\/author\/root\/"}]}},"_links":{"self":[{"href":"https:\/\/cetaradell.cat\/ce\/wp-json\/wp\/v2\/posts\/5679","targetHints":{"allow":["GET"]}}],"collection":[{"href":"https:\/\/cetaradell.cat\/ce\/wp-json\/wp\/v2\/posts"}],"about":[{"href":"https:\/\/cetaradell.cat\/ce\/wp-json\/wp\/v2\/types\/post"}],"author":[{"embeddable":true,"href":"https:\/\/cetaradell.cat\/ce\/wp-json\/wp\/v2\/users\/1"}],"replies":[{"embeddable":true,"href":"https:\/\/cetaradell.cat\/ce\/wp-json\/wp\/v2\/comments?post=5679"}],"version-history":[{"count":0,"href":"https:\/\/cetaradell.cat\/ce\/wp-json\/wp\/v2\/posts\/5679\/revisions"}],"wp:featuredmedia":[{"embeddable":true,"href":"https:\/\/cetaradell.cat\/ce\/wp-json\/wp\/v2\/media\/5680"}],"wp:attachment":[{"href":"https:\/\/cetaradell.cat\/ce\/wp-json\/wp\/v2\/media?parent=5679"}],"wp:term":[{"taxonomy":"category","embeddable":true,"href":"https:\/\/cetaradell.cat\/ce\/wp-json\/wp\/v2\/categories?post=5679"},{"taxonomy":"post_tag","embeddable":true,"href":"https:\/\/cetaradell.cat\/ce\/wp-json\/wp\/v2\/tags?post=5679"}],"curies":[{"name":"wp","href":"https:\/\/api.w.org\/{rel}","templated":true}]}}