{"id":5689,"date":"2017-07-19T11:22:22","date_gmt":"2017-07-19T10:22:22","guid":{"rendered":"https:\/\/cetaradell.cat\/ce\/?p=5689"},"modified":"2020-07-12T00:15:55","modified_gmt":"2020-07-11T23:15:55","slug":"albert-pujol-3r-al-trail-sierra-nevada-2017","status":"publish","type":"post","link":"https:\/\/cetaradell.cat\/ce\/albert-pujol-3r-al-trail-sierra-nevada-2017\/","title":{"rendered":"Albert Pujol, 3r al Trail Sierra Nevada 2017"},"content":{"rendered":"<div id=\"attachment_5691\" style=\"width: 310px\" class=\"wp-caption alignleft\"><a href=\"https:\/\/cetaradell.cat\/ce\/wp-content\/uploads\/2017-07-17-albert-pujol-ultra-sierra-nevada-2017.jpg\" target=\"_blank\" rel=\"attachment noopener wp-att-5691 noreferrer\"><img decoding=\"async\" aria-describedby=\"caption-attachment-5691\" class=\"wp-image-5691 size-medium\" src=\"https:\/\/cetaradell.cat\/ce\/wp-content\/uploads\/2017-07-17-albert-pujol-ultra-sierra-nevada-2017-300x217.jpg\" alt=\"2017-07-17-albert-pujol-ultra-sierra-nevada-2017\" width=\"300\" height=\"217\" srcset=\"https:\/\/cetaradell.cat\/ce\/wp-content\/uploads\/2017-07-17-albert-pujol-ultra-sierra-nevada-2017-300x217.jpg 300w, https:\/\/cetaradell.cat\/ce\/wp-content\/uploads\/2017-07-17-albert-pujol-ultra-sierra-nevada-2017-500x361.jpg 500w, https:\/\/cetaradell.cat\/ce\/wp-content\/uploads\/2017-07-17-albert-pujol-ultra-sierra-nevada-2017.jpg 700w\" sizes=\"(max-width: 300px) 100vw, 300px\" \/><\/a><p id=\"caption-attachment-5691\" class=\"wp-caption-text\">Albert Pujol a la l\u00ednia de meta (Foto: Ultra Sierra Nevada)<\/p><\/div>\n<p>L\u2019atleta del CET, <strong>Albert Pujol<\/strong>, que forma part de l\u2019equip SportHG-amlsport es va classificar en tercer lloc a la prova <strong>Trail de l\u2019Ultra Sierra Nevada 2017<\/strong>. La prova Trail,\u00a0amb un recorregut de 62,3 quil\u00f2metres i un desnivell positiu de 3.753 metres, es va disputar a la prov\u00edncia de Granada el dissabte dia 15 de juliol. La sortida va ser des de Beas a 1.072 m d&#8217;altitud i l\u2019arribada a Pradollano a 2.078 metres d\u2019altitud.<\/p>\n<p>Malgrat Albert Pujol va tenir opcions de ser el primer, ja que en l\u2019avituallament de G\u00fcejar Sierra al quil\u00f2metre 45, anava segon a un minut del vencedor,\u00a0 la vict\u00f2ria va ser per Juan P\u00e9rez Torreglosa amb un temps de 6 hores 34 minuts i 32 segons, i Albert Pujol entrar en tercer lloc amb un temps de 6 hores 51 minuts i 25 segons.<\/p>\n<p>Aquesta prova puntuava pel circuit <strong>Spain Ultra Cup M<\/strong> de manera que amb aquest tercer lloc es mant\u00e9 l\u00edder de la classificaci\u00f3.<\/p>\n<div id=\"attachment_5692\" style=\"width: 310px\" class=\"wp-caption aligncenter\"><a href=\"https:\/\/cetaradell.cat\/ce\/wp-content\/uploads\/2017-07-17-ultra-sierra-nevadafoto_spain_ultra_cup-2.jpg\" target=\"_blank\" rel=\"attachment noopener wp-att-5692 noreferrer\"><img decoding=\"async\" aria-describedby=\"caption-attachment-5692\" class=\"wp-image-5692 size-medium\" src=\"https:\/\/cetaradell.cat\/ce\/wp-content\/uploads\/2017-07-17-ultra-sierra-nevadafoto_spain_ultra_cup-2-300x228.jpg\" alt=\"2017-07-17-ultra-sierra-nevada(foto_spain_ultra_cup) (2)\" width=\"300\" height=\"228\" srcset=\"https:\/\/cetaradell.cat\/ce\/wp-content\/uploads\/2017-07-17-ultra-sierra-nevadafoto_spain_ultra_cup-2-300x228.jpg 300w, https:\/\/cetaradell.cat\/ce\/wp-content\/uploads\/2017-07-17-ultra-sierra-nevadafoto_spain_ultra_cup-2-500x380.jpg 500w, https:\/\/cetaradell.cat\/ce\/wp-content\/uploads\/2017-07-17-ultra-sierra-nevadafoto_spain_ultra_cup-2-700x532.jpg 700w, https:\/\/cetaradell.cat\/ce\/wp-content\/uploads\/2017-07-17-ultra-sierra-nevadafoto_spain_ultra_cup-2-768x584.jpg 768w, https:\/\/cetaradell.cat\/ce\/wp-content\/uploads\/2017-07-17-ultra-sierra-nevadafoto_spain_ultra_cup-2-1024x778.jpg 1024w, https:\/\/cetaradell.cat\/ce\/wp-content\/uploads\/2017-07-17-ultra-sierra-nevadafoto_spain_ultra_cup-2.jpg 1080w\" sizes=\"(max-width: 300px) 100vw, 300px\" \/><\/a><p id=\"caption-attachment-5692\" class=\"wp-caption-text\">L\u00edders de la Spain Ultra Cup.\u00a0 Circuit Ultra XL: Jos\u00e9 Esteban Mart\u00ednez (esquerra) i Gemma Arenas \/ Circuit Ultra M: Albert Pujol (centre) i M\u00f3nica Vives (dreta &#8211; foto: Spain Ultra Cup)<\/p><\/div>\n","protected":false},"excerpt":{"rendered":"<p>L\u2019atleta del CET, Albert Pujol, que forma part de l\u2019equip SportHG-amlsport es va classificar en tercer lloc a la prova Trail de l\u2019Ultra Sierra Nevada 2017. La prova Trail,\u00a0amb un recorregut de 62,3 quil\u00f2metres i un desnivell positiu de 3.753 metres, es va disputar a la prov\u00edncia de Granada el  [&#8230;]<\/p>\n","protected":false},"author":1,"featured_media":5691,"comment_status":"closed","ping_status":"closed","sticky":false,"template":"","format":"standard","meta":{"footnotes":""},"categories":[32,3],"tags":[],"class_list":["post-5689","post","type-post","status-publish","format-standard","has-post-thumbnail","hentry","category-equip-cet-lenclusa","category-noticies"],"yoast_head":"<!-- This site is optimized with the Yoast SEO plugin v27.5 - https:\/\/yoast.com\/product\/yoast-seo-wordpress\/ -->\n<title>Albert Pujol, 3r al Trail Sierra Nevada 2017 - Centre Excursionista Taradell<\/title>\n<meta name=\"robots\" content=\"index, follow, max-snippet:-1, max-image-preview:large, max-video-preview:-1\" \/>\n<link rel=\"canonical\" href=\"https:\/\/cetaradell.cat\/ce\/albert-pujol-3r-al-trail-sierra-nevada-2017\/\" \/>\n<meta property=\"og:locale\" content=\"ca_ES\" \/>\n<meta property=\"og:type\" content=\"article\" \/>\n<meta property=\"og:title\" content=\"Albert Pujol, 3r al Trail Sierra Nevada 2017 - Centre Excursionista Taradell\" \/>\n<meta property=\"og:description\" content=\"L\u2019atleta del CET, Albert Pujol, que forma part de l\u2019equip SportHG-amlsport es va classificar en tercer lloc a la prova Trail de l\u2019Ultra Sierra Nevada 2017. La prova Trail,\u00a0amb un recorregut de 62,3 quil\u00f2metres i un desnivell positiu de 3.753 metres, es va disputar a la prov\u00edncia de Granada el [...]\" \/>\n<meta property=\"og:url\" content=\"https:\/\/cetaradell.cat\/ce\/albert-pujol-3r-al-trail-sierra-nevada-2017\/\" \/>\n<meta property=\"og:site_name\" content=\"Centre Excursionista Taradell\" \/>\n<meta property=\"article:publisher\" content=\"https:\/\/www.facebook.com\/CETaradell\/\" \/>\n<meta property=\"article:published_time\" content=\"2017-07-19T10:22:22+00:00\" \/>\n<meta property=\"article:modified_time\" content=\"2020-07-11T23:15:55+00:00\" \/>\n<meta property=\"og:image\" content=\"https:\/\/cetaradell.cat\/ce\/wp-content\/uploads\/2017-07-17-albert-pujol-ultra-sierra-nevada-2017.jpg\" \/>\n\t<meta property=\"og:image:width\" content=\"700\" \/>\n\t<meta property=\"og:image:height\" content=\"506\" \/>\n\t<meta property=\"og:image:type\" content=\"image\/jpeg\" \/>\n<meta name=\"author\" content=\"CET\" \/>\n<meta name=\"twitter:card\" content=\"summary_large_image\" \/>\n<meta name=\"twitter:label1\" content=\"Escrit per\" \/>\n\t<meta name=\"twitter:data1\" content=\"CET\" \/>\n\t<meta name=\"twitter:label2\" content=\"Temps estimat de lectura\" \/>\n\t<meta name=\"twitter:data2\" content=\"1 minut\" \/>\n<script type=\"application\/ld+json\" class=\"yoast-schema-graph\">{\"@context\":\"https:\\\/\\\/schema.org\",\"@graph\":[{\"@type\":\"Article\",\"@id\":\"https:\\\/\\\/cetaradell.cat\\\/ce\\\/albert-pujol-3r-al-trail-sierra-nevada-2017\\\/#article\",\"isPartOf\":{\"@id\":\"https:\\\/\\\/cetaradell.cat\\\/ce\\\/albert-pujol-3r-al-trail-sierra-nevada-2017\\\/\"},\"author\":{\"name\":\"CET\",\"@id\":\"https:\\\/\\\/cetaradell.cat\\\/ce\\\/#\\\/schema\\\/person\\\/92a59f585073071c7be6649e84b22f78\"},\"headline\":\"Albert Pujol, 3r al Trail Sierra Nevada 2017\",\"datePublished\":\"2017-07-19T10:22:22+00:00\",\"dateModified\":\"2020-07-11T23:15:55+00:00\",\"mainEntityOfPage\":{\"@id\":\"https:\\\/\\\/cetaradell.cat\\\/ce\\\/albert-pujol-3r-al-trail-sierra-nevada-2017\\\/\"},\"wordCount\":229,\"image\":{\"@id\":\"https:\\\/\\\/cetaradell.cat\\\/ce\\\/albert-pujol-3r-al-trail-sierra-nevada-2017\\\/#primaryimage\"},\"thumbnailUrl\":\"https:\\\/\\\/cetaradell.cat\\\/ce\\\/wp-content\\\/uploads\\\/2017-07-17-albert-pujol-ultra-sierra-nevada-2017.jpg\",\"articleSection\":[\"Equip CET-L'Enclusa\",\"Not\u00edcies\"],\"inLanguage\":\"ca\"},{\"@type\":\"WebPage\",\"@id\":\"https:\\\/\\\/cetaradell.cat\\\/ce\\\/albert-pujol-3r-al-trail-sierra-nevada-2017\\\/\",\"url\":\"https:\\\/\\\/cetaradell.cat\\\/ce\\\/albert-pujol-3r-al-trail-sierra-nevada-2017\\\/\",\"name\":\"Albert Pujol, 3r al Trail Sierra Nevada 2017 - Centre Excursionista Taradell\",\"isPartOf\":{\"@id\":\"https:\\\/\\\/cetaradell.cat\\\/ce\\\/#website\"},\"primaryImageOfPage\":{\"@id\":\"https:\\\/\\\/cetaradell.cat\\\/ce\\\/albert-pujol-3r-al-trail-sierra-nevada-2017\\\/#primaryimage\"},\"image\":{\"@id\":\"https:\\\/\\\/cetaradell.cat\\\/ce\\\/albert-pujol-3r-al-trail-sierra-nevada-2017\\\/#primaryimage\"},\"thumbnailUrl\":\"https:\\\/\\\/cetaradell.cat\\\/ce\\\/wp-content\\\/uploads\\\/2017-07-17-albert-pujol-ultra-sierra-nevada-2017.jpg\",\"datePublished\":\"2017-07-19T10:22:22+00:00\",\"dateModified\":\"2020-07-11T23:15:55+00:00\",\"author\":{\"@id\":\"https:\\\/\\\/cetaradell.cat\\\/ce\\\/#\\\/schema\\\/person\\\/92a59f585073071c7be6649e84b22f78\"},\"breadcrumb\":{\"@id\":\"https:\\\/\\\/cetaradell.cat\\\/ce\\\/albert-pujol-3r-al-trail-sierra-nevada-2017\\\/#breadcrumb\"},\"inLanguage\":\"ca\",\"potentialAction\":[{\"@type\":\"ReadAction\",\"target\":[\"https:\\\/\\\/cetaradell.cat\\\/ce\\\/albert-pujol-3r-al-trail-sierra-nevada-2017\\\/\"]}]},{\"@type\":\"ImageObject\",\"inLanguage\":\"ca\",\"@id\":\"https:\\\/\\\/cetaradell.cat\\\/ce\\\/albert-pujol-3r-al-trail-sierra-nevada-2017\\\/#primaryimage\",\"url\":\"https:\\\/\\\/cetaradell.cat\\\/ce\\\/wp-content\\\/uploads\\\/2017-07-17-albert-pujol-ultra-sierra-nevada-2017.jpg\",\"contentUrl\":\"https:\\\/\\\/cetaradell.cat\\\/ce\\\/wp-content\\\/uploads\\\/2017-07-17-albert-pujol-ultra-sierra-nevada-2017.jpg\",\"width\":700,\"height\":506},{\"@type\":\"BreadcrumbList\",\"@id\":\"https:\\\/\\\/cetaradell.cat\\\/ce\\\/albert-pujol-3r-al-trail-sierra-nevada-2017\\\/#breadcrumb\",\"itemListElement\":[{\"@type\":\"ListItem\",\"position\":1,\"name\":\"Inici\",\"item\":\"https:\\\/\\\/cetaradell.cat\\\/ce\\\/\"},{\"@type\":\"ListItem\",\"position\":2,\"name\":\"Albert Pujol, 3r al Trail Sierra Nevada 2017\"}]},{\"@type\":\"WebSite\",\"@id\":\"https:\\\/\\\/cetaradell.cat\\\/ce\\\/#website\",\"url\":\"https:\\\/\\\/cetaradell.cat\\\/ce\\\/\",\"name\":\"Centre Excursionista Taradell\",\"description\":\"\",\"potentialAction\":[{\"@type\":\"SearchAction\",\"target\":{\"@type\":\"EntryPoint\",\"urlTemplate\":\"https:\\\/\\\/cetaradell.cat\\\/ce\\\/?s={search_term_string}\"},\"query-input\":{\"@type\":\"PropertyValueSpecification\",\"valueRequired\":true,\"valueName\":\"search_term_string\"}}],\"inLanguage\":\"ca\"},{\"@type\":\"Person\",\"@id\":\"https:\\\/\\\/cetaradell.cat\\\/ce\\\/#\\\/schema\\\/person\\\/92a59f585073071c7be6649e84b22f78\",\"name\":\"CET\",\"image\":{\"@type\":\"ImageObject\",\"inLanguage\":\"ca\",\"@id\":\"https:\\\/\\\/secure.gravatar.com\\\/avatar\\\/d6fbe010d42056feccc0f613ed07277a5118442805079269f12dabdc42e1a727?s=96&d=mm&r=g\",\"url\":\"https:\\\/\\\/secure.gravatar.com\\\/avatar\\\/d6fbe010d42056feccc0f613ed07277a5118442805079269f12dabdc42e1a727?s=96&d=mm&r=g\",\"contentUrl\":\"https:\\\/\\\/secure.gravatar.com\\\/avatar\\\/d6fbe010d42056feccc0f613ed07277a5118442805079269f12dabdc42e1a727?s=96&d=mm&r=g\",\"caption\":\"CET\"},\"url\":\"https:\\\/\\\/cetaradell.cat\\\/ce\\\/author\\\/root\\\/\"}]}<\/script>\n<!-- \/ Yoast SEO plugin. -->","yoast_head_json":{"title":"Albert Pujol, 3r al Trail Sierra Nevada 2017 - Centre Excursionista Taradell","robots":{"index":"index","follow":"follow","max-snippet":"max-snippet:-1","max-image-preview":"max-image-preview:large","max-video-preview":"max-video-preview:-1"},"canonical":"https:\/\/cetaradell.cat\/ce\/albert-pujol-3r-al-trail-sierra-nevada-2017\/","og_locale":"ca_ES","og_type":"article","og_title":"Albert Pujol, 3r al Trail Sierra Nevada 2017 - Centre Excursionista Taradell","og_description":"L\u2019atleta del CET, Albert Pujol, que forma part de l\u2019equip SportHG-amlsport es va classificar en tercer lloc a la prova Trail de l\u2019Ultra Sierra Nevada 2017. La prova Trail,\u00a0amb un recorregut de 62,3 quil\u00f2metres i un desnivell positiu de 3.753 metres, es va disputar a la prov\u00edncia de Granada el [...]","og_url":"https:\/\/cetaradell.cat\/ce\/albert-pujol-3r-al-trail-sierra-nevada-2017\/","og_site_name":"Centre Excursionista Taradell","article_publisher":"https:\/\/www.facebook.com\/CETaradell\/","article_published_time":"2017-07-19T10:22:22+00:00","article_modified_time":"2020-07-11T23:15:55+00:00","og_image":[{"width":700,"height":506,"url":"https:\/\/cetaradell.cat\/ce\/wp-content\/uploads\/2017-07-17-albert-pujol-ultra-sierra-nevada-2017.jpg","type":"image\/jpeg"}],"author":"CET","twitter_card":"summary_large_image","twitter_misc":{"Escrit per":"CET","Temps estimat de lectura":"1 minut"},"schema":{"@context":"https:\/\/schema.org","@graph":[{"@type":"Article","@id":"https:\/\/cetaradell.cat\/ce\/albert-pujol-3r-al-trail-sierra-nevada-2017\/#article","isPartOf":{"@id":"https:\/\/cetaradell.cat\/ce\/albert-pujol-3r-al-trail-sierra-nevada-2017\/"},"author":{"name":"CET","@id":"https:\/\/cetaradell.cat\/ce\/#\/schema\/person\/92a59f585073071c7be6649e84b22f78"},"headline":"Albert Pujol, 3r al Trail Sierra Nevada 2017","datePublished":"2017-07-19T10:22:22+00:00","dateModified":"2020-07-11T23:15:55+00:00","mainEntityOfPage":{"@id":"https:\/\/cetaradell.cat\/ce\/albert-pujol-3r-al-trail-sierra-nevada-2017\/"},"wordCount":229,"image":{"@id":"https:\/\/cetaradell.cat\/ce\/albert-pujol-3r-al-trail-sierra-nevada-2017\/#primaryimage"},"thumbnailUrl":"https:\/\/cetaradell.cat\/ce\/wp-content\/uploads\/2017-07-17-albert-pujol-ultra-sierra-nevada-2017.jpg","articleSection":["Equip CET-L'Enclusa","Not\u00edcies"],"inLanguage":"ca"},{"@type":"WebPage","@id":"https:\/\/cetaradell.cat\/ce\/albert-pujol-3r-al-trail-sierra-nevada-2017\/","url":"https:\/\/cetaradell.cat\/ce\/albert-pujol-3r-al-trail-sierra-nevada-2017\/","name":"Albert Pujol, 3r al Trail Sierra Nevada 2017 - Centre Excursionista Taradell","isPartOf":{"@id":"https:\/\/cetaradell.cat\/ce\/#website"},"primaryImageOfPage":{"@id":"https:\/\/cetaradell.cat\/ce\/albert-pujol-3r-al-trail-sierra-nevada-2017\/#primaryimage"},"image":{"@id":"https:\/\/cetaradell.cat\/ce\/albert-pujol-3r-al-trail-sierra-nevada-2017\/#primaryimage"},"thumbnailUrl":"https:\/\/cetaradell.cat\/ce\/wp-content\/uploads\/2017-07-17-albert-pujol-ultra-sierra-nevada-2017.jpg","datePublished":"2017-07-19T10:22:22+00:00","dateModified":"2020-07-11T23:15:55+00:00","author":{"@id":"https:\/\/cetaradell.cat\/ce\/#\/schema\/person\/92a59f585073071c7be6649e84b22f78"},"breadcrumb":{"@id":"https:\/\/cetaradell.cat\/ce\/albert-pujol-3r-al-trail-sierra-nevada-2017\/#breadcrumb"},"inLanguage":"ca","potentialAction":[{"@type":"ReadAction","target":["https:\/\/cetaradell.cat\/ce\/albert-pujol-3r-al-trail-sierra-nevada-2017\/"]}]},{"@type":"ImageObject","inLanguage":"ca","@id":"https:\/\/cetaradell.cat\/ce\/albert-pujol-3r-al-trail-sierra-nevada-2017\/#primaryimage","url":"https:\/\/cetaradell.cat\/ce\/wp-content\/uploads\/2017-07-17-albert-pujol-ultra-sierra-nevada-2017.jpg","contentUrl":"https:\/\/cetaradell.cat\/ce\/wp-content\/uploads\/2017-07-17-albert-pujol-ultra-sierra-nevada-2017.jpg","width":700,"height":506},{"@type":"BreadcrumbList","@id":"https:\/\/cetaradell.cat\/ce\/albert-pujol-3r-al-trail-sierra-nevada-2017\/#breadcrumb","itemListElement":[{"@type":"ListItem","position":1,"name":"Inici","item":"https:\/\/cetaradell.cat\/ce\/"},{"@type":"ListItem","position":2,"name":"Albert Pujol, 3r al Trail Sierra Nevada 2017"}]},{"@type":"WebSite","@id":"https:\/\/cetaradell.cat\/ce\/#website","url":"https:\/\/cetaradell.cat\/ce\/","name":"Centre Excursionista Taradell","description":"","potentialAction":[{"@type":"SearchAction","target":{"@type":"EntryPoint","urlTemplate":"https:\/\/cetaradell.cat\/ce\/?s={search_term_string}"},"query-input":{"@type":"PropertyValueSpecification","valueRequired":true,"valueName":"search_term_string"}}],"inLanguage":"ca"},{"@type":"Person","@id":"https:\/\/cetaradell.cat\/ce\/#\/schema\/person\/92a59f585073071c7be6649e84b22f78","name":"CET","image":{"@type":"ImageObject","inLanguage":"ca","@id":"https:\/\/secure.gravatar.com\/avatar\/d6fbe010d42056feccc0f613ed07277a5118442805079269f12dabdc42e1a727?s=96&d=mm&r=g","url":"https:\/\/secure.gravatar.com\/avatar\/d6fbe010d42056feccc0f613ed07277a5118442805079269f12dabdc42e1a727?s=96&d=mm&r=g","contentUrl":"https:\/\/secure.gravatar.com\/avatar\/d6fbe010d42056feccc0f613ed07277a5118442805079269f12dabdc42e1a727?s=96&d=mm&r=g","caption":"CET"},"url":"https:\/\/cetaradell.cat\/ce\/author\/root\/"}]}},"_links":{"self":[{"href":"https:\/\/cetaradell.cat\/ce\/wp-json\/wp\/v2\/posts\/5689","targetHints":{"allow":["GET"]}}],"collection":[{"href":"https:\/\/cetaradell.cat\/ce\/wp-json\/wp\/v2\/posts"}],"about":[{"href":"https:\/\/cetaradell.cat\/ce\/wp-json\/wp\/v2\/types\/post"}],"author":[{"embeddable":true,"href":"https:\/\/cetaradell.cat\/ce\/wp-json\/wp\/v2\/users\/1"}],"replies":[{"embeddable":true,"href":"https:\/\/cetaradell.cat\/ce\/wp-json\/wp\/v2\/comments?post=5689"}],"version-history":[{"count":0,"href":"https:\/\/cetaradell.cat\/ce\/wp-json\/wp\/v2\/posts\/5689\/revisions"}],"wp:featuredmedia":[{"embeddable":true,"href":"https:\/\/cetaradell.cat\/ce\/wp-json\/wp\/v2\/media\/5691"}],"wp:attachment":[{"href":"https:\/\/cetaradell.cat\/ce\/wp-json\/wp\/v2\/media?parent=5689"}],"wp:term":[{"taxonomy":"category","embeddable":true,"href":"https:\/\/cetaradell.cat\/ce\/wp-json\/wp\/v2\/categories?post=5689"},{"taxonomy":"post_tag","embeddable":true,"href":"https:\/\/cetaradell.cat\/ce\/wp-json\/wp\/v2\/tags?post=5689"}],"curies":[{"name":"wp","href":"https:\/\/api.w.org\/{rel}","templated":true}]}}