{"id":5704,"date":"2017-07-29T17:04:59","date_gmt":"2017-07-29T16:04:59","guid":{"rendered":"https:\/\/cetaradell.cat\/ce\/?p=5704"},"modified":"2020-06-30T21:15:51","modified_gmt":"2020-06-30T20:15:51","slug":"curses-del-juliol-del-cet-lenclusa","status":"publish","type":"post","link":"https:\/\/cetaradell.cat\/ce\/curses-del-juliol-del-cet-lenclusa\/","title":{"rendered":"Curses del juliol del CET-L\u2019Enclusa"},"content":{"rendered":"<ul>\n<li><strong>III Trail Fonts del Montseny<\/strong><\/li>\n<\/ul>\n<div id=\"attachment_5706\" style=\"width: 310px\" class=\"wp-caption alignleft\"><a href=\"https:\/\/cetaradell.cat\/ce\/wp-content\/uploads\/2017-07-01TrailFontsMontseny-0019foto_naciodigital.jpg\" target=\"_blank\" rel=\"attachment noopener wp-att-5706 noreferrer\"><img decoding=\"async\" aria-describedby=\"caption-attachment-5706\" class=\"wp-image-5706 size-medium\" src=\"https:\/\/cetaradell.cat\/ce\/wp-content\/uploads\/2017-07-01TrailFontsMontseny-0019foto_naciodigital-300x200.jpg\" alt=\"2017-07-01TrailFontsMontseny-0019(foto_naciodigital)\" width=\"300\" height=\"200\" srcset=\"https:\/\/cetaradell.cat\/ce\/wp-content\/uploads\/2017-07-01TrailFontsMontseny-0019foto_naciodigital-300x200.jpg 300w, https:\/\/cetaradell.cat\/ce\/wp-content\/uploads\/2017-07-01TrailFontsMontseny-0019foto_naciodigital-500x333.jpg 500w, https:\/\/cetaradell.cat\/ce\/wp-content\/uploads\/2017-07-01TrailFontsMontseny-0019foto_naciodigital-700x466.jpg 700w, https:\/\/cetaradell.cat\/ce\/wp-content\/uploads\/2017-07-01TrailFontsMontseny-0019foto_naciodigital-768x511.jpg 768w, https:\/\/cetaradell.cat\/ce\/wp-content\/uploads\/2017-07-01TrailFontsMontseny-0019foto_naciodigital-1024x682.jpg 1024w, https:\/\/cetaradell.cat\/ce\/wp-content\/uploads\/2017-07-01TrailFontsMontseny-0019foto_naciodigital.jpg 1200w\" sizes=\"(max-width: 300px) 100vw, 300px\" \/><\/a><p id=\"caption-attachment-5706\" class=\"wp-caption-text\">Jordi Aguilera durant la cursa (Foto: J.M. Montaner \u2013 Naci\u00f3Digital Muntanya)<\/p><\/div>\n<p>El dissabte dia 1 de juliol a Viladrau es va celebrar el <strong>III Trail Fonts del Montseny, <\/strong>una prova que aplega 3 curses; la curta de 20 quil\u00f2metres amb 874 metres de desnivell positiu, la llarga de 30 quil\u00f2metres amb 1926 metres de desnivell positiu, i el trailet de 2 quil\u00f2metres per als m\u00e9s petits.<\/p>\n<p>A la curta hi van participar els corredors del CET-L\u2019Enclusa <strong>David L\u00f3pez<\/strong> i <strong>Josep Sirisi<\/strong> que es van classificar en les posicions 132 i 225 de la general, d\u2019entre m\u00e9s de 500 participants, amb uns temps respectius de 2:24:46 i 2:38:59.<\/p>\n<p>Per altra banda, a la llarga hi van participar els corredor, tamb\u00e9 del CET-L\u2019Enclusa, <strong>Jordi Aguilera<\/strong> i <strong>Eduard Aguilera<\/strong> els quals es van classificar en les posicions 13 i 63 de la general, amb uns temps de 3:44:36 i 4:17:25, respectivament. Aquesta prova va comptar amb la participaci\u00f3 de 283 corredors i <strong>Jordi Aguilera<\/strong> va ser el 9\u00e8 dels s\u00e8niors masculins i <strong>Eduard Aguilera <\/strong>el 37\u00e8 tamb\u00e9 de la categoria dels s\u00e8niors masculins.<\/p>\n<table>\n<tbody>\n<tr>\n<td>\n<p><div id=\"attachment_5707\" style=\"width: 310px\" class=\"wp-caption aligncenter\"><a href=\"https:\/\/cetaradell.cat\/ce\/wp-content\/uploads\/2017-07-01TrailFontsMontseny-0064foto_naciodigital.jpg\" target=\"_blank\" rel=\"attachment noopener wp-att-5707 noreferrer\"><img decoding=\"async\" aria-describedby=\"caption-attachment-5707\" class=\"wp-image-5707 size-medium\" src=\"https:\/\/cetaradell.cat\/ce\/wp-content\/uploads\/2017-07-01TrailFontsMontseny-0064foto_naciodigital-300x200.jpg\" alt=\"2017-07-01TrailFontsMontseny-0064(foto_naciodigital)\" width=\"300\" height=\"200\" srcset=\"https:\/\/cetaradell.cat\/ce\/wp-content\/uploads\/2017-07-01TrailFontsMontseny-0064foto_naciodigital-300x200.jpg 300w, https:\/\/cetaradell.cat\/ce\/wp-content\/uploads\/2017-07-01TrailFontsMontseny-0064foto_naciodigital-500x333.jpg 500w, https:\/\/cetaradell.cat\/ce\/wp-content\/uploads\/2017-07-01TrailFontsMontseny-0064foto_naciodigital-700x466.jpg 700w, https:\/\/cetaradell.cat\/ce\/wp-content\/uploads\/2017-07-01TrailFontsMontseny-0064foto_naciodigital-768x511.jpg 768w, https:\/\/cetaradell.cat\/ce\/wp-content\/uploads\/2017-07-01TrailFontsMontseny-0064foto_naciodigital-1024x682.jpg 1024w, https:\/\/cetaradell.cat\/ce\/wp-content\/uploads\/2017-07-01TrailFontsMontseny-0064foto_naciodigital.jpg 1200w\" sizes=\"(max-width: 300px) 100vw, 300px\" \/><\/a><p id=\"caption-attachment-5707\" class=\"wp-caption-text\">Eduard Aguilera durant la cursa (Foto: J.M. Montaner \u2013 Naci\u00f3Digital Muntanya)<\/p><\/div><\/td>\n<td>\n<p><div id=\"attachment_5705\" style=\"width: 310px\" class=\"wp-caption aligncenter\"><a href=\"https:\/\/cetaradell.cat\/ce\/wp-content\/uploads\/2017-07-01TrailFontsMontsenyfoto_running.es_.jpg\" target=\"_blank\" rel=\"attachment noopener wp-att-5705 noreferrer\"><img decoding=\"async\" aria-describedby=\"caption-attachment-5705\" class=\"wp-image-5705 size-medium\" src=\"https:\/\/cetaradell.cat\/ce\/wp-content\/uploads\/2017-07-01TrailFontsMontsenyfoto_running.es_-300x200.jpg\" alt=\"2017-07-01TrailFontsMontseny(foto_running.es)\" width=\"300\" height=\"200\" srcset=\"https:\/\/cetaradell.cat\/ce\/wp-content\/uploads\/2017-07-01TrailFontsMontsenyfoto_running.es_-300x200.jpg 300w, https:\/\/cetaradell.cat\/ce\/wp-content\/uploads\/2017-07-01TrailFontsMontsenyfoto_running.es_-500x333.jpg 500w, https:\/\/cetaradell.cat\/ce\/wp-content\/uploads\/2017-07-01TrailFontsMontsenyfoto_running.es_-700x466.jpg 700w, https:\/\/cetaradell.cat\/ce\/wp-content\/uploads\/2017-07-01TrailFontsMontsenyfoto_running.es_-768x511.jpg 768w, https:\/\/cetaradell.cat\/ce\/wp-content\/uploads\/2017-07-01TrailFontsMontsenyfoto_running.es_-1024x682.jpg 1024w, https:\/\/cetaradell.cat\/ce\/wp-content\/uploads\/2017-07-01TrailFontsMontsenyfoto_running.es_.jpg 1920w\" sizes=\"(max-width: 300px) 100vw, 300px\" \/><\/a><p id=\"caption-attachment-5705\" class=\"wp-caption-text\">Josep Sirisi creuant la l\u00ednia d\u2019arribada (Foto: Running.es)<\/p><\/div><\/td>\n<\/tr>\n<\/tbody>\n<\/table>\n<div id=\"attachment_5758\" style=\"width: 310px\" class=\"wp-caption alignright\"><a href=\"https:\/\/cetaradell.cat\/ce\/wp-content\/uploads\/2017-09-09-Buff_Epic_TrailFB_Miquel_Codony.jpg\" target=\"_blank\" rel=\"attachment noopener wp-att-5758 noreferrer\"><img decoding=\"async\" aria-describedby=\"caption-attachment-5758\" class=\"wp-image-5758 size-medium\" src=\"https:\/\/cetaradell.cat\/ce\/wp-content\/uploads\/2017-09-09-Buff_Epic_TrailFB_Miquel_Codony-300x225.jpg\" alt=\"2017-09-09-Buff_Epic_Trail(FB_Miquel_Codony)\" width=\"300\" height=\"225\" srcset=\"https:\/\/cetaradell.cat\/ce\/wp-content\/uploads\/2017-09-09-Buff_Epic_TrailFB_Miquel_Codony-300x225.jpg 300w, https:\/\/cetaradell.cat\/ce\/wp-content\/uploads\/2017-09-09-Buff_Epic_TrailFB_Miquel_Codony-500x375.jpg 500w, https:\/\/cetaradell.cat\/ce\/wp-content\/uploads\/2017-09-09-Buff_Epic_TrailFB_Miquel_Codony-700x525.jpg 700w, https:\/\/cetaradell.cat\/ce\/wp-content\/uploads\/2017-09-09-Buff_Epic_TrailFB_Miquel_Codony-768x576.jpg 768w, https:\/\/cetaradell.cat\/ce\/wp-content\/uploads\/2017-09-09-Buff_Epic_TrailFB_Miquel_Codony.jpg 960w\" sizes=\"(max-width: 300px) 100vw, 300px\" \/><\/a><p id=\"caption-attachment-5758\" class=\"wp-caption-text\">Miquel Codony a la Buff\u00ae Epic Trail<\/p><\/div>\n<ul>\n<li><strong>Buff\u00ae Epic Trail <\/strong><\/li>\n<\/ul>\n<p>En aquesta prova es van organitzar tres curses de dist\u00e0ncia diferent, de 105 km, 42 km i 21 km, i es van disputar entre els dies 7 i el 9 de juliol. La prova de 21 quil\u00f2metres va tenir un desnivell positiu de 1.879 metres, i el punts m\u00e9s baix de la cursa va estar situat als 1.096 metres i el m\u00e9s als a 2.619 metres, al cim del Comaminyana.<\/p>\n<p>&nbsp;<\/p>\n<ul>\n<li><strong>Trail Sierra Nevada 2017<\/strong><\/li>\n<\/ul>\n<div id=\"attachment_5691\" style=\"width: 310px\" class=\"wp-caption alignleft\"><a href=\"https:\/\/cetaradell.cat\/ce\/wp-content\/uploads\/2017-07-17-albert-pujol-ultra-sierra-nevada-2017.jpg\" target=\"_blank\" rel=\"attachment noopener wp-att-5691 noreferrer\"><img decoding=\"async\" aria-describedby=\"caption-attachment-5691\" class=\"wp-image-5691 size-medium\" src=\"https:\/\/cetaradell.cat\/ce\/wp-content\/uploads\/2017-07-17-albert-pujol-ultra-sierra-nevada-2017-300x217.jpg\" alt=\"2017-07-17-albert-pujol-ultra-sierra-nevada-2017\" width=\"300\" height=\"217\" srcset=\"https:\/\/cetaradell.cat\/ce\/wp-content\/uploads\/2017-07-17-albert-pujol-ultra-sierra-nevada-2017-300x217.jpg 300w, https:\/\/cetaradell.cat\/ce\/wp-content\/uploads\/2017-07-17-albert-pujol-ultra-sierra-nevada-2017-500x361.jpg 500w, https:\/\/cetaradell.cat\/ce\/wp-content\/uploads\/2017-07-17-albert-pujol-ultra-sierra-nevada-2017.jpg 700w\" sizes=\"(max-width: 300px) 100vw, 300px\" \/><\/a><p id=\"caption-attachment-5691\" class=\"wp-caption-text\">Albert Pujol a la l\u00ednia de meta (Foto: Ultra Sierra Nevada)<\/p><\/div>\n<p>&nbsp;<\/p>\n<p>L\u2019atleta del CET, <strong>Albert Pujol<\/strong>, que forma part de l\u2019equip SportHG-amlsport es va classificar en tercer lloc a la prova <strong>Trail de l\u2019Ultra Sierra Nevada 2017<\/strong>. La prova Trail,\u00a0amb un recorregut de 62,3 quil\u00f2metres i un desnivell positiu de 3.753 metres, es va disputar a la prov\u00edncia de Granada el dissabte dia 15 de juliol. La sortida va ser des de Beas a 1.072 m d&#8217;altitud i l\u2019arribada a Pradollano a 2.078 metres d\u2019altitud.<\/p>\n<p>Malgrat Albert Pujol va tenir opcions de ser el primer, ja que en l\u2019avituallament de G\u00fcejar Sierra al quil\u00f2metre 45, anava segon a un minut del vencedor,\u00a0 la vict\u00f2ria va ser per Juan P\u00e9rez Torreglosa amb un temps de 6 hores 34 minuts i 32 segons, i Albert Pujol entrar en tercer lloc amb un temps de 6 hores 51 minuts i 25 segons.<\/p>\n<p>Aquesta prova puntuava pel circuit <strong>Spain Ultra Cup M<\/strong> de manera que amb aquest tercer lloc es mant\u00e9 l\u00edder de la classificaci\u00f3.<\/p>\n<p>&nbsp;<\/p>\n<ul>\n<li><strong>Marat\u00f3 de Las Tucas de Benasc<\/strong><\/li>\n<\/ul>\n<div id=\"attachment_5708\" style=\"width: 235px\" class=\"wp-caption alignright\"><a href=\"https:\/\/cetaradell.cat\/ce\/wp-content\/uploads\/2017-07-22-MaratoLasTucasfoto_Isabel_Puig.jpeg\" target=\"_blank\" rel=\"attachment noopener wp-att-5708 noreferrer\"><img decoding=\"async\" aria-describedby=\"caption-attachment-5708\" class=\"wp-image-5708 size-medium\" src=\"https:\/\/cetaradell.cat\/ce\/wp-content\/uploads\/2017-07-22-MaratoLasTucasfoto_Isabel_Puig-225x300.jpeg\" alt=\"2017-07-22-MaratoLasTucas(foto_Isabel_Puig)\" width=\"225\" height=\"300\" srcset=\"https:\/\/cetaradell.cat\/ce\/wp-content\/uploads\/2017-07-22-MaratoLasTucasfoto_Isabel_Puig-225x300.jpeg 225w, https:\/\/cetaradell.cat\/ce\/wp-content\/uploads\/2017-07-22-MaratoLasTucasfoto_Isabel_Puig-500x667.jpeg 500w, https:\/\/cetaradell.cat\/ce\/wp-content\/uploads\/2017-07-22-MaratoLasTucasfoto_Isabel_Puig-700x933.jpeg 700w, https:\/\/cetaradell.cat\/ce\/wp-content\/uploads\/2017-07-22-MaratoLasTucasfoto_Isabel_Puig.jpeg 720w\" sizes=\"(max-width: 225px) 100vw, 225px\" \/><\/a><p id=\"caption-attachment-5708\" class=\"wp-caption-text\">Joan Llopart despr\u00e9s de la Marat\u00f3 (Foto: Isabel Puig)<\/p><\/div>\n<p>El dissabte dia 22 de juliol a Benasc es va celebrar la <strong>Marat\u00f3 de Las Tucas<\/strong>, de 42 quil\u00f2metres de recorregut i 2.500 metres de desnivell positiu, amb 8,5 quil\u00f2metres del recorregut per sobre dels 2.000 metres. La cursa comen\u00e7a a Benasc i el recorregut ascendeix pel GR 11 fins al refugi d\u2019Est\u00f3s des del qual continua fins als espectaculars estanys de Batisielles, travessa la collada de la Plana (2.708 m) i arriba al refugi d\u2019\u00c1ngel Or\u00fas. A partir d\u2019aqu\u00ed es baixa per la vall d\u2019Eriste\/la Ball de Grist, passat per l\u2019espectacular salt d\u2019aigua de l\u2019Espigantosa, per retornar a Benasc passant per les poblacions d\u2019Eriste, Anciles i Cerler.<\/p>\n<p><strong>Joan Llopart<\/strong>, del CET, va participar en aquesta marat\u00f3 de manera que ja ensuma184. En aquesta prova es va classificar en 17\u00e8 lloc dels veterans masculins amb un temps de 8:40:58, i 452\u00e8 de la classificaci\u00f3 general d\u2019entre els 910 participants dels quals 871 es van classificar.<\/p>\n<p>&nbsp;<\/p>\n<ul>\n<li><strong>Esquella de Pardines<\/strong><\/li>\n<\/ul>\n<div id=\"attachment_5733\" style=\"width: 209px\" class=\"wp-caption alignright\"><a href=\"https:\/\/cetaradell.cat\/ce\/wp-content\/uploads\/2017-07-29-EsquelladePardinesfoto_JordiPerez.jpg\" target=\"_blank\" rel=\"attachment noopener wp-att-5733 noreferrer\"><img decoding=\"async\" aria-describedby=\"caption-attachment-5733\" class=\"wp-image-5733 size-medium\" src=\"https:\/\/cetaradell.cat\/ce\/wp-content\/uploads\/2017-07-29-EsquelladePardinesfoto_JordiPerez-199x300.jpg\" alt=\"2017-07-29-EsquelladePardines(foto_JordiPerez)\" width=\"199\" height=\"300\" srcset=\"https:\/\/cetaradell.cat\/ce\/wp-content\/uploads\/2017-07-29-EsquelladePardinesfoto_JordiPerez-199x300.jpg 199w, https:\/\/cetaradell.cat\/ce\/wp-content\/uploads\/2017-07-29-EsquelladePardinesfoto_JordiPerez-500x755.jpg 500w, https:\/\/cetaradell.cat\/ce\/wp-content\/uploads\/2017-07-29-EsquelladePardinesfoto_JordiPerez.jpg 636w\" sizes=\"(max-width: 199px) 100vw, 199px\" \/><\/a><p id=\"caption-attachment-5733\" class=\"wp-caption-text\">Jordi P\u00e9rez al mig juntament amb els seus companys Javi P\u00e9rez (esquerra) i Xavi Casals (dreta)<\/p><\/div>\n<p>El 29 de juliol a Pardines es va celebrar la 4a edici\u00f3 de l\u2019<strong>Esquella de Pardines<\/strong>. Una cursa de muntanya de 26,5 quil\u00f2metres de recorregut amb un desnivell positiu de 2.550 metres que sumats a la intensa calor van fer que la cursa fos dur\u00edssima. <strong>Jordi P\u00e9rez<\/strong>, del CET-L\u2019Enclusa hi va participar aconseguint el seu objectiu que era acabar-la. Va ser un dels 107 participants que van completar el recorregut d\u2019entre els 146 que van prendre la sortida i ho va fer amb un temps de 6 hores i 22 minuts.<\/p>\n<p><strong>\u00a0<\/strong><\/p>\n<ul>\n<li><strong>Skyrace Comapedrosa<\/strong><\/li>\n<\/ul>\n<p>El 30 de juliol es va celebrar a Arinsal (Andorra) la <strong>Skyrace Comapedrosa<\/strong>, una cursa de muntanya que puntua per les Skyrunner\u00ae World Series i les Skyrunner\u00ae National Series Spain-Andorra-Portugal.<\/p>\n<p>Aquesta prova va ser especialment dura pel fet de que amb un recorregut de nom\u00e9s 21 quil\u00f2metres va tenir un desnivell positiu de 2.300 metres. El tra\u00e7at del recorregut constava de dues llargues pujades en un terreny molt t\u00e8cnic d\u2019alta muntanya. La primera pujada va arribar fins als 2.600 metres d\u2019altitud i la segona fins al sostre d\u2019Andorra, el Comapedrosa de 2.972 metres. La sortida i arribada era a Arinsal, a 1.550 metres d\u2019altitud.<\/p>\n<div id=\"attachment_5734\" style=\"width: 310px\" class=\"wp-caption alignleft\"><a href=\"https:\/\/cetaradell.cat\/ce\/wp-content\/uploads\/2017-07-30SkyraceComapadrosa-0030.jpg\" target=\"_blank\" rel=\"attachment noopener wp-att-5734 noreferrer\"><img decoding=\"async\" aria-describedby=\"caption-attachment-5734\" class=\"wp-image-5734 size-medium\" src=\"https:\/\/cetaradell.cat\/ce\/wp-content\/uploads\/2017-07-30SkyraceComapadrosa-0030-300x200.jpg\" alt=\"2017-07-30SkyraceComapadrosa-0030\" width=\"300\" height=\"200\" srcset=\"https:\/\/cetaradell.cat\/ce\/wp-content\/uploads\/2017-07-30SkyraceComapadrosa-0030-300x200.jpg 300w, https:\/\/cetaradell.cat\/ce\/wp-content\/uploads\/2017-07-30SkyraceComapadrosa-0030-500x334.jpg 500w, https:\/\/cetaradell.cat\/ce\/wp-content\/uploads\/2017-07-30SkyraceComapadrosa-0030-700x467.jpg 700w, https:\/\/cetaradell.cat\/ce\/wp-content\/uploads\/2017-07-30SkyraceComapadrosa-0030-768x513.jpg 768w, https:\/\/cetaradell.cat\/ce\/wp-content\/uploads\/2017-07-30SkyraceComapadrosa-0030-1024x684.jpg 1024w, https:\/\/cetaradell.cat\/ce\/wp-content\/uploads\/2017-07-30SkyraceComapadrosa-0030.jpg 1200w\" sizes=\"(max-width: 300px) 100vw, 300px\" \/><\/a><p id=\"caption-attachment-5734\" class=\"wp-caption-text\">Albert Pujol a la Skyrace Comapedrosa (Foto: NacioMuntanya \u2013 Josep Maria Montaner)<\/p><\/div>\n<p>En aquesta carrera hi van participar 288 atletes entre els quals hi havia el soci del CET-L\u2019Enclusa <strong>Albert Pujol<\/strong> el qual va acabar en la posici\u00f3 24 de la general, i en la 23 dels s\u00e8niors masculins, amb un temps de3 hores 9 minuts i 53 segons.<\/p>\n<p><strong>\u00a0<\/strong><\/p>\n","protected":false},"excerpt":{"rendered":"<p>III Trail Fonts del Montseny El dissabte dia 1 de juliol a Viladrau es va celebrar el III Trail Fonts del Montseny, una prova que aplega 3 curses; la curta de 20 quil\u00f2metres amb 874 metres de desnivell positiu, la llarga de 30 quil\u00f2metres amb 1926 metres de desnivell positiu,  [&#8230;]<\/p>\n","protected":false},"author":1,"featured_media":5706,"comment_status":"closed","ping_status":"closed","sticky":false,"template":"","format":"standard","meta":{"footnotes":""},"categories":[32,3],"tags":[],"class_list":["post-5704","post","type-post","status-publish","format-standard","has-post-thumbnail","hentry","category-equip-cet-lenclusa","category-noticies"],"yoast_head":"<!-- This site is optimized with the Yoast SEO plugin v27.5 - https:\/\/yoast.com\/product\/yoast-seo-wordpress\/ -->\n<title>Curses del juliol del CET-L\u2019Enclusa - Centre Excursionista Taradell<\/title>\n<meta name=\"robots\" content=\"index, follow, max-snippet:-1, max-image-preview:large, max-video-preview:-1\" \/>\n<link rel=\"canonical\" href=\"https:\/\/cetaradell.cat\/ce\/curses-del-juliol-del-cet-lenclusa\/\" \/>\n<meta property=\"og:locale\" content=\"ca_ES\" \/>\n<meta property=\"og:type\" content=\"article\" \/>\n<meta property=\"og:title\" content=\"Curses del juliol del CET-L\u2019Enclusa - Centre Excursionista Taradell\" \/>\n<meta property=\"og:description\" content=\"III Trail Fonts del Montseny El dissabte dia 1 de juliol a Viladrau es va celebrar el III Trail Fonts del Montseny, una prova que aplega 3 curses; la curta de 20 quil\u00f2metres amb 874 metres de desnivell positiu, la llarga de 30 quil\u00f2metres amb 1926 metres de desnivell positiu, [...]\" \/>\n<meta property=\"og:url\" content=\"https:\/\/cetaradell.cat\/ce\/curses-del-juliol-del-cet-lenclusa\/\" \/>\n<meta property=\"og:site_name\" content=\"Centre Excursionista Taradell\" \/>\n<meta property=\"article:publisher\" content=\"https:\/\/www.facebook.com\/CETaradell\/\" \/>\n<meta property=\"article:published_time\" content=\"2017-07-29T16:04:59+00:00\" \/>\n<meta property=\"article:modified_time\" content=\"2020-06-30T20:15:51+00:00\" \/>\n<meta property=\"og:image\" content=\"https:\/\/cetaradell.cat\/ce\/wp-content\/uploads\/2017-07-01TrailFontsMontseny-0019foto_naciodigital.jpg\" \/>\n\t<meta property=\"og:image:width\" content=\"1200\" \/>\n\t<meta property=\"og:image:height\" content=\"799\" \/>\n\t<meta property=\"og:image:type\" content=\"image\/jpeg\" \/>\n<meta name=\"author\" content=\"CET\" \/>\n<meta name=\"twitter:card\" content=\"summary_large_image\" \/>\n<meta name=\"twitter:label1\" content=\"Escrit per\" \/>\n\t<meta name=\"twitter:data1\" content=\"CET\" \/>\n\t<meta name=\"twitter:label2\" content=\"Temps estimat de lectura\" \/>\n\t<meta name=\"twitter:data2\" content=\"5 minuts\" \/>\n<script type=\"application\/ld+json\" class=\"yoast-schema-graph\">{\"@context\":\"https:\\\/\\\/schema.org\",\"@graph\":[{\"@type\":\"Article\",\"@id\":\"https:\\\/\\\/cetaradell.cat\\\/ce\\\/curses-del-juliol-del-cet-lenclusa\\\/#article\",\"isPartOf\":{\"@id\":\"https:\\\/\\\/cetaradell.cat\\\/ce\\\/curses-del-juliol-del-cet-lenclusa\\\/\"},\"author\":{\"name\":\"CET\",\"@id\":\"https:\\\/\\\/cetaradell.cat\\\/ce\\\/#\\\/schema\\\/person\\\/92a59f585073071c7be6649e84b22f78\"},\"headline\":\"Curses del juliol del CET-L\u2019Enclusa\",\"datePublished\":\"2017-07-29T16:04:59+00:00\",\"dateModified\":\"2020-06-30T20:15:51+00:00\",\"mainEntityOfPage\":{\"@id\":\"https:\\\/\\\/cetaradell.cat\\\/ce\\\/curses-del-juliol-del-cet-lenclusa\\\/\"},\"wordCount\":967,\"image\":{\"@id\":\"https:\\\/\\\/cetaradell.cat\\\/ce\\\/curses-del-juliol-del-cet-lenclusa\\\/#primaryimage\"},\"thumbnailUrl\":\"https:\\\/\\\/cetaradell.cat\\\/ce\\\/wp-content\\\/uploads\\\/2017-07-01TrailFontsMontseny-0019foto_naciodigital.jpg\",\"articleSection\":[\"Equip CET-L'Enclusa\",\"Not\u00edcies\"],\"inLanguage\":\"ca\"},{\"@type\":\"WebPage\",\"@id\":\"https:\\\/\\\/cetaradell.cat\\\/ce\\\/curses-del-juliol-del-cet-lenclusa\\\/\",\"url\":\"https:\\\/\\\/cetaradell.cat\\\/ce\\\/curses-del-juliol-del-cet-lenclusa\\\/\",\"name\":\"Curses del juliol del CET-L\u2019Enclusa - Centre Excursionista Taradell\",\"isPartOf\":{\"@id\":\"https:\\\/\\\/cetaradell.cat\\\/ce\\\/#website\"},\"primaryImageOfPage\":{\"@id\":\"https:\\\/\\\/cetaradell.cat\\\/ce\\\/curses-del-juliol-del-cet-lenclusa\\\/#primaryimage\"},\"image\":{\"@id\":\"https:\\\/\\\/cetaradell.cat\\\/ce\\\/curses-del-juliol-del-cet-lenclusa\\\/#primaryimage\"},\"thumbnailUrl\":\"https:\\\/\\\/cetaradell.cat\\\/ce\\\/wp-content\\\/uploads\\\/2017-07-01TrailFontsMontseny-0019foto_naciodigital.jpg\",\"datePublished\":\"2017-07-29T16:04:59+00:00\",\"dateModified\":\"2020-06-30T20:15:51+00:00\",\"author\":{\"@id\":\"https:\\\/\\\/cetaradell.cat\\\/ce\\\/#\\\/schema\\\/person\\\/92a59f585073071c7be6649e84b22f78\"},\"breadcrumb\":{\"@id\":\"https:\\\/\\\/cetaradell.cat\\\/ce\\\/curses-del-juliol-del-cet-lenclusa\\\/#breadcrumb\"},\"inLanguage\":\"ca\",\"potentialAction\":[{\"@type\":\"ReadAction\",\"target\":[\"https:\\\/\\\/cetaradell.cat\\\/ce\\\/curses-del-juliol-del-cet-lenclusa\\\/\"]}]},{\"@type\":\"ImageObject\",\"inLanguage\":\"ca\",\"@id\":\"https:\\\/\\\/cetaradell.cat\\\/ce\\\/curses-del-juliol-del-cet-lenclusa\\\/#primaryimage\",\"url\":\"https:\\\/\\\/cetaradell.cat\\\/ce\\\/wp-content\\\/uploads\\\/2017-07-01TrailFontsMontseny-0019foto_naciodigital.jpg\",\"contentUrl\":\"https:\\\/\\\/cetaradell.cat\\\/ce\\\/wp-content\\\/uploads\\\/2017-07-01TrailFontsMontseny-0019foto_naciodigital.jpg\",\"width\":1200,\"height\":799},{\"@type\":\"BreadcrumbList\",\"@id\":\"https:\\\/\\\/cetaradell.cat\\\/ce\\\/curses-del-juliol-del-cet-lenclusa\\\/#breadcrumb\",\"itemListElement\":[{\"@type\":\"ListItem\",\"position\":1,\"name\":\"Inici\",\"item\":\"https:\\\/\\\/cetaradell.cat\\\/ce\\\/\"},{\"@type\":\"ListItem\",\"position\":2,\"name\":\"Curses del juliol del CET-L\u2019Enclusa\"}]},{\"@type\":\"WebSite\",\"@id\":\"https:\\\/\\\/cetaradell.cat\\\/ce\\\/#website\",\"url\":\"https:\\\/\\\/cetaradell.cat\\\/ce\\\/\",\"name\":\"Centre Excursionista Taradell\",\"description\":\"\",\"potentialAction\":[{\"@type\":\"SearchAction\",\"target\":{\"@type\":\"EntryPoint\",\"urlTemplate\":\"https:\\\/\\\/cetaradell.cat\\\/ce\\\/?s={search_term_string}\"},\"query-input\":{\"@type\":\"PropertyValueSpecification\",\"valueRequired\":true,\"valueName\":\"search_term_string\"}}],\"inLanguage\":\"ca\"},{\"@type\":\"Person\",\"@id\":\"https:\\\/\\\/cetaradell.cat\\\/ce\\\/#\\\/schema\\\/person\\\/92a59f585073071c7be6649e84b22f78\",\"name\":\"CET\",\"image\":{\"@type\":\"ImageObject\",\"inLanguage\":\"ca\",\"@id\":\"https:\\\/\\\/secure.gravatar.com\\\/avatar\\\/d6fbe010d42056feccc0f613ed07277a5118442805079269f12dabdc42e1a727?s=96&d=mm&r=g\",\"url\":\"https:\\\/\\\/secure.gravatar.com\\\/avatar\\\/d6fbe010d42056feccc0f613ed07277a5118442805079269f12dabdc42e1a727?s=96&d=mm&r=g\",\"contentUrl\":\"https:\\\/\\\/secure.gravatar.com\\\/avatar\\\/d6fbe010d42056feccc0f613ed07277a5118442805079269f12dabdc42e1a727?s=96&d=mm&r=g\",\"caption\":\"CET\"},\"url\":\"https:\\\/\\\/cetaradell.cat\\\/ce\\\/author\\\/root\\\/\"}]}<\/script>\n<!-- \/ Yoast SEO plugin. -->","yoast_head_json":{"title":"Curses del juliol del CET-L\u2019Enclusa - Centre Excursionista Taradell","robots":{"index":"index","follow":"follow","max-snippet":"max-snippet:-1","max-image-preview":"max-image-preview:large","max-video-preview":"max-video-preview:-1"},"canonical":"https:\/\/cetaradell.cat\/ce\/curses-del-juliol-del-cet-lenclusa\/","og_locale":"ca_ES","og_type":"article","og_title":"Curses del juliol del CET-L\u2019Enclusa - Centre Excursionista Taradell","og_description":"III Trail Fonts del Montseny El dissabte dia 1 de juliol a Viladrau es va celebrar el III Trail Fonts del Montseny, una prova que aplega 3 curses; la curta de 20 quil\u00f2metres amb 874 metres de desnivell positiu, la llarga de 30 quil\u00f2metres amb 1926 metres de desnivell positiu, [...]","og_url":"https:\/\/cetaradell.cat\/ce\/curses-del-juliol-del-cet-lenclusa\/","og_site_name":"Centre Excursionista Taradell","article_publisher":"https:\/\/www.facebook.com\/CETaradell\/","article_published_time":"2017-07-29T16:04:59+00:00","article_modified_time":"2020-06-30T20:15:51+00:00","og_image":[{"width":1200,"height":799,"url":"https:\/\/cetaradell.cat\/ce\/wp-content\/uploads\/2017-07-01TrailFontsMontseny-0019foto_naciodigital.jpg","type":"image\/jpeg"}],"author":"CET","twitter_card":"summary_large_image","twitter_misc":{"Escrit per":"CET","Temps estimat de lectura":"5 minuts"},"schema":{"@context":"https:\/\/schema.org","@graph":[{"@type":"Article","@id":"https:\/\/cetaradell.cat\/ce\/curses-del-juliol-del-cet-lenclusa\/#article","isPartOf":{"@id":"https:\/\/cetaradell.cat\/ce\/curses-del-juliol-del-cet-lenclusa\/"},"author":{"name":"CET","@id":"https:\/\/cetaradell.cat\/ce\/#\/schema\/person\/92a59f585073071c7be6649e84b22f78"},"headline":"Curses del juliol del CET-L\u2019Enclusa","datePublished":"2017-07-29T16:04:59+00:00","dateModified":"2020-06-30T20:15:51+00:00","mainEntityOfPage":{"@id":"https:\/\/cetaradell.cat\/ce\/curses-del-juliol-del-cet-lenclusa\/"},"wordCount":967,"image":{"@id":"https:\/\/cetaradell.cat\/ce\/curses-del-juliol-del-cet-lenclusa\/#primaryimage"},"thumbnailUrl":"https:\/\/cetaradell.cat\/ce\/wp-content\/uploads\/2017-07-01TrailFontsMontseny-0019foto_naciodigital.jpg","articleSection":["Equip CET-L'Enclusa","Not\u00edcies"],"inLanguage":"ca"},{"@type":"WebPage","@id":"https:\/\/cetaradell.cat\/ce\/curses-del-juliol-del-cet-lenclusa\/","url":"https:\/\/cetaradell.cat\/ce\/curses-del-juliol-del-cet-lenclusa\/","name":"Curses del juliol del CET-L\u2019Enclusa - Centre Excursionista Taradell","isPartOf":{"@id":"https:\/\/cetaradell.cat\/ce\/#website"},"primaryImageOfPage":{"@id":"https:\/\/cetaradell.cat\/ce\/curses-del-juliol-del-cet-lenclusa\/#primaryimage"},"image":{"@id":"https:\/\/cetaradell.cat\/ce\/curses-del-juliol-del-cet-lenclusa\/#primaryimage"},"thumbnailUrl":"https:\/\/cetaradell.cat\/ce\/wp-content\/uploads\/2017-07-01TrailFontsMontseny-0019foto_naciodigital.jpg","datePublished":"2017-07-29T16:04:59+00:00","dateModified":"2020-06-30T20:15:51+00:00","author":{"@id":"https:\/\/cetaradell.cat\/ce\/#\/schema\/person\/92a59f585073071c7be6649e84b22f78"},"breadcrumb":{"@id":"https:\/\/cetaradell.cat\/ce\/curses-del-juliol-del-cet-lenclusa\/#breadcrumb"},"inLanguage":"ca","potentialAction":[{"@type":"ReadAction","target":["https:\/\/cetaradell.cat\/ce\/curses-del-juliol-del-cet-lenclusa\/"]}]},{"@type":"ImageObject","inLanguage":"ca","@id":"https:\/\/cetaradell.cat\/ce\/curses-del-juliol-del-cet-lenclusa\/#primaryimage","url":"https:\/\/cetaradell.cat\/ce\/wp-content\/uploads\/2017-07-01TrailFontsMontseny-0019foto_naciodigital.jpg","contentUrl":"https:\/\/cetaradell.cat\/ce\/wp-content\/uploads\/2017-07-01TrailFontsMontseny-0019foto_naciodigital.jpg","width":1200,"height":799},{"@type":"BreadcrumbList","@id":"https:\/\/cetaradell.cat\/ce\/curses-del-juliol-del-cet-lenclusa\/#breadcrumb","itemListElement":[{"@type":"ListItem","position":1,"name":"Inici","item":"https:\/\/cetaradell.cat\/ce\/"},{"@type":"ListItem","position":2,"name":"Curses del juliol del CET-L\u2019Enclusa"}]},{"@type":"WebSite","@id":"https:\/\/cetaradell.cat\/ce\/#website","url":"https:\/\/cetaradell.cat\/ce\/","name":"Centre Excursionista Taradell","description":"","potentialAction":[{"@type":"SearchAction","target":{"@type":"EntryPoint","urlTemplate":"https:\/\/cetaradell.cat\/ce\/?s={search_term_string}"},"query-input":{"@type":"PropertyValueSpecification","valueRequired":true,"valueName":"search_term_string"}}],"inLanguage":"ca"},{"@type":"Person","@id":"https:\/\/cetaradell.cat\/ce\/#\/schema\/person\/92a59f585073071c7be6649e84b22f78","name":"CET","image":{"@type":"ImageObject","inLanguage":"ca","@id":"https:\/\/secure.gravatar.com\/avatar\/d6fbe010d42056feccc0f613ed07277a5118442805079269f12dabdc42e1a727?s=96&d=mm&r=g","url":"https:\/\/secure.gravatar.com\/avatar\/d6fbe010d42056feccc0f613ed07277a5118442805079269f12dabdc42e1a727?s=96&d=mm&r=g","contentUrl":"https:\/\/secure.gravatar.com\/avatar\/d6fbe010d42056feccc0f613ed07277a5118442805079269f12dabdc42e1a727?s=96&d=mm&r=g","caption":"CET"},"url":"https:\/\/cetaradell.cat\/ce\/author\/root\/"}]}},"_links":{"self":[{"href":"https:\/\/cetaradell.cat\/ce\/wp-json\/wp\/v2\/posts\/5704","targetHints":{"allow":["GET"]}}],"collection":[{"href":"https:\/\/cetaradell.cat\/ce\/wp-json\/wp\/v2\/posts"}],"about":[{"href":"https:\/\/cetaradell.cat\/ce\/wp-json\/wp\/v2\/types\/post"}],"author":[{"embeddable":true,"href":"https:\/\/cetaradell.cat\/ce\/wp-json\/wp\/v2\/users\/1"}],"replies":[{"embeddable":true,"href":"https:\/\/cetaradell.cat\/ce\/wp-json\/wp\/v2\/comments?post=5704"}],"version-history":[{"count":0,"href":"https:\/\/cetaradell.cat\/ce\/wp-json\/wp\/v2\/posts\/5704\/revisions"}],"wp:featuredmedia":[{"embeddable":true,"href":"https:\/\/cetaradell.cat\/ce\/wp-json\/wp\/v2\/media\/5706"}],"wp:attachment":[{"href":"https:\/\/cetaradell.cat\/ce\/wp-json\/wp\/v2\/media?parent=5704"}],"wp:term":[{"taxonomy":"category","embeddable":true,"href":"https:\/\/cetaradell.cat\/ce\/wp-json\/wp\/v2\/categories?post=5704"},{"taxonomy":"post_tag","embeddable":true,"href":"https:\/\/cetaradell.cat\/ce\/wp-json\/wp\/v2\/tags?post=5704"}],"curies":[{"name":"wp","href":"https:\/\/api.w.org\/{rel}","templated":true}]}}