{"id":5712,"date":"2017-07-29T17:09:12","date_gmt":"2017-07-29T16:09:12","guid":{"rendered":"https:\/\/cetaradell.cat\/ce\/?p=5712"},"modified":"2020-07-12T00:13:39","modified_gmt":"2020-07-11T23:13:39","slug":"xxxviii-caminada-de-la-festa-major-2017","status":"publish","type":"post","link":"https:\/\/cetaradell.cat\/ce\/xxxviii-caminada-de-la-festa-major-2017\/","title":{"rendered":"XXXVIII Caminada de la Festa Major &#8211; 2017"},"content":{"rendered":"<div id=\"attachment_4711\" style=\"width: 310px\" class=\"wp-caption alignleft\"><a href=\"https:\/\/cetaradell.cat\/ce\/wp-content\/uploads\/Festa-major-Taradell2108160002.jpg\" target=\"_blank\" rel=\"attachment noopener wp-att-4711 noreferrer\"><img decoding=\"async\" aria-describedby=\"caption-attachment-4711\" class=\"wp-image-4711 size-medium\" src=\"https:\/\/cetaradell.cat\/ce\/wp-content\/uploads\/Festa-major-Taradell2108160002-300x200.jpg\" alt=\"Festa major Taradell21,08,160002\" width=\"300\" height=\"200\" \/><\/a><p id=\"caption-attachment-4711\" class=\"wp-caption-text\">Sortida de la Caminada del 2016 (Foto: R. Curtichs)<\/p><\/div>\n<p><strong>Dia:<\/strong> diumenge, 27 d\u2019agost de 2017.<br \/>\n<strong>Hora de sortida:<\/strong> a 2\/4 de 9 del mat\u00ed, de la pla\u00e7a de les Eres.<br \/>\n<strong>Inscripcions:<\/strong> a partir de les 8 del mat\u00ed, al lloc de sortida.<br \/>\n<strong>Recorregut:<\/strong> 15 quil\u00f2metres aproximadament<br \/>\n<strong>Preu:<\/strong> 4 euros<br \/>\n<strong>Nota:<\/strong> en el recorregut hi haur\u00e0 un punt d\u2019avituallament en el qual es donar\u00e0 un petit esmorzar als participants. A l\u2019arribada hi haur\u00e0 un petit pica-pica i es donar\u00e0 un record als participants.<\/p>\n","protected":false},"excerpt":{"rendered":"<p>Dia: diumenge, 27 d\u2019agost de 2017. Hora de sortida: a 2\/4 de 9 del mat\u00ed, de la pla\u00e7a de les Eres. Inscripcions: a partir de les 8 del mat\u00ed, al lloc de sortida. Recorregut: 15 quil\u00f2metres aproximadament Preu: 4 euros Nota: en el recorregut hi haur\u00e0 un punt d\u2019avituallament en  [&#8230;]<\/p>\n","protected":false},"author":1,"featured_media":7757,"comment_status":"closed","ping_status":"closed","sticky":false,"template":"","format":"standard","meta":{"footnotes":""},"categories":[4,20],"tags":[],"class_list":["post-5712","post","type-post","status-publish","format-standard","has-post-thumbnail","hentry","category-activitats","category-activitats-social"],"yoast_head":"<!-- This site is optimized with the Yoast SEO plugin v27.5 - https:\/\/yoast.com\/product\/yoast-seo-wordpress\/ -->\n<title>XXXVIII Caminada de la Festa Major - 2017 - Centre Excursionista Taradell<\/title>\n<meta name=\"robots\" content=\"index, follow, max-snippet:-1, max-image-preview:large, max-video-preview:-1\" \/>\n<link rel=\"canonical\" href=\"https:\/\/cetaradell.cat\/ce\/xxxviii-caminada-de-la-festa-major-2017\/\" \/>\n<meta property=\"og:locale\" content=\"ca_ES\" \/>\n<meta property=\"og:type\" content=\"article\" \/>\n<meta property=\"og:title\" content=\"XXXVIII Caminada de la Festa Major - 2017 - Centre Excursionista Taradell\" \/>\n<meta property=\"og:description\" content=\"Dia: diumenge, 27 d\u2019agost de 2017. Hora de sortida: a 2\/4 de 9 del mat\u00ed, de la pla\u00e7a de les Eres. Inscripcions: a partir de les 8 del mat\u00ed, al lloc de sortida. Recorregut: 15 quil\u00f2metres aproximadament Preu: 4 euros Nota: en el recorregut hi haur\u00e0 un punt d\u2019avituallament en [...]\" \/>\n<meta property=\"og:url\" content=\"https:\/\/cetaradell.cat\/ce\/xxxviii-caminada-de-la-festa-major-2017\/\" \/>\n<meta property=\"og:site_name\" content=\"Centre Excursionista Taradell\" \/>\n<meta property=\"article:publisher\" content=\"https:\/\/www.facebook.com\/CETaradell\/\" \/>\n<meta property=\"article:published_time\" content=\"2017-07-29T16:09:12+00:00\" \/>\n<meta property=\"article:modified_time\" content=\"2020-07-11T23:13:39+00:00\" \/>\n<meta property=\"og:image\" content=\"https:\/\/cetaradell.cat\/ce\/wp-content\/uploads\/Festa-major-Taradell2108160002.jpg\" \/>\n\t<meta property=\"og:image:width\" content=\"1200\" \/>\n\t<meta property=\"og:image:height\" content=\"800\" \/>\n\t<meta property=\"og:image:type\" content=\"image\/jpeg\" \/>\n<meta name=\"author\" content=\"CET\" \/>\n<meta name=\"twitter:card\" content=\"summary_large_image\" \/>\n<meta name=\"twitter:label1\" content=\"Escrit per\" \/>\n\t<meta name=\"twitter:data1\" content=\"CET\" \/>\n<script type=\"application\/ld+json\" class=\"yoast-schema-graph\">{\"@context\":\"https:\\\/\\\/schema.org\",\"@graph\":[{\"@type\":\"Article\",\"@id\":\"https:\\\/\\\/cetaradell.cat\\\/ce\\\/xxxviii-caminada-de-la-festa-major-2017\\\/#article\",\"isPartOf\":{\"@id\":\"https:\\\/\\\/cetaradell.cat\\\/ce\\\/xxxviii-caminada-de-la-festa-major-2017\\\/\"},\"author\":{\"name\":\"CET\",\"@id\":\"https:\\\/\\\/cetaradell.cat\\\/ce\\\/#\\\/schema\\\/person\\\/92a59f585073071c7be6649e84b22f78\"},\"headline\":\"XXXVIII Caminada de la Festa Major &#8211; 2017\",\"datePublished\":\"2017-07-29T16:09:12+00:00\",\"dateModified\":\"2020-07-11T23:13:39+00:00\",\"mainEntityOfPage\":{\"@id\":\"https:\\\/\\\/cetaradell.cat\\\/ce\\\/xxxviii-caminada-de-la-festa-major-2017\\\/\"},\"wordCount\":93,\"image\":{\"@id\":\"https:\\\/\\\/cetaradell.cat\\\/ce\\\/xxxviii-caminada-de-la-festa-major-2017\\\/#primaryimage\"},\"thumbnailUrl\":\"https:\\\/\\\/cetaradell.cat\\\/ce\\\/wp-content\\\/uploads\\\/Festa-major-Taradell2108160002.jpg\",\"articleSection\":[\"Activitats\",\"Activitats socials\"],\"inLanguage\":\"ca\"},{\"@type\":\"WebPage\",\"@id\":\"https:\\\/\\\/cetaradell.cat\\\/ce\\\/xxxviii-caminada-de-la-festa-major-2017\\\/\",\"url\":\"https:\\\/\\\/cetaradell.cat\\\/ce\\\/xxxviii-caminada-de-la-festa-major-2017\\\/\",\"name\":\"XXXVIII Caminada de la Festa Major - 2017 - Centre Excursionista Taradell\",\"isPartOf\":{\"@id\":\"https:\\\/\\\/cetaradell.cat\\\/ce\\\/#website\"},\"primaryImageOfPage\":{\"@id\":\"https:\\\/\\\/cetaradell.cat\\\/ce\\\/xxxviii-caminada-de-la-festa-major-2017\\\/#primaryimage\"},\"image\":{\"@id\":\"https:\\\/\\\/cetaradell.cat\\\/ce\\\/xxxviii-caminada-de-la-festa-major-2017\\\/#primaryimage\"},\"thumbnailUrl\":\"https:\\\/\\\/cetaradell.cat\\\/ce\\\/wp-content\\\/uploads\\\/Festa-major-Taradell2108160002.jpg\",\"datePublished\":\"2017-07-29T16:09:12+00:00\",\"dateModified\":\"2020-07-11T23:13:39+00:00\",\"author\":{\"@id\":\"https:\\\/\\\/cetaradell.cat\\\/ce\\\/#\\\/schema\\\/person\\\/92a59f585073071c7be6649e84b22f78\"},\"breadcrumb\":{\"@id\":\"https:\\\/\\\/cetaradell.cat\\\/ce\\\/xxxviii-caminada-de-la-festa-major-2017\\\/#breadcrumb\"},\"inLanguage\":\"ca\",\"potentialAction\":[{\"@type\":\"ReadAction\",\"target\":[\"https:\\\/\\\/cetaradell.cat\\\/ce\\\/xxxviii-caminada-de-la-festa-major-2017\\\/\"]}]},{\"@type\":\"ImageObject\",\"inLanguage\":\"ca\",\"@id\":\"https:\\\/\\\/cetaradell.cat\\\/ce\\\/xxxviii-caminada-de-la-festa-major-2017\\\/#primaryimage\",\"url\":\"https:\\\/\\\/cetaradell.cat\\\/ce\\\/wp-content\\\/uploads\\\/Festa-major-Taradell2108160002.jpg\",\"contentUrl\":\"https:\\\/\\\/cetaradell.cat\\\/ce\\\/wp-content\\\/uploads\\\/Festa-major-Taradell2108160002.jpg\",\"width\":1200,\"height\":800},{\"@type\":\"BreadcrumbList\",\"@id\":\"https:\\\/\\\/cetaradell.cat\\\/ce\\\/xxxviii-caminada-de-la-festa-major-2017\\\/#breadcrumb\",\"itemListElement\":[{\"@type\":\"ListItem\",\"position\":1,\"name\":\"Inici\",\"item\":\"https:\\\/\\\/cetaradell.cat\\\/ce\\\/\"},{\"@type\":\"ListItem\",\"position\":2,\"name\":\"XXXVIII Caminada de la Festa Major &#8211; 2017\"}]},{\"@type\":\"WebSite\",\"@id\":\"https:\\\/\\\/cetaradell.cat\\\/ce\\\/#website\",\"url\":\"https:\\\/\\\/cetaradell.cat\\\/ce\\\/\",\"name\":\"Centre Excursionista Taradell\",\"description\":\"\",\"potentialAction\":[{\"@type\":\"SearchAction\",\"target\":{\"@type\":\"EntryPoint\",\"urlTemplate\":\"https:\\\/\\\/cetaradell.cat\\\/ce\\\/?s={search_term_string}\"},\"query-input\":{\"@type\":\"PropertyValueSpecification\",\"valueRequired\":true,\"valueName\":\"search_term_string\"}}],\"inLanguage\":\"ca\"},{\"@type\":\"Person\",\"@id\":\"https:\\\/\\\/cetaradell.cat\\\/ce\\\/#\\\/schema\\\/person\\\/92a59f585073071c7be6649e84b22f78\",\"name\":\"CET\",\"image\":{\"@type\":\"ImageObject\",\"inLanguage\":\"ca\",\"@id\":\"https:\\\/\\\/secure.gravatar.com\\\/avatar\\\/d6fbe010d42056feccc0f613ed07277a5118442805079269f12dabdc42e1a727?s=96&d=mm&r=g\",\"url\":\"https:\\\/\\\/secure.gravatar.com\\\/avatar\\\/d6fbe010d42056feccc0f613ed07277a5118442805079269f12dabdc42e1a727?s=96&d=mm&r=g\",\"contentUrl\":\"https:\\\/\\\/secure.gravatar.com\\\/avatar\\\/d6fbe010d42056feccc0f613ed07277a5118442805079269f12dabdc42e1a727?s=96&d=mm&r=g\",\"caption\":\"CET\"},\"url\":\"https:\\\/\\\/cetaradell.cat\\\/ce\\\/author\\\/root\\\/\"}]}<\/script>\n<!-- \/ Yoast SEO plugin. -->","yoast_head_json":{"title":"XXXVIII Caminada de la Festa Major - 2017 - Centre Excursionista Taradell","robots":{"index":"index","follow":"follow","max-snippet":"max-snippet:-1","max-image-preview":"max-image-preview:large","max-video-preview":"max-video-preview:-1"},"canonical":"https:\/\/cetaradell.cat\/ce\/xxxviii-caminada-de-la-festa-major-2017\/","og_locale":"ca_ES","og_type":"article","og_title":"XXXVIII Caminada de la Festa Major - 2017 - Centre Excursionista Taradell","og_description":"Dia: diumenge, 27 d\u2019agost de 2017. Hora de sortida: a 2\/4 de 9 del mat\u00ed, de la pla\u00e7a de les Eres. Inscripcions: a partir de les 8 del mat\u00ed, al lloc de sortida. Recorregut: 15 quil\u00f2metres aproximadament Preu: 4 euros Nota: en el recorregut hi haur\u00e0 un punt d\u2019avituallament en [...]","og_url":"https:\/\/cetaradell.cat\/ce\/xxxviii-caminada-de-la-festa-major-2017\/","og_site_name":"Centre Excursionista Taradell","article_publisher":"https:\/\/www.facebook.com\/CETaradell\/","article_published_time":"2017-07-29T16:09:12+00:00","article_modified_time":"2020-07-11T23:13:39+00:00","og_image":[{"width":1200,"height":800,"url":"https:\/\/cetaradell.cat\/ce\/wp-content\/uploads\/Festa-major-Taradell2108160002.jpg","type":"image\/jpeg"}],"author":"CET","twitter_card":"summary_large_image","twitter_misc":{"Escrit per":"CET"},"schema":{"@context":"https:\/\/schema.org","@graph":[{"@type":"Article","@id":"https:\/\/cetaradell.cat\/ce\/xxxviii-caminada-de-la-festa-major-2017\/#article","isPartOf":{"@id":"https:\/\/cetaradell.cat\/ce\/xxxviii-caminada-de-la-festa-major-2017\/"},"author":{"name":"CET","@id":"https:\/\/cetaradell.cat\/ce\/#\/schema\/person\/92a59f585073071c7be6649e84b22f78"},"headline":"XXXVIII Caminada de la Festa Major &#8211; 2017","datePublished":"2017-07-29T16:09:12+00:00","dateModified":"2020-07-11T23:13:39+00:00","mainEntityOfPage":{"@id":"https:\/\/cetaradell.cat\/ce\/xxxviii-caminada-de-la-festa-major-2017\/"},"wordCount":93,"image":{"@id":"https:\/\/cetaradell.cat\/ce\/xxxviii-caminada-de-la-festa-major-2017\/#primaryimage"},"thumbnailUrl":"https:\/\/cetaradell.cat\/ce\/wp-content\/uploads\/Festa-major-Taradell2108160002.jpg","articleSection":["Activitats","Activitats socials"],"inLanguage":"ca"},{"@type":"WebPage","@id":"https:\/\/cetaradell.cat\/ce\/xxxviii-caminada-de-la-festa-major-2017\/","url":"https:\/\/cetaradell.cat\/ce\/xxxviii-caminada-de-la-festa-major-2017\/","name":"XXXVIII Caminada de la Festa Major - 2017 - Centre Excursionista Taradell","isPartOf":{"@id":"https:\/\/cetaradell.cat\/ce\/#website"},"primaryImageOfPage":{"@id":"https:\/\/cetaradell.cat\/ce\/xxxviii-caminada-de-la-festa-major-2017\/#primaryimage"},"image":{"@id":"https:\/\/cetaradell.cat\/ce\/xxxviii-caminada-de-la-festa-major-2017\/#primaryimage"},"thumbnailUrl":"https:\/\/cetaradell.cat\/ce\/wp-content\/uploads\/Festa-major-Taradell2108160002.jpg","datePublished":"2017-07-29T16:09:12+00:00","dateModified":"2020-07-11T23:13:39+00:00","author":{"@id":"https:\/\/cetaradell.cat\/ce\/#\/schema\/person\/92a59f585073071c7be6649e84b22f78"},"breadcrumb":{"@id":"https:\/\/cetaradell.cat\/ce\/xxxviii-caminada-de-la-festa-major-2017\/#breadcrumb"},"inLanguage":"ca","potentialAction":[{"@type":"ReadAction","target":["https:\/\/cetaradell.cat\/ce\/xxxviii-caminada-de-la-festa-major-2017\/"]}]},{"@type":"ImageObject","inLanguage":"ca","@id":"https:\/\/cetaradell.cat\/ce\/xxxviii-caminada-de-la-festa-major-2017\/#primaryimage","url":"https:\/\/cetaradell.cat\/ce\/wp-content\/uploads\/Festa-major-Taradell2108160002.jpg","contentUrl":"https:\/\/cetaradell.cat\/ce\/wp-content\/uploads\/Festa-major-Taradell2108160002.jpg","width":1200,"height":800},{"@type":"BreadcrumbList","@id":"https:\/\/cetaradell.cat\/ce\/xxxviii-caminada-de-la-festa-major-2017\/#breadcrumb","itemListElement":[{"@type":"ListItem","position":1,"name":"Inici","item":"https:\/\/cetaradell.cat\/ce\/"},{"@type":"ListItem","position":2,"name":"XXXVIII Caminada de la Festa Major &#8211; 2017"}]},{"@type":"WebSite","@id":"https:\/\/cetaradell.cat\/ce\/#website","url":"https:\/\/cetaradell.cat\/ce\/","name":"Centre Excursionista Taradell","description":"","potentialAction":[{"@type":"SearchAction","target":{"@type":"EntryPoint","urlTemplate":"https:\/\/cetaradell.cat\/ce\/?s={search_term_string}"},"query-input":{"@type":"PropertyValueSpecification","valueRequired":true,"valueName":"search_term_string"}}],"inLanguage":"ca"},{"@type":"Person","@id":"https:\/\/cetaradell.cat\/ce\/#\/schema\/person\/92a59f585073071c7be6649e84b22f78","name":"CET","image":{"@type":"ImageObject","inLanguage":"ca","@id":"https:\/\/secure.gravatar.com\/avatar\/d6fbe010d42056feccc0f613ed07277a5118442805079269f12dabdc42e1a727?s=96&d=mm&r=g","url":"https:\/\/secure.gravatar.com\/avatar\/d6fbe010d42056feccc0f613ed07277a5118442805079269f12dabdc42e1a727?s=96&d=mm&r=g","contentUrl":"https:\/\/secure.gravatar.com\/avatar\/d6fbe010d42056feccc0f613ed07277a5118442805079269f12dabdc42e1a727?s=96&d=mm&r=g","caption":"CET"},"url":"https:\/\/cetaradell.cat\/ce\/author\/root\/"}]}},"_links":{"self":[{"href":"https:\/\/cetaradell.cat\/ce\/wp-json\/wp\/v2\/posts\/5712","targetHints":{"allow":["GET"]}}],"collection":[{"href":"https:\/\/cetaradell.cat\/ce\/wp-json\/wp\/v2\/posts"}],"about":[{"href":"https:\/\/cetaradell.cat\/ce\/wp-json\/wp\/v2\/types\/post"}],"author":[{"embeddable":true,"href":"https:\/\/cetaradell.cat\/ce\/wp-json\/wp\/v2\/users\/1"}],"replies":[{"embeddable":true,"href":"https:\/\/cetaradell.cat\/ce\/wp-json\/wp\/v2\/comments?post=5712"}],"version-history":[{"count":0,"href":"https:\/\/cetaradell.cat\/ce\/wp-json\/wp\/v2\/posts\/5712\/revisions"}],"wp:featuredmedia":[{"embeddable":true,"href":"https:\/\/cetaradell.cat\/ce\/wp-json\/wp\/v2\/media\/7757"}],"wp:attachment":[{"href":"https:\/\/cetaradell.cat\/ce\/wp-json\/wp\/v2\/media?parent=5712"}],"wp:term":[{"taxonomy":"category","embeddable":true,"href":"https:\/\/cetaradell.cat\/ce\/wp-json\/wp\/v2\/categories?post=5712"},{"taxonomy":"post_tag","embeddable":true,"href":"https:\/\/cetaradell.cat\/ce\/wp-json\/wp\/v2\/tags?post=5712"}],"curies":[{"name":"wp","href":"https:\/\/api.w.org\/{rel}","templated":true}]}}