{"id":5739,"date":"2017-09-09T18:10:42","date_gmt":"2017-09-09T17:10:42","guid":{"rendered":"https:\/\/cetaradell.cat\/ce\/?p=5739"},"modified":"2020-06-06T11:01:35","modified_gmt":"2020-06-06T10:01:35","slug":"el-cet-a-la-trobada-senderista-transfronterera","status":"publish","type":"post","link":"https:\/\/cetaradell.cat\/ce\/el-cet-a-la-trobada-senderista-transfronterera\/","title":{"rendered":"El CET a la Trobada Senderista Transfronterera"},"content":{"rendered":"<div id=\"attachment_5740\" style=\"width: 310px\" class=\"wp-caption alignleft\"><a href=\"https:\/\/cetaradell.cat\/ce\/wp-content\/uploads\/Beget-Coll-de-Malrem_21.jpg\" target=\"_blank\" rel=\"attachment noopener wp-att-5740 noreferrer\"><img decoding=\"async\" aria-describedby=\"caption-attachment-5740\" class=\"wp-image-5740 size-medium\" src=\"https:\/\/cetaradell.cat\/ce\/wp-content\/uploads\/Beget-Coll-de-Malrem_21-300x199.jpg\" alt=\"Beget-Coll de Malrem_21\" width=\"300\" height=\"199\" srcset=\"https:\/\/cetaradell.cat\/ce\/wp-content\/uploads\/Beget-Coll-de-Malrem_21-300x199.jpg 300w, https:\/\/cetaradell.cat\/ce\/wp-content\/uploads\/Beget-Coll-de-Malrem_21-500x332.jpg 500w, https:\/\/cetaradell.cat\/ce\/wp-content\/uploads\/Beget-Coll-de-Malrem_21-700x465.jpg 700w, https:\/\/cetaradell.cat\/ce\/wp-content\/uploads\/Beget-Coll-de-Malrem_21-768x510.jpg 768w, https:\/\/cetaradell.cat\/ce\/wp-content\/uploads\/Beget-Coll-de-Malrem_21.jpg 1000w\" sizes=\"(max-width: 300px) 100vw, 300px\" \/><\/a><p id=\"caption-attachment-5740\" class=\"wp-caption-text\">Participants a la trobada de senderistes (Foto: R. Curtichs)<\/p><\/div>\n<p>El 3 de setembre de 2017 al\u00a0coll de Malrem\u00a0(1.131 m), situat a la carena fronterera entre el Ripoll\u00e8s i el Vallespir, es va dur a terme la Trobada Senderista Transfronterera dels Pirineus. Seixanta-dos\u00a0cuidadors de senders van participar en aquesta trobada que enguany va arribar a la quarta edici\u00f3 i que va estar organitzada\u00a0per la Federaci\u00f3 d\u2019Entitats Excursionistes de Catalunya (FEEC) i el Comit\u00e8 Departamental dels Pirineus Orientals de la\u00a0<a href=\"https:\/\/www.ffrandonnee.fr\/\">Federaci\u00f3 Francesa de Senderisme<\/a>\u00a0(FFRP), amb el suport del\u00a0<a href=\"http:\/\/www.clubexcursionistaripoll.com\/\">Club Excursionista Ripoll<\/a>.<\/p>\n<p>Aquesta edici\u00f3 va comptar amb una amplia participaci\u00f3 de cuidadors de senders d\u2019arreu de Catalunya, entre els quals hi havia tres representants del Centre Excursionista Taradell; Carme Delgado, Josep Codina i Ramon Curtichs.<\/p>\n<p>Els participants es van trobar a Beget i van caminar fins al coll de Malrem, resseguint el tra\u00e7at de l\u2019itinerari transfronterer\u00a0GR\u00aeT 83, un dels molts itineraris que uneix el\u00a0GR\u00ae 11\u00a0amb el GR\u00ae 10 franc\u00e8s i continuaci\u00f3 del\u00a0GR\u00ae 83\u00a0fins al Canig\u00f3.\u00a0Un preci\u00f3s recorregut de muntanya que supera un desnivell de 646 metres en poc m\u00e9s de 3,5 quil\u00f2metres. Un cop a dalt del coll, i abans d\u2019un breu acte institucional, es va fer un merescut dinar de motxilla.<\/p>\n<p>Tant el coordinador de senders transfronterers,\u00a0Mari\u00e0 Morera, com el vicepresident segon i responsable de l\u2019\u00c0rea de Territori de la FEEC,\u00a0Josep Casanovas, van agrair l\u2019assist\u00e8ncia de tots els participants en una trobada que va n\u00e9ixer amb la voluntat de posar en valor la feina que es fa des de les dues federacions (FEEC i FFRP) per unir els dos grans senders transpirinencs. El vicepresident del Consell Comarcal del Ripoll\u00e8s i alcalde de Moll\u00f3,\u00a0Josep Coma, va cloure l\u2019acte posant en valor la sort de poder rec\u00f3rrer el Pirineu pels enlla\u00e7os\u00a0tan catalans com francesos.<\/p>\n","protected":false},"excerpt":{"rendered":"<p>El 3 de setembre de 2017 al\u00a0coll de Malrem\u00a0(1.131 m), situat a la carena fronterera entre el Ripoll\u00e8s i el Vallespir, es va dur a terme la Trobada Senderista Transfronterera dels Pirineus. Seixanta-dos\u00a0cuidadors de senders van participar en aquesta trobada que enguany va arribar a la quarta edici\u00f3 i que  [&#8230;]<\/p>\n","protected":false},"author":1,"featured_media":5740,"comment_status":"closed","ping_status":"closed","sticky":false,"template":"","format":"standard","meta":{"footnotes":""},"categories":[3,11],"tags":[],"class_list":["post-5739","post","type-post","status-publish","format-standard","has-post-thumbnail","hentry","category-noticies","category-senders"],"yoast_head":"<!-- This site is optimized with the Yoast SEO plugin v27.5 - https:\/\/yoast.com\/product\/yoast-seo-wordpress\/ -->\n<title>El CET a la Trobada Senderista Transfronterera - Centre Excursionista Taradell<\/title>\n<meta name=\"robots\" content=\"index, follow, max-snippet:-1, max-image-preview:large, max-video-preview:-1\" \/>\n<link rel=\"canonical\" href=\"https:\/\/cetaradell.cat\/ce\/el-cet-a-la-trobada-senderista-transfronterera\/\" \/>\n<meta property=\"og:locale\" content=\"ca_ES\" \/>\n<meta property=\"og:type\" content=\"article\" \/>\n<meta property=\"og:title\" content=\"El CET a la Trobada Senderista Transfronterera - Centre Excursionista Taradell\" \/>\n<meta property=\"og:description\" content=\"El 3 de setembre de 2017 al\u00a0coll de Malrem\u00a0(1.131 m), situat a la carena fronterera entre el Ripoll\u00e8s i el Vallespir, es va dur a terme la Trobada Senderista Transfronterera dels Pirineus. Seixanta-dos\u00a0cuidadors de senders van participar en aquesta trobada que enguany va arribar a la quarta edici\u00f3 i que [...]\" \/>\n<meta property=\"og:url\" content=\"https:\/\/cetaradell.cat\/ce\/el-cet-a-la-trobada-senderista-transfronterera\/\" \/>\n<meta property=\"og:site_name\" content=\"Centre Excursionista Taradell\" \/>\n<meta property=\"article:publisher\" content=\"https:\/\/www.facebook.com\/CETaradell\/\" \/>\n<meta property=\"article:published_time\" content=\"2017-09-09T17:10:42+00:00\" \/>\n<meta property=\"article:modified_time\" content=\"2020-06-06T10:01:35+00:00\" \/>\n<meta property=\"og:image\" content=\"https:\/\/cetaradell.cat\/ce\/wp-content\/uploads\/Beget-Coll-de-Malrem_21.jpg\" \/>\n\t<meta property=\"og:image:width\" content=\"1000\" \/>\n\t<meta property=\"og:image:height\" content=\"664\" \/>\n\t<meta property=\"og:image:type\" content=\"image\/jpeg\" \/>\n<meta name=\"author\" content=\"CET\" \/>\n<meta name=\"twitter:card\" content=\"summary_large_image\" \/>\n<meta name=\"twitter:label1\" content=\"Escrit per\" \/>\n\t<meta name=\"twitter:data1\" content=\"CET\" \/>\n\t<meta name=\"twitter:label2\" content=\"Temps estimat de lectura\" \/>\n\t<meta name=\"twitter:data2\" content=\"2 minuts\" \/>\n<script type=\"application\/ld+json\" class=\"yoast-schema-graph\">{\"@context\":\"https:\\\/\\\/schema.org\",\"@graph\":[{\"@type\":\"Article\",\"@id\":\"https:\\\/\\\/cetaradell.cat\\\/ce\\\/el-cet-a-la-trobada-senderista-transfronterera\\\/#article\",\"isPartOf\":{\"@id\":\"https:\\\/\\\/cetaradell.cat\\\/ce\\\/el-cet-a-la-trobada-senderista-transfronterera\\\/\"},\"author\":{\"name\":\"CET\",\"@id\":\"https:\\\/\\\/cetaradell.cat\\\/ce\\\/#\\\/schema\\\/person\\\/92a59f585073071c7be6649e84b22f78\"},\"headline\":\"El CET a la Trobada Senderista Transfronterera\",\"datePublished\":\"2017-09-09T17:10:42+00:00\",\"dateModified\":\"2020-06-06T10:01:35+00:00\",\"mainEntityOfPage\":{\"@id\":\"https:\\\/\\\/cetaradell.cat\\\/ce\\\/el-cet-a-la-trobada-senderista-transfronterera\\\/\"},\"wordCount\":329,\"image\":{\"@id\":\"https:\\\/\\\/cetaradell.cat\\\/ce\\\/el-cet-a-la-trobada-senderista-transfronterera\\\/#primaryimage\"},\"thumbnailUrl\":\"https:\\\/\\\/cetaradell.cat\\\/ce\\\/wp-content\\\/uploads\\\/Beget-Coll-de-Malrem_21.jpg\",\"articleSection\":[\"Not\u00edcies\",\"Senders\"],\"inLanguage\":\"ca\"},{\"@type\":\"WebPage\",\"@id\":\"https:\\\/\\\/cetaradell.cat\\\/ce\\\/el-cet-a-la-trobada-senderista-transfronterera\\\/\",\"url\":\"https:\\\/\\\/cetaradell.cat\\\/ce\\\/el-cet-a-la-trobada-senderista-transfronterera\\\/\",\"name\":\"El CET a la Trobada Senderista Transfronterera - Centre Excursionista Taradell\",\"isPartOf\":{\"@id\":\"https:\\\/\\\/cetaradell.cat\\\/ce\\\/#website\"},\"primaryImageOfPage\":{\"@id\":\"https:\\\/\\\/cetaradell.cat\\\/ce\\\/el-cet-a-la-trobada-senderista-transfronterera\\\/#primaryimage\"},\"image\":{\"@id\":\"https:\\\/\\\/cetaradell.cat\\\/ce\\\/el-cet-a-la-trobada-senderista-transfronterera\\\/#primaryimage\"},\"thumbnailUrl\":\"https:\\\/\\\/cetaradell.cat\\\/ce\\\/wp-content\\\/uploads\\\/Beget-Coll-de-Malrem_21.jpg\",\"datePublished\":\"2017-09-09T17:10:42+00:00\",\"dateModified\":\"2020-06-06T10:01:35+00:00\",\"author\":{\"@id\":\"https:\\\/\\\/cetaradell.cat\\\/ce\\\/#\\\/schema\\\/person\\\/92a59f585073071c7be6649e84b22f78\"},\"breadcrumb\":{\"@id\":\"https:\\\/\\\/cetaradell.cat\\\/ce\\\/el-cet-a-la-trobada-senderista-transfronterera\\\/#breadcrumb\"},\"inLanguage\":\"ca\",\"potentialAction\":[{\"@type\":\"ReadAction\",\"target\":[\"https:\\\/\\\/cetaradell.cat\\\/ce\\\/el-cet-a-la-trobada-senderista-transfronterera\\\/\"]}]},{\"@type\":\"ImageObject\",\"inLanguage\":\"ca\",\"@id\":\"https:\\\/\\\/cetaradell.cat\\\/ce\\\/el-cet-a-la-trobada-senderista-transfronterera\\\/#primaryimage\",\"url\":\"https:\\\/\\\/cetaradell.cat\\\/ce\\\/wp-content\\\/uploads\\\/Beget-Coll-de-Malrem_21.jpg\",\"contentUrl\":\"https:\\\/\\\/cetaradell.cat\\\/ce\\\/wp-content\\\/uploads\\\/Beget-Coll-de-Malrem_21.jpg\",\"width\":1000,\"height\":664},{\"@type\":\"BreadcrumbList\",\"@id\":\"https:\\\/\\\/cetaradell.cat\\\/ce\\\/el-cet-a-la-trobada-senderista-transfronterera\\\/#breadcrumb\",\"itemListElement\":[{\"@type\":\"ListItem\",\"position\":1,\"name\":\"Inici\",\"item\":\"https:\\\/\\\/cetaradell.cat\\\/ce\\\/\"},{\"@type\":\"ListItem\",\"position\":2,\"name\":\"El CET a la Trobada Senderista Transfronterera\"}]},{\"@type\":\"WebSite\",\"@id\":\"https:\\\/\\\/cetaradell.cat\\\/ce\\\/#website\",\"url\":\"https:\\\/\\\/cetaradell.cat\\\/ce\\\/\",\"name\":\"Centre Excursionista Taradell\",\"description\":\"\",\"potentialAction\":[{\"@type\":\"SearchAction\",\"target\":{\"@type\":\"EntryPoint\",\"urlTemplate\":\"https:\\\/\\\/cetaradell.cat\\\/ce\\\/?s={search_term_string}\"},\"query-input\":{\"@type\":\"PropertyValueSpecification\",\"valueRequired\":true,\"valueName\":\"search_term_string\"}}],\"inLanguage\":\"ca\"},{\"@type\":\"Person\",\"@id\":\"https:\\\/\\\/cetaradell.cat\\\/ce\\\/#\\\/schema\\\/person\\\/92a59f585073071c7be6649e84b22f78\",\"name\":\"CET\",\"image\":{\"@type\":\"ImageObject\",\"inLanguage\":\"ca\",\"@id\":\"https:\\\/\\\/secure.gravatar.com\\\/avatar\\\/d6fbe010d42056feccc0f613ed07277a5118442805079269f12dabdc42e1a727?s=96&d=mm&r=g\",\"url\":\"https:\\\/\\\/secure.gravatar.com\\\/avatar\\\/d6fbe010d42056feccc0f613ed07277a5118442805079269f12dabdc42e1a727?s=96&d=mm&r=g\",\"contentUrl\":\"https:\\\/\\\/secure.gravatar.com\\\/avatar\\\/d6fbe010d42056feccc0f613ed07277a5118442805079269f12dabdc42e1a727?s=96&d=mm&r=g\",\"caption\":\"CET\"},\"url\":\"https:\\\/\\\/cetaradell.cat\\\/ce\\\/author\\\/root\\\/\"}]}<\/script>\n<!-- \/ Yoast SEO plugin. -->","yoast_head_json":{"title":"El CET a la Trobada Senderista Transfronterera - Centre Excursionista Taradell","robots":{"index":"index","follow":"follow","max-snippet":"max-snippet:-1","max-image-preview":"max-image-preview:large","max-video-preview":"max-video-preview:-1"},"canonical":"https:\/\/cetaradell.cat\/ce\/el-cet-a-la-trobada-senderista-transfronterera\/","og_locale":"ca_ES","og_type":"article","og_title":"El CET a la Trobada Senderista Transfronterera - Centre Excursionista Taradell","og_description":"El 3 de setembre de 2017 al\u00a0coll de Malrem\u00a0(1.131 m), situat a la carena fronterera entre el Ripoll\u00e8s i el Vallespir, es va dur a terme la Trobada Senderista Transfronterera dels Pirineus. Seixanta-dos\u00a0cuidadors de senders van participar en aquesta trobada que enguany va arribar a la quarta edici\u00f3 i que [...]","og_url":"https:\/\/cetaradell.cat\/ce\/el-cet-a-la-trobada-senderista-transfronterera\/","og_site_name":"Centre Excursionista Taradell","article_publisher":"https:\/\/www.facebook.com\/CETaradell\/","article_published_time":"2017-09-09T17:10:42+00:00","article_modified_time":"2020-06-06T10:01:35+00:00","og_image":[{"width":1000,"height":664,"url":"https:\/\/cetaradell.cat\/ce\/wp-content\/uploads\/Beget-Coll-de-Malrem_21.jpg","type":"image\/jpeg"}],"author":"CET","twitter_card":"summary_large_image","twitter_misc":{"Escrit per":"CET","Temps estimat de lectura":"2 minuts"},"schema":{"@context":"https:\/\/schema.org","@graph":[{"@type":"Article","@id":"https:\/\/cetaradell.cat\/ce\/el-cet-a-la-trobada-senderista-transfronterera\/#article","isPartOf":{"@id":"https:\/\/cetaradell.cat\/ce\/el-cet-a-la-trobada-senderista-transfronterera\/"},"author":{"name":"CET","@id":"https:\/\/cetaradell.cat\/ce\/#\/schema\/person\/92a59f585073071c7be6649e84b22f78"},"headline":"El CET a la Trobada Senderista Transfronterera","datePublished":"2017-09-09T17:10:42+00:00","dateModified":"2020-06-06T10:01:35+00:00","mainEntityOfPage":{"@id":"https:\/\/cetaradell.cat\/ce\/el-cet-a-la-trobada-senderista-transfronterera\/"},"wordCount":329,"image":{"@id":"https:\/\/cetaradell.cat\/ce\/el-cet-a-la-trobada-senderista-transfronterera\/#primaryimage"},"thumbnailUrl":"https:\/\/cetaradell.cat\/ce\/wp-content\/uploads\/Beget-Coll-de-Malrem_21.jpg","articleSection":["Not\u00edcies","Senders"],"inLanguage":"ca"},{"@type":"WebPage","@id":"https:\/\/cetaradell.cat\/ce\/el-cet-a-la-trobada-senderista-transfronterera\/","url":"https:\/\/cetaradell.cat\/ce\/el-cet-a-la-trobada-senderista-transfronterera\/","name":"El CET a la Trobada Senderista Transfronterera - Centre Excursionista Taradell","isPartOf":{"@id":"https:\/\/cetaradell.cat\/ce\/#website"},"primaryImageOfPage":{"@id":"https:\/\/cetaradell.cat\/ce\/el-cet-a-la-trobada-senderista-transfronterera\/#primaryimage"},"image":{"@id":"https:\/\/cetaradell.cat\/ce\/el-cet-a-la-trobada-senderista-transfronterera\/#primaryimage"},"thumbnailUrl":"https:\/\/cetaradell.cat\/ce\/wp-content\/uploads\/Beget-Coll-de-Malrem_21.jpg","datePublished":"2017-09-09T17:10:42+00:00","dateModified":"2020-06-06T10:01:35+00:00","author":{"@id":"https:\/\/cetaradell.cat\/ce\/#\/schema\/person\/92a59f585073071c7be6649e84b22f78"},"breadcrumb":{"@id":"https:\/\/cetaradell.cat\/ce\/el-cet-a-la-trobada-senderista-transfronterera\/#breadcrumb"},"inLanguage":"ca","potentialAction":[{"@type":"ReadAction","target":["https:\/\/cetaradell.cat\/ce\/el-cet-a-la-trobada-senderista-transfronterera\/"]}]},{"@type":"ImageObject","inLanguage":"ca","@id":"https:\/\/cetaradell.cat\/ce\/el-cet-a-la-trobada-senderista-transfronterera\/#primaryimage","url":"https:\/\/cetaradell.cat\/ce\/wp-content\/uploads\/Beget-Coll-de-Malrem_21.jpg","contentUrl":"https:\/\/cetaradell.cat\/ce\/wp-content\/uploads\/Beget-Coll-de-Malrem_21.jpg","width":1000,"height":664},{"@type":"BreadcrumbList","@id":"https:\/\/cetaradell.cat\/ce\/el-cet-a-la-trobada-senderista-transfronterera\/#breadcrumb","itemListElement":[{"@type":"ListItem","position":1,"name":"Inici","item":"https:\/\/cetaradell.cat\/ce\/"},{"@type":"ListItem","position":2,"name":"El CET a la Trobada Senderista Transfronterera"}]},{"@type":"WebSite","@id":"https:\/\/cetaradell.cat\/ce\/#website","url":"https:\/\/cetaradell.cat\/ce\/","name":"Centre Excursionista Taradell","description":"","potentialAction":[{"@type":"SearchAction","target":{"@type":"EntryPoint","urlTemplate":"https:\/\/cetaradell.cat\/ce\/?s={search_term_string}"},"query-input":{"@type":"PropertyValueSpecification","valueRequired":true,"valueName":"search_term_string"}}],"inLanguage":"ca"},{"@type":"Person","@id":"https:\/\/cetaradell.cat\/ce\/#\/schema\/person\/92a59f585073071c7be6649e84b22f78","name":"CET","image":{"@type":"ImageObject","inLanguage":"ca","@id":"https:\/\/secure.gravatar.com\/avatar\/d6fbe010d42056feccc0f613ed07277a5118442805079269f12dabdc42e1a727?s=96&d=mm&r=g","url":"https:\/\/secure.gravatar.com\/avatar\/d6fbe010d42056feccc0f613ed07277a5118442805079269f12dabdc42e1a727?s=96&d=mm&r=g","contentUrl":"https:\/\/secure.gravatar.com\/avatar\/d6fbe010d42056feccc0f613ed07277a5118442805079269f12dabdc42e1a727?s=96&d=mm&r=g","caption":"CET"},"url":"https:\/\/cetaradell.cat\/ce\/author\/root\/"}]}},"_links":{"self":[{"href":"https:\/\/cetaradell.cat\/ce\/wp-json\/wp\/v2\/posts\/5739","targetHints":{"allow":["GET"]}}],"collection":[{"href":"https:\/\/cetaradell.cat\/ce\/wp-json\/wp\/v2\/posts"}],"about":[{"href":"https:\/\/cetaradell.cat\/ce\/wp-json\/wp\/v2\/types\/post"}],"author":[{"embeddable":true,"href":"https:\/\/cetaradell.cat\/ce\/wp-json\/wp\/v2\/users\/1"}],"replies":[{"embeddable":true,"href":"https:\/\/cetaradell.cat\/ce\/wp-json\/wp\/v2\/comments?post=5739"}],"version-history":[{"count":0,"href":"https:\/\/cetaradell.cat\/ce\/wp-json\/wp\/v2\/posts\/5739\/revisions"}],"wp:featuredmedia":[{"embeddable":true,"href":"https:\/\/cetaradell.cat\/ce\/wp-json\/wp\/v2\/media\/5740"}],"wp:attachment":[{"href":"https:\/\/cetaradell.cat\/ce\/wp-json\/wp\/v2\/media?parent=5739"}],"wp:term":[{"taxonomy":"category","embeddable":true,"href":"https:\/\/cetaradell.cat\/ce\/wp-json\/wp\/v2\/categories?post=5739"},{"taxonomy":"post_tag","embeddable":true,"href":"https:\/\/cetaradell.cat\/ce\/wp-json\/wp\/v2\/tags?post=5739"}],"curies":[{"name":"wp","href":"https:\/\/api.w.org\/{rel}","templated":true}]}}