{"id":5743,"date":"2017-09-11T22:52:04","date_gmt":"2017-09-11T21:52:04","guid":{"rendered":"https:\/\/cetaradell.cat\/ce\/?p=5743"},"modified":"2020-06-06T11:01:00","modified_gmt":"2020-06-06T10:01:00","slug":"sortides-pels-senders-del-1714-9a-sortida-2017","status":"publish","type":"post","link":"https:\/\/cetaradell.cat\/ce\/sortides-pels-senders-del-1714-9a-sortida-2017\/","title":{"rendered":"Sortides pels Senders del 1714 \u2013 9a Sortida 2017"},"content":{"rendered":"<h3><a href=\"https:\/\/cetaradell.cat\/ce\/sortides-pels-senders-del-1714-9a-sortida-2017\/\"><strong>9a sortida del 2017: Vilaverd &#8211; Montblanc \/ 17,5 km<\/strong><\/a><\/h3>\n<h3><a href=\"https:\/\/cetaradell.cat\/ce\/sortides-pels-senders-del-1714-9a-sortida-2017\/\"><strong>Vilaverd &#8211; Montblanc, per Rojals i el barranc de la Vall<\/strong><\/a><\/h3>\n<div id=\"attachment_5746\" style=\"width: 310px\" class=\"wp-caption alignleft\"><a href=\"https:\/\/cetaradell.cat\/ce\/wp-content\/uploads\/P1170523.jpg\" target=\"_blank\" rel=\"attachment noopener wp-att-5468 noreferrer\"><img decoding=\"async\" aria-describedby=\"caption-attachment-5746\" class=\"wp-image-5746 size-medium\" src=\"https:\/\/cetaradell.cat\/ce\/wp-content\/uploads\/P1170523-300x225.jpg\" alt=\"\" width=\"300\" height=\"225\" srcset=\"https:\/\/cetaradell.cat\/ce\/wp-content\/uploads\/P1170523-300x225.jpg 300w, https:\/\/cetaradell.cat\/ce\/wp-content\/uploads\/P1170523-500x375.jpg 500w, https:\/\/cetaradell.cat\/ce\/wp-content\/uploads\/P1170523-700x525.jpg 700w, https:\/\/cetaradell.cat\/ce\/wp-content\/uploads\/P1170523-768x576.jpg 768w, https:\/\/cetaradell.cat\/ce\/wp-content\/uploads\/P1170523.jpg 1000w\" sizes=\"(max-width: 300px) 100vw, 300px\" \/><\/a><p id=\"caption-attachment-5746\" class=\"wp-caption-text\">Participants a la 8a sortida de 2017 (Foto: G. Paredes)<\/p><\/div>\n<p><strong>Dia:<\/strong> diumenge, 8 d&#8217;octubre de 2017<\/p>\n<p><strong>Hora de sortida:<\/strong><br \/>\n\u2013 Taradell: a 6.45 del mat\u00ed de la parada d\u2019autobusos<br \/>\n\u2013 Vic: a\u00a0 les 7.00 del mat\u00ed de l\u2019estaci\u00f3 d\u2019autobusos<\/p>\n<p><strong>Recorregut:<\/strong> estaci\u00f3 de Vilaverd \u2013 Mas d\u2019en Just \u2013 Mas de Mag\u00ed \u2013 coll de Rojals \u2013 Rojals \u2013 font de Burxoc\u00a0 \u2013 font del Gr\u00e8vol o del GR \u2013 Estret de la Vall \u2013 Mol\u00ed de Dins \u2013 Mol\u00ed de la Vall de Fora \u2013 Sant Josep \u2013 Montblanc<\/p>\n<div><strong>Distancia :<\/strong> 17,5 km.<\/div>\n<div><b>Desnivell acumulat:\u00a0<\/b>\u00a0 +760 m \/ -700 m<\/div>\n<p><strong>Inscripcions:<\/strong> fins al divendres dia 1 de setembre, al local del Centre Excursionista Taradell\u00a0(Horari: de dimecres a dissabte de 2\/4 de 8 a les 9 del vespre) o on-line: <a href=\"https:\/\/cetaradell.cat\/ce\/senders-del-1714\/inscripcio_senders\/\" target=\"_blank\" rel=\"noopener noreferrer\"><strong><em>omplir el formulari seguent (\u2192)<\/em><\/strong><\/a><strong><em>\u00a0<\/em><\/strong><\/p>\n<p><strong>Preu de la sortida:<\/strong> 18\u20ac (Federats a la FEEC) \u2013 28 \u20ac (No federats)<\/p>\n<p><strong>Nota:\u00a0<\/strong><span style=\"font-family: inherit;\">ruta f\u00e0cil de seguir gr\u00e0cies al PR C-17 que es segueix de pujada i al GR-171 que es segeux a la baixada.\u00a0<\/span><span style=\"font-family: inherit;\">C<\/span>al anar ben cal\u00e7at, portar esmorzar, dinar i \u00a0aigua tot i que es troba\u00a0una font pero raja poc.<\/p>\n<p><a href=\"https:\/\/cetaradell.cat\/ce\/wp-content\/uploads\/unnamed2.jpg\" target=\"_blank\" rel=\"attachment noopener wp-att-5747 noreferrer\"><img decoding=\"async\" class=\"alignleft wp-image-5747 size-medium\" src=\"https:\/\/cetaradell.cat\/ce\/wp-content\/uploads\/unnamed2-300x241.jpg\" alt=\"unnamed(2)\" width=\"300\" height=\"241\" srcset=\"https:\/\/cetaradell.cat\/ce\/wp-content\/uploads\/unnamed2-300x241.jpg 300w, https:\/\/cetaradell.cat\/ce\/wp-content\/uploads\/unnamed2-500x402.jpg 500w, https:\/\/cetaradell.cat\/ce\/wp-content\/uploads\/unnamed2-700x563.jpg 700w, https:\/\/cetaradell.cat\/ce\/wp-content\/uploads\/unnamed2-768x617.jpg 768w, https:\/\/cetaradell.cat\/ce\/wp-content\/uploads\/unnamed2-1024x823.jpg 1024w, https:\/\/cetaradell.cat\/ce\/wp-content\/uploads\/unnamed2.jpg 1510w\" sizes=\"(max-width: 300px) 100vw, 300px\" \/><\/a><strong>DESCRIPCI\u00d3\u00a0<\/strong><\/p>\n<p>En aquesta excursi\u00f3 ens aproparem a les\u00a0<strong>Muntanyes de Prades<\/strong>\u00a0pel seu vessant m\u00e9s oriental. Sortirem \u00a0de\u00a0<strong>Vilaverd<\/strong>\u00a0per pujar a\u00a0<strong>Rojals<\/strong>\u00a0a trav\u00e9s del\u00a0<strong>PR\u00a0C-17<\/strong>, un sender de petit recorregut que ens portar\u00e0 c\u00f2modament a trav\u00e9s de camins i pistes fins aquesta poblaci\u00f3.<\/p>\n<p>La baixada a Montblanc la farem pel\u00a0<strong>barranc de la Vall<\/strong>\u00a0tot seguint el<strong>\u00a0GR-171<\/strong>, un profund barranc de gran valor paisatg\u00edstic i ecol\u00f2gic i envoltat de cingles que el riu la Vall ha format amb el decurs dels anys. Durant el cam\u00ed passarem per diferents fonts on podrem gaudir d\u2019una vegetaci\u00f3 for\u00e7a ombr\u00edvola, i si ens desviem del recorregut un parell de minuts, podrem visitar la m\u00e0gica cascada de la Vall.<\/p>\n","protected":false},"excerpt":{"rendered":"<p>9a sortida del 2017: Vilaverd &#8211; Montblanc \/ 17,5 km Vilaverd &#8211; Montblanc, per Rojals i el barranc de la Vall Dia: diumenge, 8 d&#8217;octubre de 2017 Hora de sortida: \u2013 Taradell: a 6.45 del mat\u00ed de la parada d\u2019autobusos \u2013 Vic: a\u00a0 les 7.00 del mat\u00ed de l\u2019estaci\u00f3 d\u2019autobusos  [&#8230;]<\/p>\n","protected":false},"author":1,"featured_media":5848,"comment_status":"closed","ping_status":"closed","sticky":false,"template":"","format":"standard","meta":{"footnotes":""},"categories":[4,11],"tags":[],"class_list":["post-5743","post","type-post","status-publish","format-standard","has-post-thumbnail","hentry","category-activitats","category-senders"],"yoast_head":"<!-- This site is optimized with the Yoast SEO plugin v27.5 - https:\/\/yoast.com\/product\/yoast-seo-wordpress\/ -->\n<title>Sortides pels Senders del 1714 \u2013 9a Sortida 2017 - Centre Excursionista Taradell<\/title>\n<meta name=\"robots\" content=\"index, follow, max-snippet:-1, max-image-preview:large, max-video-preview:-1\" \/>\n<link rel=\"canonical\" href=\"https:\/\/cetaradell.cat\/ce\/sortides-pels-senders-del-1714-9a-sortida-2017\/\" \/>\n<meta property=\"og:locale\" content=\"ca_ES\" \/>\n<meta property=\"og:type\" content=\"article\" \/>\n<meta property=\"og:title\" content=\"Sortides pels Senders del 1714 \u2013 9a Sortida 2017 - Centre Excursionista Taradell\" \/>\n<meta property=\"og:description\" content=\"9a sortida del 2017: Vilaverd &#8211; Montblanc \/ 17,5 km Vilaverd &#8211; Montblanc, per Rojals i el barranc de la Vall Dia: diumenge, 8 d&#8217;octubre de 2017 Hora de sortida: \u2013 Taradell: a 6.45 del mat\u00ed de la parada d\u2019autobusos \u2013 Vic: a\u00a0 les 7.00 del mat\u00ed de l\u2019estaci\u00f3 d\u2019autobusos [...]\" \/>\n<meta property=\"og:url\" content=\"https:\/\/cetaradell.cat\/ce\/sortides-pels-senders-del-1714-9a-sortida-2017\/\" \/>\n<meta property=\"og:site_name\" content=\"Centre Excursionista Taradell\" \/>\n<meta property=\"article:publisher\" content=\"https:\/\/www.facebook.com\/CETaradell\/\" \/>\n<meta property=\"article:published_time\" content=\"2017-09-11T21:52:04+00:00\" \/>\n<meta property=\"article:modified_time\" content=\"2020-06-06T10:01:00+00:00\" \/>\n<meta property=\"og:image\" content=\"https:\/\/cetaradell.cat\/ce\/wp-content\/uploads\/P1170922-b.jpg\" \/>\n\t<meta property=\"og:image:width\" content=\"1918\" \/>\n\t<meta property=\"og:image:height\" content=\"1438\" \/>\n\t<meta property=\"og:image:type\" content=\"image\/jpeg\" \/>\n<meta name=\"author\" content=\"CET\" \/>\n<meta name=\"twitter:card\" content=\"summary_large_image\" \/>\n<meta name=\"twitter:label1\" content=\"Escrit per\" \/>\n\t<meta name=\"twitter:data1\" content=\"CET\" \/>\n\t<meta name=\"twitter:label2\" content=\"Temps estimat de lectura\" \/>\n\t<meta name=\"twitter:data2\" content=\"2 minuts\" \/>\n<script type=\"application\/ld+json\" class=\"yoast-schema-graph\">{\"@context\":\"https:\\\/\\\/schema.org\",\"@graph\":[{\"@type\":\"Article\",\"@id\":\"https:\\\/\\\/cetaradell.cat\\\/ce\\\/sortides-pels-senders-del-1714-9a-sortida-2017\\\/#article\",\"isPartOf\":{\"@id\":\"https:\\\/\\\/cetaradell.cat\\\/ce\\\/sortides-pels-senders-del-1714-9a-sortida-2017\\\/\"},\"author\":{\"name\":\"CET\",\"@id\":\"https:\\\/\\\/cetaradell.cat\\\/ce\\\/#\\\/schema\\\/person\\\/92a59f585073071c7be6649e84b22f78\"},\"headline\":\"Sortides pels Senders del 1714 \u2013 9a Sortida 2017\",\"datePublished\":\"2017-09-11T21:52:04+00:00\",\"dateModified\":\"2020-06-06T10:01:00+00:00\",\"mainEntityOfPage\":{\"@id\":\"https:\\\/\\\/cetaradell.cat\\\/ce\\\/sortides-pels-senders-del-1714-9a-sortida-2017\\\/\"},\"wordCount\":328,\"image\":{\"@id\":\"https:\\\/\\\/cetaradell.cat\\\/ce\\\/sortides-pels-senders-del-1714-9a-sortida-2017\\\/#primaryimage\"},\"thumbnailUrl\":\"https:\\\/\\\/cetaradell.cat\\\/ce\\\/wp-content\\\/uploads\\\/P1170922-b.jpg\",\"articleSection\":[\"Activitats\",\"Senders\"],\"inLanguage\":\"ca\"},{\"@type\":\"WebPage\",\"@id\":\"https:\\\/\\\/cetaradell.cat\\\/ce\\\/sortides-pels-senders-del-1714-9a-sortida-2017\\\/\",\"url\":\"https:\\\/\\\/cetaradell.cat\\\/ce\\\/sortides-pels-senders-del-1714-9a-sortida-2017\\\/\",\"name\":\"Sortides pels Senders del 1714 \u2013 9a Sortida 2017 - Centre Excursionista Taradell\",\"isPartOf\":{\"@id\":\"https:\\\/\\\/cetaradell.cat\\\/ce\\\/#website\"},\"primaryImageOfPage\":{\"@id\":\"https:\\\/\\\/cetaradell.cat\\\/ce\\\/sortides-pels-senders-del-1714-9a-sortida-2017\\\/#primaryimage\"},\"image\":{\"@id\":\"https:\\\/\\\/cetaradell.cat\\\/ce\\\/sortides-pels-senders-del-1714-9a-sortida-2017\\\/#primaryimage\"},\"thumbnailUrl\":\"https:\\\/\\\/cetaradell.cat\\\/ce\\\/wp-content\\\/uploads\\\/P1170922-b.jpg\",\"datePublished\":\"2017-09-11T21:52:04+00:00\",\"dateModified\":\"2020-06-06T10:01:00+00:00\",\"author\":{\"@id\":\"https:\\\/\\\/cetaradell.cat\\\/ce\\\/#\\\/schema\\\/person\\\/92a59f585073071c7be6649e84b22f78\"},\"breadcrumb\":{\"@id\":\"https:\\\/\\\/cetaradell.cat\\\/ce\\\/sortides-pels-senders-del-1714-9a-sortida-2017\\\/#breadcrumb\"},\"inLanguage\":\"ca\",\"potentialAction\":[{\"@type\":\"ReadAction\",\"target\":[\"https:\\\/\\\/cetaradell.cat\\\/ce\\\/sortides-pels-senders-del-1714-9a-sortida-2017\\\/\"]}]},{\"@type\":\"ImageObject\",\"inLanguage\":\"ca\",\"@id\":\"https:\\\/\\\/cetaradell.cat\\\/ce\\\/sortides-pels-senders-del-1714-9a-sortida-2017\\\/#primaryimage\",\"url\":\"https:\\\/\\\/cetaradell.cat\\\/ce\\\/wp-content\\\/uploads\\\/P1170922-b.jpg\",\"contentUrl\":\"https:\\\/\\\/cetaradell.cat\\\/ce\\\/wp-content\\\/uploads\\\/P1170922-b.jpg\",\"width\":1918,\"height\":1438},{\"@type\":\"BreadcrumbList\",\"@id\":\"https:\\\/\\\/cetaradell.cat\\\/ce\\\/sortides-pels-senders-del-1714-9a-sortida-2017\\\/#breadcrumb\",\"itemListElement\":[{\"@type\":\"ListItem\",\"position\":1,\"name\":\"Inici\",\"item\":\"https:\\\/\\\/cetaradell.cat\\\/ce\\\/\"},{\"@type\":\"ListItem\",\"position\":2,\"name\":\"Sortides pels Senders del 1714 \u2013 9a Sortida 2017\"}]},{\"@type\":\"WebSite\",\"@id\":\"https:\\\/\\\/cetaradell.cat\\\/ce\\\/#website\",\"url\":\"https:\\\/\\\/cetaradell.cat\\\/ce\\\/\",\"name\":\"Centre Excursionista Taradell\",\"description\":\"\",\"potentialAction\":[{\"@type\":\"SearchAction\",\"target\":{\"@type\":\"EntryPoint\",\"urlTemplate\":\"https:\\\/\\\/cetaradell.cat\\\/ce\\\/?s={search_term_string}\"},\"query-input\":{\"@type\":\"PropertyValueSpecification\",\"valueRequired\":true,\"valueName\":\"search_term_string\"}}],\"inLanguage\":\"ca\"},{\"@type\":\"Person\",\"@id\":\"https:\\\/\\\/cetaradell.cat\\\/ce\\\/#\\\/schema\\\/person\\\/92a59f585073071c7be6649e84b22f78\",\"name\":\"CET\",\"image\":{\"@type\":\"ImageObject\",\"inLanguage\":\"ca\",\"@id\":\"https:\\\/\\\/secure.gravatar.com\\\/avatar\\\/d6fbe010d42056feccc0f613ed07277a5118442805079269f12dabdc42e1a727?s=96&d=mm&r=g\",\"url\":\"https:\\\/\\\/secure.gravatar.com\\\/avatar\\\/d6fbe010d42056feccc0f613ed07277a5118442805079269f12dabdc42e1a727?s=96&d=mm&r=g\",\"contentUrl\":\"https:\\\/\\\/secure.gravatar.com\\\/avatar\\\/d6fbe010d42056feccc0f613ed07277a5118442805079269f12dabdc42e1a727?s=96&d=mm&r=g\",\"caption\":\"CET\"},\"url\":\"https:\\\/\\\/cetaradell.cat\\\/ce\\\/author\\\/root\\\/\"}]}<\/script>\n<!-- \/ Yoast SEO plugin. -->","yoast_head_json":{"title":"Sortides pels Senders del 1714 \u2013 9a Sortida 2017 - Centre Excursionista Taradell","robots":{"index":"index","follow":"follow","max-snippet":"max-snippet:-1","max-image-preview":"max-image-preview:large","max-video-preview":"max-video-preview:-1"},"canonical":"https:\/\/cetaradell.cat\/ce\/sortides-pels-senders-del-1714-9a-sortida-2017\/","og_locale":"ca_ES","og_type":"article","og_title":"Sortides pels Senders del 1714 \u2013 9a Sortida 2017 - Centre Excursionista Taradell","og_description":"9a sortida del 2017: Vilaverd &#8211; Montblanc \/ 17,5 km Vilaverd &#8211; Montblanc, per Rojals i el barranc de la Vall Dia: diumenge, 8 d&#8217;octubre de 2017 Hora de sortida: \u2013 Taradell: a 6.45 del mat\u00ed de la parada d\u2019autobusos \u2013 Vic: a\u00a0 les 7.00 del mat\u00ed de l\u2019estaci\u00f3 d\u2019autobusos [...]","og_url":"https:\/\/cetaradell.cat\/ce\/sortides-pels-senders-del-1714-9a-sortida-2017\/","og_site_name":"Centre Excursionista Taradell","article_publisher":"https:\/\/www.facebook.com\/CETaradell\/","article_published_time":"2017-09-11T21:52:04+00:00","article_modified_time":"2020-06-06T10:01:00+00:00","og_image":[{"width":1918,"height":1438,"url":"https:\/\/cetaradell.cat\/ce\/wp-content\/uploads\/P1170922-b.jpg","type":"image\/jpeg"}],"author":"CET","twitter_card":"summary_large_image","twitter_misc":{"Escrit per":"CET","Temps estimat de lectura":"2 minuts"},"schema":{"@context":"https:\/\/schema.org","@graph":[{"@type":"Article","@id":"https:\/\/cetaradell.cat\/ce\/sortides-pels-senders-del-1714-9a-sortida-2017\/#article","isPartOf":{"@id":"https:\/\/cetaradell.cat\/ce\/sortides-pels-senders-del-1714-9a-sortida-2017\/"},"author":{"name":"CET","@id":"https:\/\/cetaradell.cat\/ce\/#\/schema\/person\/92a59f585073071c7be6649e84b22f78"},"headline":"Sortides pels Senders del 1714 \u2013 9a Sortida 2017","datePublished":"2017-09-11T21:52:04+00:00","dateModified":"2020-06-06T10:01:00+00:00","mainEntityOfPage":{"@id":"https:\/\/cetaradell.cat\/ce\/sortides-pels-senders-del-1714-9a-sortida-2017\/"},"wordCount":328,"image":{"@id":"https:\/\/cetaradell.cat\/ce\/sortides-pels-senders-del-1714-9a-sortida-2017\/#primaryimage"},"thumbnailUrl":"https:\/\/cetaradell.cat\/ce\/wp-content\/uploads\/P1170922-b.jpg","articleSection":["Activitats","Senders"],"inLanguage":"ca"},{"@type":"WebPage","@id":"https:\/\/cetaradell.cat\/ce\/sortides-pels-senders-del-1714-9a-sortida-2017\/","url":"https:\/\/cetaradell.cat\/ce\/sortides-pels-senders-del-1714-9a-sortida-2017\/","name":"Sortides pels Senders del 1714 \u2013 9a Sortida 2017 - Centre Excursionista Taradell","isPartOf":{"@id":"https:\/\/cetaradell.cat\/ce\/#website"},"primaryImageOfPage":{"@id":"https:\/\/cetaradell.cat\/ce\/sortides-pels-senders-del-1714-9a-sortida-2017\/#primaryimage"},"image":{"@id":"https:\/\/cetaradell.cat\/ce\/sortides-pels-senders-del-1714-9a-sortida-2017\/#primaryimage"},"thumbnailUrl":"https:\/\/cetaradell.cat\/ce\/wp-content\/uploads\/P1170922-b.jpg","datePublished":"2017-09-11T21:52:04+00:00","dateModified":"2020-06-06T10:01:00+00:00","author":{"@id":"https:\/\/cetaradell.cat\/ce\/#\/schema\/person\/92a59f585073071c7be6649e84b22f78"},"breadcrumb":{"@id":"https:\/\/cetaradell.cat\/ce\/sortides-pels-senders-del-1714-9a-sortida-2017\/#breadcrumb"},"inLanguage":"ca","potentialAction":[{"@type":"ReadAction","target":["https:\/\/cetaradell.cat\/ce\/sortides-pels-senders-del-1714-9a-sortida-2017\/"]}]},{"@type":"ImageObject","inLanguage":"ca","@id":"https:\/\/cetaradell.cat\/ce\/sortides-pels-senders-del-1714-9a-sortida-2017\/#primaryimage","url":"https:\/\/cetaradell.cat\/ce\/wp-content\/uploads\/P1170922-b.jpg","contentUrl":"https:\/\/cetaradell.cat\/ce\/wp-content\/uploads\/P1170922-b.jpg","width":1918,"height":1438},{"@type":"BreadcrumbList","@id":"https:\/\/cetaradell.cat\/ce\/sortides-pels-senders-del-1714-9a-sortida-2017\/#breadcrumb","itemListElement":[{"@type":"ListItem","position":1,"name":"Inici","item":"https:\/\/cetaradell.cat\/ce\/"},{"@type":"ListItem","position":2,"name":"Sortides pels Senders del 1714 \u2013 9a Sortida 2017"}]},{"@type":"WebSite","@id":"https:\/\/cetaradell.cat\/ce\/#website","url":"https:\/\/cetaradell.cat\/ce\/","name":"Centre Excursionista Taradell","description":"","potentialAction":[{"@type":"SearchAction","target":{"@type":"EntryPoint","urlTemplate":"https:\/\/cetaradell.cat\/ce\/?s={search_term_string}"},"query-input":{"@type":"PropertyValueSpecification","valueRequired":true,"valueName":"search_term_string"}}],"inLanguage":"ca"},{"@type":"Person","@id":"https:\/\/cetaradell.cat\/ce\/#\/schema\/person\/92a59f585073071c7be6649e84b22f78","name":"CET","image":{"@type":"ImageObject","inLanguage":"ca","@id":"https:\/\/secure.gravatar.com\/avatar\/d6fbe010d42056feccc0f613ed07277a5118442805079269f12dabdc42e1a727?s=96&d=mm&r=g","url":"https:\/\/secure.gravatar.com\/avatar\/d6fbe010d42056feccc0f613ed07277a5118442805079269f12dabdc42e1a727?s=96&d=mm&r=g","contentUrl":"https:\/\/secure.gravatar.com\/avatar\/d6fbe010d42056feccc0f613ed07277a5118442805079269f12dabdc42e1a727?s=96&d=mm&r=g","caption":"CET"},"url":"https:\/\/cetaradell.cat\/ce\/author\/root\/"}]}},"_links":{"self":[{"href":"https:\/\/cetaradell.cat\/ce\/wp-json\/wp\/v2\/posts\/5743","targetHints":{"allow":["GET"]}}],"collection":[{"href":"https:\/\/cetaradell.cat\/ce\/wp-json\/wp\/v2\/posts"}],"about":[{"href":"https:\/\/cetaradell.cat\/ce\/wp-json\/wp\/v2\/types\/post"}],"author":[{"embeddable":true,"href":"https:\/\/cetaradell.cat\/ce\/wp-json\/wp\/v2\/users\/1"}],"replies":[{"embeddable":true,"href":"https:\/\/cetaradell.cat\/ce\/wp-json\/wp\/v2\/comments?post=5743"}],"version-history":[{"count":0,"href":"https:\/\/cetaradell.cat\/ce\/wp-json\/wp\/v2\/posts\/5743\/revisions"}],"wp:featuredmedia":[{"embeddable":true,"href":"https:\/\/cetaradell.cat\/ce\/wp-json\/wp\/v2\/media\/5848"}],"wp:attachment":[{"href":"https:\/\/cetaradell.cat\/ce\/wp-json\/wp\/v2\/media?parent=5743"}],"wp:term":[{"taxonomy":"category","embeddable":true,"href":"https:\/\/cetaradell.cat\/ce\/wp-json\/wp\/v2\/categories?post=5743"},{"taxonomy":"post_tag","embeddable":true,"href":"https:\/\/cetaradell.cat\/ce\/wp-json\/wp\/v2\/tags?post=5743"}],"curies":[{"name":"wp","href":"https:\/\/api.w.org\/{rel}","templated":true}]}}