{"id":5760,"date":"2017-08-27T23:51:05","date_gmt":"2017-08-27T22:51:05","guid":{"rendered":"https:\/\/cetaradell.cat\/ce\/?p=5760"},"modified":"2020-06-30T21:14:13","modified_gmt":"2020-06-30T20:14:13","slug":"38a-caminada-de-festa-major","status":"publish","type":"post","link":"https:\/\/cetaradell.cat\/ce\/38a-caminada-de-festa-major\/","title":{"rendered":"38a Caminada de Festa Major"},"content":{"rendered":"<div id=\"attachment_5761\" style=\"width: 310px\" class=\"wp-caption alignleft\"><a href=\"https:\/\/cetaradell.cat\/ce\/wp-content\/uploads\/Caminada-festa-major-Taradell_3-1.jpg\" target=\"_blank\" rel=\"attachment noopener wp-att-5761 noreferrer\"><img decoding=\"async\" aria-describedby=\"caption-attachment-5761\" class=\"wp-image-5761 size-medium\" src=\"https:\/\/cetaradell.cat\/ce\/wp-content\/uploads\/Caminada-festa-major-Taradell_3-1-300x199.jpg\" alt=\"Caminada festa major Taradell_3\" width=\"300\" height=\"199\" srcset=\"https:\/\/cetaradell.cat\/ce\/wp-content\/uploads\/Caminada-festa-major-Taradell_3-1-300x199.jpg 300w, https:\/\/cetaradell.cat\/ce\/wp-content\/uploads\/Caminada-festa-major-Taradell_3-1-500x332.jpg 500w, https:\/\/cetaradell.cat\/ce\/wp-content\/uploads\/Caminada-festa-major-Taradell_3-1-700x465.jpg 700w, https:\/\/cetaradell.cat\/ce\/wp-content\/uploads\/Caminada-festa-major-Taradell_3-1-768x510.jpg 768w, https:\/\/cetaradell.cat\/ce\/wp-content\/uploads\/Caminada-festa-major-Taradell_3-1.jpg 1000w\" sizes=\"(max-width: 300px) 100vw, 300px\" \/><\/a><p id=\"caption-attachment-5761\" class=\"wp-caption-text\">Sortida de la Caminada de Festa Major 2017 (Foto: R. Curtichs)<\/p><\/div>\n<p>El diumenge dia 27 d\u2019agost, per 38\u00e8 any consecutiu el Centre Excursionista Taradell va organitzar la tradicional caminada de la Festa Major de Taradell. Es aquesta edici\u00f3 hi van prendre part prop de 200 persones.<\/p>\n<p>La sortida es va fer a la pla\u00e7a de les Eres, cap a\u00a0 2\/4 de 9 del mat\u00ed. I, com \u00e9s tradici\u00f3, abans de donar la sortida es va fer la tradicional fotografia del grup. Seguidament es va comen\u00e7ar la caminada. Aquest any el recorregut va ser el seg\u00fcent: sortida de la pla\u00e7a de les Eres, la Roca, Vilalleons, els plans de ca la Ll\u00facia, la creu de Puig-l\u2019agulla, la Trona, la Codina i arribada de nou a la pla\u00e7a de les Eres.<\/p>\n<p>Els plans de ca la Ll\u00facia va ser l\u2019indret escollit per donar un esmorzar a base de coca, xocolata i batuts de cacau. A l\u2019acabar la caminada els participants van ser obsequiats amb un ronyonera per anar a caminar o c\u00f3rrer i tamb\u00e9 se\u2019ls oferir un petit aperitiu (refresc, olives, patates&#8230;)<\/p>\n<h2><a href=\"https:\/\/photos.app.goo.gl\/AOVcKEGRPRl1odu92\" target=\"_blank\" rel=\"noopener noreferrer\">Acc\u00e9s a l&#8217;\u00e0lbum de fotos (\u2192)<\/a><\/h2>\n<p>&nbsp;<\/p>\n","protected":false},"excerpt":{"rendered":"<p>El diumenge dia 27 d\u2019agost, per 38\u00e8 any consecutiu el Centre Excursionista Taradell va organitzar la tradicional caminada de la Festa Major de Taradell. Es aquesta edici\u00f3 hi van prendre part prop de 200 persones. La sortida es va fer a la pla\u00e7a de les Eres, cap a\u00a0 2\/4 de  [&#8230;]<\/p>\n","protected":false},"author":1,"featured_media":5728,"comment_status":"closed","ping_status":"closed","sticky":false,"template":"","format":"standard","meta":{"footnotes":""},"categories":[20,3],"tags":[],"class_list":["post-5760","post","type-post","status-publish","format-standard","has-post-thumbnail","hentry","category-activitats-social","category-noticies"],"yoast_head":"<!-- This site is optimized with the Yoast SEO plugin v27.5 - https:\/\/yoast.com\/product\/yoast-seo-wordpress\/ -->\n<title>38a Caminada de Festa Major - Centre Excursionista Taradell<\/title>\n<meta name=\"robots\" content=\"index, follow, max-snippet:-1, max-image-preview:large, max-video-preview:-1\" \/>\n<link rel=\"canonical\" href=\"https:\/\/cetaradell.cat\/ce\/38a-caminada-de-festa-major\/\" \/>\n<meta property=\"og:locale\" content=\"ca_ES\" \/>\n<meta property=\"og:type\" content=\"article\" \/>\n<meta property=\"og:title\" content=\"38a Caminada de Festa Major - Centre Excursionista Taradell\" \/>\n<meta property=\"og:description\" content=\"El diumenge dia 27 d\u2019agost, per 38\u00e8 any consecutiu el Centre Excursionista Taradell va organitzar la tradicional caminada de la Festa Major de Taradell. Es aquesta edici\u00f3 hi van prendre part prop de 200 persones. La sortida es va fer a la pla\u00e7a de les Eres, cap a\u00a0 2\/4 de [...]\" \/>\n<meta property=\"og:url\" content=\"https:\/\/cetaradell.cat\/ce\/38a-caminada-de-festa-major\/\" \/>\n<meta property=\"og:site_name\" content=\"Centre Excursionista Taradell\" \/>\n<meta property=\"article:publisher\" content=\"https:\/\/www.facebook.com\/CETaradell\/\" \/>\n<meta property=\"article:published_time\" content=\"2017-08-27T22:51:05+00:00\" \/>\n<meta property=\"article:modified_time\" content=\"2020-06-30T20:14:13+00:00\" \/>\n<meta property=\"og:image\" content=\"https:\/\/cetaradell.cat\/ce\/wp-content\/uploads\/Caminada-festa-major-Taradell_3.jpg\" \/>\n\t<meta property=\"og:image:width\" content=\"1000\" \/>\n\t<meta property=\"og:image:height\" content=\"664\" \/>\n\t<meta property=\"og:image:type\" content=\"image\/jpeg\" \/>\n<meta name=\"author\" content=\"CET\" \/>\n<meta name=\"twitter:card\" content=\"summary_large_image\" \/>\n<meta name=\"twitter:label1\" content=\"Escrit per\" \/>\n\t<meta name=\"twitter:data1\" content=\"CET\" \/>\n\t<meta name=\"twitter:label2\" content=\"Temps estimat de lectura\" \/>\n\t<meta name=\"twitter:data2\" content=\"1 minut\" \/>\n<script type=\"application\/ld+json\" class=\"yoast-schema-graph\">{\"@context\":\"https:\\\/\\\/schema.org\",\"@graph\":[{\"@type\":\"Article\",\"@id\":\"https:\\\/\\\/cetaradell.cat\\\/ce\\\/38a-caminada-de-festa-major\\\/#article\",\"isPartOf\":{\"@id\":\"https:\\\/\\\/cetaradell.cat\\\/ce\\\/38a-caminada-de-festa-major\\\/\"},\"author\":{\"name\":\"CET\",\"@id\":\"https:\\\/\\\/cetaradell.cat\\\/ce\\\/#\\\/schema\\\/person\\\/92a59f585073071c7be6649e84b22f78\"},\"headline\":\"38a Caminada de Festa Major\",\"datePublished\":\"2017-08-27T22:51:05+00:00\",\"dateModified\":\"2020-06-30T20:14:13+00:00\",\"mainEntityOfPage\":{\"@id\":\"https:\\\/\\\/cetaradell.cat\\\/ce\\\/38a-caminada-de-festa-major\\\/\"},\"wordCount\":207,\"image\":{\"@id\":\"https:\\\/\\\/cetaradell.cat\\\/ce\\\/38a-caminada-de-festa-major\\\/#primaryimage\"},\"thumbnailUrl\":\"https:\\\/\\\/cetaradell.cat\\\/ce\\\/wp-content\\\/uploads\\\/Caminada-festa-major-Taradell_3.jpg\",\"articleSection\":[\"Activitats socials\",\"Not\u00edcies\"],\"inLanguage\":\"ca\"},{\"@type\":\"WebPage\",\"@id\":\"https:\\\/\\\/cetaradell.cat\\\/ce\\\/38a-caminada-de-festa-major\\\/\",\"url\":\"https:\\\/\\\/cetaradell.cat\\\/ce\\\/38a-caminada-de-festa-major\\\/\",\"name\":\"38a Caminada de Festa Major - Centre Excursionista Taradell\",\"isPartOf\":{\"@id\":\"https:\\\/\\\/cetaradell.cat\\\/ce\\\/#website\"},\"primaryImageOfPage\":{\"@id\":\"https:\\\/\\\/cetaradell.cat\\\/ce\\\/38a-caminada-de-festa-major\\\/#primaryimage\"},\"image\":{\"@id\":\"https:\\\/\\\/cetaradell.cat\\\/ce\\\/38a-caminada-de-festa-major\\\/#primaryimage\"},\"thumbnailUrl\":\"https:\\\/\\\/cetaradell.cat\\\/ce\\\/wp-content\\\/uploads\\\/Caminada-festa-major-Taradell_3.jpg\",\"datePublished\":\"2017-08-27T22:51:05+00:00\",\"dateModified\":\"2020-06-30T20:14:13+00:00\",\"author\":{\"@id\":\"https:\\\/\\\/cetaradell.cat\\\/ce\\\/#\\\/schema\\\/person\\\/92a59f585073071c7be6649e84b22f78\"},\"breadcrumb\":{\"@id\":\"https:\\\/\\\/cetaradell.cat\\\/ce\\\/38a-caminada-de-festa-major\\\/#breadcrumb\"},\"inLanguage\":\"ca\",\"potentialAction\":[{\"@type\":\"ReadAction\",\"target\":[\"https:\\\/\\\/cetaradell.cat\\\/ce\\\/38a-caminada-de-festa-major\\\/\"]}]},{\"@type\":\"ImageObject\",\"inLanguage\":\"ca\",\"@id\":\"https:\\\/\\\/cetaradell.cat\\\/ce\\\/38a-caminada-de-festa-major\\\/#primaryimage\",\"url\":\"https:\\\/\\\/cetaradell.cat\\\/ce\\\/wp-content\\\/uploads\\\/Caminada-festa-major-Taradell_3.jpg\",\"contentUrl\":\"https:\\\/\\\/cetaradell.cat\\\/ce\\\/wp-content\\\/uploads\\\/Caminada-festa-major-Taradell_3.jpg\",\"width\":1000,\"height\":664},{\"@type\":\"BreadcrumbList\",\"@id\":\"https:\\\/\\\/cetaradell.cat\\\/ce\\\/38a-caminada-de-festa-major\\\/#breadcrumb\",\"itemListElement\":[{\"@type\":\"ListItem\",\"position\":1,\"name\":\"Inici\",\"item\":\"https:\\\/\\\/cetaradell.cat\\\/ce\\\/\"},{\"@type\":\"ListItem\",\"position\":2,\"name\":\"38a Caminada de Festa Major\"}]},{\"@type\":\"WebSite\",\"@id\":\"https:\\\/\\\/cetaradell.cat\\\/ce\\\/#website\",\"url\":\"https:\\\/\\\/cetaradell.cat\\\/ce\\\/\",\"name\":\"Centre Excursionista Taradell\",\"description\":\"\",\"potentialAction\":[{\"@type\":\"SearchAction\",\"target\":{\"@type\":\"EntryPoint\",\"urlTemplate\":\"https:\\\/\\\/cetaradell.cat\\\/ce\\\/?s={search_term_string}\"},\"query-input\":{\"@type\":\"PropertyValueSpecification\",\"valueRequired\":true,\"valueName\":\"search_term_string\"}}],\"inLanguage\":\"ca\"},{\"@type\":\"Person\",\"@id\":\"https:\\\/\\\/cetaradell.cat\\\/ce\\\/#\\\/schema\\\/person\\\/92a59f585073071c7be6649e84b22f78\",\"name\":\"CET\",\"image\":{\"@type\":\"ImageObject\",\"inLanguage\":\"ca\",\"@id\":\"https:\\\/\\\/secure.gravatar.com\\\/avatar\\\/d6fbe010d42056feccc0f613ed07277a5118442805079269f12dabdc42e1a727?s=96&d=mm&r=g\",\"url\":\"https:\\\/\\\/secure.gravatar.com\\\/avatar\\\/d6fbe010d42056feccc0f613ed07277a5118442805079269f12dabdc42e1a727?s=96&d=mm&r=g\",\"contentUrl\":\"https:\\\/\\\/secure.gravatar.com\\\/avatar\\\/d6fbe010d42056feccc0f613ed07277a5118442805079269f12dabdc42e1a727?s=96&d=mm&r=g\",\"caption\":\"CET\"},\"url\":\"https:\\\/\\\/cetaradell.cat\\\/ce\\\/author\\\/root\\\/\"}]}<\/script>\n<!-- \/ Yoast SEO plugin. -->","yoast_head_json":{"title":"38a Caminada de Festa Major - Centre Excursionista Taradell","robots":{"index":"index","follow":"follow","max-snippet":"max-snippet:-1","max-image-preview":"max-image-preview:large","max-video-preview":"max-video-preview:-1"},"canonical":"https:\/\/cetaradell.cat\/ce\/38a-caminada-de-festa-major\/","og_locale":"ca_ES","og_type":"article","og_title":"38a Caminada de Festa Major - Centre Excursionista Taradell","og_description":"El diumenge dia 27 d\u2019agost, per 38\u00e8 any consecutiu el Centre Excursionista Taradell va organitzar la tradicional caminada de la Festa Major de Taradell. Es aquesta edici\u00f3 hi van prendre part prop de 200 persones. La sortida es va fer a la pla\u00e7a de les Eres, cap a\u00a0 2\/4 de [...]","og_url":"https:\/\/cetaradell.cat\/ce\/38a-caminada-de-festa-major\/","og_site_name":"Centre Excursionista Taradell","article_publisher":"https:\/\/www.facebook.com\/CETaradell\/","article_published_time":"2017-08-27T22:51:05+00:00","article_modified_time":"2020-06-30T20:14:13+00:00","og_image":[{"width":1000,"height":664,"url":"https:\/\/cetaradell.cat\/ce\/wp-content\/uploads\/Caminada-festa-major-Taradell_3.jpg","type":"image\/jpeg"}],"author":"CET","twitter_card":"summary_large_image","twitter_misc":{"Escrit per":"CET","Temps estimat de lectura":"1 minut"},"schema":{"@context":"https:\/\/schema.org","@graph":[{"@type":"Article","@id":"https:\/\/cetaradell.cat\/ce\/38a-caminada-de-festa-major\/#article","isPartOf":{"@id":"https:\/\/cetaradell.cat\/ce\/38a-caminada-de-festa-major\/"},"author":{"name":"CET","@id":"https:\/\/cetaradell.cat\/ce\/#\/schema\/person\/92a59f585073071c7be6649e84b22f78"},"headline":"38a Caminada de Festa Major","datePublished":"2017-08-27T22:51:05+00:00","dateModified":"2020-06-30T20:14:13+00:00","mainEntityOfPage":{"@id":"https:\/\/cetaradell.cat\/ce\/38a-caminada-de-festa-major\/"},"wordCount":207,"image":{"@id":"https:\/\/cetaradell.cat\/ce\/38a-caminada-de-festa-major\/#primaryimage"},"thumbnailUrl":"https:\/\/cetaradell.cat\/ce\/wp-content\/uploads\/Caminada-festa-major-Taradell_3.jpg","articleSection":["Activitats socials","Not\u00edcies"],"inLanguage":"ca"},{"@type":"WebPage","@id":"https:\/\/cetaradell.cat\/ce\/38a-caminada-de-festa-major\/","url":"https:\/\/cetaradell.cat\/ce\/38a-caminada-de-festa-major\/","name":"38a Caminada de Festa Major - Centre Excursionista Taradell","isPartOf":{"@id":"https:\/\/cetaradell.cat\/ce\/#website"},"primaryImageOfPage":{"@id":"https:\/\/cetaradell.cat\/ce\/38a-caminada-de-festa-major\/#primaryimage"},"image":{"@id":"https:\/\/cetaradell.cat\/ce\/38a-caminada-de-festa-major\/#primaryimage"},"thumbnailUrl":"https:\/\/cetaradell.cat\/ce\/wp-content\/uploads\/Caminada-festa-major-Taradell_3.jpg","datePublished":"2017-08-27T22:51:05+00:00","dateModified":"2020-06-30T20:14:13+00:00","author":{"@id":"https:\/\/cetaradell.cat\/ce\/#\/schema\/person\/92a59f585073071c7be6649e84b22f78"},"breadcrumb":{"@id":"https:\/\/cetaradell.cat\/ce\/38a-caminada-de-festa-major\/#breadcrumb"},"inLanguage":"ca","potentialAction":[{"@type":"ReadAction","target":["https:\/\/cetaradell.cat\/ce\/38a-caminada-de-festa-major\/"]}]},{"@type":"ImageObject","inLanguage":"ca","@id":"https:\/\/cetaradell.cat\/ce\/38a-caminada-de-festa-major\/#primaryimage","url":"https:\/\/cetaradell.cat\/ce\/wp-content\/uploads\/Caminada-festa-major-Taradell_3.jpg","contentUrl":"https:\/\/cetaradell.cat\/ce\/wp-content\/uploads\/Caminada-festa-major-Taradell_3.jpg","width":1000,"height":664},{"@type":"BreadcrumbList","@id":"https:\/\/cetaradell.cat\/ce\/38a-caminada-de-festa-major\/#breadcrumb","itemListElement":[{"@type":"ListItem","position":1,"name":"Inici","item":"https:\/\/cetaradell.cat\/ce\/"},{"@type":"ListItem","position":2,"name":"38a Caminada de Festa Major"}]},{"@type":"WebSite","@id":"https:\/\/cetaradell.cat\/ce\/#website","url":"https:\/\/cetaradell.cat\/ce\/","name":"Centre Excursionista Taradell","description":"","potentialAction":[{"@type":"SearchAction","target":{"@type":"EntryPoint","urlTemplate":"https:\/\/cetaradell.cat\/ce\/?s={search_term_string}"},"query-input":{"@type":"PropertyValueSpecification","valueRequired":true,"valueName":"search_term_string"}}],"inLanguage":"ca"},{"@type":"Person","@id":"https:\/\/cetaradell.cat\/ce\/#\/schema\/person\/92a59f585073071c7be6649e84b22f78","name":"CET","image":{"@type":"ImageObject","inLanguage":"ca","@id":"https:\/\/secure.gravatar.com\/avatar\/d6fbe010d42056feccc0f613ed07277a5118442805079269f12dabdc42e1a727?s=96&d=mm&r=g","url":"https:\/\/secure.gravatar.com\/avatar\/d6fbe010d42056feccc0f613ed07277a5118442805079269f12dabdc42e1a727?s=96&d=mm&r=g","contentUrl":"https:\/\/secure.gravatar.com\/avatar\/d6fbe010d42056feccc0f613ed07277a5118442805079269f12dabdc42e1a727?s=96&d=mm&r=g","caption":"CET"},"url":"https:\/\/cetaradell.cat\/ce\/author\/root\/"}]}},"_links":{"self":[{"href":"https:\/\/cetaradell.cat\/ce\/wp-json\/wp\/v2\/posts\/5760","targetHints":{"allow":["GET"]}}],"collection":[{"href":"https:\/\/cetaradell.cat\/ce\/wp-json\/wp\/v2\/posts"}],"about":[{"href":"https:\/\/cetaradell.cat\/ce\/wp-json\/wp\/v2\/types\/post"}],"author":[{"embeddable":true,"href":"https:\/\/cetaradell.cat\/ce\/wp-json\/wp\/v2\/users\/1"}],"replies":[{"embeddable":true,"href":"https:\/\/cetaradell.cat\/ce\/wp-json\/wp\/v2\/comments?post=5760"}],"version-history":[{"count":0,"href":"https:\/\/cetaradell.cat\/ce\/wp-json\/wp\/v2\/posts\/5760\/revisions"}],"wp:featuredmedia":[{"embeddable":true,"href":"https:\/\/cetaradell.cat\/ce\/wp-json\/wp\/v2\/media\/5728"}],"wp:attachment":[{"href":"https:\/\/cetaradell.cat\/ce\/wp-json\/wp\/v2\/media?parent=5760"}],"wp:term":[{"taxonomy":"category","embeddable":true,"href":"https:\/\/cetaradell.cat\/ce\/wp-json\/wp\/v2\/categories?post=5760"},{"taxonomy":"post_tag","embeddable":true,"href":"https:\/\/cetaradell.cat\/ce\/wp-json\/wp\/v2\/tags?post=5760"}],"curies":[{"name":"wp","href":"https:\/\/api.w.org\/{rel}","templated":true}]}}