{"id":5771,"date":"2017-08-31T23:28:30","date_gmt":"2017-08-31T22:28:30","guid":{"rendered":"https:\/\/cetaradell.cat\/ce\/?p=5771"},"modified":"2020-06-30T21:13:11","modified_gmt":"2020-06-30T20:13:11","slug":"curses-dagost-del-cet-lenclusa","status":"publish","type":"post","link":"https:\/\/cetaradell.cat\/ce\/curses-dagost-del-cet-lenclusa\/","title":{"rendered":"Curses d\u2019agost del CET-L\u2019Enclusa"},"content":{"rendered":"<ul>\n<li><strong>Matterhorn Ultraks<\/strong><\/li>\n<\/ul>\n<div id=\"attachment_5772\" style=\"width: 310px\" class=\"wp-caption alignleft\"><a href=\"https:\/\/cetaradell.cat\/ce\/wp-content\/uploads\/2017-08-26-Matternhorn-Ultraks.jpg\" target=\"_blank\" rel=\"attachment noopener wp-att-5772 noreferrer\"><img decoding=\"async\" aria-describedby=\"caption-attachment-5772\" class=\"wp-image-5772 size-medium\" src=\"https:\/\/cetaradell.cat\/ce\/wp-content\/uploads\/2017-08-26-Matternhorn-Ultraks-300x200.jpg\" alt=\"2017-08-26-Matternhorn-Ultraks\" width=\"300\" height=\"200\" srcset=\"https:\/\/cetaradell.cat\/ce\/wp-content\/uploads\/2017-08-26-Matternhorn-Ultraks-300x200.jpg 300w, https:\/\/cetaradell.cat\/ce\/wp-content\/uploads\/2017-08-26-Matternhorn-Ultraks-500x333.jpg 500w, https:\/\/cetaradell.cat\/ce\/wp-content\/uploads\/2017-08-26-Matternhorn-Ultraks-700x467.jpg 700w, https:\/\/cetaradell.cat\/ce\/wp-content\/uploads\/2017-08-26-Matternhorn-Ultraks-768x512.jpg 768w, https:\/\/cetaradell.cat\/ce\/wp-content\/uploads\/2017-08-26-Matternhorn-Ultraks-1024x683.jpg 1024w, https:\/\/cetaradell.cat\/ce\/wp-content\/uploads\/2017-08-26-Matternhorn-Ultraks.jpg 1050w\" sizes=\"(max-width: 300px) 100vw, 300px\" \/><\/a><p id=\"caption-attachment-5772\" class=\"wp-caption-text\">Albert Pujol amb l\u2019equip de la FEEC (Foto: Sportograf.com\/Matterhorn Ultraks)<\/p><\/div>\n<p>A la localitat su\u00efssa de Zermatt (Valais) entre els dies 25 i 26 d\u2019agost es va disputar la cl\u00e0ssica cursa per muntanya <strong>Matterhorn Ultraks<\/strong>, amb un recorregut circular de 49 km i un desnivell positiu acumulat de 3.600 metres (desnivell total acumulat 7.000 metres).\u00a0 Aquesta prova \u00a0puntuava per a la copa del m\u00f3n de les Skyrunner World Series i hi van participar 6 corredors de la selecci\u00f3 catalana de la FEEC: Laia Andreu (UE Vic), Eduard Hern\u00e1ndez (AE Matxacuca), <strong>Albert Pujol (CE Taradell)<\/strong>, Eugeni Gil (La Molina Club d\u2019Esports),\u00a0 Sergi Rodr\u00edguez (CE de la Segarra) i Victor Mier (CE Madteam).<\/p>\n<p>Degut a la duresa de la prova nom\u00e9s 3 dels corredors de la selecci\u00f3 catalana van aconseguir acabar la cursa per\u00f2 ho van fer en posicions destacades. Aix\u00ed, doncs, en categoria masculina, <strong>Eugeni Gil (La Molina Club d\u2019Esports) <\/strong>va aconseguir el <strong>segon lloc<\/strong> amb una cursa m\u00e9s que notable, de manera que cada cop t\u00e9 m\u00e9s a prop l\u2019opci\u00f3 de lluitar per entrar al <em>top ten<\/em> de la classificaci\u00f3 general. Van completar el podi mascul\u00ed Marco De Gasperi (1er) i Martin Anthamatten (3er). <strong>Albert Pujol<\/strong> <strong>(CE Taradell)<\/strong> es va classificar en un destacat 14\u00e8 lloc, malgrat va tenir algun problema f\u00edsic, d\u2019entre els m\u00e9s de 700 participants provinent d\u2019una quarantena de pa\u00efsos.<\/p>\n<p>A les atletes catalanes encara els va anar molt millor, ja que a la Matterhorn Ultraks el podi femen\u00ed va ser plenament catal\u00e0. <strong>Laia Andreu<\/strong> <strong>(UE Vic)<\/strong> de la selecci\u00f3 catalana es va classificar en <strong>segon lloc<\/strong>, l\u2019holandesa establerta a Catalunya, Ragna Debats (Chemo-Tuga) en primer lloc i el tercer va ser per Sheyla Avil\u00e9s (Buff), les dues sortides del planter de la selecci\u00f3. Silvia Puigarnau (AE Matxacuca) i Paloma Lobera (AE Matxacuca) van entrat tamb\u00e9 en el<em> top ten<\/em>, setena i vuitena respectivament.<\/p>\n<p>&nbsp;<\/p>\n","protected":false},"excerpt":{"rendered":"<p>Matterhorn Ultraks A la localitat su\u00efssa de Zermatt (Valais) entre els dies 25 i 26 d\u2019agost es va disputar la cl\u00e0ssica cursa per muntanya Matterhorn Ultraks, amb un recorregut circular de 49 km i un desnivell positiu acumulat de 3.600 metres (desnivell total acumulat 7.000 metres).\u00a0 Aquesta prova \u00a0puntuava per  [&#8230;]<\/p>\n","protected":false},"author":1,"featured_media":5772,"comment_status":"closed","ping_status":"closed","sticky":false,"template":"","format":"standard","meta":{"footnotes":""},"categories":[32,3],"tags":[],"class_list":["post-5771","post","type-post","status-publish","format-standard","has-post-thumbnail","hentry","category-equip-cet-lenclusa","category-noticies"],"yoast_head":"<!-- This site is optimized with the Yoast SEO plugin v27.5 - https:\/\/yoast.com\/product\/yoast-seo-wordpress\/ -->\n<title>Curses d\u2019agost del CET-L\u2019Enclusa - Centre Excursionista Taradell<\/title>\n<meta name=\"robots\" content=\"index, follow, max-snippet:-1, max-image-preview:large, max-video-preview:-1\" \/>\n<link rel=\"canonical\" href=\"https:\/\/cetaradell.cat\/ce\/curses-dagost-del-cet-lenclusa\/\" \/>\n<meta property=\"og:locale\" content=\"ca_ES\" \/>\n<meta property=\"og:type\" content=\"article\" \/>\n<meta property=\"og:title\" content=\"Curses d\u2019agost del CET-L\u2019Enclusa - Centre Excursionista Taradell\" \/>\n<meta property=\"og:description\" content=\"Matterhorn Ultraks A la localitat su\u00efssa de Zermatt (Valais) entre els dies 25 i 26 d\u2019agost es va disputar la cl\u00e0ssica cursa per muntanya Matterhorn Ultraks, amb un recorregut circular de 49 km i un desnivell positiu acumulat de 3.600 metres (desnivell total acumulat 7.000 metres).\u00a0 Aquesta prova \u00a0puntuava per [...]\" \/>\n<meta property=\"og:url\" content=\"https:\/\/cetaradell.cat\/ce\/curses-dagost-del-cet-lenclusa\/\" \/>\n<meta property=\"og:site_name\" content=\"Centre Excursionista Taradell\" \/>\n<meta property=\"article:publisher\" content=\"https:\/\/www.facebook.com\/CETaradell\/\" \/>\n<meta property=\"article:published_time\" content=\"2017-08-31T22:28:30+00:00\" \/>\n<meta property=\"article:modified_time\" content=\"2020-06-30T20:13:11+00:00\" \/>\n<meta property=\"og:image\" content=\"https:\/\/cetaradell.cat\/ce\/wp-content\/uploads\/2017-08-26-Matternhorn-Ultraks.jpg\" \/>\n\t<meta property=\"og:image:width\" content=\"1050\" \/>\n\t<meta property=\"og:image:height\" content=\"700\" \/>\n\t<meta property=\"og:image:type\" content=\"image\/jpeg\" \/>\n<meta name=\"author\" content=\"CET\" \/>\n<meta name=\"twitter:card\" content=\"summary_large_image\" \/>\n<meta name=\"twitter:label1\" content=\"Escrit per\" \/>\n\t<meta name=\"twitter:data1\" content=\"CET\" \/>\n\t<meta name=\"twitter:label2\" content=\"Temps estimat de lectura\" \/>\n\t<meta name=\"twitter:data2\" content=\"2 minuts\" \/>\n<script type=\"application\/ld+json\" class=\"yoast-schema-graph\">{\"@context\":\"https:\\\/\\\/schema.org\",\"@graph\":[{\"@type\":\"Article\",\"@id\":\"https:\\\/\\\/cetaradell.cat\\\/ce\\\/curses-dagost-del-cet-lenclusa\\\/#article\",\"isPartOf\":{\"@id\":\"https:\\\/\\\/cetaradell.cat\\\/ce\\\/curses-dagost-del-cet-lenclusa\\\/\"},\"author\":{\"name\":\"CET\",\"@id\":\"https:\\\/\\\/cetaradell.cat\\\/ce\\\/#\\\/schema\\\/person\\\/92a59f585073071c7be6649e84b22f78\"},\"headline\":\"Curses d\u2019agost del CET-L\u2019Enclusa\",\"datePublished\":\"2017-08-31T22:28:30+00:00\",\"dateModified\":\"2020-06-30T20:13:11+00:00\",\"mainEntityOfPage\":{\"@id\":\"https:\\\/\\\/cetaradell.cat\\\/ce\\\/curses-dagost-del-cet-lenclusa\\\/\"},\"wordCount\":335,\"image\":{\"@id\":\"https:\\\/\\\/cetaradell.cat\\\/ce\\\/curses-dagost-del-cet-lenclusa\\\/#primaryimage\"},\"thumbnailUrl\":\"https:\\\/\\\/cetaradell.cat\\\/ce\\\/wp-content\\\/uploads\\\/2017-08-26-Matternhorn-Ultraks.jpg\",\"articleSection\":[\"Equip CET-L'Enclusa\",\"Not\u00edcies\"],\"inLanguage\":\"ca\"},{\"@type\":\"WebPage\",\"@id\":\"https:\\\/\\\/cetaradell.cat\\\/ce\\\/curses-dagost-del-cet-lenclusa\\\/\",\"url\":\"https:\\\/\\\/cetaradell.cat\\\/ce\\\/curses-dagost-del-cet-lenclusa\\\/\",\"name\":\"Curses d\u2019agost del CET-L\u2019Enclusa - Centre Excursionista Taradell\",\"isPartOf\":{\"@id\":\"https:\\\/\\\/cetaradell.cat\\\/ce\\\/#website\"},\"primaryImageOfPage\":{\"@id\":\"https:\\\/\\\/cetaradell.cat\\\/ce\\\/curses-dagost-del-cet-lenclusa\\\/#primaryimage\"},\"image\":{\"@id\":\"https:\\\/\\\/cetaradell.cat\\\/ce\\\/curses-dagost-del-cet-lenclusa\\\/#primaryimage\"},\"thumbnailUrl\":\"https:\\\/\\\/cetaradell.cat\\\/ce\\\/wp-content\\\/uploads\\\/2017-08-26-Matternhorn-Ultraks.jpg\",\"datePublished\":\"2017-08-31T22:28:30+00:00\",\"dateModified\":\"2020-06-30T20:13:11+00:00\",\"author\":{\"@id\":\"https:\\\/\\\/cetaradell.cat\\\/ce\\\/#\\\/schema\\\/person\\\/92a59f585073071c7be6649e84b22f78\"},\"breadcrumb\":{\"@id\":\"https:\\\/\\\/cetaradell.cat\\\/ce\\\/curses-dagost-del-cet-lenclusa\\\/#breadcrumb\"},\"inLanguage\":\"ca\",\"potentialAction\":[{\"@type\":\"ReadAction\",\"target\":[\"https:\\\/\\\/cetaradell.cat\\\/ce\\\/curses-dagost-del-cet-lenclusa\\\/\"]}]},{\"@type\":\"ImageObject\",\"inLanguage\":\"ca\",\"@id\":\"https:\\\/\\\/cetaradell.cat\\\/ce\\\/curses-dagost-del-cet-lenclusa\\\/#primaryimage\",\"url\":\"https:\\\/\\\/cetaradell.cat\\\/ce\\\/wp-content\\\/uploads\\\/2017-08-26-Matternhorn-Ultraks.jpg\",\"contentUrl\":\"https:\\\/\\\/cetaradell.cat\\\/ce\\\/wp-content\\\/uploads\\\/2017-08-26-Matternhorn-Ultraks.jpg\",\"width\":1050,\"height\":700},{\"@type\":\"BreadcrumbList\",\"@id\":\"https:\\\/\\\/cetaradell.cat\\\/ce\\\/curses-dagost-del-cet-lenclusa\\\/#breadcrumb\",\"itemListElement\":[{\"@type\":\"ListItem\",\"position\":1,\"name\":\"Inici\",\"item\":\"https:\\\/\\\/cetaradell.cat\\\/ce\\\/\"},{\"@type\":\"ListItem\",\"position\":2,\"name\":\"Curses d\u2019agost del CET-L\u2019Enclusa\"}]},{\"@type\":\"WebSite\",\"@id\":\"https:\\\/\\\/cetaradell.cat\\\/ce\\\/#website\",\"url\":\"https:\\\/\\\/cetaradell.cat\\\/ce\\\/\",\"name\":\"Centre Excursionista Taradell\",\"description\":\"\",\"potentialAction\":[{\"@type\":\"SearchAction\",\"target\":{\"@type\":\"EntryPoint\",\"urlTemplate\":\"https:\\\/\\\/cetaradell.cat\\\/ce\\\/?s={search_term_string}\"},\"query-input\":{\"@type\":\"PropertyValueSpecification\",\"valueRequired\":true,\"valueName\":\"search_term_string\"}}],\"inLanguage\":\"ca\"},{\"@type\":\"Person\",\"@id\":\"https:\\\/\\\/cetaradell.cat\\\/ce\\\/#\\\/schema\\\/person\\\/92a59f585073071c7be6649e84b22f78\",\"name\":\"CET\",\"image\":{\"@type\":\"ImageObject\",\"inLanguage\":\"ca\",\"@id\":\"https:\\\/\\\/secure.gravatar.com\\\/avatar\\\/d6fbe010d42056feccc0f613ed07277a5118442805079269f12dabdc42e1a727?s=96&d=mm&r=g\",\"url\":\"https:\\\/\\\/secure.gravatar.com\\\/avatar\\\/d6fbe010d42056feccc0f613ed07277a5118442805079269f12dabdc42e1a727?s=96&d=mm&r=g\",\"contentUrl\":\"https:\\\/\\\/secure.gravatar.com\\\/avatar\\\/d6fbe010d42056feccc0f613ed07277a5118442805079269f12dabdc42e1a727?s=96&d=mm&r=g\",\"caption\":\"CET\"},\"url\":\"https:\\\/\\\/cetaradell.cat\\\/ce\\\/author\\\/root\\\/\"}]}<\/script>\n<!-- \/ Yoast SEO plugin. -->","yoast_head_json":{"title":"Curses d\u2019agost del CET-L\u2019Enclusa - Centre Excursionista Taradell","robots":{"index":"index","follow":"follow","max-snippet":"max-snippet:-1","max-image-preview":"max-image-preview:large","max-video-preview":"max-video-preview:-1"},"canonical":"https:\/\/cetaradell.cat\/ce\/curses-dagost-del-cet-lenclusa\/","og_locale":"ca_ES","og_type":"article","og_title":"Curses d\u2019agost del CET-L\u2019Enclusa - Centre Excursionista Taradell","og_description":"Matterhorn Ultraks A la localitat su\u00efssa de Zermatt (Valais) entre els dies 25 i 26 d\u2019agost es va disputar la cl\u00e0ssica cursa per muntanya Matterhorn Ultraks, amb un recorregut circular de 49 km i un desnivell positiu acumulat de 3.600 metres (desnivell total acumulat 7.000 metres).\u00a0 Aquesta prova \u00a0puntuava per [...]","og_url":"https:\/\/cetaradell.cat\/ce\/curses-dagost-del-cet-lenclusa\/","og_site_name":"Centre Excursionista Taradell","article_publisher":"https:\/\/www.facebook.com\/CETaradell\/","article_published_time":"2017-08-31T22:28:30+00:00","article_modified_time":"2020-06-30T20:13:11+00:00","og_image":[{"width":1050,"height":700,"url":"https:\/\/cetaradell.cat\/ce\/wp-content\/uploads\/2017-08-26-Matternhorn-Ultraks.jpg","type":"image\/jpeg"}],"author":"CET","twitter_card":"summary_large_image","twitter_misc":{"Escrit per":"CET","Temps estimat de lectura":"2 minuts"},"schema":{"@context":"https:\/\/schema.org","@graph":[{"@type":"Article","@id":"https:\/\/cetaradell.cat\/ce\/curses-dagost-del-cet-lenclusa\/#article","isPartOf":{"@id":"https:\/\/cetaradell.cat\/ce\/curses-dagost-del-cet-lenclusa\/"},"author":{"name":"CET","@id":"https:\/\/cetaradell.cat\/ce\/#\/schema\/person\/92a59f585073071c7be6649e84b22f78"},"headline":"Curses d\u2019agost del CET-L\u2019Enclusa","datePublished":"2017-08-31T22:28:30+00:00","dateModified":"2020-06-30T20:13:11+00:00","mainEntityOfPage":{"@id":"https:\/\/cetaradell.cat\/ce\/curses-dagost-del-cet-lenclusa\/"},"wordCount":335,"image":{"@id":"https:\/\/cetaradell.cat\/ce\/curses-dagost-del-cet-lenclusa\/#primaryimage"},"thumbnailUrl":"https:\/\/cetaradell.cat\/ce\/wp-content\/uploads\/2017-08-26-Matternhorn-Ultraks.jpg","articleSection":["Equip CET-L'Enclusa","Not\u00edcies"],"inLanguage":"ca"},{"@type":"WebPage","@id":"https:\/\/cetaradell.cat\/ce\/curses-dagost-del-cet-lenclusa\/","url":"https:\/\/cetaradell.cat\/ce\/curses-dagost-del-cet-lenclusa\/","name":"Curses d\u2019agost del CET-L\u2019Enclusa - Centre Excursionista Taradell","isPartOf":{"@id":"https:\/\/cetaradell.cat\/ce\/#website"},"primaryImageOfPage":{"@id":"https:\/\/cetaradell.cat\/ce\/curses-dagost-del-cet-lenclusa\/#primaryimage"},"image":{"@id":"https:\/\/cetaradell.cat\/ce\/curses-dagost-del-cet-lenclusa\/#primaryimage"},"thumbnailUrl":"https:\/\/cetaradell.cat\/ce\/wp-content\/uploads\/2017-08-26-Matternhorn-Ultraks.jpg","datePublished":"2017-08-31T22:28:30+00:00","dateModified":"2020-06-30T20:13:11+00:00","author":{"@id":"https:\/\/cetaradell.cat\/ce\/#\/schema\/person\/92a59f585073071c7be6649e84b22f78"},"breadcrumb":{"@id":"https:\/\/cetaradell.cat\/ce\/curses-dagost-del-cet-lenclusa\/#breadcrumb"},"inLanguage":"ca","potentialAction":[{"@type":"ReadAction","target":["https:\/\/cetaradell.cat\/ce\/curses-dagost-del-cet-lenclusa\/"]}]},{"@type":"ImageObject","inLanguage":"ca","@id":"https:\/\/cetaradell.cat\/ce\/curses-dagost-del-cet-lenclusa\/#primaryimage","url":"https:\/\/cetaradell.cat\/ce\/wp-content\/uploads\/2017-08-26-Matternhorn-Ultraks.jpg","contentUrl":"https:\/\/cetaradell.cat\/ce\/wp-content\/uploads\/2017-08-26-Matternhorn-Ultraks.jpg","width":1050,"height":700},{"@type":"BreadcrumbList","@id":"https:\/\/cetaradell.cat\/ce\/curses-dagost-del-cet-lenclusa\/#breadcrumb","itemListElement":[{"@type":"ListItem","position":1,"name":"Inici","item":"https:\/\/cetaradell.cat\/ce\/"},{"@type":"ListItem","position":2,"name":"Curses d\u2019agost del CET-L\u2019Enclusa"}]},{"@type":"WebSite","@id":"https:\/\/cetaradell.cat\/ce\/#website","url":"https:\/\/cetaradell.cat\/ce\/","name":"Centre Excursionista Taradell","description":"","potentialAction":[{"@type":"SearchAction","target":{"@type":"EntryPoint","urlTemplate":"https:\/\/cetaradell.cat\/ce\/?s={search_term_string}"},"query-input":{"@type":"PropertyValueSpecification","valueRequired":true,"valueName":"search_term_string"}}],"inLanguage":"ca"},{"@type":"Person","@id":"https:\/\/cetaradell.cat\/ce\/#\/schema\/person\/92a59f585073071c7be6649e84b22f78","name":"CET","image":{"@type":"ImageObject","inLanguage":"ca","@id":"https:\/\/secure.gravatar.com\/avatar\/d6fbe010d42056feccc0f613ed07277a5118442805079269f12dabdc42e1a727?s=96&d=mm&r=g","url":"https:\/\/secure.gravatar.com\/avatar\/d6fbe010d42056feccc0f613ed07277a5118442805079269f12dabdc42e1a727?s=96&d=mm&r=g","contentUrl":"https:\/\/secure.gravatar.com\/avatar\/d6fbe010d42056feccc0f613ed07277a5118442805079269f12dabdc42e1a727?s=96&d=mm&r=g","caption":"CET"},"url":"https:\/\/cetaradell.cat\/ce\/author\/root\/"}]}},"_links":{"self":[{"href":"https:\/\/cetaradell.cat\/ce\/wp-json\/wp\/v2\/posts\/5771","targetHints":{"allow":["GET"]}}],"collection":[{"href":"https:\/\/cetaradell.cat\/ce\/wp-json\/wp\/v2\/posts"}],"about":[{"href":"https:\/\/cetaradell.cat\/ce\/wp-json\/wp\/v2\/types\/post"}],"author":[{"embeddable":true,"href":"https:\/\/cetaradell.cat\/ce\/wp-json\/wp\/v2\/users\/1"}],"replies":[{"embeddable":true,"href":"https:\/\/cetaradell.cat\/ce\/wp-json\/wp\/v2\/comments?post=5771"}],"version-history":[{"count":0,"href":"https:\/\/cetaradell.cat\/ce\/wp-json\/wp\/v2\/posts\/5771\/revisions"}],"wp:featuredmedia":[{"embeddable":true,"href":"https:\/\/cetaradell.cat\/ce\/wp-json\/wp\/v2\/media\/5772"}],"wp:attachment":[{"href":"https:\/\/cetaradell.cat\/ce\/wp-json\/wp\/v2\/media?parent=5771"}],"wp:term":[{"taxonomy":"category","embeddable":true,"href":"https:\/\/cetaradell.cat\/ce\/wp-json\/wp\/v2\/categories?post=5771"},{"taxonomy":"post_tag","embeddable":true,"href":"https:\/\/cetaradell.cat\/ce\/wp-json\/wp\/v2\/tags?post=5771"}],"curies":[{"name":"wp","href":"https:\/\/api.w.org\/{rel}","templated":true}]}}