{"id":5826,"date":"2017-10-13T23:10:56","date_gmt":"2017-10-13T22:10:56","guid":{"rendered":"https:\/\/cetaradell.cat\/ce\/?p=5826"},"modified":"2020-06-23T09:14:31","modified_gmt":"2020-06-23T08:14:31","slug":"curses-del-juliol-del-cet-lenclusa-2","status":"publish","type":"post","link":"https:\/\/cetaradell.cat\/ce\/curses-del-juliol-del-cet-lenclusa-2\/","title":{"rendered":"Curses del setembre del CET-L\u2019Enclusa"},"content":{"rendered":"<ul>\n<li><strong>Ria\u00f1o Trail Run<\/strong><\/li>\n<\/ul>\n<div id=\"attachment_5828\" style=\"width: 310px\" class=\"wp-caption alignleft\"><a href=\"https:\/\/cetaradell.cat\/ce\/wp-content\/uploads\/2017-09-10-Ria\u00f1o_Sapin_Cupfoto_SpainUltraCup-1-1.jpg\" target=\"_blank\" rel=\"attachment noopener wp-att-5828 noreferrer\"><img decoding=\"async\" aria-describedby=\"caption-attachment-5828\" class=\"wp-image-5828 size-medium\" src=\"https:\/\/cetaradell.cat\/ce\/wp-content\/uploads\/2017-09-10-Ria\u00f1o_Sapin_Cupfoto_SpainUltraCup-1-1-300x169.jpg\" alt=\"2017-09-10-Ria\u00f1o_Sapin_Cup(foto_SpainUltraCup) (1)\" width=\"300\" height=\"169\" srcset=\"https:\/\/cetaradell.cat\/ce\/wp-content\/uploads\/2017-09-10-Ria\u00f1o_Sapin_Cupfoto_SpainUltraCup-1-1-300x169.jpg 300w, https:\/\/cetaradell.cat\/ce\/wp-content\/uploads\/2017-09-10-Ria\u00f1o_Sapin_Cupfoto_SpainUltraCup-1-1-500x281.jpg 500w, https:\/\/cetaradell.cat\/ce\/wp-content\/uploads\/2017-09-10-Ria\u00f1o_Sapin_Cupfoto_SpainUltraCup-1-1-700x394.jpg 700w, https:\/\/cetaradell.cat\/ce\/wp-content\/uploads\/2017-09-10-Ria\u00f1o_Sapin_Cupfoto_SpainUltraCup-1-1-768x432.jpg 768w, https:\/\/cetaradell.cat\/ce\/wp-content\/uploads\/2017-09-10-Ria\u00f1o_Sapin_Cupfoto_SpainUltraCup-1-1.jpg 1024w\" sizes=\"(max-width: 300px) 100vw, 300px\" \/><\/a><p id=\"caption-attachment-5828\" class=\"wp-caption-text\">Albert Pujol 1r classificat a l\u2019Open de la Ria\u00f1o Ultra Cup (Foto: Spain Ultra Cup)<\/p><\/div>\n<p>El 10 de setembre, soci de la nostra entitat <strong>Albert Pujol<\/strong> que forma part de l\u2019equip SportHG-amlsport va guanyar la prova Open de la <strong>Ria\u00f1o Trail Run<\/strong>. La prova es va disputar a Castella-Lle\u00f3 prop del Parc natural dels Pics d\u2019Europa, entre Pal\u00e8ncia i Lle\u00f3. La cursa open tenia una distancia de 48\u00a0km amb un desnivell positiu de 3.006 m i un desnivell negatiu de 3.012 m, i era de car\u00e0cter semi-autosuficient ja que nom\u00e9s constava de tres avituallaments.<\/p>\n<p>Albert Pujol va travessar la l\u00ednia d\u2019arribada amb un temps de 4 hores 49 minuts i 52 segons, amb una avantatge de 19 minuts respecte al segon classificat, Pau Vilar. Aquesta prova tamb\u00e9 puntuava per <strong>l\u2019Spain Ultra Cup<\/strong> de la qual <strong>Albert Pujol<\/strong> es mant\u00e9 <strong>l\u00edder<\/strong>.<\/p>\n<ul>\n<li><strong>Taga evo 2040<\/strong><\/li>\n<\/ul>\n<p>El dia 17 de setembre a Sant Joan de les Abadesses es va disputar la cursa de muntanya <strong>Taga evo 2040<\/strong> en la qual es van organitzar dues proves: la Can Camps de 14,7 km de recorregut amb un desnivell total acumulat de 1.646 metres on el punt m\u00e9s alt era al coll de Can Camps a 1.250 m d\u2019al\u00e7ada, i l\u2019Absolut de 27,65 km de recorregut amb un desnivell total acumulat de 4.000 metres on el punt m\u00e9s alt era el cim del Taga de 2.040 m d\u2019al\u00e7ada.<\/p>\n<p>Al circuit de <strong>Can Camps 15 km<\/strong> hi va participar el soci del CET<strong> Albert Presegu\u00e9<\/strong> el qual es va classificar en 7a posici\u00f3 dels s\u00e8niors i en la 10a de la general. Mentre que a l\u2019<strong>Absolut 28 km<\/strong> hi van participar els socis <strong>Jordi Aguilera<\/strong> i <strong>Eduard Aguilera<\/strong> que es van classificar, respectivament, en les posicions 26 i 60 de la categoria s\u00e8nior mascul\u00ed i en la 41 i 94 de la general masculina.<\/p>\n<table>\n<tbody>\n<tr>\n<td>\n<p><div id=\"attachment_5830\" style=\"width: 235px\" class=\"wp-caption aligncenter\"><a href=\"https:\/\/cetaradell.cat\/ce\/wp-content\/uploads\/2017-09-17-Taga_evo2040foto_Joan_Pous-4.jpg\" target=\"_blank\" rel=\"attachment noopener wp-att-5830 noreferrer\"><img decoding=\"async\" aria-describedby=\"caption-attachment-5830\" class=\"wp-image-5830 size-medium\" src=\"https:\/\/cetaradell.cat\/ce\/wp-content\/uploads\/2017-09-17-Taga_evo2040foto_Joan_Pous-4-225x300.jpg\" alt=\"\" width=\"225\" height=\"300\" srcset=\"https:\/\/cetaradell.cat\/ce\/wp-content\/uploads\/2017-09-17-Taga_evo2040foto_Joan_Pous-4-225x300.jpg 225w, https:\/\/cetaradell.cat\/ce\/wp-content\/uploads\/2017-09-17-Taga_evo2040foto_Joan_Pous-4-500x667.jpg 500w, https:\/\/cetaradell.cat\/ce\/wp-content\/uploads\/2017-09-17-Taga_evo2040foto_Joan_Pous-4-700x933.jpg 700w, https:\/\/cetaradell.cat\/ce\/wp-content\/uploads\/2017-09-17-Taga_evo2040foto_Joan_Pous-4-768x1024.jpg 768w, https:\/\/cetaradell.cat\/ce\/wp-content\/uploads\/2017-09-17-Taga_evo2040foto_Joan_Pous-4-scaled.jpg 1920w\" sizes=\"(max-width: 225px) 100vw, 225px\" \/><\/a><p id=\"caption-attachment-5830\" class=\"wp-caption-text\">Jordi Aguilera (Foto: Joan Pous)<\/p><\/div><\/td>\n<td>\n<p><div id=\"attachment_5829\" style=\"width: 235px\" class=\"wp-caption aligncenter\"><a href=\"https:\/\/cetaradell.cat\/ce\/wp-content\/uploads\/2017-09-17-Taga_evo2040foto_Joan_Pous-1.jpg\" target=\"_blank\" rel=\"attachment noopener wp-att-5829 noreferrer\"><img decoding=\"async\" aria-describedby=\"caption-attachment-5829\" class=\"wp-image-5829 size-medium\" src=\"https:\/\/cetaradell.cat\/ce\/wp-content\/uploads\/2017-09-17-Taga_evo2040foto_Joan_Pous-1-225x300.jpg\" alt=\"\" width=\"225\" height=\"300\" srcset=\"https:\/\/cetaradell.cat\/ce\/wp-content\/uploads\/2017-09-17-Taga_evo2040foto_Joan_Pous-1-225x300.jpg 225w, https:\/\/cetaradell.cat\/ce\/wp-content\/uploads\/2017-09-17-Taga_evo2040foto_Joan_Pous-1-500x667.jpg 500w, https:\/\/cetaradell.cat\/ce\/wp-content\/uploads\/2017-09-17-Taga_evo2040foto_Joan_Pous-1-700x933.jpg 700w, https:\/\/cetaradell.cat\/ce\/wp-content\/uploads\/2017-09-17-Taga_evo2040foto_Joan_Pous-1-768x1024.jpg 768w, https:\/\/cetaradell.cat\/ce\/wp-content\/uploads\/2017-09-17-Taga_evo2040foto_Joan_Pous-1-scaled.jpg 1920w\" sizes=\"(max-width: 225px) 100vw, 225px\" \/><\/a><p id=\"caption-attachment-5829\" class=\"wp-caption-text\">Albert Presegu\u00e9 (Foto: Joan Pous)<\/p><\/div><\/td>\n<\/tr>\n<\/tbody>\n<\/table>\n<ul>\n<li><strong>Marat\u00f3 Pirineu 2017<\/strong><\/li>\n<\/ul>\n<div id=\"attachment_5832\" style=\"width: 310px\" class=\"wp-caption alignleft\"><a href=\"https:\/\/cetaradell.cat\/ce\/wp-content\/uploads\/2017-09-23-Marat\u00f3_Pirineu2017foto-Isabel_Puig.jpg\" target=\"_blank\" rel=\"attachment noopener wp-att-5832 noreferrer\"><img decoding=\"async\" aria-describedby=\"caption-attachment-5832\" class=\"wp-image-5832 size-medium\" src=\"https:\/\/cetaradell.cat\/ce\/wp-content\/uploads\/2017-09-23-Marat\u00f3_Pirineu2017foto-Isabel_Puig-300x225.jpg\" alt=\"2017-09-23-Marat\u00f3_Pirineu2017(foto-Isabel_Puig)\" width=\"300\" height=\"225\" srcset=\"https:\/\/cetaradell.cat\/ce\/wp-content\/uploads\/2017-09-23-Marat\u00f3_Pirineu2017foto-Isabel_Puig-300x225.jpg 300w, https:\/\/cetaradell.cat\/ce\/wp-content\/uploads\/2017-09-23-Marat\u00f3_Pirineu2017foto-Isabel_Puig-500x375.jpg 500w, https:\/\/cetaradell.cat\/ce\/wp-content\/uploads\/2017-09-23-Marat\u00f3_Pirineu2017foto-Isabel_Puig-700x525.jpg 700w, https:\/\/cetaradell.cat\/ce\/wp-content\/uploads\/2017-09-23-Marat\u00f3_Pirineu2017foto-Isabel_Puig-768x576.jpg 768w, https:\/\/cetaradell.cat\/ce\/wp-content\/uploads\/2017-09-23-Marat\u00f3_Pirineu2017foto-Isabel_Puig-1024x768.jpg 1024w, https:\/\/cetaradell.cat\/ce\/wp-content\/uploads\/2017-09-23-Marat\u00f3_Pirineu2017foto-Isabel_Puig.jpg 1440w\" sizes=\"(max-width: 300px) 100vw, 300px\" \/><\/a><p id=\"caption-attachment-5832\" class=\"wp-caption-text\">Joan Llopart a la Marat\u00f3 Pirineu 2017 (Foto: Isabel Puig)<\/p><\/div>\n<p>El 23 de setembre es va celebrar la <strong>Marat\u00f3 Pirineu 2017<\/strong>. Una cursa d\u2019alta muntanya en semi-autonomia, amb 2.400 metres de desnivell positiu que recorre 45 km de dist\u00e0ncia dins del marc del parc natural del Cad\u00ed Moixer\u00f3. Amb sortida i arribada a Bellver de Cerdanya, el recorregut puja fins al pas dels Gasolans (2.430m), passant abans pel refugi de Cortals de l\u2019Ingla. A partir del Pas dels Gasolans s\u2019inicia un descens fins a Montell\u00e0-Martinet, passant pel refugi de Prat d\u2019Aguil\u00f3, per acabar finalment tornant a Bellver de Cerdanya.<\/p>\n<p><strong>Joan Llopart<\/strong>, del CE Taradell, va participar en aquesta edici\u00f3 de manera que ja sumen 185 les maratons que porta corregudes. En aquesta ocasi\u00f3 es va classificar en 27 posici\u00f3 de la categoria homes m\u00e0sters i en el lloc 536 de la general. En total hi va haver m\u00e9s de 800 participants.<\/p>\n<ul>\n<li><strong>Curses d\u2019obstacles<\/strong><\/li>\n<\/ul>\n<div id=\"attachment_5833\" style=\"width: 210px\" class=\"wp-caption alignright\"><a href=\"https:\/\/cetaradell.cat\/ce\/wp-content\/uploads\/2017-09-24-CerdnyolaAventuraRace-1.jpg\" target=\"_blank\" rel=\"attachment noopener wp-att-5833 noreferrer\"><img decoding=\"async\" aria-describedby=\"caption-attachment-5833\" class=\"wp-image-5833\" src=\"https:\/\/cetaradell.cat\/ce\/wp-content\/uploads\/2017-09-24-CerdnyolaAventuraRace-1-300x300.jpg\" alt=\"2017-09-24-CerdnyolaAventuraRace (1)\" width=\"200\" height=\"200\" srcset=\"https:\/\/cetaradell.cat\/ce\/wp-content\/uploads\/2017-09-24-CerdnyolaAventuraRace-1-60x60.jpg 60w, https:\/\/cetaradell.cat\/ce\/wp-content\/uploads\/2017-09-24-CerdnyolaAventuraRace-1-100x100.jpg 100w, https:\/\/cetaradell.cat\/ce\/wp-content\/uploads\/2017-09-24-CerdnyolaAventuraRace-1-150x150.jpg 150w, https:\/\/cetaradell.cat\/ce\/wp-content\/uploads\/2017-09-24-CerdnyolaAventuraRace-1-300x300.jpg 300w, https:\/\/cetaradell.cat\/ce\/wp-content\/uploads\/2017-09-24-CerdnyolaAventuraRace-1-500x500.jpg 500w, https:\/\/cetaradell.cat\/ce\/wp-content\/uploads\/2017-09-24-CerdnyolaAventuraRace-1-700x700.jpg 700w, https:\/\/cetaradell.cat\/ce\/wp-content\/uploads\/2017-09-24-CerdnyolaAventuraRace-1-768x768.jpg 768w, https:\/\/cetaradell.cat\/ce\/wp-content\/uploads\/2017-09-24-CerdnyolaAventuraRace-1.jpg 830w\" sizes=\"(max-width: 200px) 100vw, 200px\" \/><\/a><p id=\"caption-attachment-5833\" class=\"wp-caption-text\">Laura Chaparro, Nestor Terribas, Carlos Cot\u00e9s i Albert Presegu\u00e9 tercers a la Cerdanyola Aventura Race per equips<\/p><\/div>\n<p>El dia 24 de setembre al Bosc Tancat de Cerdanyola del Vall\u00e8s es va disputar la <strong>Cerdanyola Aventure Race<\/strong> per equips. Els equips els havien d\u2019integrar 4 persones que s\u2019havien d\u2019anar rellevant durant 4 hores en un circuit de 2,7 quil\u00f2metres i amb m\u00e9s de 20 obstacles per volta.<\/p>\n<p>L\u2019equip format per Laura Chaparro, Nestor Terribas, Carlos Cot\u00e9s i <strong>Albert Presegu\u00e9<\/strong> del <strong>CET-L\u2019Enclusa<\/strong> es van classificar en <strong>3a posici\u00f3<\/strong> de la categoria \u00c8lit despr\u00e9s d\u2019una aferrissada lluita amb el 4t equips al quan nom\u00e9s van aconseguir treure\u2019ls 30 segons d\u2019avantatge.<\/p>\n<p>&nbsp;<\/p>\n<ul>\n<li><strong>5 Cims<\/strong><\/li>\n<\/ul>\n<p>El 30 de setembre a Breda va tenir lloc la 6a edici\u00f3 de la cursa per muntanya <strong>5 Cims 2017 <\/strong>, la qual va tenir el seu recorregut pel Parc Natural del Montseny. El bosc de les Agudes, el pant\u00e0 de Santa F\u00e9, la Font dels Passavets, el Tur\u00f3 Gros (1.644 m), el Tur\u00f3 de l&#8217;Home (1.712 m), Les Agudes (1.706 m), El Convent, Coll de Te, el Tur\u00f3 de Monfort (735 m) i el Castell de Monsoriu (649m) van ser alguns del llocs m\u00e9s emblem\u00e0tics pels quals passaven els recorreguts de les tres proves que es van organitzat. La cursa m\u00e9s llarga va tenir un recorregut de 45 km amb 2.050 m de desnivell positiu,\u00a0 la mitjana de 24 km amb un desnivell positiu de 850 m i la curta de 17 km amb 670 m de desnivell positiu.<\/p>\n<p>A la cursa de 24 km hi va participar Lle\u00efr Pladevall que amb un temps de 1:56:18 es va classificar en 4a posici\u00f3 i a la de 17 km hi va participar Miquel Codony que amb un temps de 1:47:50 es va classificar en 22\u00e8 lloc.<\/p>\n<table>\n<tbody>\n<tr>\n<td>\n<p><div id=\"attachment_5835\" style=\"width: 310px\" class=\"wp-caption aligncenter\"><a href=\"https:\/\/cetaradell.cat\/ce\/wp-content\/uploads\/2017-09-30-5Cims2017foto_Besttrail-3.jpg\" target=\"_blank\" rel=\"attachment noopener wp-att-5835 noreferrer\"><img decoding=\"async\" aria-describedby=\"caption-attachment-5835\" class=\"wp-image-5835 size-medium\" src=\"https:\/\/cetaradell.cat\/ce\/wp-content\/uploads\/2017-09-30-5Cims2017foto_Besttrail-3-300x175.jpg\" alt=\"2017-09-30-5Cims2017(foto_Besttrail) (3)\" width=\"300\" height=\"175\" srcset=\"https:\/\/cetaradell.cat\/ce\/wp-content\/uploads\/2017-09-30-5Cims2017foto_Besttrail-3-300x175.jpg 300w, https:\/\/cetaradell.cat\/ce\/wp-content\/uploads\/2017-09-30-5Cims2017foto_Besttrail-3-500x292.jpg 500w, https:\/\/cetaradell.cat\/ce\/wp-content\/uploads\/2017-09-30-5Cims2017foto_Besttrail-3-700x408.jpg 700w, https:\/\/cetaradell.cat\/ce\/wp-content\/uploads\/2017-09-30-5Cims2017foto_Besttrail-3-768x448.jpg 768w, https:\/\/cetaradell.cat\/ce\/wp-content\/uploads\/2017-09-30-5Cims2017foto_Besttrail-3-1024x597.jpg 1024w, https:\/\/cetaradell.cat\/ce\/wp-content\/uploads\/2017-09-30-5Cims2017foto_Besttrail-3.jpg 1500w\" sizes=\"(max-width: 300px) 100vw, 300px\" \/><\/a><p id=\"caption-attachment-5835\" class=\"wp-caption-text\">Lle\u00efr Pladevall a la cursa de 24 km (Foto: Besttrail)<\/p><\/div><\/td>\n<td>\n<p><div id=\"attachment_5834\" style=\"width: 310px\" class=\"wp-caption aligncenter\"><a href=\"https:\/\/cetaradell.cat\/ce\/wp-content\/uploads\/2017-09-30-5Cims2017foto_Besttrail-2.jpg\" target=\"_blank\" rel=\"attachment noopener wp-att-5834 noreferrer\"><img decoding=\"async\" aria-describedby=\"caption-attachment-5834\" class=\"wp-image-5834 size-medium\" src=\"https:\/\/cetaradell.cat\/ce\/wp-content\/uploads\/2017-09-30-5Cims2017foto_Besttrail-2-300x175.jpg\" alt=\"2017-09-30-5Cims2017(foto_Besttrail) (2)\" width=\"300\" height=\"175\" srcset=\"https:\/\/cetaradell.cat\/ce\/wp-content\/uploads\/2017-09-30-5Cims2017foto_Besttrail-2-300x175.jpg 300w, https:\/\/cetaradell.cat\/ce\/wp-content\/uploads\/2017-09-30-5Cims2017foto_Besttrail-2-500x292.jpg 500w, https:\/\/cetaradell.cat\/ce\/wp-content\/uploads\/2017-09-30-5Cims2017foto_Besttrail-2-700x408.jpg 700w, https:\/\/cetaradell.cat\/ce\/wp-content\/uploads\/2017-09-30-5Cims2017foto_Besttrail-2-768x448.jpg 768w, https:\/\/cetaradell.cat\/ce\/wp-content\/uploads\/2017-09-30-5Cims2017foto_Besttrail-2-1024x597.jpg 1024w, https:\/\/cetaradell.cat\/ce\/wp-content\/uploads\/2017-09-30-5Cims2017foto_Besttrail-2.jpg 1500w\" sizes=\"(max-width: 300px) 100vw, 300px\" \/><\/a><p id=\"caption-attachment-5834\" class=\"wp-caption-text\">Miquel Codony a la cursa de 17 km (Foto: Besttrail)<\/p><\/div><\/td>\n<\/tr>\n<\/tbody>\n<\/table>\n<p>&nbsp;<\/p>\n<p><strong>\u00a0<\/strong><\/p>\n","protected":false},"excerpt":{"rendered":"<p>Ria\u00f1o Trail Run El 10 de setembre, soci de la nostra entitat Albert Pujol que forma part de l\u2019equip SportHG-amlsport va guanyar la prova Open de la Ria\u00f1o Trail Run. La prova es va disputar a Castella-Lle\u00f3 prop del Parc natural dels Pics d\u2019Europa, entre Pal\u00e8ncia i Lle\u00f3. La cursa  [&#8230;]<\/p>\n","protected":false},"author":1,"featured_media":5778,"comment_status":"closed","ping_status":"closed","sticky":false,"template":"","format":"standard","meta":{"footnotes":""},"categories":[32,3],"tags":[],"class_list":["post-5826","post","type-post","status-publish","format-standard","has-post-thumbnail","hentry","category-equip-cet-lenclusa","category-noticies"],"yoast_head":"<!-- This site is optimized with the Yoast SEO plugin v27.5 - https:\/\/yoast.com\/product\/yoast-seo-wordpress\/ -->\n<title>Curses del setembre del CET-L\u2019Enclusa - Centre Excursionista Taradell<\/title>\n<meta name=\"robots\" content=\"index, follow, max-snippet:-1, max-image-preview:large, max-video-preview:-1\" \/>\n<link rel=\"canonical\" href=\"https:\/\/cetaradell.cat\/ce\/curses-del-juliol-del-cet-lenclusa-2\/\" \/>\n<meta property=\"og:locale\" content=\"ca_ES\" \/>\n<meta property=\"og:type\" content=\"article\" \/>\n<meta property=\"og:title\" content=\"Curses del setembre del CET-L\u2019Enclusa - Centre Excursionista Taradell\" \/>\n<meta property=\"og:description\" content=\"Ria\u00f1o Trail Run El 10 de setembre, soci de la nostra entitat Albert Pujol que forma part de l\u2019equip SportHG-amlsport va guanyar la prova Open de la Ria\u00f1o Trail Run. La prova es va disputar a Castella-Lle\u00f3 prop del Parc natural dels Pics d\u2019Europa, entre Pal\u00e8ncia i Lle\u00f3. La cursa [...]\" \/>\n<meta property=\"og:url\" content=\"https:\/\/cetaradell.cat\/ce\/curses-del-juliol-del-cet-lenclusa-2\/\" \/>\n<meta property=\"og:site_name\" content=\"Centre Excursionista Taradell\" \/>\n<meta property=\"article:publisher\" content=\"https:\/\/www.facebook.com\/CETaradell\/\" \/>\n<meta property=\"article:published_time\" content=\"2017-10-13T22:10:56+00:00\" \/>\n<meta property=\"article:modified_time\" content=\"2020-06-23T08:14:31+00:00\" \/>\n<meta property=\"og:image\" content=\"https:\/\/cetaradell.cat\/ce\/wp-content\/uploads\/2017-09-10-Ria\u00f1o_Sapin_Cupfoto_SpainUltraCup-1.jpg\" \/>\n\t<meta property=\"og:image:width\" content=\"1024\" \/>\n\t<meta property=\"og:image:height\" content=\"576\" \/>\n\t<meta property=\"og:image:type\" content=\"image\/jpeg\" \/>\n<meta name=\"author\" content=\"CET\" \/>\n<meta name=\"twitter:card\" content=\"summary_large_image\" \/>\n<meta name=\"twitter:label1\" content=\"Escrit per\" \/>\n\t<meta name=\"twitter:data1\" content=\"CET\" \/>\n\t<meta name=\"twitter:label2\" content=\"Temps estimat de lectura\" \/>\n\t<meta name=\"twitter:data2\" content=\"4 minuts\" \/>\n<script type=\"application\/ld+json\" class=\"yoast-schema-graph\">{\"@context\":\"https:\\\/\\\/schema.org\",\"@graph\":[{\"@type\":\"Article\",\"@id\":\"https:\\\/\\\/cetaradell.cat\\\/ce\\\/curses-del-juliol-del-cet-lenclusa-2\\\/#article\",\"isPartOf\":{\"@id\":\"https:\\\/\\\/cetaradell.cat\\\/ce\\\/curses-del-juliol-del-cet-lenclusa-2\\\/\"},\"author\":{\"name\":\"CET\",\"@id\":\"https:\\\/\\\/cetaradell.cat\\\/ce\\\/#\\\/schema\\\/person\\\/92a59f585073071c7be6649e84b22f78\"},\"headline\":\"Curses del setembre del CET-L\u2019Enclusa\",\"datePublished\":\"2017-10-13T22:10:56+00:00\",\"dateModified\":\"2020-06-23T08:14:31+00:00\",\"mainEntityOfPage\":{\"@id\":\"https:\\\/\\\/cetaradell.cat\\\/ce\\\/curses-del-juliol-del-cet-lenclusa-2\\\/\"},\"wordCount\":841,\"image\":{\"@id\":\"https:\\\/\\\/cetaradell.cat\\\/ce\\\/curses-del-juliol-del-cet-lenclusa-2\\\/#primaryimage\"},\"thumbnailUrl\":\"https:\\\/\\\/cetaradell.cat\\\/ce\\\/wp-content\\\/uploads\\\/2017-09-10-Ria\u00f1o_Sapin_Cupfoto_SpainUltraCup-1.jpg\",\"articleSection\":[\"Equip CET-L'Enclusa\",\"Not\u00edcies\"],\"inLanguage\":\"ca\"},{\"@type\":\"WebPage\",\"@id\":\"https:\\\/\\\/cetaradell.cat\\\/ce\\\/curses-del-juliol-del-cet-lenclusa-2\\\/\",\"url\":\"https:\\\/\\\/cetaradell.cat\\\/ce\\\/curses-del-juliol-del-cet-lenclusa-2\\\/\",\"name\":\"Curses del setembre del CET-L\u2019Enclusa - Centre Excursionista Taradell\",\"isPartOf\":{\"@id\":\"https:\\\/\\\/cetaradell.cat\\\/ce\\\/#website\"},\"primaryImageOfPage\":{\"@id\":\"https:\\\/\\\/cetaradell.cat\\\/ce\\\/curses-del-juliol-del-cet-lenclusa-2\\\/#primaryimage\"},\"image\":{\"@id\":\"https:\\\/\\\/cetaradell.cat\\\/ce\\\/curses-del-juliol-del-cet-lenclusa-2\\\/#primaryimage\"},\"thumbnailUrl\":\"https:\\\/\\\/cetaradell.cat\\\/ce\\\/wp-content\\\/uploads\\\/2017-09-10-Ria\u00f1o_Sapin_Cupfoto_SpainUltraCup-1.jpg\",\"datePublished\":\"2017-10-13T22:10:56+00:00\",\"dateModified\":\"2020-06-23T08:14:31+00:00\",\"author\":{\"@id\":\"https:\\\/\\\/cetaradell.cat\\\/ce\\\/#\\\/schema\\\/person\\\/92a59f585073071c7be6649e84b22f78\"},\"breadcrumb\":{\"@id\":\"https:\\\/\\\/cetaradell.cat\\\/ce\\\/curses-del-juliol-del-cet-lenclusa-2\\\/#breadcrumb\"},\"inLanguage\":\"ca\",\"potentialAction\":[{\"@type\":\"ReadAction\",\"target\":[\"https:\\\/\\\/cetaradell.cat\\\/ce\\\/curses-del-juliol-del-cet-lenclusa-2\\\/\"]}]},{\"@type\":\"ImageObject\",\"inLanguage\":\"ca\",\"@id\":\"https:\\\/\\\/cetaradell.cat\\\/ce\\\/curses-del-juliol-del-cet-lenclusa-2\\\/#primaryimage\",\"url\":\"https:\\\/\\\/cetaradell.cat\\\/ce\\\/wp-content\\\/uploads\\\/2017-09-10-Ria\u00f1o_Sapin_Cupfoto_SpainUltraCup-1.jpg\",\"contentUrl\":\"https:\\\/\\\/cetaradell.cat\\\/ce\\\/wp-content\\\/uploads\\\/2017-09-10-Ria\u00f1o_Sapin_Cupfoto_SpainUltraCup-1.jpg\",\"width\":1024,\"height\":576},{\"@type\":\"BreadcrumbList\",\"@id\":\"https:\\\/\\\/cetaradell.cat\\\/ce\\\/curses-del-juliol-del-cet-lenclusa-2\\\/#breadcrumb\",\"itemListElement\":[{\"@type\":\"ListItem\",\"position\":1,\"name\":\"Inici\",\"item\":\"https:\\\/\\\/cetaradell.cat\\\/ce\\\/\"},{\"@type\":\"ListItem\",\"position\":2,\"name\":\"Curses del setembre del CET-L\u2019Enclusa\"}]},{\"@type\":\"WebSite\",\"@id\":\"https:\\\/\\\/cetaradell.cat\\\/ce\\\/#website\",\"url\":\"https:\\\/\\\/cetaradell.cat\\\/ce\\\/\",\"name\":\"Centre Excursionista Taradell\",\"description\":\"\",\"potentialAction\":[{\"@type\":\"SearchAction\",\"target\":{\"@type\":\"EntryPoint\",\"urlTemplate\":\"https:\\\/\\\/cetaradell.cat\\\/ce\\\/?s={search_term_string}\"},\"query-input\":{\"@type\":\"PropertyValueSpecification\",\"valueRequired\":true,\"valueName\":\"search_term_string\"}}],\"inLanguage\":\"ca\"},{\"@type\":\"Person\",\"@id\":\"https:\\\/\\\/cetaradell.cat\\\/ce\\\/#\\\/schema\\\/person\\\/92a59f585073071c7be6649e84b22f78\",\"name\":\"CET\",\"image\":{\"@type\":\"ImageObject\",\"inLanguage\":\"ca\",\"@id\":\"https:\\\/\\\/secure.gravatar.com\\\/avatar\\\/d6fbe010d42056feccc0f613ed07277a5118442805079269f12dabdc42e1a727?s=96&d=mm&r=g\",\"url\":\"https:\\\/\\\/secure.gravatar.com\\\/avatar\\\/d6fbe010d42056feccc0f613ed07277a5118442805079269f12dabdc42e1a727?s=96&d=mm&r=g\",\"contentUrl\":\"https:\\\/\\\/secure.gravatar.com\\\/avatar\\\/d6fbe010d42056feccc0f613ed07277a5118442805079269f12dabdc42e1a727?s=96&d=mm&r=g\",\"caption\":\"CET\"},\"url\":\"https:\\\/\\\/cetaradell.cat\\\/ce\\\/author\\\/root\\\/\"}]}<\/script>\n<!-- \/ Yoast SEO plugin. -->","yoast_head_json":{"title":"Curses del setembre del CET-L\u2019Enclusa - Centre Excursionista Taradell","robots":{"index":"index","follow":"follow","max-snippet":"max-snippet:-1","max-image-preview":"max-image-preview:large","max-video-preview":"max-video-preview:-1"},"canonical":"https:\/\/cetaradell.cat\/ce\/curses-del-juliol-del-cet-lenclusa-2\/","og_locale":"ca_ES","og_type":"article","og_title":"Curses del setembre del CET-L\u2019Enclusa - Centre Excursionista Taradell","og_description":"Ria\u00f1o Trail Run El 10 de setembre, soci de la nostra entitat Albert Pujol que forma part de l\u2019equip SportHG-amlsport va guanyar la prova Open de la Ria\u00f1o Trail Run. La prova es va disputar a Castella-Lle\u00f3 prop del Parc natural dels Pics d\u2019Europa, entre Pal\u00e8ncia i Lle\u00f3. La cursa [...]","og_url":"https:\/\/cetaradell.cat\/ce\/curses-del-juliol-del-cet-lenclusa-2\/","og_site_name":"Centre Excursionista Taradell","article_publisher":"https:\/\/www.facebook.com\/CETaradell\/","article_published_time":"2017-10-13T22:10:56+00:00","article_modified_time":"2020-06-23T08:14:31+00:00","og_image":[{"width":1024,"height":576,"url":"https:\/\/cetaradell.cat\/ce\/wp-content\/uploads\/2017-09-10-Ria\u00f1o_Sapin_Cupfoto_SpainUltraCup-1.jpg","type":"image\/jpeg"}],"author":"CET","twitter_card":"summary_large_image","twitter_misc":{"Escrit per":"CET","Temps estimat de lectura":"4 minuts"},"schema":{"@context":"https:\/\/schema.org","@graph":[{"@type":"Article","@id":"https:\/\/cetaradell.cat\/ce\/curses-del-juliol-del-cet-lenclusa-2\/#article","isPartOf":{"@id":"https:\/\/cetaradell.cat\/ce\/curses-del-juliol-del-cet-lenclusa-2\/"},"author":{"name":"CET","@id":"https:\/\/cetaradell.cat\/ce\/#\/schema\/person\/92a59f585073071c7be6649e84b22f78"},"headline":"Curses del setembre del CET-L\u2019Enclusa","datePublished":"2017-10-13T22:10:56+00:00","dateModified":"2020-06-23T08:14:31+00:00","mainEntityOfPage":{"@id":"https:\/\/cetaradell.cat\/ce\/curses-del-juliol-del-cet-lenclusa-2\/"},"wordCount":841,"image":{"@id":"https:\/\/cetaradell.cat\/ce\/curses-del-juliol-del-cet-lenclusa-2\/#primaryimage"},"thumbnailUrl":"https:\/\/cetaradell.cat\/ce\/wp-content\/uploads\/2017-09-10-Ria\u00f1o_Sapin_Cupfoto_SpainUltraCup-1.jpg","articleSection":["Equip CET-L'Enclusa","Not\u00edcies"],"inLanguage":"ca"},{"@type":"WebPage","@id":"https:\/\/cetaradell.cat\/ce\/curses-del-juliol-del-cet-lenclusa-2\/","url":"https:\/\/cetaradell.cat\/ce\/curses-del-juliol-del-cet-lenclusa-2\/","name":"Curses del setembre del CET-L\u2019Enclusa - Centre Excursionista Taradell","isPartOf":{"@id":"https:\/\/cetaradell.cat\/ce\/#website"},"primaryImageOfPage":{"@id":"https:\/\/cetaradell.cat\/ce\/curses-del-juliol-del-cet-lenclusa-2\/#primaryimage"},"image":{"@id":"https:\/\/cetaradell.cat\/ce\/curses-del-juliol-del-cet-lenclusa-2\/#primaryimage"},"thumbnailUrl":"https:\/\/cetaradell.cat\/ce\/wp-content\/uploads\/2017-09-10-Ria\u00f1o_Sapin_Cupfoto_SpainUltraCup-1.jpg","datePublished":"2017-10-13T22:10:56+00:00","dateModified":"2020-06-23T08:14:31+00:00","author":{"@id":"https:\/\/cetaradell.cat\/ce\/#\/schema\/person\/92a59f585073071c7be6649e84b22f78"},"breadcrumb":{"@id":"https:\/\/cetaradell.cat\/ce\/curses-del-juliol-del-cet-lenclusa-2\/#breadcrumb"},"inLanguage":"ca","potentialAction":[{"@type":"ReadAction","target":["https:\/\/cetaradell.cat\/ce\/curses-del-juliol-del-cet-lenclusa-2\/"]}]},{"@type":"ImageObject","inLanguage":"ca","@id":"https:\/\/cetaradell.cat\/ce\/curses-del-juliol-del-cet-lenclusa-2\/#primaryimage","url":"https:\/\/cetaradell.cat\/ce\/wp-content\/uploads\/2017-09-10-Ria\u00f1o_Sapin_Cupfoto_SpainUltraCup-1.jpg","contentUrl":"https:\/\/cetaradell.cat\/ce\/wp-content\/uploads\/2017-09-10-Ria\u00f1o_Sapin_Cupfoto_SpainUltraCup-1.jpg","width":1024,"height":576},{"@type":"BreadcrumbList","@id":"https:\/\/cetaradell.cat\/ce\/curses-del-juliol-del-cet-lenclusa-2\/#breadcrumb","itemListElement":[{"@type":"ListItem","position":1,"name":"Inici","item":"https:\/\/cetaradell.cat\/ce\/"},{"@type":"ListItem","position":2,"name":"Curses del setembre del CET-L\u2019Enclusa"}]},{"@type":"WebSite","@id":"https:\/\/cetaradell.cat\/ce\/#website","url":"https:\/\/cetaradell.cat\/ce\/","name":"Centre Excursionista Taradell","description":"","potentialAction":[{"@type":"SearchAction","target":{"@type":"EntryPoint","urlTemplate":"https:\/\/cetaradell.cat\/ce\/?s={search_term_string}"},"query-input":{"@type":"PropertyValueSpecification","valueRequired":true,"valueName":"search_term_string"}}],"inLanguage":"ca"},{"@type":"Person","@id":"https:\/\/cetaradell.cat\/ce\/#\/schema\/person\/92a59f585073071c7be6649e84b22f78","name":"CET","image":{"@type":"ImageObject","inLanguage":"ca","@id":"https:\/\/secure.gravatar.com\/avatar\/d6fbe010d42056feccc0f613ed07277a5118442805079269f12dabdc42e1a727?s=96&d=mm&r=g","url":"https:\/\/secure.gravatar.com\/avatar\/d6fbe010d42056feccc0f613ed07277a5118442805079269f12dabdc42e1a727?s=96&d=mm&r=g","contentUrl":"https:\/\/secure.gravatar.com\/avatar\/d6fbe010d42056feccc0f613ed07277a5118442805079269f12dabdc42e1a727?s=96&d=mm&r=g","caption":"CET"},"url":"https:\/\/cetaradell.cat\/ce\/author\/root\/"}]}},"_links":{"self":[{"href":"https:\/\/cetaradell.cat\/ce\/wp-json\/wp\/v2\/posts\/5826","targetHints":{"allow":["GET"]}}],"collection":[{"href":"https:\/\/cetaradell.cat\/ce\/wp-json\/wp\/v2\/posts"}],"about":[{"href":"https:\/\/cetaradell.cat\/ce\/wp-json\/wp\/v2\/types\/post"}],"author":[{"embeddable":true,"href":"https:\/\/cetaradell.cat\/ce\/wp-json\/wp\/v2\/users\/1"}],"replies":[{"embeddable":true,"href":"https:\/\/cetaradell.cat\/ce\/wp-json\/wp\/v2\/comments?post=5826"}],"version-history":[{"count":0,"href":"https:\/\/cetaradell.cat\/ce\/wp-json\/wp\/v2\/posts\/5826\/revisions"}],"wp:featuredmedia":[{"embeddable":true,"href":"https:\/\/cetaradell.cat\/ce\/wp-json\/wp\/v2\/media\/5778"}],"wp:attachment":[{"href":"https:\/\/cetaradell.cat\/ce\/wp-json\/wp\/v2\/media?parent=5826"}],"wp:term":[{"taxonomy":"category","embeddable":true,"href":"https:\/\/cetaradell.cat\/ce\/wp-json\/wp\/v2\/categories?post=5826"},{"taxonomy":"post_tag","embeddable":true,"href":"https:\/\/cetaradell.cat\/ce\/wp-json\/wp\/v2\/tags?post=5826"}],"curies":[{"name":"wp","href":"https:\/\/api.w.org\/{rel}","templated":true}]}}