{"id":5872,"date":"2017-11-04T23:38:43","date_gmt":"2017-11-04T22:38:43","guid":{"rendered":"https:\/\/cetaradell.cat\/ce\/?p=5872"},"modified":"2020-07-12T00:13:00","modified_gmt":"2020-07-11T23:13:00","slug":"41-aplec-excursionista-dels-paisos-catalans-reus-2017","status":"publish","type":"post","link":"https:\/\/cetaradell.cat\/ce\/41-aplec-excursionista-dels-paisos-catalans-reus-2017\/","title":{"rendered":"41 Aplec Excursionista dels Pa\u00efsos Catalans &#8211; Reus 2017"},"content":{"rendered":"<h3>Reus, del 6 al 10 de desembre de 2017<\/h3>\n<p><a href=\"https:\/\/cetaradell.cat\/ce\/wp-content\/uploads\/2017-Cartell-Aplec-Definitiu.jpg\" target=\"_blank\" rel=\"attachment noopener wp-att-5871 noreferrer\"><img decoding=\"async\" class=\"alignleft wp-image-5871 size-medium\" src=\"https:\/\/cetaradell.cat\/ce\/wp-content\/uploads\/2017-Cartell-Aplec-Definitiu-212x300.jpg\" alt=\"2017-Cartell Aplec Definitiu\" width=\"212\" height=\"300\" srcset=\"https:\/\/cetaradell.cat\/ce\/wp-content\/uploads\/2017-Cartell-Aplec-Definitiu-212x300.jpg 212w, https:\/\/cetaradell.cat\/ce\/wp-content\/uploads\/2017-Cartell-Aplec-Definitiu-500x707.jpg 500w, https:\/\/cetaradell.cat\/ce\/wp-content\/uploads\/2017-Cartell-Aplec-Definitiu-700x990.jpg 700w, https:\/\/cetaradell.cat\/ce\/wp-content\/uploads\/2017-Cartell-Aplec-Definitiu-724x1024.jpg 724w, https:\/\/cetaradell.cat\/ce\/wp-content\/uploads\/2017-Cartell-Aplec-Definitiu-768x1087.jpg 768w, https:\/\/cetaradell.cat\/ce\/wp-content\/uploads\/2017-Cartell-Aplec-Definitiu.jpg 1191w\" sizes=\"(max-width: 212px) 100vw, 212px\" \/><\/a>L&#8217;excursionisme \u00e9s un dels moviments socials capdavanters en la lluita per les llibertats individuals i col\u00b7lectives.<\/p>\n<p>A l&#8217;any 1977, just a l&#8217;albor de la instauraci\u00f3 de la democr\u00e0cia, i per tant, de la llibertat de reuni\u00f3 i d&#8217;associaci\u00f3, es va celebrar el 1r Aplec Excursionista dels Pa\u00efsos Catalans, al Tossal dels Tres Reis (Fredes, poble de la Tinen\u00e7a de Benifass\u00e0) just on conflueixen les terres d&#8217;Arag\u00f3, del Pa\u00eds Valenci\u00e0 i de Catalunya, un indret emblem\u00e0tic per l&#8217;objectiu d&#8217;aquella trobada, sota l&#8217;organitzaci\u00f3 de la S.E. del Centre de Lectura de Reus.<\/p>\n<p>Des dels seus inicis, els APLECS EXCURSIONISTES DELS PA\u00cfSOS CATALANS volen ser una trobada dels excursionistes de tots els pa\u00efsos de parla catalana, Principat, Pa\u00eds Valenci\u00e0, Illes Balears, Catalunya Nord i Andorra, i tamb\u00e9 de la Franja, marcada per un esperit d&#8217;apropament, solidaritat, coneixen\u00e7a m\u00fatua i d&#8217;intercanvi de maneres de pensar, dins d&#8217;un espai de llibertat.<\/p>\n<p>Alhora l\u2019Aplec, enguany, permet als participants descobrir la riquesa del patrimoni local i cultural, projectant Reus a tots els indrets de parla catalana.<\/p>\n<p>L\u2019any passat ens vam trobar a\u00a0 les Illes Balears a Esporles, i aquest any 2017 a Reus, el <strong>41\u00e8 Aplec<\/strong> \u00e9s <img decoding=\"async\" class=\"alignright wp-image-5873 size-medium\" src=\"https:\/\/cetaradell.cat\/ce\/wp-content\/uploads\/logo-Aplec-Definitiu-300x300.jpg\" alt=\"logo Aplec Definitiu\" width=\"300\" height=\"300\" srcset=\"https:\/\/cetaradell.cat\/ce\/wp-content\/uploads\/logo-Aplec-Definitiu-60x60.jpg 60w, https:\/\/cetaradell.cat\/ce\/wp-content\/uploads\/logo-Aplec-Definitiu-100x100.jpg 100w, https:\/\/cetaradell.cat\/ce\/wp-content\/uploads\/logo-Aplec-Definitiu-150x150.jpg 150w, https:\/\/cetaradell.cat\/ce\/wp-content\/uploads\/logo-Aplec-Definitiu-300x300.jpg 300w, https:\/\/cetaradell.cat\/ce\/wp-content\/uploads\/logo-Aplec-Definitiu-500x500.jpg 500w, https:\/\/cetaradell.cat\/ce\/wp-content\/uploads\/logo-Aplec-Definitiu-700x700.jpg 700w, https:\/\/cetaradell.cat\/ce\/wp-content\/uploads\/logo-Aplec-Definitiu-768x768.jpg 768w, https:\/\/cetaradell.cat\/ce\/wp-content\/uploads\/logo-Aplec-Definitiu.jpg 800w\" sizes=\"(max-width: 300px) 100vw, 300px\" \/>organitzat conjuntament per les cinc entitats excursionistes de Reus.<\/p>\n<ul>\n<li>Associaci\u00f3 Excursionista Catalunya de Reus<\/li>\n<li>Club Excursionista Reddis<\/li>\n<li>Secci\u00f3 Excursionista del Centre de Lectura<\/li>\n<li>Secci\u00f3 Excursionista del C. N. Reus Ploms<\/li>\n<li>Secci\u00f3 Excursionista del Reus Deportiu<\/li>\n<\/ul>\n<p>Es dur\u00e0 a terme entre el 6 i el 10 de desembre i la seu log\u00edstica de l\u2019Aplec estar\u00e0 ubicada a les instal\u00b7lacions del Reus Deportiu, al Carrer d\u2019Antoni Gaud\u00ed, n\u00fam. 66 (<em><strong><span style=\"color: #000080;\"><a style=\"color: #000080;\" href=\"https:\/\/goo.gl\/maps\/Zo2zPWQDc9S2\">https:\/\/goo.gl\/maps\/Zo2zPWQDc9S2<\/a><\/span><\/strong><\/em>) molt a prop del centre de Reus.<\/p>\n<p>\u00c9s previst que hi participin unes 1.000 persones, entre excursionistes i acompanyants, pels que se\u2019ls hi ha organitzat tot un seguit d\u2019excursions per la Serra de Montsant, Muntanyes de Prades i Serra de Llaberia, aix\u00ed com als voltants de Reus.<\/p>\n<p><img decoding=\"async\" class=\"alignleft wp-image-5878 size-medium\" src=\"https:\/\/cetaradell.cat\/ce\/wp-content\/uploads\/logo-Reus-Capital-cultura-catalana-300x183.jpg\" alt=\"logo-Reus Capital cultura catalana\" width=\"300\" height=\"183\" srcset=\"https:\/\/cetaradell.cat\/ce\/wp-content\/uploads\/logo-Reus-Capital-cultura-catalana-300x183.jpg 300w, https:\/\/cetaradell.cat\/ce\/wp-content\/uploads\/logo-Reus-Capital-cultura-catalana-500x305.jpg 500w, https:\/\/cetaradell.cat\/ce\/wp-content\/uploads\/logo-Reus-Capital-cultura-catalana-700x427.jpg 700w, https:\/\/cetaradell.cat\/ce\/wp-content\/uploads\/logo-Reus-Capital-cultura-catalana-768x469.jpg 768w, https:\/\/cetaradell.cat\/ce\/wp-content\/uploads\/logo-Reus-Capital-cultura-catalana-1024x625.jpg 1024w\" sizes=\"(max-width: 300px) 100vw, 300px\" \/>Tamb\u00e9 s\u2019han organitzat nombroses activitats culturals, tant per Reus com per indrets propers emblem\u00e0tics culturalment, aprofitant precisament que aquest any <strong>Reus<\/strong> \u00e9s la <strong>capital de la cultura catalana<\/strong>, molts d\u2019ells vinculats a la ruta del Modernisme, no podem oblidar que a la ciutat va n\u00e9ixer un dels arquitectes mes reconeguts del m\u00f3n.<\/p>\n<p>Per a un major coneixement de tot plegat, s\u2019ha creat un blog on s\u2019aniran actualitzant totes les dades i informaci\u00f3 de les activitats (per les excursions amb un enlla\u00e7 a wikiloc per veure el track de les rutes) aix\u00ed com de les novetats, i a trav\u00e9s del qual es podran realitzar les inscripcions, gestionades a traves de la plataforma de la FEEC.<\/p>\n<p>I per a qualsevol consulta o aclariment, us podeu adre\u00e7ar a l\u2019adre\u00e7a electr\u00f2nica de contacte:<\/p>\n<p style=\"text-align: center;\"><em><strong><span style=\"color: #000080;\"><a style=\"color: #000080;\" href=\"mailto:aplec.reus2017@entitatsexcursionistesreus.cat\">aplec.reus2017@entitatsexcursionistesreus.cat<\/a><\/span><\/strong><\/em>\u00a0 o<em><span style=\"background-color: #ffffff; color: #000080;\"><strong> <a style=\"background-color: #ffffff; color: #000080;\" href=\"mailto:aplecreus2017@gmail.com\">aplecreus2017@gmail.com<\/a><\/strong><\/span><\/em><\/p>\n<p>Tamb\u00e9 podeu trobar informaci\u00f3 a les xarxes socials; al facebook <strong><em>41aplecexcursionista reus <\/em><\/strong>i s\u2019ha creat un compte de twitter per al seguiment m\u00e9s directe <em><strong>@aplecreus2017<\/strong><\/em>\u00a0 amb l\u2019etiqueta <strong><em>#41aplecreus<\/em><\/strong><\/p>\n<p>Us animem a tots a que participeu en l\u2019aplec i que us inscriviu el m\u00e9s aviat possible per al bon funcionament de les activitats i perqu\u00e8 les places s\u00f3n limitades.<\/p>\n<p>Per als allotjaments a la de la ciutat de Reus podeu visualitzar, entre altres opcions, el seg\u00fcent enlla\u00e7:\u00a0<span style=\"color: #000080;\"><strong><em><a style=\"color: #000080;\" href=\"http:\/\/www.reusturisme.cat\" target=\"_blank\" rel=\"noopener noreferrer\">http:\/\/www.reusturisme.cat<\/a><\/em><\/strong><\/span>, per altra banda la ciutat de Salou i Tarragona tamb\u00e9 tenen bones opcions possibles i estan al voltant de 10 km de Reus.<\/p>\n","protected":false},"excerpt":{"rendered":"<p>Reus, del 6 al 10 de desembre de 2017 L&#8217;excursionisme \u00e9s un dels moviments socials capdavanters en la lluita per les llibertats individuals i col\u00b7lectives. A l&#8217;any 1977, just a l&#8217;albor de la instauraci\u00f3 de la democr\u00e0cia, i per tant, de la llibertat de reuni\u00f3 i d&#8217;associaci\u00f3, es va celebrar  [&#8230;]<\/p>\n","protected":false},"author":1,"featured_media":5871,"comment_status":"closed","ping_status":"closed","sticky":false,"template":"","format":"standard","meta":{"footnotes":""},"categories":[4,7],"tags":[],"class_list":["post-5872","post","type-post","status-publish","format-standard","has-post-thumbnail","hentry","category-activitats","category-muntanya"],"yoast_head":"<!-- This site is optimized with the Yoast SEO plugin v27.5 - https:\/\/yoast.com\/product\/yoast-seo-wordpress\/ -->\n<title>41 Aplec Excursionista dels Pa\u00efsos Catalans - Reus 2017 - Centre Excursionista Taradell<\/title>\n<meta name=\"robots\" content=\"index, follow, max-snippet:-1, max-image-preview:large, max-video-preview:-1\" \/>\n<link rel=\"canonical\" href=\"https:\/\/cetaradell.cat\/ce\/41-aplec-excursionista-dels-paisos-catalans-reus-2017\/\" \/>\n<meta property=\"og:locale\" content=\"ca_ES\" \/>\n<meta property=\"og:type\" content=\"article\" \/>\n<meta property=\"og:title\" content=\"41 Aplec Excursionista dels Pa\u00efsos Catalans - Reus 2017 - Centre Excursionista Taradell\" \/>\n<meta property=\"og:description\" content=\"Reus, del 6 al 10 de desembre de 2017 L&#8217;excursionisme \u00e9s un dels moviments socials capdavanters en la lluita per les llibertats individuals i col\u00b7lectives. A l&#8217;any 1977, just a l&#8217;albor de la instauraci\u00f3 de la democr\u00e0cia, i per tant, de la llibertat de reuni\u00f3 i d&#8217;associaci\u00f3, es va celebrar [...]\" \/>\n<meta property=\"og:url\" content=\"https:\/\/cetaradell.cat\/ce\/41-aplec-excursionista-dels-paisos-catalans-reus-2017\/\" \/>\n<meta property=\"og:site_name\" content=\"Centre Excursionista Taradell\" \/>\n<meta property=\"article:publisher\" content=\"https:\/\/www.facebook.com\/CETaradell\/\" \/>\n<meta property=\"article:published_time\" content=\"2017-11-04T22:38:43+00:00\" \/>\n<meta property=\"article:modified_time\" content=\"2020-07-11T23:13:00+00:00\" \/>\n<meta property=\"og:image\" content=\"https:\/\/cetaradell.cat\/ce\/wp-content\/uploads\/2017-Cartell-Aplec-Definitiu.jpg\" \/>\n\t<meta property=\"og:image:width\" content=\"1191\" \/>\n\t<meta property=\"og:image:height\" content=\"1685\" \/>\n\t<meta property=\"og:image:type\" content=\"image\/jpeg\" \/>\n<meta name=\"author\" content=\"CET\" \/>\n<meta name=\"twitter:card\" content=\"summary_large_image\" \/>\n<meta name=\"twitter:label1\" content=\"Escrit per\" \/>\n\t<meta name=\"twitter:data1\" content=\"CET\" \/>\n\t<meta name=\"twitter:label2\" content=\"Temps estimat de lectura\" \/>\n\t<meta name=\"twitter:data2\" content=\"3 minuts\" \/>\n<script type=\"application\/ld+json\" class=\"yoast-schema-graph\">{\"@context\":\"https:\\\/\\\/schema.org\",\"@graph\":[{\"@type\":\"Article\",\"@id\":\"https:\\\/\\\/cetaradell.cat\\\/ce\\\/41-aplec-excursionista-dels-paisos-catalans-reus-2017\\\/#article\",\"isPartOf\":{\"@id\":\"https:\\\/\\\/cetaradell.cat\\\/ce\\\/41-aplec-excursionista-dels-paisos-catalans-reus-2017\\\/\"},\"author\":{\"name\":\"CET\",\"@id\":\"https:\\\/\\\/cetaradell.cat\\\/ce\\\/#\\\/schema\\\/person\\\/92a59f585073071c7be6649e84b22f78\"},\"headline\":\"41 Aplec Excursionista dels Pa\u00efsos Catalans &#8211; Reus 2017\",\"datePublished\":\"2017-11-04T22:38:43+00:00\",\"dateModified\":\"2020-07-11T23:13:00+00:00\",\"mainEntityOfPage\":{\"@id\":\"https:\\\/\\\/cetaradell.cat\\\/ce\\\/41-aplec-excursionista-dels-paisos-catalans-reus-2017\\\/\"},\"wordCount\":608,\"image\":{\"@id\":\"https:\\\/\\\/cetaradell.cat\\\/ce\\\/41-aplec-excursionista-dels-paisos-catalans-reus-2017\\\/#primaryimage\"},\"thumbnailUrl\":\"https:\\\/\\\/cetaradell.cat\\\/ce\\\/wp-content\\\/uploads\\\/2017-Cartell-Aplec-Definitiu.jpg\",\"articleSection\":[\"Activitats\",\"Muntanya\"],\"inLanguage\":\"ca\"},{\"@type\":\"WebPage\",\"@id\":\"https:\\\/\\\/cetaradell.cat\\\/ce\\\/41-aplec-excursionista-dels-paisos-catalans-reus-2017\\\/\",\"url\":\"https:\\\/\\\/cetaradell.cat\\\/ce\\\/41-aplec-excursionista-dels-paisos-catalans-reus-2017\\\/\",\"name\":\"41 Aplec Excursionista dels Pa\u00efsos Catalans - Reus 2017 - Centre Excursionista Taradell\",\"isPartOf\":{\"@id\":\"https:\\\/\\\/cetaradell.cat\\\/ce\\\/#website\"},\"primaryImageOfPage\":{\"@id\":\"https:\\\/\\\/cetaradell.cat\\\/ce\\\/41-aplec-excursionista-dels-paisos-catalans-reus-2017\\\/#primaryimage\"},\"image\":{\"@id\":\"https:\\\/\\\/cetaradell.cat\\\/ce\\\/41-aplec-excursionista-dels-paisos-catalans-reus-2017\\\/#primaryimage\"},\"thumbnailUrl\":\"https:\\\/\\\/cetaradell.cat\\\/ce\\\/wp-content\\\/uploads\\\/2017-Cartell-Aplec-Definitiu.jpg\",\"datePublished\":\"2017-11-04T22:38:43+00:00\",\"dateModified\":\"2020-07-11T23:13:00+00:00\",\"author\":{\"@id\":\"https:\\\/\\\/cetaradell.cat\\\/ce\\\/#\\\/schema\\\/person\\\/92a59f585073071c7be6649e84b22f78\"},\"breadcrumb\":{\"@id\":\"https:\\\/\\\/cetaradell.cat\\\/ce\\\/41-aplec-excursionista-dels-paisos-catalans-reus-2017\\\/#breadcrumb\"},\"inLanguage\":\"ca\",\"potentialAction\":[{\"@type\":\"ReadAction\",\"target\":[\"https:\\\/\\\/cetaradell.cat\\\/ce\\\/41-aplec-excursionista-dels-paisos-catalans-reus-2017\\\/\"]}]},{\"@type\":\"ImageObject\",\"inLanguage\":\"ca\",\"@id\":\"https:\\\/\\\/cetaradell.cat\\\/ce\\\/41-aplec-excursionista-dels-paisos-catalans-reus-2017\\\/#primaryimage\",\"url\":\"https:\\\/\\\/cetaradell.cat\\\/ce\\\/wp-content\\\/uploads\\\/2017-Cartell-Aplec-Definitiu.jpg\",\"contentUrl\":\"https:\\\/\\\/cetaradell.cat\\\/ce\\\/wp-content\\\/uploads\\\/2017-Cartell-Aplec-Definitiu.jpg\",\"width\":1191,\"height\":1685},{\"@type\":\"BreadcrumbList\",\"@id\":\"https:\\\/\\\/cetaradell.cat\\\/ce\\\/41-aplec-excursionista-dels-paisos-catalans-reus-2017\\\/#breadcrumb\",\"itemListElement\":[{\"@type\":\"ListItem\",\"position\":1,\"name\":\"Inici\",\"item\":\"https:\\\/\\\/cetaradell.cat\\\/ce\\\/\"},{\"@type\":\"ListItem\",\"position\":2,\"name\":\"41 Aplec Excursionista dels Pa\u00efsos Catalans &#8211; Reus 2017\"}]},{\"@type\":\"WebSite\",\"@id\":\"https:\\\/\\\/cetaradell.cat\\\/ce\\\/#website\",\"url\":\"https:\\\/\\\/cetaradell.cat\\\/ce\\\/\",\"name\":\"Centre Excursionista Taradell\",\"description\":\"\",\"potentialAction\":[{\"@type\":\"SearchAction\",\"target\":{\"@type\":\"EntryPoint\",\"urlTemplate\":\"https:\\\/\\\/cetaradell.cat\\\/ce\\\/?s={search_term_string}\"},\"query-input\":{\"@type\":\"PropertyValueSpecification\",\"valueRequired\":true,\"valueName\":\"search_term_string\"}}],\"inLanguage\":\"ca\"},{\"@type\":\"Person\",\"@id\":\"https:\\\/\\\/cetaradell.cat\\\/ce\\\/#\\\/schema\\\/person\\\/92a59f585073071c7be6649e84b22f78\",\"name\":\"CET\",\"image\":{\"@type\":\"ImageObject\",\"inLanguage\":\"ca\",\"@id\":\"https:\\\/\\\/secure.gravatar.com\\\/avatar\\\/d6fbe010d42056feccc0f613ed07277a5118442805079269f12dabdc42e1a727?s=96&d=mm&r=g\",\"url\":\"https:\\\/\\\/secure.gravatar.com\\\/avatar\\\/d6fbe010d42056feccc0f613ed07277a5118442805079269f12dabdc42e1a727?s=96&d=mm&r=g\",\"contentUrl\":\"https:\\\/\\\/secure.gravatar.com\\\/avatar\\\/d6fbe010d42056feccc0f613ed07277a5118442805079269f12dabdc42e1a727?s=96&d=mm&r=g\",\"caption\":\"CET\"},\"url\":\"https:\\\/\\\/cetaradell.cat\\\/ce\\\/author\\\/root\\\/\"}]}<\/script>\n<!-- \/ Yoast SEO plugin. -->","yoast_head_json":{"title":"41 Aplec Excursionista dels Pa\u00efsos Catalans - Reus 2017 - Centre Excursionista Taradell","robots":{"index":"index","follow":"follow","max-snippet":"max-snippet:-1","max-image-preview":"max-image-preview:large","max-video-preview":"max-video-preview:-1"},"canonical":"https:\/\/cetaradell.cat\/ce\/41-aplec-excursionista-dels-paisos-catalans-reus-2017\/","og_locale":"ca_ES","og_type":"article","og_title":"41 Aplec Excursionista dels Pa\u00efsos Catalans - Reus 2017 - Centre Excursionista Taradell","og_description":"Reus, del 6 al 10 de desembre de 2017 L&#8217;excursionisme \u00e9s un dels moviments socials capdavanters en la lluita per les llibertats individuals i col\u00b7lectives. A l&#8217;any 1977, just a l&#8217;albor de la instauraci\u00f3 de la democr\u00e0cia, i per tant, de la llibertat de reuni\u00f3 i d&#8217;associaci\u00f3, es va celebrar [...]","og_url":"https:\/\/cetaradell.cat\/ce\/41-aplec-excursionista-dels-paisos-catalans-reus-2017\/","og_site_name":"Centre Excursionista Taradell","article_publisher":"https:\/\/www.facebook.com\/CETaradell\/","article_published_time":"2017-11-04T22:38:43+00:00","article_modified_time":"2020-07-11T23:13:00+00:00","og_image":[{"width":1191,"height":1685,"url":"https:\/\/cetaradell.cat\/ce\/wp-content\/uploads\/2017-Cartell-Aplec-Definitiu.jpg","type":"image\/jpeg"}],"author":"CET","twitter_card":"summary_large_image","twitter_misc":{"Escrit per":"CET","Temps estimat de lectura":"3 minuts"},"schema":{"@context":"https:\/\/schema.org","@graph":[{"@type":"Article","@id":"https:\/\/cetaradell.cat\/ce\/41-aplec-excursionista-dels-paisos-catalans-reus-2017\/#article","isPartOf":{"@id":"https:\/\/cetaradell.cat\/ce\/41-aplec-excursionista-dels-paisos-catalans-reus-2017\/"},"author":{"name":"CET","@id":"https:\/\/cetaradell.cat\/ce\/#\/schema\/person\/92a59f585073071c7be6649e84b22f78"},"headline":"41 Aplec Excursionista dels Pa\u00efsos Catalans &#8211; Reus 2017","datePublished":"2017-11-04T22:38:43+00:00","dateModified":"2020-07-11T23:13:00+00:00","mainEntityOfPage":{"@id":"https:\/\/cetaradell.cat\/ce\/41-aplec-excursionista-dels-paisos-catalans-reus-2017\/"},"wordCount":608,"image":{"@id":"https:\/\/cetaradell.cat\/ce\/41-aplec-excursionista-dels-paisos-catalans-reus-2017\/#primaryimage"},"thumbnailUrl":"https:\/\/cetaradell.cat\/ce\/wp-content\/uploads\/2017-Cartell-Aplec-Definitiu.jpg","articleSection":["Activitats","Muntanya"],"inLanguage":"ca"},{"@type":"WebPage","@id":"https:\/\/cetaradell.cat\/ce\/41-aplec-excursionista-dels-paisos-catalans-reus-2017\/","url":"https:\/\/cetaradell.cat\/ce\/41-aplec-excursionista-dels-paisos-catalans-reus-2017\/","name":"41 Aplec Excursionista dels Pa\u00efsos Catalans - Reus 2017 - Centre Excursionista Taradell","isPartOf":{"@id":"https:\/\/cetaradell.cat\/ce\/#website"},"primaryImageOfPage":{"@id":"https:\/\/cetaradell.cat\/ce\/41-aplec-excursionista-dels-paisos-catalans-reus-2017\/#primaryimage"},"image":{"@id":"https:\/\/cetaradell.cat\/ce\/41-aplec-excursionista-dels-paisos-catalans-reus-2017\/#primaryimage"},"thumbnailUrl":"https:\/\/cetaradell.cat\/ce\/wp-content\/uploads\/2017-Cartell-Aplec-Definitiu.jpg","datePublished":"2017-11-04T22:38:43+00:00","dateModified":"2020-07-11T23:13:00+00:00","author":{"@id":"https:\/\/cetaradell.cat\/ce\/#\/schema\/person\/92a59f585073071c7be6649e84b22f78"},"breadcrumb":{"@id":"https:\/\/cetaradell.cat\/ce\/41-aplec-excursionista-dels-paisos-catalans-reus-2017\/#breadcrumb"},"inLanguage":"ca","potentialAction":[{"@type":"ReadAction","target":["https:\/\/cetaradell.cat\/ce\/41-aplec-excursionista-dels-paisos-catalans-reus-2017\/"]}]},{"@type":"ImageObject","inLanguage":"ca","@id":"https:\/\/cetaradell.cat\/ce\/41-aplec-excursionista-dels-paisos-catalans-reus-2017\/#primaryimage","url":"https:\/\/cetaradell.cat\/ce\/wp-content\/uploads\/2017-Cartell-Aplec-Definitiu.jpg","contentUrl":"https:\/\/cetaradell.cat\/ce\/wp-content\/uploads\/2017-Cartell-Aplec-Definitiu.jpg","width":1191,"height":1685},{"@type":"BreadcrumbList","@id":"https:\/\/cetaradell.cat\/ce\/41-aplec-excursionista-dels-paisos-catalans-reus-2017\/#breadcrumb","itemListElement":[{"@type":"ListItem","position":1,"name":"Inici","item":"https:\/\/cetaradell.cat\/ce\/"},{"@type":"ListItem","position":2,"name":"41 Aplec Excursionista dels Pa\u00efsos Catalans &#8211; Reus 2017"}]},{"@type":"WebSite","@id":"https:\/\/cetaradell.cat\/ce\/#website","url":"https:\/\/cetaradell.cat\/ce\/","name":"Centre Excursionista Taradell","description":"","potentialAction":[{"@type":"SearchAction","target":{"@type":"EntryPoint","urlTemplate":"https:\/\/cetaradell.cat\/ce\/?s={search_term_string}"},"query-input":{"@type":"PropertyValueSpecification","valueRequired":true,"valueName":"search_term_string"}}],"inLanguage":"ca"},{"@type":"Person","@id":"https:\/\/cetaradell.cat\/ce\/#\/schema\/person\/92a59f585073071c7be6649e84b22f78","name":"CET","image":{"@type":"ImageObject","inLanguage":"ca","@id":"https:\/\/secure.gravatar.com\/avatar\/d6fbe010d42056feccc0f613ed07277a5118442805079269f12dabdc42e1a727?s=96&d=mm&r=g","url":"https:\/\/secure.gravatar.com\/avatar\/d6fbe010d42056feccc0f613ed07277a5118442805079269f12dabdc42e1a727?s=96&d=mm&r=g","contentUrl":"https:\/\/secure.gravatar.com\/avatar\/d6fbe010d42056feccc0f613ed07277a5118442805079269f12dabdc42e1a727?s=96&d=mm&r=g","caption":"CET"},"url":"https:\/\/cetaradell.cat\/ce\/author\/root\/"}]}},"_links":{"self":[{"href":"https:\/\/cetaradell.cat\/ce\/wp-json\/wp\/v2\/posts\/5872","targetHints":{"allow":["GET"]}}],"collection":[{"href":"https:\/\/cetaradell.cat\/ce\/wp-json\/wp\/v2\/posts"}],"about":[{"href":"https:\/\/cetaradell.cat\/ce\/wp-json\/wp\/v2\/types\/post"}],"author":[{"embeddable":true,"href":"https:\/\/cetaradell.cat\/ce\/wp-json\/wp\/v2\/users\/1"}],"replies":[{"embeddable":true,"href":"https:\/\/cetaradell.cat\/ce\/wp-json\/wp\/v2\/comments?post=5872"}],"version-history":[{"count":0,"href":"https:\/\/cetaradell.cat\/ce\/wp-json\/wp\/v2\/posts\/5872\/revisions"}],"wp:featuredmedia":[{"embeddable":true,"href":"https:\/\/cetaradell.cat\/ce\/wp-json\/wp\/v2\/media\/5871"}],"wp:attachment":[{"href":"https:\/\/cetaradell.cat\/ce\/wp-json\/wp\/v2\/media?parent=5872"}],"wp:term":[{"taxonomy":"category","embeddable":true,"href":"https:\/\/cetaradell.cat\/ce\/wp-json\/wp\/v2\/categories?post=5872"},{"taxonomy":"post_tag","embeddable":true,"href":"https:\/\/cetaradell.cat\/ce\/wp-json\/wp\/v2\/tags?post=5872"}],"curies":[{"name":"wp","href":"https:\/\/api.w.org\/{rel}","templated":true}]}}