{"id":5894,"date":"2017-11-05T23:50:35","date_gmt":"2017-11-05T22:50:35","guid":{"rendered":"https:\/\/cetaradell.cat\/ce\/?p=5894"},"modified":"2020-06-23T09:12:52","modified_gmt":"2020-06-23T08:12:52","slug":"curses-de-loctubre-del-cet-lenclusa","status":"publish","type":"post","link":"https:\/\/cetaradell.cat\/ce\/curses-de-loctubre-del-cet-lenclusa\/","title":{"rendered":"Curses de l\u2019octubre del CET-L\u2019Enclusa"},"content":{"rendered":"<ul>\n<li><strong>V TRAIL DEL BISAURA<\/strong><\/li>\n<\/ul>\n<div id=\"attachment_5896\" style=\"width: 260px\" class=\"wp-caption alignleft\"><a href=\"https:\/\/cetaradell.cat\/ce\/wp-content\/uploads\/2017-10-14-Trail_bisaura.jpg\" target=\"_blank\" rel=\"attachment noopener wp-att-5896 noreferrer\"><img decoding=\"async\" aria-describedby=\"caption-attachment-5896\" class=\"wp-image-5896\" src=\"https:\/\/cetaradell.cat\/ce\/wp-content\/uploads\/2017-10-14-Trail_bisaura-300x225.jpg\" alt=\"2017-10-14-Trail_bisaura\" width=\"250\" height=\"188\" srcset=\"https:\/\/cetaradell.cat\/ce\/wp-content\/uploads\/2017-10-14-Trail_bisaura-300x225.jpg 300w, https:\/\/cetaradell.cat\/ce\/wp-content\/uploads\/2017-10-14-Trail_bisaura-500x375.jpg 500w, https:\/\/cetaradell.cat\/ce\/wp-content\/uploads\/2017-10-14-Trail_bisaura-700x525.jpg 700w, https:\/\/cetaradell.cat\/ce\/wp-content\/uploads\/2017-10-14-Trail_bisaura-768x576.jpg 768w, https:\/\/cetaradell.cat\/ce\/wp-content\/uploads\/2017-10-14-Trail_bisaura-1024x768.jpg 1024w, https:\/\/cetaradell.cat\/ce\/wp-content\/uploads\/2017-10-14-Trail_bisaura.jpg 1534w\" sizes=\"(max-width: 250px) 100vw, 250px\" \/><\/a><p id=\"caption-attachment-5896\" class=\"wp-caption-text\">Lle\u00efr Pladevall, al centre, 1r sub23 mascul\u00ed a la cursa de 21 km<\/p><\/div>\n<p>En la V edici\u00f3 del Trail del Bisaura celebrada el 14\u00a0 d\u2019octubre es van organitzar quatre curses; la XL de 80 km, la L de 50 km, la M de 21 km i la S de 11 km. A la de 80 quil\u00f2metres hi ha participar el soci del CET <strong>Jordi P\u00e9rez<\/strong> que va completar el dur recorregut de m\u00e9s de 5.200 metres de desnivell positiu amb un temps de 15 hores 52 minuts i 55 segons, que el va permetre classificar-se en el lloc 30 dels veterans masculins i en el 84 de la general, d\u2019entre els 147\u00a0 participants que la van acabar.<\/p>\n<p>A la cursa de 21 quil\u00f2metres i 963 metres de desnivell hi va participar <strong>Lle\u00efr Pladevall<\/strong>, de l\u2019equip CET-L\u2019Enclusa, que amb un temps de 2 hores 5 minuts i 46 segons es va classificar en 1a posici\u00f3 de la categoria Sub23 masculins, i en la 4a de la classificaci\u00f3 general.<\/p>\n<div id=\"attachment_5895\" style=\"width: 198px\" class=\"wp-caption alignright\"><a href=\"https:\/\/cetaradell.cat\/ce\/wp-content\/uploads\/2017-10-14-Trail_Bisaura-2.jpg\" target=\"_blank\" rel=\"attachment noopener wp-att-5895 noreferrer\"><img decoding=\"async\" aria-describedby=\"caption-attachment-5895\" class=\"wp-image-5895\" src=\"https:\/\/cetaradell.cat\/ce\/wp-content\/uploads\/2017-10-14-Trail_Bisaura-2-225x300.jpg\" alt=\"2017-10-14-Trail_Bisaura (2)\" width=\"188\" height=\"250\" srcset=\"https:\/\/cetaradell.cat\/ce\/wp-content\/uploads\/2017-10-14-Trail_Bisaura-2-225x300.jpg 225w, https:\/\/cetaradell.cat\/ce\/wp-content\/uploads\/2017-10-14-Trail_Bisaura-2-500x667.jpg 500w, https:\/\/cetaradell.cat\/ce\/wp-content\/uploads\/2017-10-14-Trail_Bisaura-2.jpg 504w\" sizes=\"(max-width: 188px) 100vw, 188px\" \/><\/a><p id=\"caption-attachment-5895\" class=\"wp-caption-text\">Jordi P\u00e9rez a l\u2019arribada de la cursa de 80 km del Trail del Bisaura<\/dd>\n<dd class=\"wp-caption-dd\"><\/p><\/div>\n<ul>\n<li><strong>LONG TRAIL GUARA SOMONTANO<\/strong><\/li>\n<\/ul>\n<p>El soci del CET <strong>Albert Pujol, <\/strong>que forma part de l\u2019equip SportHG-amlsport, va ser el guanyador de la cursa per muntanya <strong>Long Trail Guara Somontano 2017<\/strong>, celebrada a Alqu\u00e9zar (Osca), el dissabte dia 7 d\u2019octubre.<\/p>\n<p>El recorregut de la prova Long Trail transc\u00f3rre pel Parc Nacional de los Ca\u00f1ones i la Serra de Guara amb un tra\u00e7at de 52 quil\u00f2metres i un desnivell positiu de quasi 3.000 metres. <strong>Albert Pujol<\/strong> va completar la cursa en menys de 5 hores, concretament 4 hores 52 minuts i 1 segon, amb m\u00e9s de 5 minuts d\u2019avantatge respecte el segon classificat.<\/p>\n<p>Aquesta prova puntuava pel circuit de curses per muntanya <strong>WWA Spain Ultra Cup M<\/strong>, la classificaci\u00f3 del qual ja era encap\u00e7alat per <strong>Albert Pujol<\/strong>, i aquesta nova vict\u00f2ria el mant\u00e9 com a <strong>l\u00edder<\/strong>.<\/p>\n<p>&nbsp;<\/p>\n<div id=\"attachment_5807\" style=\"width: 310px\" class=\"wp-caption alignright\"><a href=\"https:\/\/cetaradell.cat\/ce\/wp-content\/uploads\/2017-10-07-ultra-trail-guara-somontanofoto-sportHG.jpg\" rel=\"attachment wp-att-5807\"><img decoding=\"async\" aria-describedby=\"caption-attachment-5807\" class=\"wp-image-5807 size-medium\" src=\"https:\/\/cetaradell.cat\/ce\/wp-content\/uploads\/2017-10-07-ultra-trail-guara-somontanofoto-sportHG-300x200.jpg\" alt=\"2017-10-07-ultra-trail-guara-somontano(foto-sportHG)\" width=\"300\" height=\"200\" srcset=\"https:\/\/cetaradell.cat\/ce\/wp-content\/uploads\/2017-10-07-ultra-trail-guara-somontanofoto-sportHG-300x200.jpg 300w, https:\/\/cetaradell.cat\/ce\/wp-content\/uploads\/2017-10-07-ultra-trail-guara-somontanofoto-sportHG-500x333.jpg 500w, https:\/\/cetaradell.cat\/ce\/wp-content\/uploads\/2017-10-07-ultra-trail-guara-somontanofoto-sportHG-700x467.jpg 700w, https:\/\/cetaradell.cat\/ce\/wp-content\/uploads\/2017-10-07-ultra-trail-guara-somontanofoto-sportHG-768x512.jpg 768w, https:\/\/cetaradell.cat\/ce\/wp-content\/uploads\/2017-10-07-ultra-trail-guara-somontanofoto-sportHG-1024x683.jpg 1024w, https:\/\/cetaradell.cat\/ce\/wp-content\/uploads\/2017-10-07-ultra-trail-guara-somontanofoto-sportHG.jpg 1600w\" sizes=\"(max-width: 300px) 100vw, 300px\" \/><\/a><p id=\"caption-attachment-5807\" class=\"wp-caption-text\">Albert Pujol travessant la l\u00ednia de meta de la Ultra Long Trail Guara Somontano\u00a0 (Foto: SportHG)<\/p><\/div>\n<p><strong>Long Trail Guara Somontano<\/strong><\/p>\n<ul>\n<li><strong>LIMONE EXTREME SKYRACE<\/strong><\/li>\n<\/ul>\n<p>Els dies 13 i 14 d\u2019octubre es va disputar a Limone sul Garda (It\u00e0lia) es va disputar la Limine Extreme Skyrace. Una cursa per muntanya de 29 quil\u00f2metres i amb 2.540 metres de desnivell positiu, la qual tancava el circuit de curses del 2017 de les Sky World Series.<\/p>\n<p>L\u2019atleta taradellenc<strong> Albert Pujol<\/strong> del CET, va participar-hi amb l\u2019equip de la FEEC, tot i que va donar el m\u00e0xim no va aconseguir una bona posici\u00f3. De tota manera, en aquest compeonat <strong>l\u2019equip de la FEEC<\/strong> va aconseguir classificar-se en <strong>5a posici\u00f3<\/strong>.<\/p>\n<p>Aquest campionat va aplegar 10 curses d\u2019arreu del m\u00f3n, una de les quals es va disputar a la Vall de Bo\u00ed, Buff Epic Trail; una a Andorra, Skyrace Comapedrosa; i una altre a Euskadi, Marat\u00f3 Alpina Zegama-Aizkorri. Aquest fet deixa pal\u00e8s la for\u00e7a que tenen les curses per muntanya a Catalunya i arreu de la pen\u00ednsula.<\/p>\n<div id=\"attachment_5899\" style=\"width: 310px\" class=\"wp-caption alignleft\"><a href=\"https:\/\/cetaradell.cat\/ce\/wp-content\/uploads\/2017-10-14-Liminefoto_FEEC-3.jpg\" target=\"_blank\" rel=\"attachment noopener wp-att-5899 noreferrer\"><img decoding=\"async\" aria-describedby=\"caption-attachment-5899\" class=\"wp-image-5899 size-medium\" src=\"https:\/\/cetaradell.cat\/ce\/wp-content\/uploads\/2017-10-14-Liminefoto_FEEC-3-300x169.jpg\" alt=\"2017-10-14-Limine(foto_FEEC) (3)\" width=\"300\" height=\"169\" srcset=\"https:\/\/cetaradell.cat\/ce\/wp-content\/uploads\/2017-10-14-Liminefoto_FEEC-3-300x169.jpg 300w, https:\/\/cetaradell.cat\/ce\/wp-content\/uploads\/2017-10-14-Liminefoto_FEEC-3-500x281.jpg 500w, https:\/\/cetaradell.cat\/ce\/wp-content\/uploads\/2017-10-14-Liminefoto_FEEC-3-700x394.jpg 700w, https:\/\/cetaradell.cat\/ce\/wp-content\/uploads\/2017-10-14-Liminefoto_FEEC-3-768x432.jpg 768w, https:\/\/cetaradell.cat\/ce\/wp-content\/uploads\/2017-10-14-Liminefoto_FEEC-3-1024x576.jpg 1024w, https:\/\/cetaradell.cat\/ce\/wp-content\/uploads\/2017-10-14-Liminefoto_FEEC-3.jpg 1599w\" sizes=\"(max-width: 300px) 100vw, 300px\" \/><\/a><p id=\"caption-attachment-5899\" class=\"wp-caption-text\">D\u2019esquerra a dreta: Andr\u00e9s Arroyo (t\u00e8cnic), David Prades, Josep Roset, Edu Hern\u00e1ndez, Marc Traserra, Eugeni Gil, Albert Pujol, Fernando Rosa (seleccionador) i Joan Freixa (Foto: FEEC)<\/p><\/div>\n<p>La Selecci\u00f3 Catalana de Curses per Muntanya de la Federaci\u00f3 d\u2019Entitats Excursionistes de Catalunya (FEEC) va tancar una nova temporada de participaci\u00f3 al circuit de la copa del m\u00f3n amb un balan\u00e7 molt positiu. L\u2019equip de t\u00e8cnics va conformar un equip tant amb corredors experimentats com amb joves que van tinir l\u2019oportunitat de participar per primer cop en proves d\u2019alt nivell internacional.<\/p>\n<p>A part de que l\u2019equip es va classificar en 5a posici\u00f3, els corredors Edu Hern\u00e1ndez (AE Matxacuca) i Eugeni Gil (La Molina Club d\u2019Esports) var ser els m\u00e9s regulars durant tota la temporada i van aconseguir col\u00b7locar-se entre els 10 millors corredors del m\u00f2n. Per que respecte a l\u2019equip femen\u00ed de la selecci\u00f3, tamb\u00e9 va aconseguir importants resultats aquesta temporada de la m\u00e0 de Laia Andreu (UE Vic). Andreu va pujar al podi de les curses de Livingo i <a href=\"https:\/\/www.feec.cat\/noticia\/laia-andreu-i-eugeni-gil-pugen-al-podi-de-la-matterhorn-ultraks\/\">Matterhorn Ultraks<\/a>. La propera temporada Andreu t\u00e9 previst participar en el major nombre de proves de les Skyrunner World Series i optar aix\u00ed al podi final.<\/p>\n","protected":false},"excerpt":{"rendered":"<p>V TRAIL DEL BISAURA En la V edici\u00f3 del Trail del Bisaura celebrada el 14\u00a0 d\u2019octubre es van organitzar quatre curses; la XL de 80 km, la L de 50 km, la M de 21 km i la S de 11 km. A la de 80 quil\u00f2metres hi ha participar  [&#8230;]<\/p>\n","protected":false},"author":1,"featured_media":5807,"comment_status":"closed","ping_status":"closed","sticky":false,"template":"","format":"standard","meta":{"footnotes":""},"categories":[32,3],"tags":[],"class_list":["post-5894","post","type-post","status-publish","format-standard","has-post-thumbnail","hentry","category-equip-cet-lenclusa","category-noticies"],"yoast_head":"<!-- This site is optimized with the Yoast SEO plugin v27.5 - https:\/\/yoast.com\/product\/yoast-seo-wordpress\/ -->\n<title>Curses de l\u2019octubre del CET-L\u2019Enclusa - Centre Excursionista Taradell<\/title>\n<meta name=\"robots\" content=\"index, follow, max-snippet:-1, max-image-preview:large, max-video-preview:-1\" \/>\n<link rel=\"canonical\" href=\"https:\/\/cetaradell.cat\/ce\/curses-de-loctubre-del-cet-lenclusa\/\" \/>\n<meta property=\"og:locale\" content=\"ca_ES\" \/>\n<meta property=\"og:type\" content=\"article\" \/>\n<meta property=\"og:title\" content=\"Curses de l\u2019octubre del CET-L\u2019Enclusa - Centre Excursionista Taradell\" \/>\n<meta property=\"og:description\" content=\"V TRAIL DEL BISAURA En la V edici\u00f3 del Trail del Bisaura celebrada el 14\u00a0 d\u2019octubre es van organitzar quatre curses; la XL de 80 km, la L de 50 km, la M de 21 km i la S de 11 km. A la de 80 quil\u00f2metres hi ha participar [...]\" \/>\n<meta property=\"og:url\" content=\"https:\/\/cetaradell.cat\/ce\/curses-de-loctubre-del-cet-lenclusa\/\" \/>\n<meta property=\"og:site_name\" content=\"Centre Excursionista Taradell\" \/>\n<meta property=\"article:publisher\" content=\"https:\/\/www.facebook.com\/CETaradell\/\" \/>\n<meta property=\"article:published_time\" content=\"2017-11-05T22:50:35+00:00\" \/>\n<meta property=\"article:modified_time\" content=\"2020-06-23T08:12:52+00:00\" \/>\n<meta property=\"og:image\" content=\"https:\/\/cetaradell.cat\/ce\/wp-content\/uploads\/2017-10-07-ultra-trail-guara-somontanofoto-sportHG.jpg\" \/>\n\t<meta property=\"og:image:width\" content=\"1600\" \/>\n\t<meta property=\"og:image:height\" content=\"1067\" \/>\n\t<meta property=\"og:image:type\" content=\"image\/jpeg\" \/>\n<meta name=\"author\" content=\"CET\" \/>\n<meta name=\"twitter:card\" content=\"summary_large_image\" \/>\n<meta name=\"twitter:label1\" content=\"Escrit per\" \/>\n\t<meta name=\"twitter:data1\" content=\"CET\" \/>\n\t<meta name=\"twitter:label2\" content=\"Temps estimat de lectura\" \/>\n\t<meta name=\"twitter:data2\" content=\"4 minuts\" \/>\n<script type=\"application\/ld+json\" class=\"yoast-schema-graph\">{\"@context\":\"https:\\\/\\\/schema.org\",\"@graph\":[{\"@type\":\"Article\",\"@id\":\"https:\\\/\\\/cetaradell.cat\\\/ce\\\/curses-de-loctubre-del-cet-lenclusa\\\/#article\",\"isPartOf\":{\"@id\":\"https:\\\/\\\/cetaradell.cat\\\/ce\\\/curses-de-loctubre-del-cet-lenclusa\\\/\"},\"author\":{\"name\":\"CET\",\"@id\":\"https:\\\/\\\/cetaradell.cat\\\/ce\\\/#\\\/schema\\\/person\\\/92a59f585073071c7be6649e84b22f78\"},\"headline\":\"Curses de l\u2019octubre del CET-L\u2019Enclusa\",\"datePublished\":\"2017-11-05T22:50:35+00:00\",\"dateModified\":\"2020-06-23T08:12:52+00:00\",\"mainEntityOfPage\":{\"@id\":\"https:\\\/\\\/cetaradell.cat\\\/ce\\\/curses-de-loctubre-del-cet-lenclusa\\\/\"},\"wordCount\":736,\"image\":{\"@id\":\"https:\\\/\\\/cetaradell.cat\\\/ce\\\/curses-de-loctubre-del-cet-lenclusa\\\/#primaryimage\"},\"thumbnailUrl\":\"https:\\\/\\\/cetaradell.cat\\\/ce\\\/wp-content\\\/uploads\\\/2017-10-07-ultra-trail-guara-somontanofoto-sportHG.jpg\",\"articleSection\":[\"Equip CET-L'Enclusa\",\"Not\u00edcies\"],\"inLanguage\":\"ca\"},{\"@type\":\"WebPage\",\"@id\":\"https:\\\/\\\/cetaradell.cat\\\/ce\\\/curses-de-loctubre-del-cet-lenclusa\\\/\",\"url\":\"https:\\\/\\\/cetaradell.cat\\\/ce\\\/curses-de-loctubre-del-cet-lenclusa\\\/\",\"name\":\"Curses de l\u2019octubre del CET-L\u2019Enclusa - Centre Excursionista Taradell\",\"isPartOf\":{\"@id\":\"https:\\\/\\\/cetaradell.cat\\\/ce\\\/#website\"},\"primaryImageOfPage\":{\"@id\":\"https:\\\/\\\/cetaradell.cat\\\/ce\\\/curses-de-loctubre-del-cet-lenclusa\\\/#primaryimage\"},\"image\":{\"@id\":\"https:\\\/\\\/cetaradell.cat\\\/ce\\\/curses-de-loctubre-del-cet-lenclusa\\\/#primaryimage\"},\"thumbnailUrl\":\"https:\\\/\\\/cetaradell.cat\\\/ce\\\/wp-content\\\/uploads\\\/2017-10-07-ultra-trail-guara-somontanofoto-sportHG.jpg\",\"datePublished\":\"2017-11-05T22:50:35+00:00\",\"dateModified\":\"2020-06-23T08:12:52+00:00\",\"author\":{\"@id\":\"https:\\\/\\\/cetaradell.cat\\\/ce\\\/#\\\/schema\\\/person\\\/92a59f585073071c7be6649e84b22f78\"},\"breadcrumb\":{\"@id\":\"https:\\\/\\\/cetaradell.cat\\\/ce\\\/curses-de-loctubre-del-cet-lenclusa\\\/#breadcrumb\"},\"inLanguage\":\"ca\",\"potentialAction\":[{\"@type\":\"ReadAction\",\"target\":[\"https:\\\/\\\/cetaradell.cat\\\/ce\\\/curses-de-loctubre-del-cet-lenclusa\\\/\"]}]},{\"@type\":\"ImageObject\",\"inLanguage\":\"ca\",\"@id\":\"https:\\\/\\\/cetaradell.cat\\\/ce\\\/curses-de-loctubre-del-cet-lenclusa\\\/#primaryimage\",\"url\":\"https:\\\/\\\/cetaradell.cat\\\/ce\\\/wp-content\\\/uploads\\\/2017-10-07-ultra-trail-guara-somontanofoto-sportHG.jpg\",\"contentUrl\":\"https:\\\/\\\/cetaradell.cat\\\/ce\\\/wp-content\\\/uploads\\\/2017-10-07-ultra-trail-guara-somontanofoto-sportHG.jpg\",\"width\":1600,\"height\":1067},{\"@type\":\"BreadcrumbList\",\"@id\":\"https:\\\/\\\/cetaradell.cat\\\/ce\\\/curses-de-loctubre-del-cet-lenclusa\\\/#breadcrumb\",\"itemListElement\":[{\"@type\":\"ListItem\",\"position\":1,\"name\":\"Inici\",\"item\":\"https:\\\/\\\/cetaradell.cat\\\/ce\\\/\"},{\"@type\":\"ListItem\",\"position\":2,\"name\":\"Curses de l\u2019octubre del CET-L\u2019Enclusa\"}]},{\"@type\":\"WebSite\",\"@id\":\"https:\\\/\\\/cetaradell.cat\\\/ce\\\/#website\",\"url\":\"https:\\\/\\\/cetaradell.cat\\\/ce\\\/\",\"name\":\"Centre Excursionista Taradell\",\"description\":\"\",\"potentialAction\":[{\"@type\":\"SearchAction\",\"target\":{\"@type\":\"EntryPoint\",\"urlTemplate\":\"https:\\\/\\\/cetaradell.cat\\\/ce\\\/?s={search_term_string}\"},\"query-input\":{\"@type\":\"PropertyValueSpecification\",\"valueRequired\":true,\"valueName\":\"search_term_string\"}}],\"inLanguage\":\"ca\"},{\"@type\":\"Person\",\"@id\":\"https:\\\/\\\/cetaradell.cat\\\/ce\\\/#\\\/schema\\\/person\\\/92a59f585073071c7be6649e84b22f78\",\"name\":\"CET\",\"image\":{\"@type\":\"ImageObject\",\"inLanguage\":\"ca\",\"@id\":\"https:\\\/\\\/secure.gravatar.com\\\/avatar\\\/d6fbe010d42056feccc0f613ed07277a5118442805079269f12dabdc42e1a727?s=96&d=mm&r=g\",\"url\":\"https:\\\/\\\/secure.gravatar.com\\\/avatar\\\/d6fbe010d42056feccc0f613ed07277a5118442805079269f12dabdc42e1a727?s=96&d=mm&r=g\",\"contentUrl\":\"https:\\\/\\\/secure.gravatar.com\\\/avatar\\\/d6fbe010d42056feccc0f613ed07277a5118442805079269f12dabdc42e1a727?s=96&d=mm&r=g\",\"caption\":\"CET\"},\"url\":\"https:\\\/\\\/cetaradell.cat\\\/ce\\\/author\\\/root\\\/\"}]}<\/script>\n<!-- \/ Yoast SEO plugin. -->","yoast_head_json":{"title":"Curses de l\u2019octubre del CET-L\u2019Enclusa - Centre Excursionista Taradell","robots":{"index":"index","follow":"follow","max-snippet":"max-snippet:-1","max-image-preview":"max-image-preview:large","max-video-preview":"max-video-preview:-1"},"canonical":"https:\/\/cetaradell.cat\/ce\/curses-de-loctubre-del-cet-lenclusa\/","og_locale":"ca_ES","og_type":"article","og_title":"Curses de l\u2019octubre del CET-L\u2019Enclusa - Centre Excursionista Taradell","og_description":"V TRAIL DEL BISAURA En la V edici\u00f3 del Trail del Bisaura celebrada el 14\u00a0 d\u2019octubre es van organitzar quatre curses; la XL de 80 km, la L de 50 km, la M de 21 km i la S de 11 km. A la de 80 quil\u00f2metres hi ha participar [...]","og_url":"https:\/\/cetaradell.cat\/ce\/curses-de-loctubre-del-cet-lenclusa\/","og_site_name":"Centre Excursionista Taradell","article_publisher":"https:\/\/www.facebook.com\/CETaradell\/","article_published_time":"2017-11-05T22:50:35+00:00","article_modified_time":"2020-06-23T08:12:52+00:00","og_image":[{"width":1600,"height":1067,"url":"https:\/\/cetaradell.cat\/ce\/wp-content\/uploads\/2017-10-07-ultra-trail-guara-somontanofoto-sportHG.jpg","type":"image\/jpeg"}],"author":"CET","twitter_card":"summary_large_image","twitter_misc":{"Escrit per":"CET","Temps estimat de lectura":"4 minuts"},"schema":{"@context":"https:\/\/schema.org","@graph":[{"@type":"Article","@id":"https:\/\/cetaradell.cat\/ce\/curses-de-loctubre-del-cet-lenclusa\/#article","isPartOf":{"@id":"https:\/\/cetaradell.cat\/ce\/curses-de-loctubre-del-cet-lenclusa\/"},"author":{"name":"CET","@id":"https:\/\/cetaradell.cat\/ce\/#\/schema\/person\/92a59f585073071c7be6649e84b22f78"},"headline":"Curses de l\u2019octubre del CET-L\u2019Enclusa","datePublished":"2017-11-05T22:50:35+00:00","dateModified":"2020-06-23T08:12:52+00:00","mainEntityOfPage":{"@id":"https:\/\/cetaradell.cat\/ce\/curses-de-loctubre-del-cet-lenclusa\/"},"wordCount":736,"image":{"@id":"https:\/\/cetaradell.cat\/ce\/curses-de-loctubre-del-cet-lenclusa\/#primaryimage"},"thumbnailUrl":"https:\/\/cetaradell.cat\/ce\/wp-content\/uploads\/2017-10-07-ultra-trail-guara-somontanofoto-sportHG.jpg","articleSection":["Equip CET-L'Enclusa","Not\u00edcies"],"inLanguage":"ca"},{"@type":"WebPage","@id":"https:\/\/cetaradell.cat\/ce\/curses-de-loctubre-del-cet-lenclusa\/","url":"https:\/\/cetaradell.cat\/ce\/curses-de-loctubre-del-cet-lenclusa\/","name":"Curses de l\u2019octubre del CET-L\u2019Enclusa - Centre Excursionista Taradell","isPartOf":{"@id":"https:\/\/cetaradell.cat\/ce\/#website"},"primaryImageOfPage":{"@id":"https:\/\/cetaradell.cat\/ce\/curses-de-loctubre-del-cet-lenclusa\/#primaryimage"},"image":{"@id":"https:\/\/cetaradell.cat\/ce\/curses-de-loctubre-del-cet-lenclusa\/#primaryimage"},"thumbnailUrl":"https:\/\/cetaradell.cat\/ce\/wp-content\/uploads\/2017-10-07-ultra-trail-guara-somontanofoto-sportHG.jpg","datePublished":"2017-11-05T22:50:35+00:00","dateModified":"2020-06-23T08:12:52+00:00","author":{"@id":"https:\/\/cetaradell.cat\/ce\/#\/schema\/person\/92a59f585073071c7be6649e84b22f78"},"breadcrumb":{"@id":"https:\/\/cetaradell.cat\/ce\/curses-de-loctubre-del-cet-lenclusa\/#breadcrumb"},"inLanguage":"ca","potentialAction":[{"@type":"ReadAction","target":["https:\/\/cetaradell.cat\/ce\/curses-de-loctubre-del-cet-lenclusa\/"]}]},{"@type":"ImageObject","inLanguage":"ca","@id":"https:\/\/cetaradell.cat\/ce\/curses-de-loctubre-del-cet-lenclusa\/#primaryimage","url":"https:\/\/cetaradell.cat\/ce\/wp-content\/uploads\/2017-10-07-ultra-trail-guara-somontanofoto-sportHG.jpg","contentUrl":"https:\/\/cetaradell.cat\/ce\/wp-content\/uploads\/2017-10-07-ultra-trail-guara-somontanofoto-sportHG.jpg","width":1600,"height":1067},{"@type":"BreadcrumbList","@id":"https:\/\/cetaradell.cat\/ce\/curses-de-loctubre-del-cet-lenclusa\/#breadcrumb","itemListElement":[{"@type":"ListItem","position":1,"name":"Inici","item":"https:\/\/cetaradell.cat\/ce\/"},{"@type":"ListItem","position":2,"name":"Curses de l\u2019octubre del CET-L\u2019Enclusa"}]},{"@type":"WebSite","@id":"https:\/\/cetaradell.cat\/ce\/#website","url":"https:\/\/cetaradell.cat\/ce\/","name":"Centre Excursionista Taradell","description":"","potentialAction":[{"@type":"SearchAction","target":{"@type":"EntryPoint","urlTemplate":"https:\/\/cetaradell.cat\/ce\/?s={search_term_string}"},"query-input":{"@type":"PropertyValueSpecification","valueRequired":true,"valueName":"search_term_string"}}],"inLanguage":"ca"},{"@type":"Person","@id":"https:\/\/cetaradell.cat\/ce\/#\/schema\/person\/92a59f585073071c7be6649e84b22f78","name":"CET","image":{"@type":"ImageObject","inLanguage":"ca","@id":"https:\/\/secure.gravatar.com\/avatar\/d6fbe010d42056feccc0f613ed07277a5118442805079269f12dabdc42e1a727?s=96&d=mm&r=g","url":"https:\/\/secure.gravatar.com\/avatar\/d6fbe010d42056feccc0f613ed07277a5118442805079269f12dabdc42e1a727?s=96&d=mm&r=g","contentUrl":"https:\/\/secure.gravatar.com\/avatar\/d6fbe010d42056feccc0f613ed07277a5118442805079269f12dabdc42e1a727?s=96&d=mm&r=g","caption":"CET"},"url":"https:\/\/cetaradell.cat\/ce\/author\/root\/"}]}},"_links":{"self":[{"href":"https:\/\/cetaradell.cat\/ce\/wp-json\/wp\/v2\/posts\/5894","targetHints":{"allow":["GET"]}}],"collection":[{"href":"https:\/\/cetaradell.cat\/ce\/wp-json\/wp\/v2\/posts"}],"about":[{"href":"https:\/\/cetaradell.cat\/ce\/wp-json\/wp\/v2\/types\/post"}],"author":[{"embeddable":true,"href":"https:\/\/cetaradell.cat\/ce\/wp-json\/wp\/v2\/users\/1"}],"replies":[{"embeddable":true,"href":"https:\/\/cetaradell.cat\/ce\/wp-json\/wp\/v2\/comments?post=5894"}],"version-history":[{"count":0,"href":"https:\/\/cetaradell.cat\/ce\/wp-json\/wp\/v2\/posts\/5894\/revisions"}],"wp:featuredmedia":[{"embeddable":true,"href":"https:\/\/cetaradell.cat\/ce\/wp-json\/wp\/v2\/media\/5807"}],"wp:attachment":[{"href":"https:\/\/cetaradell.cat\/ce\/wp-json\/wp\/v2\/media?parent=5894"}],"wp:term":[{"taxonomy":"category","embeddable":true,"href":"https:\/\/cetaradell.cat\/ce\/wp-json\/wp\/v2\/categories?post=5894"},{"taxonomy":"post_tag","embeddable":true,"href":"https:\/\/cetaradell.cat\/ce\/wp-json\/wp\/v2\/tags?post=5894"}],"curies":[{"name":"wp","href":"https:\/\/api.w.org\/{rel}","templated":true}]}}