{"id":5915,"date":"2017-11-09T22:42:02","date_gmt":"2017-11-09T21:42:02","guid":{"rendered":"https:\/\/cetaradell.cat\/ce\/?p=5915"},"modified":"2020-06-23T09:11:47","modified_gmt":"2020-06-23T08:11:47","slug":"cet-lenclusa-o-a-roma","status":"publish","type":"post","link":"https:\/\/cetaradell.cat\/ce\/cet-lenclusa-o-a-roma\/","title":{"rendered":"CET L\u2019Enclusa-O a Roma"},"content":{"rendered":"<div id=\"attachment_5919\" style=\"width: 310px\" class=\"wp-caption alignleft\"><a href=\"https:\/\/cetaradell.cat\/ce\/wp-content\/uploads\/2017-10-27_29-ROME_colisseu.jpg\" target=\"_blank\" rel=\"attachment noopener wp-att-5919 noreferrer\"><img decoding=\"async\" aria-describedby=\"caption-attachment-5919\" class=\"wp-image-5919 size-medium\" src=\"https:\/\/cetaradell.cat\/ce\/wp-content\/uploads\/2017-10-27_29-ROME_colisseu-300x236.jpg\" alt=\"2017-10-27_29-ROME_colisseu\" width=\"300\" height=\"236\" srcset=\"https:\/\/cetaradell.cat\/ce\/wp-content\/uploads\/2017-10-27_29-ROME_colisseu-300x236.jpg 300w, https:\/\/cetaradell.cat\/ce\/wp-content\/uploads\/2017-10-27_29-ROME_colisseu-500x393.jpg 500w, https:\/\/cetaradell.cat\/ce\/wp-content\/uploads\/2017-10-27_29-ROME_colisseu-700x550.jpg 700w, https:\/\/cetaradell.cat\/ce\/wp-content\/uploads\/2017-10-27_29-ROME_colisseu-768x604.jpg 768w, https:\/\/cetaradell.cat\/ce\/wp-content\/uploads\/2017-10-27_29-ROME_colisseu-1024x805.jpg 1024w\" sizes=\"(max-width: 300px) 100vw, 300px\" \/><\/a><p id=\"caption-attachment-5919\" class=\"wp-caption-text\">Marc Ballabriga, Meritxell Freixas i Josep Maria Freixas davant el Coliseum amb l\u2019equipament del CET<\/p><\/div>\n<p>El cap de setmana del 27 al 29 d\u2019octubre a Roma (It\u00e0lia), es va disputar la prova d\u2019orientaci\u00f3 <strong>ROMe &#8211; Rome Orienteering Meeting 2017 <\/strong>que va constar de 3 curses d\u2019orientaci\u00f3; el divendres al parc Caffarella es va fer una cursa del tipus sprint, el dissabte a la Villa Pamphilj es va fer una cursa de mitja dist\u00e0ncia i el diumenge va tancar la competici\u00f3 una cursa pel centre hist\u00f2ric de Roma. En total hi van participar gaireb\u00e9 700 corredors dels quals uns 500 eren extrangers provinents de m\u00e9s de 30 pa\u00efsos diferents.<\/p>\n<p>Els orientadors\u00a0 <strong>Meritxell Freixas<\/strong>, <strong>Marc Ballabriga<\/strong> i <strong>Josep Maria Freixas<\/strong>, del CET L\u2019Enclusa-O, van participar a les tres proves en la categoria de 21B. Josep Maria Freixas i Marc Ballabriga de la suma de les tres curses es van classificar en 8a i 10a posici\u00f3 respectivament de la categoria masculina 21B i Meritxell Freixas tamb\u00e9 en 8a posici\u00f3 de la categoria femenina 21B.<\/p>\n<p>Per altra banda, el cap de setmana abans, el diumenge dia 22 d\u2019octubre a <strong>Manlleu<\/strong> el GEM va organitzar una <strong>Cursa Popular d\u2019Orientaci\u00f3<\/strong> del tipus rogaine de 3 hores. En aquesta cursa tant s\u2019hi podia participar individualment com en equips. Del Centre Excursionista Taradell hi va prendre part individualment Marc Ballabriga, Josep Maria Freixas i Meritxell Freixas, i l\u2019equip format per Llu\u00eds Saborit i Joan Noguera.<\/p>\n<p>Marc Ballabriga i Meritxell Freixas es van classificar en primer lloc de la categoria masculina i femenina respectivament.<\/p>\n<table>\n<tbody>\n<tr>\n<td><a href=\"https:\/\/cetaradell.cat\/ce\/wp-content\/uploads\/2017-10-22-Manlleu-Rogaine-1.jpeg\" target=\"_blank\" rel=\"attachment noopener wp-att-5917 noreferrer\"><img decoding=\"async\" class=\"aligncenter wp-image-5917 size-medium\" src=\"https:\/\/cetaradell.cat\/ce\/wp-content\/uploads\/2017-10-22-Manlleu-Rogaine-1-300x225.jpeg\" alt=\"2017-10-22-Manlleu-Rogaine (1)\" width=\"300\" height=\"225\" srcset=\"https:\/\/cetaradell.cat\/ce\/wp-content\/uploads\/2017-10-22-Manlleu-Rogaine-1-300x225.jpeg 300w, https:\/\/cetaradell.cat\/ce\/wp-content\/uploads\/2017-10-22-Manlleu-Rogaine-1-500x375.jpeg 500w, https:\/\/cetaradell.cat\/ce\/wp-content\/uploads\/2017-10-22-Manlleu-Rogaine-1-700x525.jpeg 700w, https:\/\/cetaradell.cat\/ce\/wp-content\/uploads\/2017-10-22-Manlleu-Rogaine-1-768x576.jpeg 768w, https:\/\/cetaradell.cat\/ce\/wp-content\/uploads\/2017-10-22-Manlleu-Rogaine-1-1024x768.jpeg 1024w, https:\/\/cetaradell.cat\/ce\/wp-content\/uploads\/2017-10-22-Manlleu-Rogaine-1.jpeg 1600w\" sizes=\"(max-width: 300px) 100vw, 300px\" \/><\/a><\/td>\n<td><a href=\"https:\/\/cetaradell.cat\/ce\/wp-content\/uploads\/2017-10-22-Manlleu-Rogaine-2.jpeg\" target=\"_blank\" rel=\"attachment noopener wp-att-5918 noreferrer\"><img decoding=\"async\" class=\"aligncenter wp-image-5918 size-medium\" src=\"https:\/\/cetaradell.cat\/ce\/wp-content\/uploads\/2017-10-22-Manlleu-Rogaine-2-300x225.jpeg\" alt=\"2017-10-22-Manlleu-Rogaine (2)\" width=\"300\" height=\"225\" srcset=\"https:\/\/cetaradell.cat\/ce\/wp-content\/uploads\/2017-10-22-Manlleu-Rogaine-2-300x225.jpeg 300w, https:\/\/cetaradell.cat\/ce\/wp-content\/uploads\/2017-10-22-Manlleu-Rogaine-2-500x375.jpeg 500w, https:\/\/cetaradell.cat\/ce\/wp-content\/uploads\/2017-10-22-Manlleu-Rogaine-2-700x525.jpeg 700w, https:\/\/cetaradell.cat\/ce\/wp-content\/uploads\/2017-10-22-Manlleu-Rogaine-2-768x576.jpeg 768w, https:\/\/cetaradell.cat\/ce\/wp-content\/uploads\/2017-10-22-Manlleu-Rogaine-2-1024x768.jpeg 1024w, https:\/\/cetaradell.cat\/ce\/wp-content\/uploads\/2017-10-22-Manlleu-Rogaine-2.jpeg 1600w\" sizes=\"(max-width: 300px) 100vw, 300px\" \/><\/a><\/td>\n<\/tr>\n<tr>\n<td style=\"text-align: center;\" colspan=\"2\">Marc Ballabriga i Meritxell Freixas en el repartiment de premis<\/td>\n<\/tr>\n<\/tbody>\n<\/table>\n","protected":false},"excerpt":{"rendered":"<p>El cap de setmana del 27 al 29 d\u2019octubre a Roma (It\u00e0lia), es va disputar la prova d\u2019orientaci\u00f3 ROMe &#8211; Rome Orienteering Meeting 2017 que va constar de 3 curses d\u2019orientaci\u00f3; el divendres al parc Caffarella es va fer una cursa del tipus sprint, el dissabte a la Villa Pamphilj  [&#8230;]<\/p>\n","protected":false},"author":1,"featured_media":5919,"comment_status":"closed","ping_status":"closed","sticky":false,"template":"","format":"standard","meta":{"footnotes":""},"categories":[46,3],"tags":[],"class_list":["post-5915","post","type-post","status-publish","format-standard","has-post-thumbnail","hentry","category-equip-cet-lenclusa-o","category-noticies"],"yoast_head":"<!-- This site is optimized with the Yoast SEO plugin v27.5 - https:\/\/yoast.com\/product\/yoast-seo-wordpress\/ -->\n<title>CET L\u2019Enclusa-O a Roma - Centre Excursionista Taradell<\/title>\n<meta name=\"robots\" content=\"index, follow, max-snippet:-1, max-image-preview:large, max-video-preview:-1\" \/>\n<link rel=\"canonical\" href=\"https:\/\/cetaradell.cat\/ce\/cet-lenclusa-o-a-roma\/\" \/>\n<meta property=\"og:locale\" content=\"ca_ES\" \/>\n<meta property=\"og:type\" content=\"article\" \/>\n<meta property=\"og:title\" content=\"CET L\u2019Enclusa-O a Roma - Centre Excursionista Taradell\" \/>\n<meta property=\"og:description\" content=\"El cap de setmana del 27 al 29 d\u2019octubre a Roma (It\u00e0lia), es va disputar la prova d\u2019orientaci\u00f3 ROMe &#8211; Rome Orienteering Meeting 2017 que va constar de 3 curses d\u2019orientaci\u00f3; el divendres al parc Caffarella es va fer una cursa del tipus sprint, el dissabte a la Villa Pamphilj [...]\" \/>\n<meta property=\"og:url\" content=\"https:\/\/cetaradell.cat\/ce\/cet-lenclusa-o-a-roma\/\" \/>\n<meta property=\"og:site_name\" content=\"Centre Excursionista Taradell\" \/>\n<meta property=\"article:publisher\" content=\"https:\/\/www.facebook.com\/CETaradell\/\" \/>\n<meta property=\"article:published_time\" content=\"2017-11-09T21:42:02+00:00\" \/>\n<meta property=\"article:modified_time\" content=\"2020-06-23T08:11:47+00:00\" \/>\n<meta property=\"og:image\" content=\"https:\/\/cetaradell.cat\/ce\/wp-content\/uploads\/2017-10-27_29-ROME_colisseu-scaled.jpg\" \/>\n\t<meta property=\"og:image:width\" content=\"2560\" \/>\n\t<meta property=\"og:image:height\" content=\"2012\" \/>\n\t<meta property=\"og:image:type\" content=\"image\/jpeg\" \/>\n<meta name=\"author\" content=\"CET\" \/>\n<meta name=\"twitter:card\" content=\"summary_large_image\" \/>\n<meta name=\"twitter:label1\" content=\"Escrit per\" \/>\n\t<meta name=\"twitter:data1\" content=\"CET\" \/>\n\t<meta name=\"twitter:label2\" content=\"Temps estimat de lectura\" \/>\n\t<meta name=\"twitter:data2\" content=\"1 minut\" \/>\n<script type=\"application\/ld+json\" class=\"yoast-schema-graph\">{\"@context\":\"https:\\\/\\\/schema.org\",\"@graph\":[{\"@type\":\"Article\",\"@id\":\"https:\\\/\\\/cetaradell.cat\\\/ce\\\/cet-lenclusa-o-a-roma\\\/#article\",\"isPartOf\":{\"@id\":\"https:\\\/\\\/cetaradell.cat\\\/ce\\\/cet-lenclusa-o-a-roma\\\/\"},\"author\":{\"name\":\"CET\",\"@id\":\"https:\\\/\\\/cetaradell.cat\\\/ce\\\/#\\\/schema\\\/person\\\/92a59f585073071c7be6649e84b22f78\"},\"headline\":\"CET L\u2019Enclusa-O a Roma\",\"datePublished\":\"2017-11-09T21:42:02+00:00\",\"dateModified\":\"2020-06-23T08:11:47+00:00\",\"mainEntityOfPage\":{\"@id\":\"https:\\\/\\\/cetaradell.cat\\\/ce\\\/cet-lenclusa-o-a-roma\\\/\"},\"wordCount\":283,\"image\":{\"@id\":\"https:\\\/\\\/cetaradell.cat\\\/ce\\\/cet-lenclusa-o-a-roma\\\/#primaryimage\"},\"thumbnailUrl\":\"https:\\\/\\\/cetaradell.cat\\\/ce\\\/wp-content\\\/uploads\\\/2017-10-27_29-ROME_colisseu-scaled.jpg\",\"articleSection\":[\"Equip CET L'Enclusa-O\",\"Not\u00edcies\"],\"inLanguage\":\"ca\"},{\"@type\":\"WebPage\",\"@id\":\"https:\\\/\\\/cetaradell.cat\\\/ce\\\/cet-lenclusa-o-a-roma\\\/\",\"url\":\"https:\\\/\\\/cetaradell.cat\\\/ce\\\/cet-lenclusa-o-a-roma\\\/\",\"name\":\"CET L\u2019Enclusa-O a Roma - Centre Excursionista Taradell\",\"isPartOf\":{\"@id\":\"https:\\\/\\\/cetaradell.cat\\\/ce\\\/#website\"},\"primaryImageOfPage\":{\"@id\":\"https:\\\/\\\/cetaradell.cat\\\/ce\\\/cet-lenclusa-o-a-roma\\\/#primaryimage\"},\"image\":{\"@id\":\"https:\\\/\\\/cetaradell.cat\\\/ce\\\/cet-lenclusa-o-a-roma\\\/#primaryimage\"},\"thumbnailUrl\":\"https:\\\/\\\/cetaradell.cat\\\/ce\\\/wp-content\\\/uploads\\\/2017-10-27_29-ROME_colisseu-scaled.jpg\",\"datePublished\":\"2017-11-09T21:42:02+00:00\",\"dateModified\":\"2020-06-23T08:11:47+00:00\",\"author\":{\"@id\":\"https:\\\/\\\/cetaradell.cat\\\/ce\\\/#\\\/schema\\\/person\\\/92a59f585073071c7be6649e84b22f78\"},\"breadcrumb\":{\"@id\":\"https:\\\/\\\/cetaradell.cat\\\/ce\\\/cet-lenclusa-o-a-roma\\\/#breadcrumb\"},\"inLanguage\":\"ca\",\"potentialAction\":[{\"@type\":\"ReadAction\",\"target\":[\"https:\\\/\\\/cetaradell.cat\\\/ce\\\/cet-lenclusa-o-a-roma\\\/\"]}]},{\"@type\":\"ImageObject\",\"inLanguage\":\"ca\",\"@id\":\"https:\\\/\\\/cetaradell.cat\\\/ce\\\/cet-lenclusa-o-a-roma\\\/#primaryimage\",\"url\":\"https:\\\/\\\/cetaradell.cat\\\/ce\\\/wp-content\\\/uploads\\\/2017-10-27_29-ROME_colisseu-scaled.jpg\",\"contentUrl\":\"https:\\\/\\\/cetaradell.cat\\\/ce\\\/wp-content\\\/uploads\\\/2017-10-27_29-ROME_colisseu-scaled.jpg\",\"width\":2560,\"height\":2012},{\"@type\":\"BreadcrumbList\",\"@id\":\"https:\\\/\\\/cetaradell.cat\\\/ce\\\/cet-lenclusa-o-a-roma\\\/#breadcrumb\",\"itemListElement\":[{\"@type\":\"ListItem\",\"position\":1,\"name\":\"Inici\",\"item\":\"https:\\\/\\\/cetaradell.cat\\\/ce\\\/\"},{\"@type\":\"ListItem\",\"position\":2,\"name\":\"CET L\u2019Enclusa-O a Roma\"}]},{\"@type\":\"WebSite\",\"@id\":\"https:\\\/\\\/cetaradell.cat\\\/ce\\\/#website\",\"url\":\"https:\\\/\\\/cetaradell.cat\\\/ce\\\/\",\"name\":\"Centre Excursionista Taradell\",\"description\":\"\",\"potentialAction\":[{\"@type\":\"SearchAction\",\"target\":{\"@type\":\"EntryPoint\",\"urlTemplate\":\"https:\\\/\\\/cetaradell.cat\\\/ce\\\/?s={search_term_string}\"},\"query-input\":{\"@type\":\"PropertyValueSpecification\",\"valueRequired\":true,\"valueName\":\"search_term_string\"}}],\"inLanguage\":\"ca\"},{\"@type\":\"Person\",\"@id\":\"https:\\\/\\\/cetaradell.cat\\\/ce\\\/#\\\/schema\\\/person\\\/92a59f585073071c7be6649e84b22f78\",\"name\":\"CET\",\"image\":{\"@type\":\"ImageObject\",\"inLanguage\":\"ca\",\"@id\":\"https:\\\/\\\/secure.gravatar.com\\\/avatar\\\/d6fbe010d42056feccc0f613ed07277a5118442805079269f12dabdc42e1a727?s=96&d=mm&r=g\",\"url\":\"https:\\\/\\\/secure.gravatar.com\\\/avatar\\\/d6fbe010d42056feccc0f613ed07277a5118442805079269f12dabdc42e1a727?s=96&d=mm&r=g\",\"contentUrl\":\"https:\\\/\\\/secure.gravatar.com\\\/avatar\\\/d6fbe010d42056feccc0f613ed07277a5118442805079269f12dabdc42e1a727?s=96&d=mm&r=g\",\"caption\":\"CET\"},\"url\":\"https:\\\/\\\/cetaradell.cat\\\/ce\\\/author\\\/root\\\/\"}]}<\/script>\n<!-- \/ Yoast SEO plugin. -->","yoast_head_json":{"title":"CET L\u2019Enclusa-O a Roma - Centre Excursionista Taradell","robots":{"index":"index","follow":"follow","max-snippet":"max-snippet:-1","max-image-preview":"max-image-preview:large","max-video-preview":"max-video-preview:-1"},"canonical":"https:\/\/cetaradell.cat\/ce\/cet-lenclusa-o-a-roma\/","og_locale":"ca_ES","og_type":"article","og_title":"CET L\u2019Enclusa-O a Roma - Centre Excursionista Taradell","og_description":"El cap de setmana del 27 al 29 d\u2019octubre a Roma (It\u00e0lia), es va disputar la prova d\u2019orientaci\u00f3 ROMe &#8211; Rome Orienteering Meeting 2017 que va constar de 3 curses d\u2019orientaci\u00f3; el divendres al parc Caffarella es va fer una cursa del tipus sprint, el dissabte a la Villa Pamphilj [...]","og_url":"https:\/\/cetaradell.cat\/ce\/cet-lenclusa-o-a-roma\/","og_site_name":"Centre Excursionista Taradell","article_publisher":"https:\/\/www.facebook.com\/CETaradell\/","article_published_time":"2017-11-09T21:42:02+00:00","article_modified_time":"2020-06-23T08:11:47+00:00","og_image":[{"width":2560,"height":2012,"url":"https:\/\/cetaradell.cat\/ce\/wp-content\/uploads\/2017-10-27_29-ROME_colisseu-scaled.jpg","type":"image\/jpeg"}],"author":"CET","twitter_card":"summary_large_image","twitter_misc":{"Escrit per":"CET","Temps estimat de lectura":"1 minut"},"schema":{"@context":"https:\/\/schema.org","@graph":[{"@type":"Article","@id":"https:\/\/cetaradell.cat\/ce\/cet-lenclusa-o-a-roma\/#article","isPartOf":{"@id":"https:\/\/cetaradell.cat\/ce\/cet-lenclusa-o-a-roma\/"},"author":{"name":"CET","@id":"https:\/\/cetaradell.cat\/ce\/#\/schema\/person\/92a59f585073071c7be6649e84b22f78"},"headline":"CET L\u2019Enclusa-O a Roma","datePublished":"2017-11-09T21:42:02+00:00","dateModified":"2020-06-23T08:11:47+00:00","mainEntityOfPage":{"@id":"https:\/\/cetaradell.cat\/ce\/cet-lenclusa-o-a-roma\/"},"wordCount":283,"image":{"@id":"https:\/\/cetaradell.cat\/ce\/cet-lenclusa-o-a-roma\/#primaryimage"},"thumbnailUrl":"https:\/\/cetaradell.cat\/ce\/wp-content\/uploads\/2017-10-27_29-ROME_colisseu-scaled.jpg","articleSection":["Equip CET L'Enclusa-O","Not\u00edcies"],"inLanguage":"ca"},{"@type":"WebPage","@id":"https:\/\/cetaradell.cat\/ce\/cet-lenclusa-o-a-roma\/","url":"https:\/\/cetaradell.cat\/ce\/cet-lenclusa-o-a-roma\/","name":"CET L\u2019Enclusa-O a Roma - Centre Excursionista Taradell","isPartOf":{"@id":"https:\/\/cetaradell.cat\/ce\/#website"},"primaryImageOfPage":{"@id":"https:\/\/cetaradell.cat\/ce\/cet-lenclusa-o-a-roma\/#primaryimage"},"image":{"@id":"https:\/\/cetaradell.cat\/ce\/cet-lenclusa-o-a-roma\/#primaryimage"},"thumbnailUrl":"https:\/\/cetaradell.cat\/ce\/wp-content\/uploads\/2017-10-27_29-ROME_colisseu-scaled.jpg","datePublished":"2017-11-09T21:42:02+00:00","dateModified":"2020-06-23T08:11:47+00:00","author":{"@id":"https:\/\/cetaradell.cat\/ce\/#\/schema\/person\/92a59f585073071c7be6649e84b22f78"},"breadcrumb":{"@id":"https:\/\/cetaradell.cat\/ce\/cet-lenclusa-o-a-roma\/#breadcrumb"},"inLanguage":"ca","potentialAction":[{"@type":"ReadAction","target":["https:\/\/cetaradell.cat\/ce\/cet-lenclusa-o-a-roma\/"]}]},{"@type":"ImageObject","inLanguage":"ca","@id":"https:\/\/cetaradell.cat\/ce\/cet-lenclusa-o-a-roma\/#primaryimage","url":"https:\/\/cetaradell.cat\/ce\/wp-content\/uploads\/2017-10-27_29-ROME_colisseu-scaled.jpg","contentUrl":"https:\/\/cetaradell.cat\/ce\/wp-content\/uploads\/2017-10-27_29-ROME_colisseu-scaled.jpg","width":2560,"height":2012},{"@type":"BreadcrumbList","@id":"https:\/\/cetaradell.cat\/ce\/cet-lenclusa-o-a-roma\/#breadcrumb","itemListElement":[{"@type":"ListItem","position":1,"name":"Inici","item":"https:\/\/cetaradell.cat\/ce\/"},{"@type":"ListItem","position":2,"name":"CET L\u2019Enclusa-O a Roma"}]},{"@type":"WebSite","@id":"https:\/\/cetaradell.cat\/ce\/#website","url":"https:\/\/cetaradell.cat\/ce\/","name":"Centre Excursionista Taradell","description":"","potentialAction":[{"@type":"SearchAction","target":{"@type":"EntryPoint","urlTemplate":"https:\/\/cetaradell.cat\/ce\/?s={search_term_string}"},"query-input":{"@type":"PropertyValueSpecification","valueRequired":true,"valueName":"search_term_string"}}],"inLanguage":"ca"},{"@type":"Person","@id":"https:\/\/cetaradell.cat\/ce\/#\/schema\/person\/92a59f585073071c7be6649e84b22f78","name":"CET","image":{"@type":"ImageObject","inLanguage":"ca","@id":"https:\/\/secure.gravatar.com\/avatar\/d6fbe010d42056feccc0f613ed07277a5118442805079269f12dabdc42e1a727?s=96&d=mm&r=g","url":"https:\/\/secure.gravatar.com\/avatar\/d6fbe010d42056feccc0f613ed07277a5118442805079269f12dabdc42e1a727?s=96&d=mm&r=g","contentUrl":"https:\/\/secure.gravatar.com\/avatar\/d6fbe010d42056feccc0f613ed07277a5118442805079269f12dabdc42e1a727?s=96&d=mm&r=g","caption":"CET"},"url":"https:\/\/cetaradell.cat\/ce\/author\/root\/"}]}},"_links":{"self":[{"href":"https:\/\/cetaradell.cat\/ce\/wp-json\/wp\/v2\/posts\/5915","targetHints":{"allow":["GET"]}}],"collection":[{"href":"https:\/\/cetaradell.cat\/ce\/wp-json\/wp\/v2\/posts"}],"about":[{"href":"https:\/\/cetaradell.cat\/ce\/wp-json\/wp\/v2\/types\/post"}],"author":[{"embeddable":true,"href":"https:\/\/cetaradell.cat\/ce\/wp-json\/wp\/v2\/users\/1"}],"replies":[{"embeddable":true,"href":"https:\/\/cetaradell.cat\/ce\/wp-json\/wp\/v2\/comments?post=5915"}],"version-history":[{"count":0,"href":"https:\/\/cetaradell.cat\/ce\/wp-json\/wp\/v2\/posts\/5915\/revisions"}],"wp:featuredmedia":[{"embeddable":true,"href":"https:\/\/cetaradell.cat\/ce\/wp-json\/wp\/v2\/media\/5919"}],"wp:attachment":[{"href":"https:\/\/cetaradell.cat\/ce\/wp-json\/wp\/v2\/media?parent=5915"}],"wp:term":[{"taxonomy":"category","embeddable":true,"href":"https:\/\/cetaradell.cat\/ce\/wp-json\/wp\/v2\/categories?post=5915"},{"taxonomy":"post_tag","embeddable":true,"href":"https:\/\/cetaradell.cat\/ce\/wp-json\/wp\/v2\/tags?post=5915"}],"curies":[{"name":"wp","href":"https:\/\/api.w.org\/{rel}","templated":true}]}}