{"id":5922,"date":"2017-11-09T22:59:34","date_gmt":"2017-11-09T21:59:34","guid":{"rendered":"https:\/\/cetaradell.cat\/ce\/?p=5922"},"modified":"2020-06-23T09:11:15","modified_gmt":"2020-06-23T08:11:15","slug":"pepe-freixas-2n-al-campionat-dultrallarga-distancia","status":"publish","type":"post","link":"https:\/\/cetaradell.cat\/ce\/pepe-freixas-2n-al-campionat-dultrallarga-distancia\/","title":{"rendered":"Pepe Freixas, 2n al Campionat d\u2019Ultrallarga Dist\u00e0ncia"},"content":{"rendered":"<div id=\"attachment_5920\" style=\"width: 310px\" class=\"wp-caption alignleft\"><a href=\"https:\/\/cetaradell.cat\/ce\/wp-content\/uploads\/2017-11-01-Ultrallarga-Taravil-9.jpg\" target=\"_blank\" rel=\"attachment noopener wp-att-5920 noreferrer\"><img decoding=\"async\" aria-describedby=\"caption-attachment-5920\" class=\"wp-image-5920 size-medium\" src=\"https:\/\/cetaradell.cat\/ce\/wp-content\/uploads\/2017-11-01-Ultrallarga-Taravil-9-300x201.jpg\" alt=\"2017-11-01-Ultrallarga-Taravil (9)\" width=\"300\" height=\"201\" srcset=\"https:\/\/cetaradell.cat\/ce\/wp-content\/uploads\/2017-11-01-Ultrallarga-Taravil-9-300x201.jpg 300w, https:\/\/cetaradell.cat\/ce\/wp-content\/uploads\/2017-11-01-Ultrallarga-Taravil-9-500x334.jpg 500w, https:\/\/cetaradell.cat\/ce\/wp-content\/uploads\/2017-11-01-Ultrallarga-Taravil-9-700x468.jpg 700w, https:\/\/cetaradell.cat\/ce\/wp-content\/uploads\/2017-11-01-Ultrallarga-Taravil-9-768x514.jpg 768w, https:\/\/cetaradell.cat\/ce\/wp-content\/uploads\/2017-11-01-Ultrallarga-Taravil-9-1024x685.jpg 1024w\" sizes=\"(max-width: 300px) 100vw, 300px\" \/><\/a><p id=\"caption-attachment-5920\" class=\"wp-caption-text\">Josep Maria Freixas, 2n classificat H21A, durant la cursa (Foto: Sherpa)<\/p><\/div>\n<p>El dimecres 1 de novembre a Taravil (Capolat) es va celebrar el <strong>Campionat de Catalunya d\u2019Ultrallarga Dist\u00e0ncia 2017 <\/strong>de curses d\u2019orientaci\u00f3. La cursa va aplegar gaireb\u00e9 400 corredors, que van poder gaudir del boscos del bergued\u00e0\u00a0 amb un terreny i tra\u00e7ats molt exigents t\u00e8cnicament en totes les categories.<\/p>\n<p><strong>Josep Maria Freixas<\/strong>, del CET L\u2019Enclusa-O, es va classificar en <strong>segons posici\u00f3<\/strong> de la categoria Homes 21A a menys d\u2019un minut del primer classificat. Per altra banda, <strong>Marc Ballabriga<\/strong> va quedar en 15\u00e8 lloc de la mateixa categoria, i <strong>Meritxell Freixas<\/strong> es va classificar en 9a posici\u00f3 de la categoria Dones 21A.<\/p>\n","protected":false},"excerpt":{"rendered":"<p>El dimecres 1 de novembre a Taravil (Capolat) es va celebrar el Campionat de Catalunya d\u2019Ultrallarga Dist\u00e0ncia 2017 de curses d\u2019orientaci\u00f3. La cursa va aplegar gaireb\u00e9 400 corredors, que van poder gaudir del boscos del bergued\u00e0\u00a0 amb un terreny i tra\u00e7ats molt exigents t\u00e8cnicament en totes les categories. Josep Maria  [&#8230;]<\/p>\n","protected":false},"author":1,"featured_media":5920,"comment_status":"closed","ping_status":"closed","sticky":false,"template":"","format":"standard","meta":{"footnotes":""},"categories":[46,3],"tags":[],"class_list":["post-5922","post","type-post","status-publish","format-standard","has-post-thumbnail","hentry","category-equip-cet-lenclusa-o","category-noticies"],"yoast_head":"<!-- This site is optimized with the Yoast SEO plugin v27.5 - https:\/\/yoast.com\/product\/yoast-seo-wordpress\/ -->\n<title>Pepe Freixas, 2n al Campionat d\u2019Ultrallarga Dist\u00e0ncia - Centre Excursionista Taradell<\/title>\n<meta name=\"robots\" content=\"index, follow, max-snippet:-1, max-image-preview:large, max-video-preview:-1\" \/>\n<link rel=\"canonical\" href=\"https:\/\/cetaradell.cat\/ce\/pepe-freixas-2n-al-campionat-dultrallarga-distancia\/\" \/>\n<meta property=\"og:locale\" content=\"ca_ES\" \/>\n<meta property=\"og:type\" content=\"article\" \/>\n<meta property=\"og:title\" content=\"Pepe Freixas, 2n al Campionat d\u2019Ultrallarga Dist\u00e0ncia - Centre Excursionista Taradell\" \/>\n<meta property=\"og:description\" content=\"El dimecres 1 de novembre a Taravil (Capolat) es va celebrar el Campionat de Catalunya d\u2019Ultrallarga Dist\u00e0ncia 2017 de curses d\u2019orientaci\u00f3. La cursa va aplegar gaireb\u00e9 400 corredors, que van poder gaudir del boscos del bergued\u00e0\u00a0 amb un terreny i tra\u00e7ats molt exigents t\u00e8cnicament en totes les categories. Josep Maria [...]\" \/>\n<meta property=\"og:url\" content=\"https:\/\/cetaradell.cat\/ce\/pepe-freixas-2n-al-campionat-dultrallarga-distancia\/\" \/>\n<meta property=\"og:site_name\" content=\"Centre Excursionista Taradell\" \/>\n<meta property=\"article:publisher\" content=\"https:\/\/www.facebook.com\/CETaradell\/\" \/>\n<meta property=\"article:published_time\" content=\"2017-11-09T21:59:34+00:00\" \/>\n<meta property=\"article:modified_time\" content=\"2020-06-23T08:11:15+00:00\" \/>\n<meta property=\"og:image\" content=\"https:\/\/cetaradell.cat\/ce\/wp-content\/uploads\/2017-11-01-Ultrallarga-Taravil-9.jpg\" \/>\n\t<meta property=\"og:image:width\" content=\"2048\" \/>\n\t<meta property=\"og:image:height\" content=\"1370\" \/>\n\t<meta property=\"og:image:type\" content=\"image\/jpeg\" \/>\n<meta name=\"author\" content=\"CET\" \/>\n<meta name=\"twitter:card\" content=\"summary_large_image\" \/>\n<meta name=\"twitter:label1\" content=\"Escrit per\" \/>\n\t<meta name=\"twitter:data1\" content=\"CET\" \/>\n\t<meta name=\"twitter:label2\" content=\"Temps estimat de lectura\" \/>\n\t<meta name=\"twitter:data2\" content=\"1 minut\" \/>\n<script type=\"application\/ld+json\" class=\"yoast-schema-graph\">{\"@context\":\"https:\\\/\\\/schema.org\",\"@graph\":[{\"@type\":\"Article\",\"@id\":\"https:\\\/\\\/cetaradell.cat\\\/ce\\\/pepe-freixas-2n-al-campionat-dultrallarga-distancia\\\/#article\",\"isPartOf\":{\"@id\":\"https:\\\/\\\/cetaradell.cat\\\/ce\\\/pepe-freixas-2n-al-campionat-dultrallarga-distancia\\\/\"},\"author\":{\"name\":\"CET\",\"@id\":\"https:\\\/\\\/cetaradell.cat\\\/ce\\\/#\\\/schema\\\/person\\\/92a59f585073071c7be6649e84b22f78\"},\"headline\":\"Pepe Freixas, 2n al Campionat d\u2019Ultrallarga Dist\u00e0ncia\",\"datePublished\":\"2017-11-09T21:59:34+00:00\",\"dateModified\":\"2020-06-23T08:11:15+00:00\",\"mainEntityOfPage\":{\"@id\":\"https:\\\/\\\/cetaradell.cat\\\/ce\\\/pepe-freixas-2n-al-campionat-dultrallarga-distancia\\\/\"},\"wordCount\":131,\"image\":{\"@id\":\"https:\\\/\\\/cetaradell.cat\\\/ce\\\/pepe-freixas-2n-al-campionat-dultrallarga-distancia\\\/#primaryimage\"},\"thumbnailUrl\":\"https:\\\/\\\/cetaradell.cat\\\/ce\\\/wp-content\\\/uploads\\\/2017-11-01-Ultrallarga-Taravil-9.jpg\",\"articleSection\":[\"Equip CET L'Enclusa-O\",\"Not\u00edcies\"],\"inLanguage\":\"ca\"},{\"@type\":\"WebPage\",\"@id\":\"https:\\\/\\\/cetaradell.cat\\\/ce\\\/pepe-freixas-2n-al-campionat-dultrallarga-distancia\\\/\",\"url\":\"https:\\\/\\\/cetaradell.cat\\\/ce\\\/pepe-freixas-2n-al-campionat-dultrallarga-distancia\\\/\",\"name\":\"Pepe Freixas, 2n al Campionat d\u2019Ultrallarga Dist\u00e0ncia - Centre Excursionista Taradell\",\"isPartOf\":{\"@id\":\"https:\\\/\\\/cetaradell.cat\\\/ce\\\/#website\"},\"primaryImageOfPage\":{\"@id\":\"https:\\\/\\\/cetaradell.cat\\\/ce\\\/pepe-freixas-2n-al-campionat-dultrallarga-distancia\\\/#primaryimage\"},\"image\":{\"@id\":\"https:\\\/\\\/cetaradell.cat\\\/ce\\\/pepe-freixas-2n-al-campionat-dultrallarga-distancia\\\/#primaryimage\"},\"thumbnailUrl\":\"https:\\\/\\\/cetaradell.cat\\\/ce\\\/wp-content\\\/uploads\\\/2017-11-01-Ultrallarga-Taravil-9.jpg\",\"datePublished\":\"2017-11-09T21:59:34+00:00\",\"dateModified\":\"2020-06-23T08:11:15+00:00\",\"author\":{\"@id\":\"https:\\\/\\\/cetaradell.cat\\\/ce\\\/#\\\/schema\\\/person\\\/92a59f585073071c7be6649e84b22f78\"},\"breadcrumb\":{\"@id\":\"https:\\\/\\\/cetaradell.cat\\\/ce\\\/pepe-freixas-2n-al-campionat-dultrallarga-distancia\\\/#breadcrumb\"},\"inLanguage\":\"ca\",\"potentialAction\":[{\"@type\":\"ReadAction\",\"target\":[\"https:\\\/\\\/cetaradell.cat\\\/ce\\\/pepe-freixas-2n-al-campionat-dultrallarga-distancia\\\/\"]}]},{\"@type\":\"ImageObject\",\"inLanguage\":\"ca\",\"@id\":\"https:\\\/\\\/cetaradell.cat\\\/ce\\\/pepe-freixas-2n-al-campionat-dultrallarga-distancia\\\/#primaryimage\",\"url\":\"https:\\\/\\\/cetaradell.cat\\\/ce\\\/wp-content\\\/uploads\\\/2017-11-01-Ultrallarga-Taravil-9.jpg\",\"contentUrl\":\"https:\\\/\\\/cetaradell.cat\\\/ce\\\/wp-content\\\/uploads\\\/2017-11-01-Ultrallarga-Taravil-9.jpg\",\"width\":2048,\"height\":1370},{\"@type\":\"BreadcrumbList\",\"@id\":\"https:\\\/\\\/cetaradell.cat\\\/ce\\\/pepe-freixas-2n-al-campionat-dultrallarga-distancia\\\/#breadcrumb\",\"itemListElement\":[{\"@type\":\"ListItem\",\"position\":1,\"name\":\"Inici\",\"item\":\"https:\\\/\\\/cetaradell.cat\\\/ce\\\/\"},{\"@type\":\"ListItem\",\"position\":2,\"name\":\"Pepe Freixas, 2n al Campionat d\u2019Ultrallarga Dist\u00e0ncia\"}]},{\"@type\":\"WebSite\",\"@id\":\"https:\\\/\\\/cetaradell.cat\\\/ce\\\/#website\",\"url\":\"https:\\\/\\\/cetaradell.cat\\\/ce\\\/\",\"name\":\"Centre Excursionista Taradell\",\"description\":\"\",\"potentialAction\":[{\"@type\":\"SearchAction\",\"target\":{\"@type\":\"EntryPoint\",\"urlTemplate\":\"https:\\\/\\\/cetaradell.cat\\\/ce\\\/?s={search_term_string}\"},\"query-input\":{\"@type\":\"PropertyValueSpecification\",\"valueRequired\":true,\"valueName\":\"search_term_string\"}}],\"inLanguage\":\"ca\"},{\"@type\":\"Person\",\"@id\":\"https:\\\/\\\/cetaradell.cat\\\/ce\\\/#\\\/schema\\\/person\\\/92a59f585073071c7be6649e84b22f78\",\"name\":\"CET\",\"image\":{\"@type\":\"ImageObject\",\"inLanguage\":\"ca\",\"@id\":\"https:\\\/\\\/secure.gravatar.com\\\/avatar\\\/d6fbe010d42056feccc0f613ed07277a5118442805079269f12dabdc42e1a727?s=96&d=mm&r=g\",\"url\":\"https:\\\/\\\/secure.gravatar.com\\\/avatar\\\/d6fbe010d42056feccc0f613ed07277a5118442805079269f12dabdc42e1a727?s=96&d=mm&r=g\",\"contentUrl\":\"https:\\\/\\\/secure.gravatar.com\\\/avatar\\\/d6fbe010d42056feccc0f613ed07277a5118442805079269f12dabdc42e1a727?s=96&d=mm&r=g\",\"caption\":\"CET\"},\"url\":\"https:\\\/\\\/cetaradell.cat\\\/ce\\\/author\\\/root\\\/\"}]}<\/script>\n<!-- \/ Yoast SEO plugin. -->","yoast_head_json":{"title":"Pepe Freixas, 2n al Campionat d\u2019Ultrallarga Dist\u00e0ncia - Centre Excursionista Taradell","robots":{"index":"index","follow":"follow","max-snippet":"max-snippet:-1","max-image-preview":"max-image-preview:large","max-video-preview":"max-video-preview:-1"},"canonical":"https:\/\/cetaradell.cat\/ce\/pepe-freixas-2n-al-campionat-dultrallarga-distancia\/","og_locale":"ca_ES","og_type":"article","og_title":"Pepe Freixas, 2n al Campionat d\u2019Ultrallarga Dist\u00e0ncia - Centre Excursionista Taradell","og_description":"El dimecres 1 de novembre a Taravil (Capolat) es va celebrar el Campionat de Catalunya d\u2019Ultrallarga Dist\u00e0ncia 2017 de curses d\u2019orientaci\u00f3. La cursa va aplegar gaireb\u00e9 400 corredors, que van poder gaudir del boscos del bergued\u00e0\u00a0 amb un terreny i tra\u00e7ats molt exigents t\u00e8cnicament en totes les categories. Josep Maria [...]","og_url":"https:\/\/cetaradell.cat\/ce\/pepe-freixas-2n-al-campionat-dultrallarga-distancia\/","og_site_name":"Centre Excursionista Taradell","article_publisher":"https:\/\/www.facebook.com\/CETaradell\/","article_published_time":"2017-11-09T21:59:34+00:00","article_modified_time":"2020-06-23T08:11:15+00:00","og_image":[{"width":2048,"height":1370,"url":"https:\/\/cetaradell.cat\/ce\/wp-content\/uploads\/2017-11-01-Ultrallarga-Taravil-9.jpg","type":"image\/jpeg"}],"author":"CET","twitter_card":"summary_large_image","twitter_misc":{"Escrit per":"CET","Temps estimat de lectura":"1 minut"},"schema":{"@context":"https:\/\/schema.org","@graph":[{"@type":"Article","@id":"https:\/\/cetaradell.cat\/ce\/pepe-freixas-2n-al-campionat-dultrallarga-distancia\/#article","isPartOf":{"@id":"https:\/\/cetaradell.cat\/ce\/pepe-freixas-2n-al-campionat-dultrallarga-distancia\/"},"author":{"name":"CET","@id":"https:\/\/cetaradell.cat\/ce\/#\/schema\/person\/92a59f585073071c7be6649e84b22f78"},"headline":"Pepe Freixas, 2n al Campionat d\u2019Ultrallarga Dist\u00e0ncia","datePublished":"2017-11-09T21:59:34+00:00","dateModified":"2020-06-23T08:11:15+00:00","mainEntityOfPage":{"@id":"https:\/\/cetaradell.cat\/ce\/pepe-freixas-2n-al-campionat-dultrallarga-distancia\/"},"wordCount":131,"image":{"@id":"https:\/\/cetaradell.cat\/ce\/pepe-freixas-2n-al-campionat-dultrallarga-distancia\/#primaryimage"},"thumbnailUrl":"https:\/\/cetaradell.cat\/ce\/wp-content\/uploads\/2017-11-01-Ultrallarga-Taravil-9.jpg","articleSection":["Equip CET L'Enclusa-O","Not\u00edcies"],"inLanguage":"ca"},{"@type":"WebPage","@id":"https:\/\/cetaradell.cat\/ce\/pepe-freixas-2n-al-campionat-dultrallarga-distancia\/","url":"https:\/\/cetaradell.cat\/ce\/pepe-freixas-2n-al-campionat-dultrallarga-distancia\/","name":"Pepe Freixas, 2n al Campionat d\u2019Ultrallarga Dist\u00e0ncia - Centre Excursionista Taradell","isPartOf":{"@id":"https:\/\/cetaradell.cat\/ce\/#website"},"primaryImageOfPage":{"@id":"https:\/\/cetaradell.cat\/ce\/pepe-freixas-2n-al-campionat-dultrallarga-distancia\/#primaryimage"},"image":{"@id":"https:\/\/cetaradell.cat\/ce\/pepe-freixas-2n-al-campionat-dultrallarga-distancia\/#primaryimage"},"thumbnailUrl":"https:\/\/cetaradell.cat\/ce\/wp-content\/uploads\/2017-11-01-Ultrallarga-Taravil-9.jpg","datePublished":"2017-11-09T21:59:34+00:00","dateModified":"2020-06-23T08:11:15+00:00","author":{"@id":"https:\/\/cetaradell.cat\/ce\/#\/schema\/person\/92a59f585073071c7be6649e84b22f78"},"breadcrumb":{"@id":"https:\/\/cetaradell.cat\/ce\/pepe-freixas-2n-al-campionat-dultrallarga-distancia\/#breadcrumb"},"inLanguage":"ca","potentialAction":[{"@type":"ReadAction","target":["https:\/\/cetaradell.cat\/ce\/pepe-freixas-2n-al-campionat-dultrallarga-distancia\/"]}]},{"@type":"ImageObject","inLanguage":"ca","@id":"https:\/\/cetaradell.cat\/ce\/pepe-freixas-2n-al-campionat-dultrallarga-distancia\/#primaryimage","url":"https:\/\/cetaradell.cat\/ce\/wp-content\/uploads\/2017-11-01-Ultrallarga-Taravil-9.jpg","contentUrl":"https:\/\/cetaradell.cat\/ce\/wp-content\/uploads\/2017-11-01-Ultrallarga-Taravil-9.jpg","width":2048,"height":1370},{"@type":"BreadcrumbList","@id":"https:\/\/cetaradell.cat\/ce\/pepe-freixas-2n-al-campionat-dultrallarga-distancia\/#breadcrumb","itemListElement":[{"@type":"ListItem","position":1,"name":"Inici","item":"https:\/\/cetaradell.cat\/ce\/"},{"@type":"ListItem","position":2,"name":"Pepe Freixas, 2n al Campionat d\u2019Ultrallarga Dist\u00e0ncia"}]},{"@type":"WebSite","@id":"https:\/\/cetaradell.cat\/ce\/#website","url":"https:\/\/cetaradell.cat\/ce\/","name":"Centre Excursionista Taradell","description":"","potentialAction":[{"@type":"SearchAction","target":{"@type":"EntryPoint","urlTemplate":"https:\/\/cetaradell.cat\/ce\/?s={search_term_string}"},"query-input":{"@type":"PropertyValueSpecification","valueRequired":true,"valueName":"search_term_string"}}],"inLanguage":"ca"},{"@type":"Person","@id":"https:\/\/cetaradell.cat\/ce\/#\/schema\/person\/92a59f585073071c7be6649e84b22f78","name":"CET","image":{"@type":"ImageObject","inLanguage":"ca","@id":"https:\/\/secure.gravatar.com\/avatar\/d6fbe010d42056feccc0f613ed07277a5118442805079269f12dabdc42e1a727?s=96&d=mm&r=g","url":"https:\/\/secure.gravatar.com\/avatar\/d6fbe010d42056feccc0f613ed07277a5118442805079269f12dabdc42e1a727?s=96&d=mm&r=g","contentUrl":"https:\/\/secure.gravatar.com\/avatar\/d6fbe010d42056feccc0f613ed07277a5118442805079269f12dabdc42e1a727?s=96&d=mm&r=g","caption":"CET"},"url":"https:\/\/cetaradell.cat\/ce\/author\/root\/"}]}},"_links":{"self":[{"href":"https:\/\/cetaradell.cat\/ce\/wp-json\/wp\/v2\/posts\/5922","targetHints":{"allow":["GET"]}}],"collection":[{"href":"https:\/\/cetaradell.cat\/ce\/wp-json\/wp\/v2\/posts"}],"about":[{"href":"https:\/\/cetaradell.cat\/ce\/wp-json\/wp\/v2\/types\/post"}],"author":[{"embeddable":true,"href":"https:\/\/cetaradell.cat\/ce\/wp-json\/wp\/v2\/users\/1"}],"replies":[{"embeddable":true,"href":"https:\/\/cetaradell.cat\/ce\/wp-json\/wp\/v2\/comments?post=5922"}],"version-history":[{"count":0,"href":"https:\/\/cetaradell.cat\/ce\/wp-json\/wp\/v2\/posts\/5922\/revisions"}],"wp:featuredmedia":[{"embeddable":true,"href":"https:\/\/cetaradell.cat\/ce\/wp-json\/wp\/v2\/media\/5920"}],"wp:attachment":[{"href":"https:\/\/cetaradell.cat\/ce\/wp-json\/wp\/v2\/media?parent=5922"}],"wp:term":[{"taxonomy":"category","embeddable":true,"href":"https:\/\/cetaradell.cat\/ce\/wp-json\/wp\/v2\/categories?post=5922"},{"taxonomy":"post_tag","embeddable":true,"href":"https:\/\/cetaradell.cat\/ce\/wp-json\/wp\/v2\/tags?post=5922"}],"curies":[{"name":"wp","href":"https:\/\/api.w.org\/{rel}","templated":true}]}}