{"id":5954,"date":"2017-11-26T11:29:14","date_gmt":"2017-11-26T10:29:14","guid":{"rendered":"https:\/\/cetaradell.cat\/ce\/?p=5954"},"modified":"2020-06-23T09:09:21","modified_gmt":"2020-06-23T08:09:21","slug":"podi-del-cet-lenclusa-o-a-gurb","status":"publish","type":"post","link":"https:\/\/cetaradell.cat\/ce\/podi-del-cet-lenclusa-o-a-gurb\/","title":{"rendered":"Podi del CET L\u2019Enclusa-O a Gurb"},"content":{"rendered":"<div id=\"attachment_5955\" style=\"width: 310px\" class=\"wp-caption alignleft\"><a href=\"https:\/\/cetaradell.cat\/ce\/wp-content\/uploads\/2017-11-19-Gurb-Copa_Catalana.jpeg\" target=\"_blank\" rel=\"attachment noopener wp-att-5955 noreferrer\"><img decoding=\"async\" aria-describedby=\"caption-attachment-5955\" class=\"wp-image-5955 size-medium\" src=\"https:\/\/cetaradell.cat\/ce\/wp-content\/uploads\/2017-11-19-Gurb-Copa_Catalana-300x225.jpeg\" alt=\"2017-11-19-Gurb-Copa_Catalana\" width=\"300\" height=\"225\" srcset=\"https:\/\/cetaradell.cat\/ce\/wp-content\/uploads\/2017-11-19-Gurb-Copa_Catalana-300x225.jpeg 300w, https:\/\/cetaradell.cat\/ce\/wp-content\/uploads\/2017-11-19-Gurb-Copa_Catalana-500x375.jpeg 500w, https:\/\/cetaradell.cat\/ce\/wp-content\/uploads\/2017-11-19-Gurb-Copa_Catalana-700x525.jpeg 700w, https:\/\/cetaradell.cat\/ce\/wp-content\/uploads\/2017-11-19-Gurb-Copa_Catalana-768x576.jpeg 768w, https:\/\/cetaradell.cat\/ce\/wp-content\/uploads\/2017-11-19-Gurb-Copa_Catalana-1024x768.jpeg 1024w, https:\/\/cetaradell.cat\/ce\/wp-content\/uploads\/2017-11-19-Gurb-Copa_Catalana.jpeg 1600w\" sizes=\"(max-width: 300px) 100vw, 300px\" \/><\/a><p id=\"caption-attachment-5955\" class=\"wp-caption-text\">Josep Maria Freixas a l\u2019esquerra, 3r classificat 21A M, i Meritxell Freixas al centre, 1a classificada 21A F (Foto: Marc Ballabriga)<\/p><\/div>\n<p>El diumenge dia 19 de novembre m\u00e9s de 400 corredors van participar en l\u2019\u00faltima cursa d\u2019orientaci\u00f3 del 2017 puntuable per a la Copa Catalana. La cursa, organitzada per la secci\u00f3 d\u2019orientaci\u00f3 de la Uni\u00f3 Excursionista de Vic, va disputar-se en format de mitja dist\u00e0ncia en un mapa 100% nou que va ser cartografiat per l\u2019ocasi\u00f3. En el circuit 21A hi van participar els orientadors del CET L\u2019Enclusa-O <strong>Meritxell Freixas<\/strong>, <strong>Josep Maria Freixas<\/strong> i <strong>Marc Ballabriga<\/strong>.<\/p>\n<p><strong>Meritxell Freixas<\/strong> va classificar-se en <strong>primer lloc<\/strong> de la categoria femenina al completar el circuit de 20 fites, 3,1 km i 145 metres de desnivell amb un temps de 45 minuts i 27 segons; uns 15 minuts menys que la segona classificada.<\/p>\n<p>En la categoria masculina<strong>, Josep Maria Freixas<\/strong> es va classificar en <strong>segon lloc<\/strong> a poc m\u00e9s d\u2019un minut del primer classificat, amb un temps de 46 minuts i 12 segons, i <strong>Marc Ballabriga<\/strong> va ser el 13\u00e8 classificat amb un temps d\u20191 hora 6 minuts i 13 segons. El circuit mascul\u00ed tenia 21 fites i una dist\u00e0ncia en l\u00ednia recta de 3,2 km i un desnivell de 155 metres.<\/p>\n<p><strong>Copa Catalana de Curses d\u2019Orientaci\u00f3 a Peu<\/strong><\/p>\n<p>La cursa de Gurb va tancar la Copa Catalana de Curses d\u2019Orientaci\u00f3 a Peu del 2017 amb molt bons resultats per l\u2019equip del CET. En aquest copa es van disputar 11 curses de les quals es suma la puntuaci\u00f3 de les 6 millors.<\/p>\n<p><strong>Meritxell Freixas<\/strong> va participar en 6 d\u2019aquestes curses en la categoria 21A Femen\u00ed. A la cursa de Gurb es va \u00a0classificar en 1r lloc i a Saldes va aconseguir el 3r lloc a la cursa de llarga dist\u00e0ncia i el 2n a la de mitja. Aquest resultats l\u2019han situat en 6\u00e8 lloc a la Copa Catalana a Peu 2017.<\/p>\n<p>Per altra banda, a la categoria 21A Masculina, <strong>Josep Maria Freixas<\/strong> i <strong>Marc Ballabriga<\/strong> van participar en 7 curses i s\u2019han classificat en 7\u00e8 i 11\u00e8 lloc, respectivament, de la Copa Catalana 2017. Josep Maria Freixas va aconseguir un 2n lloc a la cursa de Gurb i a la d\u2019Ultrallarga dist\u00e0ncia de Taravil, i un 3r lloc a la de mitja dist\u00e0ncia de Saldes.<\/p>\n","protected":false},"excerpt":{"rendered":"<p>El diumenge dia 19 de novembre m\u00e9s de 400 corredors van participar en l\u2019\u00faltima cursa d\u2019orientaci\u00f3 del 2017 puntuable per a la Copa Catalana. La cursa, organitzada per la secci\u00f3 d\u2019orientaci\u00f3 de la Uni\u00f3 Excursionista de Vic, va disputar-se en format de mitja dist\u00e0ncia en un mapa 100% nou que  [&#8230;]<\/p>\n","protected":false},"author":1,"featured_media":5955,"comment_status":"closed","ping_status":"closed","sticky":false,"template":"","format":"standard","meta":{"footnotes":""},"categories":[46,3],"tags":[],"class_list":["post-5954","post","type-post","status-publish","format-standard","has-post-thumbnail","hentry","category-equip-cet-lenclusa-o","category-noticies"],"yoast_head":"<!-- This site is optimized with the Yoast SEO plugin v27.5 - https:\/\/yoast.com\/product\/yoast-seo-wordpress\/ -->\n<title>Podi del CET L\u2019Enclusa-O a Gurb - Centre Excursionista Taradell<\/title>\n<meta name=\"robots\" content=\"index, follow, max-snippet:-1, max-image-preview:large, max-video-preview:-1\" \/>\n<link rel=\"canonical\" href=\"https:\/\/cetaradell.cat\/ce\/podi-del-cet-lenclusa-o-a-gurb\/\" \/>\n<meta property=\"og:locale\" content=\"ca_ES\" \/>\n<meta property=\"og:type\" content=\"article\" \/>\n<meta property=\"og:title\" content=\"Podi del CET L\u2019Enclusa-O a Gurb - Centre Excursionista Taradell\" \/>\n<meta property=\"og:description\" content=\"El diumenge dia 19 de novembre m\u00e9s de 400 corredors van participar en l\u2019\u00faltima cursa d\u2019orientaci\u00f3 del 2017 puntuable per a la Copa Catalana. La cursa, organitzada per la secci\u00f3 d\u2019orientaci\u00f3 de la Uni\u00f3 Excursionista de Vic, va disputar-se en format de mitja dist\u00e0ncia en un mapa 100% nou que [...]\" \/>\n<meta property=\"og:url\" content=\"https:\/\/cetaradell.cat\/ce\/podi-del-cet-lenclusa-o-a-gurb\/\" \/>\n<meta property=\"og:site_name\" content=\"Centre Excursionista Taradell\" \/>\n<meta property=\"article:publisher\" content=\"https:\/\/www.facebook.com\/CETaradell\/\" \/>\n<meta property=\"article:published_time\" content=\"2017-11-26T10:29:14+00:00\" \/>\n<meta property=\"article:modified_time\" content=\"2020-06-23T08:09:21+00:00\" \/>\n<meta property=\"og:image\" content=\"https:\/\/cetaradell.cat\/ce\/wp-content\/uploads\/2017-11-19-Gurb-Copa_Catalana.jpeg\" \/>\n\t<meta property=\"og:image:width\" content=\"1600\" \/>\n\t<meta property=\"og:image:height\" content=\"1200\" \/>\n\t<meta property=\"og:image:type\" content=\"image\/jpeg\" \/>\n<meta name=\"author\" content=\"CET\" \/>\n<meta name=\"twitter:card\" content=\"summary_large_image\" \/>\n<meta name=\"twitter:label1\" content=\"Escrit per\" \/>\n\t<meta name=\"twitter:data1\" content=\"CET\" \/>\n\t<meta name=\"twitter:label2\" content=\"Temps estimat de lectura\" \/>\n\t<meta name=\"twitter:data2\" content=\"2 minuts\" \/>\n<script type=\"application\/ld+json\" class=\"yoast-schema-graph\">{\"@context\":\"https:\\\/\\\/schema.org\",\"@graph\":[{\"@type\":\"Article\",\"@id\":\"https:\\\/\\\/cetaradell.cat\\\/ce\\\/podi-del-cet-lenclusa-o-a-gurb\\\/#article\",\"isPartOf\":{\"@id\":\"https:\\\/\\\/cetaradell.cat\\\/ce\\\/podi-del-cet-lenclusa-o-a-gurb\\\/\"},\"author\":{\"name\":\"CET\",\"@id\":\"https:\\\/\\\/cetaradell.cat\\\/ce\\\/#\\\/schema\\\/person\\\/92a59f585073071c7be6649e84b22f78\"},\"headline\":\"Podi del CET L\u2019Enclusa-O a Gurb\",\"datePublished\":\"2017-11-26T10:29:14+00:00\",\"dateModified\":\"2020-06-23T08:09:21+00:00\",\"mainEntityOfPage\":{\"@id\":\"https:\\\/\\\/cetaradell.cat\\\/ce\\\/podi-del-cet-lenclusa-o-a-gurb\\\/\"},\"wordCount\":388,\"image\":{\"@id\":\"https:\\\/\\\/cetaradell.cat\\\/ce\\\/podi-del-cet-lenclusa-o-a-gurb\\\/#primaryimage\"},\"thumbnailUrl\":\"https:\\\/\\\/cetaradell.cat\\\/ce\\\/wp-content\\\/uploads\\\/2017-11-19-Gurb-Copa_Catalana.jpeg\",\"articleSection\":[\"Equip CET L'Enclusa-O\",\"Not\u00edcies\"],\"inLanguage\":\"ca\"},{\"@type\":\"WebPage\",\"@id\":\"https:\\\/\\\/cetaradell.cat\\\/ce\\\/podi-del-cet-lenclusa-o-a-gurb\\\/\",\"url\":\"https:\\\/\\\/cetaradell.cat\\\/ce\\\/podi-del-cet-lenclusa-o-a-gurb\\\/\",\"name\":\"Podi del CET L\u2019Enclusa-O a Gurb - Centre Excursionista Taradell\",\"isPartOf\":{\"@id\":\"https:\\\/\\\/cetaradell.cat\\\/ce\\\/#website\"},\"primaryImageOfPage\":{\"@id\":\"https:\\\/\\\/cetaradell.cat\\\/ce\\\/podi-del-cet-lenclusa-o-a-gurb\\\/#primaryimage\"},\"image\":{\"@id\":\"https:\\\/\\\/cetaradell.cat\\\/ce\\\/podi-del-cet-lenclusa-o-a-gurb\\\/#primaryimage\"},\"thumbnailUrl\":\"https:\\\/\\\/cetaradell.cat\\\/ce\\\/wp-content\\\/uploads\\\/2017-11-19-Gurb-Copa_Catalana.jpeg\",\"datePublished\":\"2017-11-26T10:29:14+00:00\",\"dateModified\":\"2020-06-23T08:09:21+00:00\",\"author\":{\"@id\":\"https:\\\/\\\/cetaradell.cat\\\/ce\\\/#\\\/schema\\\/person\\\/92a59f585073071c7be6649e84b22f78\"},\"breadcrumb\":{\"@id\":\"https:\\\/\\\/cetaradell.cat\\\/ce\\\/podi-del-cet-lenclusa-o-a-gurb\\\/#breadcrumb\"},\"inLanguage\":\"ca\",\"potentialAction\":[{\"@type\":\"ReadAction\",\"target\":[\"https:\\\/\\\/cetaradell.cat\\\/ce\\\/podi-del-cet-lenclusa-o-a-gurb\\\/\"]}]},{\"@type\":\"ImageObject\",\"inLanguage\":\"ca\",\"@id\":\"https:\\\/\\\/cetaradell.cat\\\/ce\\\/podi-del-cet-lenclusa-o-a-gurb\\\/#primaryimage\",\"url\":\"https:\\\/\\\/cetaradell.cat\\\/ce\\\/wp-content\\\/uploads\\\/2017-11-19-Gurb-Copa_Catalana.jpeg\",\"contentUrl\":\"https:\\\/\\\/cetaradell.cat\\\/ce\\\/wp-content\\\/uploads\\\/2017-11-19-Gurb-Copa_Catalana.jpeg\",\"width\":1600,\"height\":1200},{\"@type\":\"BreadcrumbList\",\"@id\":\"https:\\\/\\\/cetaradell.cat\\\/ce\\\/podi-del-cet-lenclusa-o-a-gurb\\\/#breadcrumb\",\"itemListElement\":[{\"@type\":\"ListItem\",\"position\":1,\"name\":\"Inici\",\"item\":\"https:\\\/\\\/cetaradell.cat\\\/ce\\\/\"},{\"@type\":\"ListItem\",\"position\":2,\"name\":\"Podi del CET L\u2019Enclusa-O a Gurb\"}]},{\"@type\":\"WebSite\",\"@id\":\"https:\\\/\\\/cetaradell.cat\\\/ce\\\/#website\",\"url\":\"https:\\\/\\\/cetaradell.cat\\\/ce\\\/\",\"name\":\"Centre Excursionista Taradell\",\"description\":\"\",\"potentialAction\":[{\"@type\":\"SearchAction\",\"target\":{\"@type\":\"EntryPoint\",\"urlTemplate\":\"https:\\\/\\\/cetaradell.cat\\\/ce\\\/?s={search_term_string}\"},\"query-input\":{\"@type\":\"PropertyValueSpecification\",\"valueRequired\":true,\"valueName\":\"search_term_string\"}}],\"inLanguage\":\"ca\"},{\"@type\":\"Person\",\"@id\":\"https:\\\/\\\/cetaradell.cat\\\/ce\\\/#\\\/schema\\\/person\\\/92a59f585073071c7be6649e84b22f78\",\"name\":\"CET\",\"image\":{\"@type\":\"ImageObject\",\"inLanguage\":\"ca\",\"@id\":\"https:\\\/\\\/secure.gravatar.com\\\/avatar\\\/d6fbe010d42056feccc0f613ed07277a5118442805079269f12dabdc42e1a727?s=96&d=mm&r=g\",\"url\":\"https:\\\/\\\/secure.gravatar.com\\\/avatar\\\/d6fbe010d42056feccc0f613ed07277a5118442805079269f12dabdc42e1a727?s=96&d=mm&r=g\",\"contentUrl\":\"https:\\\/\\\/secure.gravatar.com\\\/avatar\\\/d6fbe010d42056feccc0f613ed07277a5118442805079269f12dabdc42e1a727?s=96&d=mm&r=g\",\"caption\":\"CET\"},\"url\":\"https:\\\/\\\/cetaradell.cat\\\/ce\\\/author\\\/root\\\/\"}]}<\/script>\n<!-- \/ Yoast SEO plugin. -->","yoast_head_json":{"title":"Podi del CET L\u2019Enclusa-O a Gurb - Centre Excursionista Taradell","robots":{"index":"index","follow":"follow","max-snippet":"max-snippet:-1","max-image-preview":"max-image-preview:large","max-video-preview":"max-video-preview:-1"},"canonical":"https:\/\/cetaradell.cat\/ce\/podi-del-cet-lenclusa-o-a-gurb\/","og_locale":"ca_ES","og_type":"article","og_title":"Podi del CET L\u2019Enclusa-O a Gurb - Centre Excursionista Taradell","og_description":"El diumenge dia 19 de novembre m\u00e9s de 400 corredors van participar en l\u2019\u00faltima cursa d\u2019orientaci\u00f3 del 2017 puntuable per a la Copa Catalana. La cursa, organitzada per la secci\u00f3 d\u2019orientaci\u00f3 de la Uni\u00f3 Excursionista de Vic, va disputar-se en format de mitja dist\u00e0ncia en un mapa 100% nou que [...]","og_url":"https:\/\/cetaradell.cat\/ce\/podi-del-cet-lenclusa-o-a-gurb\/","og_site_name":"Centre Excursionista Taradell","article_publisher":"https:\/\/www.facebook.com\/CETaradell\/","article_published_time":"2017-11-26T10:29:14+00:00","article_modified_time":"2020-06-23T08:09:21+00:00","og_image":[{"width":1600,"height":1200,"url":"https:\/\/cetaradell.cat\/ce\/wp-content\/uploads\/2017-11-19-Gurb-Copa_Catalana.jpeg","type":"image\/jpeg"}],"author":"CET","twitter_card":"summary_large_image","twitter_misc":{"Escrit per":"CET","Temps estimat de lectura":"2 minuts"},"schema":{"@context":"https:\/\/schema.org","@graph":[{"@type":"Article","@id":"https:\/\/cetaradell.cat\/ce\/podi-del-cet-lenclusa-o-a-gurb\/#article","isPartOf":{"@id":"https:\/\/cetaradell.cat\/ce\/podi-del-cet-lenclusa-o-a-gurb\/"},"author":{"name":"CET","@id":"https:\/\/cetaradell.cat\/ce\/#\/schema\/person\/92a59f585073071c7be6649e84b22f78"},"headline":"Podi del CET L\u2019Enclusa-O a Gurb","datePublished":"2017-11-26T10:29:14+00:00","dateModified":"2020-06-23T08:09:21+00:00","mainEntityOfPage":{"@id":"https:\/\/cetaradell.cat\/ce\/podi-del-cet-lenclusa-o-a-gurb\/"},"wordCount":388,"image":{"@id":"https:\/\/cetaradell.cat\/ce\/podi-del-cet-lenclusa-o-a-gurb\/#primaryimage"},"thumbnailUrl":"https:\/\/cetaradell.cat\/ce\/wp-content\/uploads\/2017-11-19-Gurb-Copa_Catalana.jpeg","articleSection":["Equip CET L'Enclusa-O","Not\u00edcies"],"inLanguage":"ca"},{"@type":"WebPage","@id":"https:\/\/cetaradell.cat\/ce\/podi-del-cet-lenclusa-o-a-gurb\/","url":"https:\/\/cetaradell.cat\/ce\/podi-del-cet-lenclusa-o-a-gurb\/","name":"Podi del CET L\u2019Enclusa-O a Gurb - Centre Excursionista Taradell","isPartOf":{"@id":"https:\/\/cetaradell.cat\/ce\/#website"},"primaryImageOfPage":{"@id":"https:\/\/cetaradell.cat\/ce\/podi-del-cet-lenclusa-o-a-gurb\/#primaryimage"},"image":{"@id":"https:\/\/cetaradell.cat\/ce\/podi-del-cet-lenclusa-o-a-gurb\/#primaryimage"},"thumbnailUrl":"https:\/\/cetaradell.cat\/ce\/wp-content\/uploads\/2017-11-19-Gurb-Copa_Catalana.jpeg","datePublished":"2017-11-26T10:29:14+00:00","dateModified":"2020-06-23T08:09:21+00:00","author":{"@id":"https:\/\/cetaradell.cat\/ce\/#\/schema\/person\/92a59f585073071c7be6649e84b22f78"},"breadcrumb":{"@id":"https:\/\/cetaradell.cat\/ce\/podi-del-cet-lenclusa-o-a-gurb\/#breadcrumb"},"inLanguage":"ca","potentialAction":[{"@type":"ReadAction","target":["https:\/\/cetaradell.cat\/ce\/podi-del-cet-lenclusa-o-a-gurb\/"]}]},{"@type":"ImageObject","inLanguage":"ca","@id":"https:\/\/cetaradell.cat\/ce\/podi-del-cet-lenclusa-o-a-gurb\/#primaryimage","url":"https:\/\/cetaradell.cat\/ce\/wp-content\/uploads\/2017-11-19-Gurb-Copa_Catalana.jpeg","contentUrl":"https:\/\/cetaradell.cat\/ce\/wp-content\/uploads\/2017-11-19-Gurb-Copa_Catalana.jpeg","width":1600,"height":1200},{"@type":"BreadcrumbList","@id":"https:\/\/cetaradell.cat\/ce\/podi-del-cet-lenclusa-o-a-gurb\/#breadcrumb","itemListElement":[{"@type":"ListItem","position":1,"name":"Inici","item":"https:\/\/cetaradell.cat\/ce\/"},{"@type":"ListItem","position":2,"name":"Podi del CET L\u2019Enclusa-O a Gurb"}]},{"@type":"WebSite","@id":"https:\/\/cetaradell.cat\/ce\/#website","url":"https:\/\/cetaradell.cat\/ce\/","name":"Centre Excursionista Taradell","description":"","potentialAction":[{"@type":"SearchAction","target":{"@type":"EntryPoint","urlTemplate":"https:\/\/cetaradell.cat\/ce\/?s={search_term_string}"},"query-input":{"@type":"PropertyValueSpecification","valueRequired":true,"valueName":"search_term_string"}}],"inLanguage":"ca"},{"@type":"Person","@id":"https:\/\/cetaradell.cat\/ce\/#\/schema\/person\/92a59f585073071c7be6649e84b22f78","name":"CET","image":{"@type":"ImageObject","inLanguage":"ca","@id":"https:\/\/secure.gravatar.com\/avatar\/d6fbe010d42056feccc0f613ed07277a5118442805079269f12dabdc42e1a727?s=96&d=mm&r=g","url":"https:\/\/secure.gravatar.com\/avatar\/d6fbe010d42056feccc0f613ed07277a5118442805079269f12dabdc42e1a727?s=96&d=mm&r=g","contentUrl":"https:\/\/secure.gravatar.com\/avatar\/d6fbe010d42056feccc0f613ed07277a5118442805079269f12dabdc42e1a727?s=96&d=mm&r=g","caption":"CET"},"url":"https:\/\/cetaradell.cat\/ce\/author\/root\/"}]}},"_links":{"self":[{"href":"https:\/\/cetaradell.cat\/ce\/wp-json\/wp\/v2\/posts\/5954","targetHints":{"allow":["GET"]}}],"collection":[{"href":"https:\/\/cetaradell.cat\/ce\/wp-json\/wp\/v2\/posts"}],"about":[{"href":"https:\/\/cetaradell.cat\/ce\/wp-json\/wp\/v2\/types\/post"}],"author":[{"embeddable":true,"href":"https:\/\/cetaradell.cat\/ce\/wp-json\/wp\/v2\/users\/1"}],"replies":[{"embeddable":true,"href":"https:\/\/cetaradell.cat\/ce\/wp-json\/wp\/v2\/comments?post=5954"}],"version-history":[{"count":0,"href":"https:\/\/cetaradell.cat\/ce\/wp-json\/wp\/v2\/posts\/5954\/revisions"}],"wp:featuredmedia":[{"embeddable":true,"href":"https:\/\/cetaradell.cat\/ce\/wp-json\/wp\/v2\/media\/5955"}],"wp:attachment":[{"href":"https:\/\/cetaradell.cat\/ce\/wp-json\/wp\/v2\/media?parent=5954"}],"wp:term":[{"taxonomy":"category","embeddable":true,"href":"https:\/\/cetaradell.cat\/ce\/wp-json\/wp\/v2\/categories?post=5954"},{"taxonomy":"post_tag","embeddable":true,"href":"https:\/\/cetaradell.cat\/ce\/wp-json\/wp\/v2\/tags?post=5954"}],"curies":[{"name":"wp","href":"https:\/\/api.w.org\/{rel}","templated":true}]}}