{"id":5958,"date":"2017-11-26T23:43:50","date_gmt":"2017-11-26T22:43:50","guid":{"rendered":"https:\/\/cetaradell.cat\/ce\/?p=5958"},"modified":"2020-06-23T08:29:59","modified_gmt":"2020-06-23T07:29:59","slug":"curses-del-novembre-del-cet-lenclusa-o","status":"publish","type":"post","link":"https:\/\/cetaradell.cat\/ce\/curses-del-novembre-del-cet-lenclusa-o\/","title":{"rendered":"Curses del novembre del CET L\u2019Enclusa-O"},"content":{"rendered":"<div id=\"attachment_5959\" style=\"width: 310px\" class=\"wp-caption alignleft\"><a href=\"https:\/\/cetaradell.cat\/ce\/wp-content\/uploads\/2017-11-11-Rogaine3vallsFoto_GastantKeks-2b.jpg\" rel=\"attachment wp-att-5959\"><img decoding=\"async\" aria-describedby=\"caption-attachment-5959\" class=\"wp-image-5959 size-medium\" src=\"https:\/\/cetaradell.cat\/ce\/wp-content\/uploads\/2017-11-11-Rogaine3vallsFoto_GastantKeks-2b-300x225.jpg\" alt=\"2017-11-11-Rogaine3valls(Foto_GastantKeks) (2)b\" width=\"300\" height=\"225\" srcset=\"https:\/\/cetaradell.cat\/ce\/wp-content\/uploads\/2017-11-11-Rogaine3vallsFoto_GastantKeks-2b-300x225.jpg 300w, https:\/\/cetaradell.cat\/ce\/wp-content\/uploads\/2017-11-11-Rogaine3vallsFoto_GastantKeks-2b-500x375.jpg 500w, https:\/\/cetaradell.cat\/ce\/wp-content\/uploads\/2017-11-11-Rogaine3vallsFoto_GastantKeks-2b-700x525.jpg 700w, https:\/\/cetaradell.cat\/ce\/wp-content\/uploads\/2017-11-11-Rogaine3vallsFoto_GastantKeks-2b-768x576.jpg 768w, https:\/\/cetaradell.cat\/ce\/wp-content\/uploads\/2017-11-11-Rogaine3vallsFoto_GastantKeks-2b-1024x768.jpg 1024w\" sizes=\"(max-width: 300px) 100vw, 300px\" \/><\/a><p id=\"caption-attachment-5959\" class=\"wp-caption-text\">Meritxell Freixa, Josep Maria Freixas i Marc Ballabriga al Rogaine 3 Valls (Foto: Gastant Keks)<\/p><\/div>\n<p>Aquest novembre ha estat un mes molt intens pels orientadors del CET. El 1 de novembre, <strong>Josep Maria Freixas<\/strong>, <strong>Marc Ballabriga<\/strong> i <strong>Meritxell Freixas<\/strong> van participar a la cursa d\u2019orientaci\u00f3 del <a href=\"https:\/\/cetaradell.cat\/ce\/pepe-freixas-2n-al-campionat-dultrallarga-distancia\/\" target=\"_blank\" rel=\"noopener noreferrer\"><strong>Campionat de Catalunya d\u2019Ultrallarga Dist\u00e0ncia 2017(\u2192)<\/strong><\/a> que es va celebrar a Taravil (Capolat), en la qual <strong>Josep Maria Freixas<\/strong> es va classificar en <strong>segons posici\u00f3<\/strong> de la categoria 21A masculina.<\/p>\n<p>El dissabte 11 de novembre dos equips del CET L\u2019Enclusa-O van participar a el <strong>Rogaine 3 Valls<\/strong> que es va celebrar a l\u2019entorn de\u00a0les valls de Sant Iscle, Vallac i Cogolls, situades entre els municipis de la Vall d\u2019en Bas i les Planes d\u2019Hostoles. L\u2019equip format per <strong>Josep Maria Freixas<\/strong>, <strong>Marc Ballabriga<\/strong> i <strong>Meritxell Freixas<\/strong> van participar a la cursa de 6 hores on es van classificar en 5\u00e8 lloc dels equips mixtes, i a la cursa de 3 hores hi va participar l\u2019equip format per <strong>Llu\u00eds Saborit<\/strong> (CETaradell) i <strong>Ramon Moragas<\/strong> (UEVic) que van tenir alguns errors en el tra\u00e7at escollit i aix\u00f2 els va fer arribar fora de temps i van tenir una penalitzaci\u00f3 important de punts que els va fer caure fins a la darrera posici\u00f3.<\/p>\n<div id=\"attachment_5960\" style=\"width: 310px\" class=\"wp-caption alignright\"><a href=\"https:\/\/cetaradell.cat\/ce\/wp-content\/uploads\/2017-11-11-Rogaine3vallsFoto_GastantKeks-9c.jpg\" target=\"_blank\" rel=\"attachment noopener wp-att-5960 noreferrer\"><img decoding=\"async\" aria-describedby=\"caption-attachment-5960\" class=\"wp-image-5960 size-medium\" src=\"https:\/\/cetaradell.cat\/ce\/wp-content\/uploads\/2017-11-11-Rogaine3vallsFoto_GastantKeks-9c-300x200.jpg\" alt=\"2017-11-11-Rogaine3valls(Foto_GastantKeks) (9)c\" width=\"300\" height=\"200\" srcset=\"https:\/\/cetaradell.cat\/ce\/wp-content\/uploads\/2017-11-11-Rogaine3vallsFoto_GastantKeks-9c-300x200.jpg 300w, https:\/\/cetaradell.cat\/ce\/wp-content\/uploads\/2017-11-11-Rogaine3vallsFoto_GastantKeks-9c-500x333.jpg 500w, https:\/\/cetaradell.cat\/ce\/wp-content\/uploads\/2017-11-11-Rogaine3vallsFoto_GastantKeks-9c-700x467.jpg 700w, https:\/\/cetaradell.cat\/ce\/wp-content\/uploads\/2017-11-11-Rogaine3vallsFoto_GastantKeks-9c-768x512.jpg 768w, https:\/\/cetaradell.cat\/ce\/wp-content\/uploads\/2017-11-11-Rogaine3vallsFoto_GastantKeks-9c-1024x683.jpg 1024w\" sizes=\"(max-width: 300px) 100vw, 300px\" \/><\/a><p id=\"caption-attachment-5960\" class=\"wp-caption-text\">Ramon Moragas i Llu\u00eds Saborit al Rogaine 3 Valls (Foto: Gastant Keks)<\/p><\/div>\n<p>El diumenge dia 19 de novembre es va celebrar a Gurb l\u2019\u00faltima cursa d\u2019orientaci\u00f3 del 2017 puntuable per a la <strong><a href=\"https:\/\/cetaradell.cat\/ce\/podi-del-cet-lenclusa-o-a-gurb\/\" target=\"_blank\" rel=\"noopener noreferrer\">Copa Catalana (\u2192)<\/a><\/strong>, en la qual <strong>Meritxell Freixas<\/strong> es va classificar en <strong>primer lloc<\/strong> de la categoria 21A dones, <strong>Josep Maria Freixas<\/strong> es va classificar en <strong>segon lloc<\/strong> \u00a0de la categoria 21A homes i <strong>Marc Ballabriga<\/strong> va ser el 13\u00e8 classificat de la mateixa categoria.<\/p>\n<p>I per completar el mes, el diumenge 26 de novembre a Gironella es va disputar una cursa d\u2019orientaci\u00f3 en BTT que puntuava pels Campionat de Catalunya d\u2019aquesta especialitat, en la qual van participar 162 orientadors. Del CET L\u2019Enclusa-O hi van participar <strong>Meritxell Freixas<\/strong> que es va classificar en <strong>primer lloc<\/strong> de la categoria dones s\u00e8nior B, <strong>Josep Maria Freixas<\/strong> que es va classificar tamb\u00e9 en <strong>primer lloc<\/strong>, per\u00f2 de la categoria homes s\u00e8nior B, i <strong>Marc Ballabriga<\/strong> que va ser el sis\u00e8 d\u2019aquest mateixa categoria.<\/p>\n<table>\n<tbody>\n<tr>\n<td>\n<p><div id=\"attachment_5962\" style=\"width: 310px\" class=\"wp-caption aligncenter\"><a href=\"https:\/\/cetaradell.cat\/ce\/wp-content\/uploads\/2017-11-26-BTT-O-Gironellafoto_Marc_Ballabriga-1.jpeg\" target=\"_blank\" rel=\"attachment noopener wp-att-5962 noreferrer\"><img decoding=\"async\" aria-describedby=\"caption-attachment-5962\" class=\"wp-image-5962 size-medium\" src=\"https:\/\/cetaradell.cat\/ce\/wp-content\/uploads\/2017-11-26-BTT-O-Gironellafoto_Marc_Ballabriga-1-300x225.jpeg\" alt=\"2017-11-26-BTT-O-Gironella(foto_Marc_Ballabriga) (1)\" width=\"300\" height=\"225\" srcset=\"https:\/\/cetaradell.cat\/ce\/wp-content\/uploads\/2017-11-26-BTT-O-Gironellafoto_Marc_Ballabriga-1-300x225.jpeg 300w, https:\/\/cetaradell.cat\/ce\/wp-content\/uploads\/2017-11-26-BTT-O-Gironellafoto_Marc_Ballabriga-1-500x375.jpeg 500w, https:\/\/cetaradell.cat\/ce\/wp-content\/uploads\/2017-11-26-BTT-O-Gironellafoto_Marc_Ballabriga-1-700x525.jpeg 700w, https:\/\/cetaradell.cat\/ce\/wp-content\/uploads\/2017-11-26-BTT-O-Gironellafoto_Marc_Ballabriga-1-768x576.jpeg 768w, https:\/\/cetaradell.cat\/ce\/wp-content\/uploads\/2017-11-26-BTT-O-Gironellafoto_Marc_Ballabriga-1-1024x768.jpeg 1024w, https:\/\/cetaradell.cat\/ce\/wp-content\/uploads\/2017-11-26-BTT-O-Gironellafoto_Marc_Ballabriga-1.jpeg 1600w\" sizes=\"(max-width: 300px) 100vw, 300px\" \/><\/a><p id=\"caption-attachment-5962\" class=\"wp-caption-text\">Meritxell Freixas, 1a Dones S\u00e8nior B a la BTT-O Gironella (Foto: M. Ballabriga)<\/p><\/div><\/td>\n<td>\n<p><div id=\"attachment_5963\" style=\"width: 310px\" class=\"wp-caption aligncenter\"><a href=\"https:\/\/cetaradell.cat\/ce\/wp-content\/uploads\/2017-11-26-BTT-O-Gironellafoto_Marc_Ballabriga-2b.jpeg\" target=\"_blank\" rel=\"attachment noopener wp-att-5963 noreferrer\"><img decoding=\"async\" aria-describedby=\"caption-attachment-5963\" class=\"wp-image-5963 size-medium\" src=\"https:\/\/cetaradell.cat\/ce\/wp-content\/uploads\/2017-11-26-BTT-O-Gironellafoto_Marc_Ballabriga-2b-300x225.jpeg\" alt=\"2017-11-26-BTT-O-Gironella(foto_Marc_Ballabriga) (2)b\" width=\"300\" height=\"225\" srcset=\"https:\/\/cetaradell.cat\/ce\/wp-content\/uploads\/2017-11-26-BTT-O-Gironellafoto_Marc_Ballabriga-2b-300x225.jpeg 300w, https:\/\/cetaradell.cat\/ce\/wp-content\/uploads\/2017-11-26-BTT-O-Gironellafoto_Marc_Ballabriga-2b-500x375.jpeg 500w, https:\/\/cetaradell.cat\/ce\/wp-content\/uploads\/2017-11-26-BTT-O-Gironellafoto_Marc_Ballabriga-2b-700x525.jpeg 700w, https:\/\/cetaradell.cat\/ce\/wp-content\/uploads\/2017-11-26-BTT-O-Gironellafoto_Marc_Ballabriga-2b-768x576.jpeg 768w, https:\/\/cetaradell.cat\/ce\/wp-content\/uploads\/2017-11-26-BTT-O-Gironellafoto_Marc_Ballabriga-2b-1024x768.jpeg 1024w, https:\/\/cetaradell.cat\/ce\/wp-content\/uploads\/2017-11-26-BTT-O-Gironellafoto_Marc_Ballabriga-2b.jpeg 1198w\" sizes=\"(max-width: 300px) 100vw, 300px\" \/><\/a><p id=\"caption-attachment-5963\" class=\"wp-caption-text\">Josep Maria Freixas, 1r Homes S\u00e8nior B a la BTT-O Gironella (Foto: M. Ballabriga)<\/p><\/div><\/td>\n<\/tr>\n<\/tbody>\n<\/table>\n<p>El dimarts 28 de novembre <strong>Josep Maria Freixas<\/strong>, <strong>Marc Ballabriga<\/strong> i <strong>Meritxell Freixas<\/strong> van participar a la Cursa Nocturna d\u2019Orientaci\u00f3 UAB \u2013 Bellaterra, que va encetar el calendari de la Lliga NOCturna 2017-18.<\/p>\n<p>Els corredors del CET van competir en el circuit curt de 3 km i 16 fites en el qual <strong>Josep Maria Freixas<\/strong> i <strong>Marc Ballabriga <\/strong>es van classificar en <strong>1r i 2n<\/strong> <strong>lloc<\/strong> respectivament de la categoria homes, i per la seva\u00a0 banda <strong>Meritxell Freixas<\/strong> va ser la <strong>2a classificada<\/strong> de la categoria dones a nom\u00e9s 2 segons de la primera classificada.<\/p>\n","protected":false},"excerpt":{"rendered":"<p>Aquest novembre ha estat un mes molt intens pels orientadors del CET. El 1 de novembre, Josep Maria Freixas, Marc Ballabriga i Meritxell Freixas van participar a la cursa d\u2019orientaci\u00f3 del Campionat de Catalunya d\u2019Ultrallarga Dist\u00e0ncia 2017(\u2192) que es va celebrar a Taravil (Capolat), en la qual Josep Maria Freixas  [&#8230;]<\/p>\n","protected":false},"author":1,"featured_media":5959,"comment_status":"closed","ping_status":"closed","sticky":false,"template":"","format":"standard","meta":{"footnotes":""},"categories":[46,3],"tags":[],"class_list":["post-5958","post","type-post","status-publish","format-standard","has-post-thumbnail","hentry","category-equip-cet-lenclusa-o","category-noticies"],"yoast_head":"<!-- This site is optimized with the Yoast SEO plugin v27.5 - https:\/\/yoast.com\/product\/yoast-seo-wordpress\/ -->\n<title>Curses del novembre del CET L\u2019Enclusa-O - Centre Excursionista Taradell<\/title>\n<meta name=\"robots\" content=\"index, follow, max-snippet:-1, max-image-preview:large, max-video-preview:-1\" \/>\n<link rel=\"canonical\" href=\"https:\/\/cetaradell.cat\/ce\/curses-del-novembre-del-cet-lenclusa-o\/\" \/>\n<meta property=\"og:locale\" content=\"ca_ES\" \/>\n<meta property=\"og:type\" content=\"article\" \/>\n<meta property=\"og:title\" content=\"Curses del novembre del CET L\u2019Enclusa-O - Centre Excursionista Taradell\" \/>\n<meta property=\"og:description\" content=\"Aquest novembre ha estat un mes molt intens pels orientadors del CET. El 1 de novembre, Josep Maria Freixas, Marc Ballabriga i Meritxell Freixas van participar a la cursa d\u2019orientaci\u00f3 del Campionat de Catalunya d\u2019Ultrallarga Dist\u00e0ncia 2017(\u2192) que es va celebrar a Taravil (Capolat), en la qual Josep Maria Freixas [...]\" \/>\n<meta property=\"og:url\" content=\"https:\/\/cetaradell.cat\/ce\/curses-del-novembre-del-cet-lenclusa-o\/\" \/>\n<meta property=\"og:site_name\" content=\"Centre Excursionista Taradell\" \/>\n<meta property=\"article:publisher\" content=\"https:\/\/www.facebook.com\/CETaradell\/\" \/>\n<meta property=\"article:published_time\" content=\"2017-11-26T22:43:50+00:00\" \/>\n<meta property=\"article:modified_time\" content=\"2020-06-23T07:29:59+00:00\" \/>\n<meta property=\"og:image\" content=\"https:\/\/cetaradell.cat\/ce\/wp-content\/uploads\/2017-11-11-Rogaine3vallsFoto_GastantKeks-2b-scaled.jpg\" \/>\n\t<meta property=\"og:image:width\" content=\"2560\" \/>\n\t<meta property=\"og:image:height\" content=\"1920\" \/>\n\t<meta property=\"og:image:type\" content=\"image\/jpeg\" \/>\n<meta name=\"author\" content=\"CET\" \/>\n<meta name=\"twitter:card\" content=\"summary_large_image\" \/>\n<meta name=\"twitter:label1\" content=\"Escrit per\" \/>\n\t<meta name=\"twitter:data1\" content=\"CET\" \/>\n\t<meta name=\"twitter:label2\" content=\"Temps estimat de lectura\" \/>\n\t<meta name=\"twitter:data2\" content=\"3 minuts\" \/>\n<script type=\"application\/ld+json\" class=\"yoast-schema-graph\">{\"@context\":\"https:\\\/\\\/schema.org\",\"@graph\":[{\"@type\":\"Article\",\"@id\":\"https:\\\/\\\/cetaradell.cat\\\/ce\\\/curses-del-novembre-del-cet-lenclusa-o\\\/#article\",\"isPartOf\":{\"@id\":\"https:\\\/\\\/cetaradell.cat\\\/ce\\\/curses-del-novembre-del-cet-lenclusa-o\\\/\"},\"author\":{\"name\":\"CET\",\"@id\":\"https:\\\/\\\/cetaradell.cat\\\/ce\\\/#\\\/schema\\\/person\\\/92a59f585073071c7be6649e84b22f78\"},\"headline\":\"Curses del novembre del CET L\u2019Enclusa-O\",\"datePublished\":\"2017-11-26T22:43:50+00:00\",\"dateModified\":\"2020-06-23T07:29:59+00:00\",\"mainEntityOfPage\":{\"@id\":\"https:\\\/\\\/cetaradell.cat\\\/ce\\\/curses-del-novembre-del-cet-lenclusa-o\\\/\"},\"wordCount\":529,\"image\":{\"@id\":\"https:\\\/\\\/cetaradell.cat\\\/ce\\\/curses-del-novembre-del-cet-lenclusa-o\\\/#primaryimage\"},\"thumbnailUrl\":\"https:\\\/\\\/cetaradell.cat\\\/ce\\\/wp-content\\\/uploads\\\/2017-11-11-Rogaine3vallsFoto_GastantKeks-2b-scaled.jpg\",\"articleSection\":[\"Equip CET L'Enclusa-O\",\"Not\u00edcies\"],\"inLanguage\":\"ca\"},{\"@type\":\"WebPage\",\"@id\":\"https:\\\/\\\/cetaradell.cat\\\/ce\\\/curses-del-novembre-del-cet-lenclusa-o\\\/\",\"url\":\"https:\\\/\\\/cetaradell.cat\\\/ce\\\/curses-del-novembre-del-cet-lenclusa-o\\\/\",\"name\":\"Curses del novembre del CET L\u2019Enclusa-O - Centre Excursionista Taradell\",\"isPartOf\":{\"@id\":\"https:\\\/\\\/cetaradell.cat\\\/ce\\\/#website\"},\"primaryImageOfPage\":{\"@id\":\"https:\\\/\\\/cetaradell.cat\\\/ce\\\/curses-del-novembre-del-cet-lenclusa-o\\\/#primaryimage\"},\"image\":{\"@id\":\"https:\\\/\\\/cetaradell.cat\\\/ce\\\/curses-del-novembre-del-cet-lenclusa-o\\\/#primaryimage\"},\"thumbnailUrl\":\"https:\\\/\\\/cetaradell.cat\\\/ce\\\/wp-content\\\/uploads\\\/2017-11-11-Rogaine3vallsFoto_GastantKeks-2b-scaled.jpg\",\"datePublished\":\"2017-11-26T22:43:50+00:00\",\"dateModified\":\"2020-06-23T07:29:59+00:00\",\"author\":{\"@id\":\"https:\\\/\\\/cetaradell.cat\\\/ce\\\/#\\\/schema\\\/person\\\/92a59f585073071c7be6649e84b22f78\"},\"breadcrumb\":{\"@id\":\"https:\\\/\\\/cetaradell.cat\\\/ce\\\/curses-del-novembre-del-cet-lenclusa-o\\\/#breadcrumb\"},\"inLanguage\":\"ca\",\"potentialAction\":[{\"@type\":\"ReadAction\",\"target\":[\"https:\\\/\\\/cetaradell.cat\\\/ce\\\/curses-del-novembre-del-cet-lenclusa-o\\\/\"]}]},{\"@type\":\"ImageObject\",\"inLanguage\":\"ca\",\"@id\":\"https:\\\/\\\/cetaradell.cat\\\/ce\\\/curses-del-novembre-del-cet-lenclusa-o\\\/#primaryimage\",\"url\":\"https:\\\/\\\/cetaradell.cat\\\/ce\\\/wp-content\\\/uploads\\\/2017-11-11-Rogaine3vallsFoto_GastantKeks-2b-scaled.jpg\",\"contentUrl\":\"https:\\\/\\\/cetaradell.cat\\\/ce\\\/wp-content\\\/uploads\\\/2017-11-11-Rogaine3vallsFoto_GastantKeks-2b-scaled.jpg\",\"width\":2560,\"height\":1920},{\"@type\":\"BreadcrumbList\",\"@id\":\"https:\\\/\\\/cetaradell.cat\\\/ce\\\/curses-del-novembre-del-cet-lenclusa-o\\\/#breadcrumb\",\"itemListElement\":[{\"@type\":\"ListItem\",\"position\":1,\"name\":\"Inici\",\"item\":\"https:\\\/\\\/cetaradell.cat\\\/ce\\\/\"},{\"@type\":\"ListItem\",\"position\":2,\"name\":\"Curses del novembre del CET L\u2019Enclusa-O\"}]},{\"@type\":\"WebSite\",\"@id\":\"https:\\\/\\\/cetaradell.cat\\\/ce\\\/#website\",\"url\":\"https:\\\/\\\/cetaradell.cat\\\/ce\\\/\",\"name\":\"Centre Excursionista Taradell\",\"description\":\"\",\"potentialAction\":[{\"@type\":\"SearchAction\",\"target\":{\"@type\":\"EntryPoint\",\"urlTemplate\":\"https:\\\/\\\/cetaradell.cat\\\/ce\\\/?s={search_term_string}\"},\"query-input\":{\"@type\":\"PropertyValueSpecification\",\"valueRequired\":true,\"valueName\":\"search_term_string\"}}],\"inLanguage\":\"ca\"},{\"@type\":\"Person\",\"@id\":\"https:\\\/\\\/cetaradell.cat\\\/ce\\\/#\\\/schema\\\/person\\\/92a59f585073071c7be6649e84b22f78\",\"name\":\"CET\",\"image\":{\"@type\":\"ImageObject\",\"inLanguage\":\"ca\",\"@id\":\"https:\\\/\\\/secure.gravatar.com\\\/avatar\\\/d6fbe010d42056feccc0f613ed07277a5118442805079269f12dabdc42e1a727?s=96&d=mm&r=g\",\"url\":\"https:\\\/\\\/secure.gravatar.com\\\/avatar\\\/d6fbe010d42056feccc0f613ed07277a5118442805079269f12dabdc42e1a727?s=96&d=mm&r=g\",\"contentUrl\":\"https:\\\/\\\/secure.gravatar.com\\\/avatar\\\/d6fbe010d42056feccc0f613ed07277a5118442805079269f12dabdc42e1a727?s=96&d=mm&r=g\",\"caption\":\"CET\"},\"url\":\"https:\\\/\\\/cetaradell.cat\\\/ce\\\/author\\\/root\\\/\"}]}<\/script>\n<!-- \/ Yoast SEO plugin. -->","yoast_head_json":{"title":"Curses del novembre del CET L\u2019Enclusa-O - Centre Excursionista Taradell","robots":{"index":"index","follow":"follow","max-snippet":"max-snippet:-1","max-image-preview":"max-image-preview:large","max-video-preview":"max-video-preview:-1"},"canonical":"https:\/\/cetaradell.cat\/ce\/curses-del-novembre-del-cet-lenclusa-o\/","og_locale":"ca_ES","og_type":"article","og_title":"Curses del novembre del CET L\u2019Enclusa-O - Centre Excursionista Taradell","og_description":"Aquest novembre ha estat un mes molt intens pels orientadors del CET. El 1 de novembre, Josep Maria Freixas, Marc Ballabriga i Meritxell Freixas van participar a la cursa d\u2019orientaci\u00f3 del Campionat de Catalunya d\u2019Ultrallarga Dist\u00e0ncia 2017(\u2192) que es va celebrar a Taravil (Capolat), en la qual Josep Maria Freixas [...]","og_url":"https:\/\/cetaradell.cat\/ce\/curses-del-novembre-del-cet-lenclusa-o\/","og_site_name":"Centre Excursionista Taradell","article_publisher":"https:\/\/www.facebook.com\/CETaradell\/","article_published_time":"2017-11-26T22:43:50+00:00","article_modified_time":"2020-06-23T07:29:59+00:00","og_image":[{"width":2560,"height":1920,"url":"https:\/\/cetaradell.cat\/ce\/wp-content\/uploads\/2017-11-11-Rogaine3vallsFoto_GastantKeks-2b-scaled.jpg","type":"image\/jpeg"}],"author":"CET","twitter_card":"summary_large_image","twitter_misc":{"Escrit per":"CET","Temps estimat de lectura":"3 minuts"},"schema":{"@context":"https:\/\/schema.org","@graph":[{"@type":"Article","@id":"https:\/\/cetaradell.cat\/ce\/curses-del-novembre-del-cet-lenclusa-o\/#article","isPartOf":{"@id":"https:\/\/cetaradell.cat\/ce\/curses-del-novembre-del-cet-lenclusa-o\/"},"author":{"name":"CET","@id":"https:\/\/cetaradell.cat\/ce\/#\/schema\/person\/92a59f585073071c7be6649e84b22f78"},"headline":"Curses del novembre del CET L\u2019Enclusa-O","datePublished":"2017-11-26T22:43:50+00:00","dateModified":"2020-06-23T07:29:59+00:00","mainEntityOfPage":{"@id":"https:\/\/cetaradell.cat\/ce\/curses-del-novembre-del-cet-lenclusa-o\/"},"wordCount":529,"image":{"@id":"https:\/\/cetaradell.cat\/ce\/curses-del-novembre-del-cet-lenclusa-o\/#primaryimage"},"thumbnailUrl":"https:\/\/cetaradell.cat\/ce\/wp-content\/uploads\/2017-11-11-Rogaine3vallsFoto_GastantKeks-2b-scaled.jpg","articleSection":["Equip CET L'Enclusa-O","Not\u00edcies"],"inLanguage":"ca"},{"@type":"WebPage","@id":"https:\/\/cetaradell.cat\/ce\/curses-del-novembre-del-cet-lenclusa-o\/","url":"https:\/\/cetaradell.cat\/ce\/curses-del-novembre-del-cet-lenclusa-o\/","name":"Curses del novembre del CET L\u2019Enclusa-O - Centre Excursionista Taradell","isPartOf":{"@id":"https:\/\/cetaradell.cat\/ce\/#website"},"primaryImageOfPage":{"@id":"https:\/\/cetaradell.cat\/ce\/curses-del-novembre-del-cet-lenclusa-o\/#primaryimage"},"image":{"@id":"https:\/\/cetaradell.cat\/ce\/curses-del-novembre-del-cet-lenclusa-o\/#primaryimage"},"thumbnailUrl":"https:\/\/cetaradell.cat\/ce\/wp-content\/uploads\/2017-11-11-Rogaine3vallsFoto_GastantKeks-2b-scaled.jpg","datePublished":"2017-11-26T22:43:50+00:00","dateModified":"2020-06-23T07:29:59+00:00","author":{"@id":"https:\/\/cetaradell.cat\/ce\/#\/schema\/person\/92a59f585073071c7be6649e84b22f78"},"breadcrumb":{"@id":"https:\/\/cetaradell.cat\/ce\/curses-del-novembre-del-cet-lenclusa-o\/#breadcrumb"},"inLanguage":"ca","potentialAction":[{"@type":"ReadAction","target":["https:\/\/cetaradell.cat\/ce\/curses-del-novembre-del-cet-lenclusa-o\/"]}]},{"@type":"ImageObject","inLanguage":"ca","@id":"https:\/\/cetaradell.cat\/ce\/curses-del-novembre-del-cet-lenclusa-o\/#primaryimage","url":"https:\/\/cetaradell.cat\/ce\/wp-content\/uploads\/2017-11-11-Rogaine3vallsFoto_GastantKeks-2b-scaled.jpg","contentUrl":"https:\/\/cetaradell.cat\/ce\/wp-content\/uploads\/2017-11-11-Rogaine3vallsFoto_GastantKeks-2b-scaled.jpg","width":2560,"height":1920},{"@type":"BreadcrumbList","@id":"https:\/\/cetaradell.cat\/ce\/curses-del-novembre-del-cet-lenclusa-o\/#breadcrumb","itemListElement":[{"@type":"ListItem","position":1,"name":"Inici","item":"https:\/\/cetaradell.cat\/ce\/"},{"@type":"ListItem","position":2,"name":"Curses del novembre del CET L\u2019Enclusa-O"}]},{"@type":"WebSite","@id":"https:\/\/cetaradell.cat\/ce\/#website","url":"https:\/\/cetaradell.cat\/ce\/","name":"Centre Excursionista Taradell","description":"","potentialAction":[{"@type":"SearchAction","target":{"@type":"EntryPoint","urlTemplate":"https:\/\/cetaradell.cat\/ce\/?s={search_term_string}"},"query-input":{"@type":"PropertyValueSpecification","valueRequired":true,"valueName":"search_term_string"}}],"inLanguage":"ca"},{"@type":"Person","@id":"https:\/\/cetaradell.cat\/ce\/#\/schema\/person\/92a59f585073071c7be6649e84b22f78","name":"CET","image":{"@type":"ImageObject","inLanguage":"ca","@id":"https:\/\/secure.gravatar.com\/avatar\/d6fbe010d42056feccc0f613ed07277a5118442805079269f12dabdc42e1a727?s=96&d=mm&r=g","url":"https:\/\/secure.gravatar.com\/avatar\/d6fbe010d42056feccc0f613ed07277a5118442805079269f12dabdc42e1a727?s=96&d=mm&r=g","contentUrl":"https:\/\/secure.gravatar.com\/avatar\/d6fbe010d42056feccc0f613ed07277a5118442805079269f12dabdc42e1a727?s=96&d=mm&r=g","caption":"CET"},"url":"https:\/\/cetaradell.cat\/ce\/author\/root\/"}]}},"_links":{"self":[{"href":"https:\/\/cetaradell.cat\/ce\/wp-json\/wp\/v2\/posts\/5958","targetHints":{"allow":["GET"]}}],"collection":[{"href":"https:\/\/cetaradell.cat\/ce\/wp-json\/wp\/v2\/posts"}],"about":[{"href":"https:\/\/cetaradell.cat\/ce\/wp-json\/wp\/v2\/types\/post"}],"author":[{"embeddable":true,"href":"https:\/\/cetaradell.cat\/ce\/wp-json\/wp\/v2\/users\/1"}],"replies":[{"embeddable":true,"href":"https:\/\/cetaradell.cat\/ce\/wp-json\/wp\/v2\/comments?post=5958"}],"version-history":[{"count":0,"href":"https:\/\/cetaradell.cat\/ce\/wp-json\/wp\/v2\/posts\/5958\/revisions"}],"wp:featuredmedia":[{"embeddable":true,"href":"https:\/\/cetaradell.cat\/ce\/wp-json\/wp\/v2\/media\/5959"}],"wp:attachment":[{"href":"https:\/\/cetaradell.cat\/ce\/wp-json\/wp\/v2\/media?parent=5958"}],"wp:term":[{"taxonomy":"category","embeddable":true,"href":"https:\/\/cetaradell.cat\/ce\/wp-json\/wp\/v2\/categories?post=5958"},{"taxonomy":"post_tag","embeddable":true,"href":"https:\/\/cetaradell.cat\/ce\/wp-json\/wp\/v2\/tags?post=5958"}],"curies":[{"name":"wp","href":"https:\/\/api.w.org\/{rel}","templated":true}]}}