{"id":5984,"date":"2019-01-01T23:36:59","date_gmt":"2019-01-01T22:36:59","guid":{"rendered":"https:\/\/cetaradell.cat\/ce\/?p=5984"},"modified":"2020-06-06T11:38:42","modified_gmt":"2020-06-06T10:38:42","slug":"senders-gr11-i-100-cims-tot-fent-cami","status":"publish","type":"post","link":"https:\/\/cetaradell.cat\/ce\/senders-gr11-i-100-cims-tot-fent-cami\/","title":{"rendered":"Senders &#8211; GR11 i 100 Cims &#8211; Tot fent cam\u00ed"},"content":{"rendered":"<p><a href=\"https:\/\/cetaradell.cat\/ce\/wp-content\/uploads\/SENDERS-gr11-i-100-cims-2019.pdf\" target=\"_blank\" rel=\"attachment noopener wp-att-5939 noreferrer\"><img decoding=\"async\" class=\"alignleft wp-image-6806 size-medium\" src=\"https:\/\/cetaradell.cat\/ce\/wp-content\/uploads\/SENDERS-gr11-i-100-cims-xxss-04-300x225.jpg\" alt=\"\" width=\"300\" height=\"225\" srcset=\"https:\/\/cetaradell.cat\/ce\/wp-content\/uploads\/SENDERS-gr11-i-100-cims-xxss-04-300x225.jpg 300w, https:\/\/cetaradell.cat\/ce\/wp-content\/uploads\/SENDERS-gr11-i-100-cims-xxss-04-500x375.jpg 500w, https:\/\/cetaradell.cat\/ce\/wp-content\/uploads\/SENDERS-gr11-i-100-cims-xxss-04-700x525.jpg 700w, https:\/\/cetaradell.cat\/ce\/wp-content\/uploads\/SENDERS-gr11-i-100-cims-xxss-04-768x576.jpg 768w, https:\/\/cetaradell.cat\/ce\/wp-content\/uploads\/SENDERS-gr11-i-100-cims-xxss-04.jpg 960w\" sizes=\"(max-width: 300px) 100vw, 300px\" \/><\/a>El 2018 el CET inicia una nova etapa de les sortides de Senders amb una combinaci\u00f3 d\u2019excursions: rutes dels 100 cims i del GR11.<\/p>\n<p><strong>GR11<\/strong><\/p>\n<p>El GR11 \u00e9s un sender que travessa els Pirineus pel seu vessant sud des del Cant\u00e0bric fins al Mediterrani, amb les dificultats pr\u00f2pies de l\u2019alta muntanya.<\/p>\n<p><strong>100 cims<\/strong><\/p>\n<p>El repte dels 100 cims es va iniciar el 2006 amb l\u2019objectiu de con\u00e8ixer diferents llocs del pa\u00eds mitjan\u00e7ant l\u2019excursionisme. Hi ha un ampli llistat de cims a la mida de tothom.<\/p>\n<p>No s\u00f3n els m\u00e9s alts i, potser, alguns no ofereixen gaire panor\u00e0mica per\u00f2 s\u00ed que s\u00f3n els m\u00e9s emblem\u00e0tics de les nostres comarques.<\/p>\n<h3><strong>SORTIDES PREVISTES 2019<br \/>\n<\/strong><\/h3>\n<p>A l\u2019empara d\u2019aquest projecte, el Centre Excursionista Taradell, organitza unes sortides mensuals seguint part d\u2019aquests senders. Aquestes sortides es complementaran, si cal, amb visites guiades a diferents indrets d\u2019inter\u00e8s cultural.<\/p>\n<table style=\"height: 500px;\" width=\"712\">\n<tbody>\n<tr>\n<td style=\"width: 750px; height: 292px; background-color: #f7b77c; vertical-align: middle;\">\n<h3 style=\"padding-left: 30px;\"><strong>Sortides previstes el 2019 <em><a href=\"https:\/\/cetaradell.cat\/ce\/wp-content\/uploads\/SENDERS-gr11-i-100-cims-2019.pdf\" target=\"_blank\" rel=\"noopener noreferrer\">(Descarregar programa \u2192)<\/a><\/em><br \/>\n<\/strong><\/h3>\n<ul>\n<li>13 GENER &#8211; 100 CIMS:\u00a0Puig de Gallicant (Arbol\u00ed) &#8211; 13 km.<\/li>\n<li>3 \u00a0FEBRER &#8211;\u00a0GR-11:\u00a0Cantallops, Castell de Requesens, \u00a0La Jonquera\u00a0&#8211; 18 km.<\/li>\n<li>3 MAR\u00c7 &#8211; GR-11:\u00a0\u00a0 La Jonquera, La Vajol &#8211; 14 km.<\/li>\n<li>7 ABRIL &#8211; GR-11: La Vajol, Ma\u00e7anet de Cabrenys\u00a0&#8211; 8 km.<\/li>\n<li>5 MAIG &#8211; GR-11: Ma\u00e7anet de Cabrenys,\u00a0Albany\u00e0\u00a0&#8211; 22 km.<\/li>\n<li>2 JUNY &#8211; 100 CIMS:\u00a0 Puig de Milla (Milla)\u00a0&#8211; 14 km.<\/li>\n<li>7 JULIOL &#8211; 100 CIMS:\u00a0 Les Borregues (Vallter) &#8211; 10 km.<\/li>\n<li>1 SETEMBRE &#8211; GR-11: Oix, Beget &#8211; 14 km.<\/li>\n<li>6 OCTUBRE &#8211; GR-11: Beget , Moll\u00f3 &#8211; 12 km.<\/li>\n<li>10 NOVEMBRE &#8211; 100 CIMS: Puig de Bestrac\u00e0-(Oix)\u00a0&#8211; 14 km.<\/li>\n<\/ul>\n<p style=\"padding-left: 60px;\">*Les dates i recorreguts s\u00f3n provisionals. Uns dies abans de la data prevista es penjar\u00e0 a la web del CET tota la informaci\u00f3 referent a la sortida: recorreguts, horaris, quil\u00f2metres, visites guiades i preus.<\/p>\n<\/td>\n<\/tr>\n<\/tbody>\n<\/table>\n<h3><strong>BASES DE LES SORTIDES<\/strong><\/h3>\n<ol>\n<li>Les sortides estan obertes a totes les persones que estiguin en possessi\u00f3 de la llic\u00e8ncia de la FEEC de l\u2019any en curs. D\u2019acord amb la normativa que regula les activitats al medi natural, l\u2019organitzaci\u00f3 no admetr\u00e0 cap participant sense federar.<\/li>\n<li>Les places s\u00f3n limitades i el criteri d\u2019admissi\u00f3 es far\u00e0 segons l\u2019ordre d\u2019inscripci\u00f3. En cas de no assistir no es retornar\u00e0 l\u2019import de la inscripci\u00f3.<\/li>\n<li>El preu de les sortides anir\u00e0 en funci\u00f3 dels quil\u00f2metres.<\/li>\n<\/ol>\n<ol start=\"5\">\n<li>El recorregut ser\u00e0 variable en funci\u00f3 dels quil\u00f2metres de l\u2019etapa.<\/li>\n<\/ol>\n<ol start=\"6\">\n<li>Les inscripcions es tancaran el dijous anterior a la sortida. En el moment de fer la inscripci\u00f3 es far\u00e0 efectiu el pagament a les oficines del CET o per transfer\u00e8ncia.<\/li>\n<\/ol>\n<ol start=\"7\">\n<li>L\u2019activitat excursionista comporta un m\u00ednim de risc, per aix\u00f2 es recomana un equipament i cal\u00e7at adequats. Les etapes d\u2019alta muntanya s\u00f3n exigents i cal tenir un m\u00ednim de preparaci\u00f3.<\/li>\n<li>En les etapes circulars, si no s&#8217;arriba a un m\u00ednim de participants, es faran els transllats amb cotxes particulars.<\/li>\n<\/ol>\n<ol start=\"8\">\n<li>El mal temps no ser\u00e0 ra\u00f3 suficient per suspendre la sortida. L\u2019organitzaci\u00f3 buscar\u00e0 una alternativa viable.<\/li>\n<\/ol>\n<ol start=\"9\">\n<li>L\u2019organitzaci\u00f3 no es fa responsable dels danys que puguin patir o causar els participants.<\/li>\n<\/ol>\n<ol start=\"10\">\n<li>No es poden portar gossos a l\u2019autocar.<\/li>\n<\/ol>\n<ol start=\"11\">\n<li>El sol fet de participar a les sortides, significa la plena acceptaci\u00f3 d\u2019aquestes normes.<\/li>\n<\/ol>\n","protected":false},"excerpt":{"rendered":"<p>El 2018 el CET inicia una nova etapa de les sortides de Senders amb una combinaci\u00f3 d\u2019excursions: rutes dels 100 cims i del GR11. GR11 El GR11 \u00e9s un sender que travessa els Pirineus pel seu vessant sud des del Cant\u00e0bric fins al Mediterrani, amb les dificultats pr\u00f2pies de l\u2019alta  [&#8230;]<\/p>\n","protected":false},"author":1,"featured_media":6806,"comment_status":"closed","ping_status":"closed","sticky":false,"template":"","format":"standard","meta":{"footnotes":""},"categories":[12,4,7,11],"tags":[],"class_list":["post-5984","post","type-post","status-publish","format-standard","has-post-thumbnail","hentry","category-100-cims","category-activitats","category-muntanya","category-senders"],"yoast_head":"<!-- This site is optimized with the Yoast SEO plugin v27.4 - https:\/\/yoast.com\/product\/yoast-seo-wordpress\/ -->\n<title>Senders - GR11 i 100 Cims - Tot fent cam\u00ed - Centre Excursionista Taradell<\/title>\n<meta name=\"robots\" content=\"index, follow, max-snippet:-1, max-image-preview:large, max-video-preview:-1\" \/>\n<link rel=\"canonical\" href=\"https:\/\/cetaradell.cat\/ce\/senders-gr11-i-100-cims-tot-fent-cami\/\" \/>\n<meta property=\"og:locale\" content=\"ca_ES\" \/>\n<meta property=\"og:type\" content=\"article\" \/>\n<meta property=\"og:title\" content=\"Senders - GR11 i 100 Cims - Tot fent cam\u00ed - Centre Excursionista Taradell\" \/>\n<meta property=\"og:description\" content=\"El 2018 el CET inicia una nova etapa de les sortides de Senders amb una combinaci\u00f3 d\u2019excursions: rutes dels 100 cims i del GR11. GR11 El GR11 \u00e9s un sender que travessa els Pirineus pel seu vessant sud des del Cant\u00e0bric fins al Mediterrani, amb les dificultats pr\u00f2pies de l\u2019alta [...]\" \/>\n<meta property=\"og:url\" content=\"https:\/\/cetaradell.cat\/ce\/senders-gr11-i-100-cims-tot-fent-cami\/\" \/>\n<meta property=\"og:site_name\" content=\"Centre Excursionista Taradell\" \/>\n<meta property=\"article:publisher\" content=\"https:\/\/www.facebook.com\/CETaradell\/\" \/>\n<meta property=\"article:published_time\" content=\"2019-01-01T22:36:59+00:00\" \/>\n<meta property=\"article:modified_time\" content=\"2020-06-06T10:38:42+00:00\" \/>\n<meta property=\"og:image\" content=\"https:\/\/cetaradell.cat\/ce\/wp-content\/uploads\/SENDERS-gr11-i-100-cims-xxss-04.jpg\" \/>\n\t<meta property=\"og:image:width\" content=\"960\" \/>\n\t<meta property=\"og:image:height\" content=\"720\" \/>\n\t<meta property=\"og:image:type\" content=\"image\/jpeg\" \/>\n<meta name=\"author\" content=\"CET\" \/>\n<meta name=\"twitter:card\" content=\"summary_large_image\" \/>\n<meta name=\"twitter:label1\" content=\"Escrit per\" \/>\n\t<meta name=\"twitter:data1\" content=\"CET\" \/>\n\t<meta name=\"twitter:label2\" content=\"Temps estimat de lectura\" \/>\n\t<meta name=\"twitter:data2\" content=\"3 minuts\" \/>\n<script type=\"application\/ld+json\" class=\"yoast-schema-graph\">{\"@context\":\"https:\\\/\\\/schema.org\",\"@graph\":[{\"@type\":\"Article\",\"@id\":\"https:\\\/\\\/cetaradell.cat\\\/ce\\\/senders-gr11-i-100-cims-tot-fent-cami\\\/#article\",\"isPartOf\":{\"@id\":\"https:\\\/\\\/cetaradell.cat\\\/ce\\\/senders-gr11-i-100-cims-tot-fent-cami\\\/\"},\"author\":{\"name\":\"CET\",\"@id\":\"https:\\\/\\\/cetaradell.cat\\\/ce\\\/#\\\/schema\\\/person\\\/92a59f585073071c7be6649e84b22f78\"},\"headline\":\"Senders &#8211; GR11 i 100 Cims &#8211; Tot fent cam\u00ed\",\"datePublished\":\"2019-01-01T22:36:59+00:00\",\"dateModified\":\"2020-06-06T10:38:42+00:00\",\"mainEntityOfPage\":{\"@id\":\"https:\\\/\\\/cetaradell.cat\\\/ce\\\/senders-gr11-i-100-cims-tot-fent-cami\\\/\"},\"wordCount\":539,\"image\":{\"@id\":\"https:\\\/\\\/cetaradell.cat\\\/ce\\\/senders-gr11-i-100-cims-tot-fent-cami\\\/#primaryimage\"},\"thumbnailUrl\":\"https:\\\/\\\/cetaradell.cat\\\/ce\\\/wp-content\\\/uploads\\\/SENDERS-gr11-i-100-cims-xxss-04.jpg\",\"articleSection\":[\"100 Cims\",\"Activitats\",\"Muntanya\",\"Senders\"],\"inLanguage\":\"ca\"},{\"@type\":\"WebPage\",\"@id\":\"https:\\\/\\\/cetaradell.cat\\\/ce\\\/senders-gr11-i-100-cims-tot-fent-cami\\\/\",\"url\":\"https:\\\/\\\/cetaradell.cat\\\/ce\\\/senders-gr11-i-100-cims-tot-fent-cami\\\/\",\"name\":\"Senders - GR11 i 100 Cims - Tot fent cam\u00ed - Centre Excursionista Taradell\",\"isPartOf\":{\"@id\":\"https:\\\/\\\/cetaradell.cat\\\/ce\\\/#website\"},\"primaryImageOfPage\":{\"@id\":\"https:\\\/\\\/cetaradell.cat\\\/ce\\\/senders-gr11-i-100-cims-tot-fent-cami\\\/#primaryimage\"},\"image\":{\"@id\":\"https:\\\/\\\/cetaradell.cat\\\/ce\\\/senders-gr11-i-100-cims-tot-fent-cami\\\/#primaryimage\"},\"thumbnailUrl\":\"https:\\\/\\\/cetaradell.cat\\\/ce\\\/wp-content\\\/uploads\\\/SENDERS-gr11-i-100-cims-xxss-04.jpg\",\"datePublished\":\"2019-01-01T22:36:59+00:00\",\"dateModified\":\"2020-06-06T10:38:42+00:00\",\"author\":{\"@id\":\"https:\\\/\\\/cetaradell.cat\\\/ce\\\/#\\\/schema\\\/person\\\/92a59f585073071c7be6649e84b22f78\"},\"breadcrumb\":{\"@id\":\"https:\\\/\\\/cetaradell.cat\\\/ce\\\/senders-gr11-i-100-cims-tot-fent-cami\\\/#breadcrumb\"},\"inLanguage\":\"ca\",\"potentialAction\":[{\"@type\":\"ReadAction\",\"target\":[\"https:\\\/\\\/cetaradell.cat\\\/ce\\\/senders-gr11-i-100-cims-tot-fent-cami\\\/\"]}]},{\"@type\":\"ImageObject\",\"inLanguage\":\"ca\",\"@id\":\"https:\\\/\\\/cetaradell.cat\\\/ce\\\/senders-gr11-i-100-cims-tot-fent-cami\\\/#primaryimage\",\"url\":\"https:\\\/\\\/cetaradell.cat\\\/ce\\\/wp-content\\\/uploads\\\/SENDERS-gr11-i-100-cims-xxss-04.jpg\",\"contentUrl\":\"https:\\\/\\\/cetaradell.cat\\\/ce\\\/wp-content\\\/uploads\\\/SENDERS-gr11-i-100-cims-xxss-04.jpg\",\"width\":960,\"height\":720},{\"@type\":\"BreadcrumbList\",\"@id\":\"https:\\\/\\\/cetaradell.cat\\\/ce\\\/senders-gr11-i-100-cims-tot-fent-cami\\\/#breadcrumb\",\"itemListElement\":[{\"@type\":\"ListItem\",\"position\":1,\"name\":\"Inici\",\"item\":\"https:\\\/\\\/cetaradell.cat\\\/ce\\\/\"},{\"@type\":\"ListItem\",\"position\":2,\"name\":\"Senders &#8211; GR11 i 100 Cims &#8211; Tot fent cam\u00ed\"}]},{\"@type\":\"WebSite\",\"@id\":\"https:\\\/\\\/cetaradell.cat\\\/ce\\\/#website\",\"url\":\"https:\\\/\\\/cetaradell.cat\\\/ce\\\/\",\"name\":\"Centre Excursionista Taradell\",\"description\":\"\",\"potentialAction\":[{\"@type\":\"SearchAction\",\"target\":{\"@type\":\"EntryPoint\",\"urlTemplate\":\"https:\\\/\\\/cetaradell.cat\\\/ce\\\/?s={search_term_string}\"},\"query-input\":{\"@type\":\"PropertyValueSpecification\",\"valueRequired\":true,\"valueName\":\"search_term_string\"}}],\"inLanguage\":\"ca\"},{\"@type\":\"Person\",\"@id\":\"https:\\\/\\\/cetaradell.cat\\\/ce\\\/#\\\/schema\\\/person\\\/92a59f585073071c7be6649e84b22f78\",\"name\":\"CET\",\"image\":{\"@type\":\"ImageObject\",\"inLanguage\":\"ca\",\"@id\":\"https:\\\/\\\/secure.gravatar.com\\\/avatar\\\/d6fbe010d42056feccc0f613ed07277a5118442805079269f12dabdc42e1a727?s=96&d=mm&r=g\",\"url\":\"https:\\\/\\\/secure.gravatar.com\\\/avatar\\\/d6fbe010d42056feccc0f613ed07277a5118442805079269f12dabdc42e1a727?s=96&d=mm&r=g\",\"contentUrl\":\"https:\\\/\\\/secure.gravatar.com\\\/avatar\\\/d6fbe010d42056feccc0f613ed07277a5118442805079269f12dabdc42e1a727?s=96&d=mm&r=g\",\"caption\":\"CET\"},\"url\":\"https:\\\/\\\/cetaradell.cat\\\/ce\\\/author\\\/root\\\/\"}]}<\/script>\n<!-- \/ Yoast SEO plugin. -->","yoast_head_json":{"title":"Senders - GR11 i 100 Cims - Tot fent cam\u00ed - Centre Excursionista Taradell","robots":{"index":"index","follow":"follow","max-snippet":"max-snippet:-1","max-image-preview":"max-image-preview:large","max-video-preview":"max-video-preview:-1"},"canonical":"https:\/\/cetaradell.cat\/ce\/senders-gr11-i-100-cims-tot-fent-cami\/","og_locale":"ca_ES","og_type":"article","og_title":"Senders - GR11 i 100 Cims - Tot fent cam\u00ed - Centre Excursionista Taradell","og_description":"El 2018 el CET inicia una nova etapa de les sortides de Senders amb una combinaci\u00f3 d\u2019excursions: rutes dels 100 cims i del GR11. GR11 El GR11 \u00e9s un sender que travessa els Pirineus pel seu vessant sud des del Cant\u00e0bric fins al Mediterrani, amb les dificultats pr\u00f2pies de l\u2019alta [...]","og_url":"https:\/\/cetaradell.cat\/ce\/senders-gr11-i-100-cims-tot-fent-cami\/","og_site_name":"Centre Excursionista Taradell","article_publisher":"https:\/\/www.facebook.com\/CETaradell\/","article_published_time":"2019-01-01T22:36:59+00:00","article_modified_time":"2020-06-06T10:38:42+00:00","og_image":[{"width":960,"height":720,"url":"https:\/\/cetaradell.cat\/ce\/wp-content\/uploads\/SENDERS-gr11-i-100-cims-xxss-04.jpg","type":"image\/jpeg"}],"author":"CET","twitter_card":"summary_large_image","twitter_misc":{"Escrit per":"CET","Temps estimat de lectura":"3 minuts"},"schema":{"@context":"https:\/\/schema.org","@graph":[{"@type":"Article","@id":"https:\/\/cetaradell.cat\/ce\/senders-gr11-i-100-cims-tot-fent-cami\/#article","isPartOf":{"@id":"https:\/\/cetaradell.cat\/ce\/senders-gr11-i-100-cims-tot-fent-cami\/"},"author":{"name":"CET","@id":"https:\/\/cetaradell.cat\/ce\/#\/schema\/person\/92a59f585073071c7be6649e84b22f78"},"headline":"Senders &#8211; GR11 i 100 Cims &#8211; Tot fent cam\u00ed","datePublished":"2019-01-01T22:36:59+00:00","dateModified":"2020-06-06T10:38:42+00:00","mainEntityOfPage":{"@id":"https:\/\/cetaradell.cat\/ce\/senders-gr11-i-100-cims-tot-fent-cami\/"},"wordCount":539,"image":{"@id":"https:\/\/cetaradell.cat\/ce\/senders-gr11-i-100-cims-tot-fent-cami\/#primaryimage"},"thumbnailUrl":"https:\/\/cetaradell.cat\/ce\/wp-content\/uploads\/SENDERS-gr11-i-100-cims-xxss-04.jpg","articleSection":["100 Cims","Activitats","Muntanya","Senders"],"inLanguage":"ca"},{"@type":"WebPage","@id":"https:\/\/cetaradell.cat\/ce\/senders-gr11-i-100-cims-tot-fent-cami\/","url":"https:\/\/cetaradell.cat\/ce\/senders-gr11-i-100-cims-tot-fent-cami\/","name":"Senders - GR11 i 100 Cims - Tot fent cam\u00ed - Centre Excursionista Taradell","isPartOf":{"@id":"https:\/\/cetaradell.cat\/ce\/#website"},"primaryImageOfPage":{"@id":"https:\/\/cetaradell.cat\/ce\/senders-gr11-i-100-cims-tot-fent-cami\/#primaryimage"},"image":{"@id":"https:\/\/cetaradell.cat\/ce\/senders-gr11-i-100-cims-tot-fent-cami\/#primaryimage"},"thumbnailUrl":"https:\/\/cetaradell.cat\/ce\/wp-content\/uploads\/SENDERS-gr11-i-100-cims-xxss-04.jpg","datePublished":"2019-01-01T22:36:59+00:00","dateModified":"2020-06-06T10:38:42+00:00","author":{"@id":"https:\/\/cetaradell.cat\/ce\/#\/schema\/person\/92a59f585073071c7be6649e84b22f78"},"breadcrumb":{"@id":"https:\/\/cetaradell.cat\/ce\/senders-gr11-i-100-cims-tot-fent-cami\/#breadcrumb"},"inLanguage":"ca","potentialAction":[{"@type":"ReadAction","target":["https:\/\/cetaradell.cat\/ce\/senders-gr11-i-100-cims-tot-fent-cami\/"]}]},{"@type":"ImageObject","inLanguage":"ca","@id":"https:\/\/cetaradell.cat\/ce\/senders-gr11-i-100-cims-tot-fent-cami\/#primaryimage","url":"https:\/\/cetaradell.cat\/ce\/wp-content\/uploads\/SENDERS-gr11-i-100-cims-xxss-04.jpg","contentUrl":"https:\/\/cetaradell.cat\/ce\/wp-content\/uploads\/SENDERS-gr11-i-100-cims-xxss-04.jpg","width":960,"height":720},{"@type":"BreadcrumbList","@id":"https:\/\/cetaradell.cat\/ce\/senders-gr11-i-100-cims-tot-fent-cami\/#breadcrumb","itemListElement":[{"@type":"ListItem","position":1,"name":"Inici","item":"https:\/\/cetaradell.cat\/ce\/"},{"@type":"ListItem","position":2,"name":"Senders &#8211; GR11 i 100 Cims &#8211; Tot fent cam\u00ed"}]},{"@type":"WebSite","@id":"https:\/\/cetaradell.cat\/ce\/#website","url":"https:\/\/cetaradell.cat\/ce\/","name":"Centre Excursionista Taradell","description":"","potentialAction":[{"@type":"SearchAction","target":{"@type":"EntryPoint","urlTemplate":"https:\/\/cetaradell.cat\/ce\/?s={search_term_string}"},"query-input":{"@type":"PropertyValueSpecification","valueRequired":true,"valueName":"search_term_string"}}],"inLanguage":"ca"},{"@type":"Person","@id":"https:\/\/cetaradell.cat\/ce\/#\/schema\/person\/92a59f585073071c7be6649e84b22f78","name":"CET","image":{"@type":"ImageObject","inLanguage":"ca","@id":"https:\/\/secure.gravatar.com\/avatar\/d6fbe010d42056feccc0f613ed07277a5118442805079269f12dabdc42e1a727?s=96&d=mm&r=g","url":"https:\/\/secure.gravatar.com\/avatar\/d6fbe010d42056feccc0f613ed07277a5118442805079269f12dabdc42e1a727?s=96&d=mm&r=g","contentUrl":"https:\/\/secure.gravatar.com\/avatar\/d6fbe010d42056feccc0f613ed07277a5118442805079269f12dabdc42e1a727?s=96&d=mm&r=g","caption":"CET"},"url":"https:\/\/cetaradell.cat\/ce\/author\/root\/"}]}},"_links":{"self":[{"href":"https:\/\/cetaradell.cat\/ce\/wp-json\/wp\/v2\/posts\/5984","targetHints":{"allow":["GET"]}}],"collection":[{"href":"https:\/\/cetaradell.cat\/ce\/wp-json\/wp\/v2\/posts"}],"about":[{"href":"https:\/\/cetaradell.cat\/ce\/wp-json\/wp\/v2\/types\/post"}],"author":[{"embeddable":true,"href":"https:\/\/cetaradell.cat\/ce\/wp-json\/wp\/v2\/users\/1"}],"replies":[{"embeddable":true,"href":"https:\/\/cetaradell.cat\/ce\/wp-json\/wp\/v2\/comments?post=5984"}],"version-history":[{"count":0,"href":"https:\/\/cetaradell.cat\/ce\/wp-json\/wp\/v2\/posts\/5984\/revisions"}],"wp:featuredmedia":[{"embeddable":true,"href":"https:\/\/cetaradell.cat\/ce\/wp-json\/wp\/v2\/media\/6806"}],"wp:attachment":[{"href":"https:\/\/cetaradell.cat\/ce\/wp-json\/wp\/v2\/media?parent=5984"}],"wp:term":[{"taxonomy":"category","embeddable":true,"href":"https:\/\/cetaradell.cat\/ce\/wp-json\/wp\/v2\/categories?post=5984"},{"taxonomy":"post_tag","embeddable":true,"href":"https:\/\/cetaradell.cat\/ce\/wp-json\/wp\/v2\/tags?post=5984"}],"curies":[{"name":"wp","href":"https:\/\/api.w.org\/{rel}","templated":true}]}}