{"id":5997,"date":"2017-11-30T23:56:03","date_gmt":"2017-11-30T22:56:03","guid":{"rendered":"https:\/\/cetaradell.cat\/ce\/?p=5997"},"modified":"2020-06-21T23:48:05","modified_gmt":"2020-06-21T22:48:05","slug":"curses-de-loctubre-del-cet-lenclusa-2","status":"publish","type":"post","link":"https:\/\/cetaradell.cat\/ce\/curses-de-loctubre-del-cet-lenclusa-2\/","title":{"rendered":"Curses de l\u2019octubre del CET-L\u2019Enclusa"},"content":{"rendered":"<div id=\"attachment_5998\" style=\"width: 310px\" class=\"wp-caption alignleft\"><a href=\"https:\/\/cetaradell.cat\/ce\/wp-content\/uploads\/2017-11-12-Marat\u00f3_Montsenyfoto_org-1.jpeg\" target=\"_blank\" rel=\"attachment noopener wp-att-5998 noreferrer\"><img decoding=\"async\" aria-describedby=\"caption-attachment-5998\" class=\"wp-image-5998 size-medium\" src=\"https:\/\/cetaradell.cat\/ce\/wp-content\/uploads\/2017-11-12-Marat\u00f3_Montsenyfoto_org-1-300x200.jpeg\" alt=\"2017-11-12-Marat\u00f3_Montseny(foto_org) (1)\" width=\"300\" height=\"200\" srcset=\"https:\/\/cetaradell.cat\/ce\/wp-content\/uploads\/2017-11-12-Marat\u00f3_Montsenyfoto_org-1-300x200.jpeg 300w, https:\/\/cetaradell.cat\/ce\/wp-content\/uploads\/2017-11-12-Marat\u00f3_Montsenyfoto_org-1-500x333.jpeg 500w, https:\/\/cetaradell.cat\/ce\/wp-content\/uploads\/2017-11-12-Marat\u00f3_Montsenyfoto_org-1-700x467.jpeg 700w, https:\/\/cetaradell.cat\/ce\/wp-content\/uploads\/2017-11-12-Marat\u00f3_Montsenyfoto_org-1-768x512.jpeg 768w, https:\/\/cetaradell.cat\/ce\/wp-content\/uploads\/2017-11-12-Marat\u00f3_Montsenyfoto_org-1-1024x683.jpeg 1024w, https:\/\/cetaradell.cat\/ce\/wp-content\/uploads\/2017-11-12-Marat\u00f3_Montsenyfoto_org-1.jpeg 1440w\" sizes=\"(max-width: 300px) 100vw, 300px\" \/><\/a><p id=\"caption-attachment-5998\" class=\"wp-caption-text\">Jordi Aguilera a la Marat\u00f3 del Montseny (Foto: R Photo)<\/p><\/div>\n<p>El diumenge 12 de novembre es va disputar la <strong>Marat\u00f3 del Montseny<\/strong>, amb sortida i arribada a Santa Maria de Palautordera. Aquesta marat\u00f3 per muntanya, de 45,5 km de recorregut i 2.752 metres de desnivell positiu, va passar pels llocs m\u00e9s emblem\u00e0tics del parc Montseny, com s\u00f3n el cim del Matagalls, Les Agudes i el Tur\u00f3 de l&#8217;Home, sostre de la cursa i del propi parc amb 1.705 m d&#8217;altitud sobre el nivell del mar.<\/p>\n<p>En aquesta cursa hi van prendre part els atletes del CET-L\u2019Enclusa <strong>Jordi Aguilera <\/strong>que amb un temps de 5 hores 19 minuts i 45 segons es va classificar en destacat 22\u00e8 lloc, i<strong> Eduard Aguilera<\/strong> que amb un temps de 6 hores 43 minuts i 6 segons es van classificar en la posici\u00f3 129, d\u2019entre els 374 classificats.<\/p>\n<div id=\"attachment_5999\" style=\"width: 310px\" class=\"wp-caption alignleft\"><a href=\"https:\/\/cetaradell.cat\/ce\/wp-content\/uploads\/2017-11-12-Marat\u00f3_Montsenyfoto_org-3.jpeg\" target=\"_blank\" rel=\"attachment noopener wp-att-5999 noreferrer\"><img decoding=\"async\" aria-describedby=\"caption-attachment-5999\" class=\"wp-image-5999 size-medium\" src=\"https:\/\/cetaradell.cat\/ce\/wp-content\/uploads\/2017-11-12-Marat\u00f3_Montsenyfoto_org-3-300x200.jpeg\" alt=\"2017-11-12-Marat\u00f3_Montseny(foto_org) (3)\" width=\"300\" height=\"200\" srcset=\"https:\/\/cetaradell.cat\/ce\/wp-content\/uploads\/2017-11-12-Marat\u00f3_Montsenyfoto_org-3-300x200.jpeg 300w, https:\/\/cetaradell.cat\/ce\/wp-content\/uploads\/2017-11-12-Marat\u00f3_Montsenyfoto_org-3-500x334.jpeg 500w, https:\/\/cetaradell.cat\/ce\/wp-content\/uploads\/2017-11-12-Marat\u00f3_Montsenyfoto_org-3-700x467.jpeg 700w, https:\/\/cetaradell.cat\/ce\/wp-content\/uploads\/2017-11-12-Marat\u00f3_Montsenyfoto_org-3-768x512.jpeg 768w, https:\/\/cetaradell.cat\/ce\/wp-content\/uploads\/2017-11-12-Marat\u00f3_Montsenyfoto_org-3-1024x683.jpeg 1024w, https:\/\/cetaradell.cat\/ce\/wp-content\/uploads\/2017-11-12-Marat\u00f3_Montsenyfoto_org-3.jpeg 1439w\" sizes=\"(max-width: 300px) 100vw, 300px\" \/><\/a><p id=\"caption-attachment-5999\" class=\"wp-caption-text\">Eduard Aguilera a la Marat\u00f3 del Montseny (Foto: Olga Bergua)<\/p><\/div>\n<p>Per altra banda, el cap de setmana seg\u00fcent, concretament el dissabte 18 de novembre, tal i com vam informar en aquest web, l\u2019atleta taradellenc i soci del CET, <strong>Albert Pujol <\/strong>es va classificar en <strong>primer lloc <\/strong>a la prova marat\u00f3 de la cursa <a href=\"https:\/\/cetaradell.cat\/ce\/albert-pujol-campio-de-lspain-ultra-cup-m-2017\/\" target=\"_blank\" rel=\"noopener noreferrer\"><strong>Har\u00eda Extreme<\/strong> <strong>Lanzarote (\u2192)<\/strong><\/a>, celebrada al petit poble d\u2019Har\u00eda, situat al nord de Lanzarote.<\/p>\n<p>Aquesta marat\u00f3 estava inclosa en el circuit de curses per muntanya <strong>Spain Ultra Cup<\/strong> <strong>M<\/strong>, de manera que <strong>Albert Pujol <\/strong>al guanyar aquesta cursa tamb\u00e9 es va proclamar campi\u00f3 2017 d\u2019aquest circuit, en el qual aquesta temporada tamb\u00e9 havia guanyat la TransGrancanaria, l&#8217;Open de la Ria\u00f1o Trail Run i la Long Trail Guara Somontano, i a m\u00e9s, va ser tercer al trail de l\u2019Ultra Sierra Nevada.<\/p>\n","protected":false},"excerpt":{"rendered":"<p>El diumenge 12 de novembre es va disputar la Marat\u00f3 del Montseny, amb sortida i arribada a Santa Maria de Palautordera. Aquesta marat\u00f3 per muntanya, de 45,5 km de recorregut i 2.752 metres de desnivell positiu, va passar pels llocs m\u00e9s emblem\u00e0tics del parc Montseny, com s\u00f3n el cim del  [&#8230;]<\/p>\n","protected":false},"author":1,"featured_media":5998,"comment_status":"closed","ping_status":"closed","sticky":false,"template":"","format":"standard","meta":{"footnotes":""},"categories":[32,3],"tags":[],"class_list":["post-5997","post","type-post","status-publish","format-standard","has-post-thumbnail","hentry","category-equip-cet-lenclusa","category-noticies"],"yoast_head":"<!-- This site is optimized with the Yoast SEO plugin v27.5 - https:\/\/yoast.com\/product\/yoast-seo-wordpress\/ -->\n<title>Curses de l\u2019octubre del CET-L\u2019Enclusa - Centre Excursionista Taradell<\/title>\n<meta name=\"robots\" content=\"index, follow, max-snippet:-1, max-image-preview:large, max-video-preview:-1\" \/>\n<link rel=\"canonical\" href=\"https:\/\/cetaradell.cat\/ce\/curses-de-loctubre-del-cet-lenclusa-2\/\" \/>\n<meta property=\"og:locale\" content=\"ca_ES\" \/>\n<meta property=\"og:type\" content=\"article\" \/>\n<meta property=\"og:title\" content=\"Curses de l\u2019octubre del CET-L\u2019Enclusa - Centre Excursionista Taradell\" \/>\n<meta property=\"og:description\" content=\"El diumenge 12 de novembre es va disputar la Marat\u00f3 del Montseny, amb sortida i arribada a Santa Maria de Palautordera. Aquesta marat\u00f3 per muntanya, de 45,5 km de recorregut i 2.752 metres de desnivell positiu, va passar pels llocs m\u00e9s emblem\u00e0tics del parc Montseny, com s\u00f3n el cim del [...]\" \/>\n<meta property=\"og:url\" content=\"https:\/\/cetaradell.cat\/ce\/curses-de-loctubre-del-cet-lenclusa-2\/\" \/>\n<meta property=\"og:site_name\" content=\"Centre Excursionista Taradell\" \/>\n<meta property=\"article:publisher\" content=\"https:\/\/www.facebook.com\/CETaradell\/\" \/>\n<meta property=\"article:published_time\" content=\"2017-11-30T22:56:03+00:00\" \/>\n<meta property=\"article:modified_time\" content=\"2020-06-21T22:48:05+00:00\" \/>\n<meta property=\"og:image\" content=\"https:\/\/cetaradell.cat\/ce\/wp-content\/uploads\/2017-11-12-Marat\u00f3_Montsenyfoto_org-1.jpeg\" \/>\n\t<meta property=\"og:image:width\" content=\"1440\" \/>\n\t<meta property=\"og:image:height\" content=\"960\" \/>\n\t<meta property=\"og:image:type\" content=\"image\/jpeg\" \/>\n<meta name=\"author\" content=\"CET\" \/>\n<meta name=\"twitter:card\" content=\"summary_large_image\" \/>\n<meta name=\"twitter:label1\" content=\"Escrit per\" \/>\n\t<meta name=\"twitter:data1\" content=\"CET\" \/>\n\t<meta name=\"twitter:label2\" content=\"Temps estimat de lectura\" \/>\n\t<meta name=\"twitter:data2\" content=\"1 minut\" \/>\n<script type=\"application\/ld+json\" class=\"yoast-schema-graph\">{\"@context\":\"https:\\\/\\\/schema.org\",\"@graph\":[{\"@type\":\"Article\",\"@id\":\"https:\\\/\\\/cetaradell.cat\\\/ce\\\/curses-de-loctubre-del-cet-lenclusa-2\\\/#article\",\"isPartOf\":{\"@id\":\"https:\\\/\\\/cetaradell.cat\\\/ce\\\/curses-de-loctubre-del-cet-lenclusa-2\\\/\"},\"author\":{\"name\":\"CET\",\"@id\":\"https:\\\/\\\/cetaradell.cat\\\/ce\\\/#\\\/schema\\\/person\\\/92a59f585073071c7be6649e84b22f78\"},\"headline\":\"Curses de l\u2019octubre del CET-L\u2019Enclusa\",\"datePublished\":\"2017-11-30T22:56:03+00:00\",\"dateModified\":\"2020-06-21T22:48:05+00:00\",\"mainEntityOfPage\":{\"@id\":\"https:\\\/\\\/cetaradell.cat\\\/ce\\\/curses-de-loctubre-del-cet-lenclusa-2\\\/\"},\"wordCount\":298,\"image\":{\"@id\":\"https:\\\/\\\/cetaradell.cat\\\/ce\\\/curses-de-loctubre-del-cet-lenclusa-2\\\/#primaryimage\"},\"thumbnailUrl\":\"https:\\\/\\\/cetaradell.cat\\\/ce\\\/wp-content\\\/uploads\\\/2017-11-12-Marat\u00f3_Montsenyfoto_org-1.jpeg\",\"articleSection\":[\"Equip CET-L'Enclusa\",\"Not\u00edcies\"],\"inLanguage\":\"ca\"},{\"@type\":\"WebPage\",\"@id\":\"https:\\\/\\\/cetaradell.cat\\\/ce\\\/curses-de-loctubre-del-cet-lenclusa-2\\\/\",\"url\":\"https:\\\/\\\/cetaradell.cat\\\/ce\\\/curses-de-loctubre-del-cet-lenclusa-2\\\/\",\"name\":\"Curses de l\u2019octubre del CET-L\u2019Enclusa - Centre Excursionista Taradell\",\"isPartOf\":{\"@id\":\"https:\\\/\\\/cetaradell.cat\\\/ce\\\/#website\"},\"primaryImageOfPage\":{\"@id\":\"https:\\\/\\\/cetaradell.cat\\\/ce\\\/curses-de-loctubre-del-cet-lenclusa-2\\\/#primaryimage\"},\"image\":{\"@id\":\"https:\\\/\\\/cetaradell.cat\\\/ce\\\/curses-de-loctubre-del-cet-lenclusa-2\\\/#primaryimage\"},\"thumbnailUrl\":\"https:\\\/\\\/cetaradell.cat\\\/ce\\\/wp-content\\\/uploads\\\/2017-11-12-Marat\u00f3_Montsenyfoto_org-1.jpeg\",\"datePublished\":\"2017-11-30T22:56:03+00:00\",\"dateModified\":\"2020-06-21T22:48:05+00:00\",\"author\":{\"@id\":\"https:\\\/\\\/cetaradell.cat\\\/ce\\\/#\\\/schema\\\/person\\\/92a59f585073071c7be6649e84b22f78\"},\"breadcrumb\":{\"@id\":\"https:\\\/\\\/cetaradell.cat\\\/ce\\\/curses-de-loctubre-del-cet-lenclusa-2\\\/#breadcrumb\"},\"inLanguage\":\"ca\",\"potentialAction\":[{\"@type\":\"ReadAction\",\"target\":[\"https:\\\/\\\/cetaradell.cat\\\/ce\\\/curses-de-loctubre-del-cet-lenclusa-2\\\/\"]}]},{\"@type\":\"ImageObject\",\"inLanguage\":\"ca\",\"@id\":\"https:\\\/\\\/cetaradell.cat\\\/ce\\\/curses-de-loctubre-del-cet-lenclusa-2\\\/#primaryimage\",\"url\":\"https:\\\/\\\/cetaradell.cat\\\/ce\\\/wp-content\\\/uploads\\\/2017-11-12-Marat\u00f3_Montsenyfoto_org-1.jpeg\",\"contentUrl\":\"https:\\\/\\\/cetaradell.cat\\\/ce\\\/wp-content\\\/uploads\\\/2017-11-12-Marat\u00f3_Montsenyfoto_org-1.jpeg\",\"width\":1440,\"height\":960},{\"@type\":\"BreadcrumbList\",\"@id\":\"https:\\\/\\\/cetaradell.cat\\\/ce\\\/curses-de-loctubre-del-cet-lenclusa-2\\\/#breadcrumb\",\"itemListElement\":[{\"@type\":\"ListItem\",\"position\":1,\"name\":\"Inici\",\"item\":\"https:\\\/\\\/cetaradell.cat\\\/ce\\\/\"},{\"@type\":\"ListItem\",\"position\":2,\"name\":\"Curses de l\u2019octubre del CET-L\u2019Enclusa\"}]},{\"@type\":\"WebSite\",\"@id\":\"https:\\\/\\\/cetaradell.cat\\\/ce\\\/#website\",\"url\":\"https:\\\/\\\/cetaradell.cat\\\/ce\\\/\",\"name\":\"Centre Excursionista Taradell\",\"description\":\"\",\"potentialAction\":[{\"@type\":\"SearchAction\",\"target\":{\"@type\":\"EntryPoint\",\"urlTemplate\":\"https:\\\/\\\/cetaradell.cat\\\/ce\\\/?s={search_term_string}\"},\"query-input\":{\"@type\":\"PropertyValueSpecification\",\"valueRequired\":true,\"valueName\":\"search_term_string\"}}],\"inLanguage\":\"ca\"},{\"@type\":\"Person\",\"@id\":\"https:\\\/\\\/cetaradell.cat\\\/ce\\\/#\\\/schema\\\/person\\\/92a59f585073071c7be6649e84b22f78\",\"name\":\"CET\",\"image\":{\"@type\":\"ImageObject\",\"inLanguage\":\"ca\",\"@id\":\"https:\\\/\\\/secure.gravatar.com\\\/avatar\\\/d6fbe010d42056feccc0f613ed07277a5118442805079269f12dabdc42e1a727?s=96&d=mm&r=g\",\"url\":\"https:\\\/\\\/secure.gravatar.com\\\/avatar\\\/d6fbe010d42056feccc0f613ed07277a5118442805079269f12dabdc42e1a727?s=96&d=mm&r=g\",\"contentUrl\":\"https:\\\/\\\/secure.gravatar.com\\\/avatar\\\/d6fbe010d42056feccc0f613ed07277a5118442805079269f12dabdc42e1a727?s=96&d=mm&r=g\",\"caption\":\"CET\"},\"url\":\"https:\\\/\\\/cetaradell.cat\\\/ce\\\/author\\\/root\\\/\"}]}<\/script>\n<!-- \/ Yoast SEO plugin. -->","yoast_head_json":{"title":"Curses de l\u2019octubre del CET-L\u2019Enclusa - Centre Excursionista Taradell","robots":{"index":"index","follow":"follow","max-snippet":"max-snippet:-1","max-image-preview":"max-image-preview:large","max-video-preview":"max-video-preview:-1"},"canonical":"https:\/\/cetaradell.cat\/ce\/curses-de-loctubre-del-cet-lenclusa-2\/","og_locale":"ca_ES","og_type":"article","og_title":"Curses de l\u2019octubre del CET-L\u2019Enclusa - Centre Excursionista Taradell","og_description":"El diumenge 12 de novembre es va disputar la Marat\u00f3 del Montseny, amb sortida i arribada a Santa Maria de Palautordera. Aquesta marat\u00f3 per muntanya, de 45,5 km de recorregut i 2.752 metres de desnivell positiu, va passar pels llocs m\u00e9s emblem\u00e0tics del parc Montseny, com s\u00f3n el cim del [...]","og_url":"https:\/\/cetaradell.cat\/ce\/curses-de-loctubre-del-cet-lenclusa-2\/","og_site_name":"Centre Excursionista Taradell","article_publisher":"https:\/\/www.facebook.com\/CETaradell\/","article_published_time":"2017-11-30T22:56:03+00:00","article_modified_time":"2020-06-21T22:48:05+00:00","og_image":[{"width":1440,"height":960,"url":"https:\/\/cetaradell.cat\/ce\/wp-content\/uploads\/2017-11-12-Marat\u00f3_Montsenyfoto_org-1.jpeg","type":"image\/jpeg"}],"author":"CET","twitter_card":"summary_large_image","twitter_misc":{"Escrit per":"CET","Temps estimat de lectura":"1 minut"},"schema":{"@context":"https:\/\/schema.org","@graph":[{"@type":"Article","@id":"https:\/\/cetaradell.cat\/ce\/curses-de-loctubre-del-cet-lenclusa-2\/#article","isPartOf":{"@id":"https:\/\/cetaradell.cat\/ce\/curses-de-loctubre-del-cet-lenclusa-2\/"},"author":{"name":"CET","@id":"https:\/\/cetaradell.cat\/ce\/#\/schema\/person\/92a59f585073071c7be6649e84b22f78"},"headline":"Curses de l\u2019octubre del CET-L\u2019Enclusa","datePublished":"2017-11-30T22:56:03+00:00","dateModified":"2020-06-21T22:48:05+00:00","mainEntityOfPage":{"@id":"https:\/\/cetaradell.cat\/ce\/curses-de-loctubre-del-cet-lenclusa-2\/"},"wordCount":298,"image":{"@id":"https:\/\/cetaradell.cat\/ce\/curses-de-loctubre-del-cet-lenclusa-2\/#primaryimage"},"thumbnailUrl":"https:\/\/cetaradell.cat\/ce\/wp-content\/uploads\/2017-11-12-Marat\u00f3_Montsenyfoto_org-1.jpeg","articleSection":["Equip CET-L'Enclusa","Not\u00edcies"],"inLanguage":"ca"},{"@type":"WebPage","@id":"https:\/\/cetaradell.cat\/ce\/curses-de-loctubre-del-cet-lenclusa-2\/","url":"https:\/\/cetaradell.cat\/ce\/curses-de-loctubre-del-cet-lenclusa-2\/","name":"Curses de l\u2019octubre del CET-L\u2019Enclusa - Centre Excursionista Taradell","isPartOf":{"@id":"https:\/\/cetaradell.cat\/ce\/#website"},"primaryImageOfPage":{"@id":"https:\/\/cetaradell.cat\/ce\/curses-de-loctubre-del-cet-lenclusa-2\/#primaryimage"},"image":{"@id":"https:\/\/cetaradell.cat\/ce\/curses-de-loctubre-del-cet-lenclusa-2\/#primaryimage"},"thumbnailUrl":"https:\/\/cetaradell.cat\/ce\/wp-content\/uploads\/2017-11-12-Marat\u00f3_Montsenyfoto_org-1.jpeg","datePublished":"2017-11-30T22:56:03+00:00","dateModified":"2020-06-21T22:48:05+00:00","author":{"@id":"https:\/\/cetaradell.cat\/ce\/#\/schema\/person\/92a59f585073071c7be6649e84b22f78"},"breadcrumb":{"@id":"https:\/\/cetaradell.cat\/ce\/curses-de-loctubre-del-cet-lenclusa-2\/#breadcrumb"},"inLanguage":"ca","potentialAction":[{"@type":"ReadAction","target":["https:\/\/cetaradell.cat\/ce\/curses-de-loctubre-del-cet-lenclusa-2\/"]}]},{"@type":"ImageObject","inLanguage":"ca","@id":"https:\/\/cetaradell.cat\/ce\/curses-de-loctubre-del-cet-lenclusa-2\/#primaryimage","url":"https:\/\/cetaradell.cat\/ce\/wp-content\/uploads\/2017-11-12-Marat\u00f3_Montsenyfoto_org-1.jpeg","contentUrl":"https:\/\/cetaradell.cat\/ce\/wp-content\/uploads\/2017-11-12-Marat\u00f3_Montsenyfoto_org-1.jpeg","width":1440,"height":960},{"@type":"BreadcrumbList","@id":"https:\/\/cetaradell.cat\/ce\/curses-de-loctubre-del-cet-lenclusa-2\/#breadcrumb","itemListElement":[{"@type":"ListItem","position":1,"name":"Inici","item":"https:\/\/cetaradell.cat\/ce\/"},{"@type":"ListItem","position":2,"name":"Curses de l\u2019octubre del CET-L\u2019Enclusa"}]},{"@type":"WebSite","@id":"https:\/\/cetaradell.cat\/ce\/#website","url":"https:\/\/cetaradell.cat\/ce\/","name":"Centre Excursionista Taradell","description":"","potentialAction":[{"@type":"SearchAction","target":{"@type":"EntryPoint","urlTemplate":"https:\/\/cetaradell.cat\/ce\/?s={search_term_string}"},"query-input":{"@type":"PropertyValueSpecification","valueRequired":true,"valueName":"search_term_string"}}],"inLanguage":"ca"},{"@type":"Person","@id":"https:\/\/cetaradell.cat\/ce\/#\/schema\/person\/92a59f585073071c7be6649e84b22f78","name":"CET","image":{"@type":"ImageObject","inLanguage":"ca","@id":"https:\/\/secure.gravatar.com\/avatar\/d6fbe010d42056feccc0f613ed07277a5118442805079269f12dabdc42e1a727?s=96&d=mm&r=g","url":"https:\/\/secure.gravatar.com\/avatar\/d6fbe010d42056feccc0f613ed07277a5118442805079269f12dabdc42e1a727?s=96&d=mm&r=g","contentUrl":"https:\/\/secure.gravatar.com\/avatar\/d6fbe010d42056feccc0f613ed07277a5118442805079269f12dabdc42e1a727?s=96&d=mm&r=g","caption":"CET"},"url":"https:\/\/cetaradell.cat\/ce\/author\/root\/"}]}},"_links":{"self":[{"href":"https:\/\/cetaradell.cat\/ce\/wp-json\/wp\/v2\/posts\/5997","targetHints":{"allow":["GET"]}}],"collection":[{"href":"https:\/\/cetaradell.cat\/ce\/wp-json\/wp\/v2\/posts"}],"about":[{"href":"https:\/\/cetaradell.cat\/ce\/wp-json\/wp\/v2\/types\/post"}],"author":[{"embeddable":true,"href":"https:\/\/cetaradell.cat\/ce\/wp-json\/wp\/v2\/users\/1"}],"replies":[{"embeddable":true,"href":"https:\/\/cetaradell.cat\/ce\/wp-json\/wp\/v2\/comments?post=5997"}],"version-history":[{"count":0,"href":"https:\/\/cetaradell.cat\/ce\/wp-json\/wp\/v2\/posts\/5997\/revisions"}],"wp:featuredmedia":[{"embeddable":true,"href":"https:\/\/cetaradell.cat\/ce\/wp-json\/wp\/v2\/media\/5998"}],"wp:attachment":[{"href":"https:\/\/cetaradell.cat\/ce\/wp-json\/wp\/v2\/media?parent=5997"}],"wp:term":[{"taxonomy":"category","embeddable":true,"href":"https:\/\/cetaradell.cat\/ce\/wp-json\/wp\/v2\/categories?post=5997"},{"taxonomy":"post_tag","embeddable":true,"href":"https:\/\/cetaradell.cat\/ce\/wp-json\/wp\/v2\/tags?post=5997"}],"curies":[{"name":"wp","href":"https:\/\/api.w.org\/{rel}","templated":true}]}}