{"id":6017,"date":"2017-12-04T23:55:49","date_gmt":"2017-12-04T22:55:49","guid":{"rendered":"https:\/\/cetaradell.cat\/ce\/?p=6017"},"modified":"2020-06-22T00:15:07","modified_gmt":"2020-06-21T23:15:07","slug":"els-germans-freixas-campions-de-la-lliga-nord-dorientacio-2017","status":"publish","type":"post","link":"https:\/\/cetaradell.cat\/ce\/els-germans-freixas-campions-de-la-lliga-nord-dorientacio-2017\/","title":{"rendered":"Els germans Freixas campions de la Lliga Nord d\u2019Orientaci\u00f3 2017"},"content":{"rendered":"<div id=\"attachment_6020\" style=\"width: 310px\" class=\"wp-caption alignleft\"><a href=\"https:\/\/cetaradell.cat\/ce\/wp-content\/uploads\/2017-12-03-SantMart\u00edCentelles-Aiguafreda.jpeg\" target=\"_blank\" rel=\"attachment noopener wp-att-6020 noreferrer\"><img decoding=\"async\" aria-describedby=\"caption-attachment-6020\" class=\"wp-image-6020 size-medium\" src=\"https:\/\/cetaradell.cat\/ce\/wp-content\/uploads\/2017-12-03-SantMart\u00edCentelles-Aiguafreda-300x225.jpeg\" alt=\"2017-12-03-SantMart\u00edCentelles-Aiguafreda\" width=\"300\" height=\"225\" srcset=\"https:\/\/cetaradell.cat\/ce\/wp-content\/uploads\/2017-12-03-SantMart\u00edCentelles-Aiguafreda-300x225.jpeg 300w, https:\/\/cetaradell.cat\/ce\/wp-content\/uploads\/2017-12-03-SantMart\u00edCentelles-Aiguafreda-500x375.jpeg 500w, https:\/\/cetaradell.cat\/ce\/wp-content\/uploads\/2017-12-03-SantMart\u00edCentelles-Aiguafreda-700x525.jpeg 700w, https:\/\/cetaradell.cat\/ce\/wp-content\/uploads\/2017-12-03-SantMart\u00edCentelles-Aiguafreda-768x576.jpeg 768w, https:\/\/cetaradell.cat\/ce\/wp-content\/uploads\/2017-12-03-SantMart\u00edCentelles-Aiguafreda-1024x768.jpeg 1024w, https:\/\/cetaradell.cat\/ce\/wp-content\/uploads\/2017-12-03-SantMart\u00edCentelles-Aiguafreda.jpeg 1202w\" sizes=\"(max-width: 300px) 100vw, 300px\" \/><\/a><p id=\"caption-attachment-6020\" class=\"wp-caption-text\">Meritxell Freixas 2a classificada de la categoria C1-dones a la Cursa de Sant Mart\u00ed &#8211; Aiguafreda<\/p><\/div>\n<p>El diumenge 3 de desembre es va celebrar la <strong>10a Cursa d\u2019Orientaci\u00f3 de Sant Mart\u00ed de Centelles<\/strong> i <strong>4a d\u2019Aiguafreda<\/strong> la qual va tancar la <strong>Lliga Nord de Curses d\u2019Orientaci\u00f3 2017<\/strong>.<\/p>\n<p>En la categoria C2 d&#8217;aquesta lliga tres socis del Centre Excursionista Taradell van fer podi: en la categoria C2-Homes <strong>Josep Maria Freixas<\/strong> es va classificar en <strong>primer lloc<\/strong> i <strong>Marc Ballabriga<\/strong> va ser el <strong>segon<\/strong>. En la categoria C2-Dones <strong>Meritxell Freixas<\/strong> va ser la <strong>guanyadora<\/strong>. Per altra banda, <strong>Llu\u00eds Saborit<\/strong> es va classificar en 6\u00e8 lloc de la categoria C2-Homes.<\/p>\n<p>En la cursa de <strong>Sant Mart\u00ed de Centelles \u2013 Aiguafreda<\/strong>, els germans Meritxell i Josep Maria Freixas van debutar a la categoria C1 (circuit llarg) amb molt bons resultats. <strong>Meritxell Freixas<\/strong> es va classificar en <strong>2n lloc<\/strong> del podi femen\u00ed i <strong>Josep Maria Freixas<\/strong> va ser el 9\u00e8 de la categoria masculina. Tamb\u00e9 van participar en aquesta cursa <strong>Marc Ballabriga<\/strong> i <strong>Llu\u00eds Saborit<\/strong> en la categoria C2-Homes que es van classificar en 5\u00e8 i 19\u00e8 lloc respectivament, i en la categoria C3 hi van prendre part els taradellencs <strong>Merc\u00e8 Nogu\u00e9<\/strong> i <strong>Eduard Freixas<\/strong> que es van classificar en 11\u00e8 lloc.<\/p>\n<div id=\"attachment_6019\" style=\"width: 310px\" class=\"wp-caption aligncenter\"><a href=\"https:\/\/cetaradell.cat\/ce\/wp-content\/uploads\/2017-12-03-SantMart\u00edCentelles-Aiguafreda1.jpeg\" target=\"_blank\" rel=\"attachment noopener wp-att-6019 noreferrer\"><img decoding=\"async\" aria-describedby=\"caption-attachment-6019\" class=\"wp-image-6019 size-medium\" src=\"https:\/\/cetaradell.cat\/ce\/wp-content\/uploads\/2017-12-03-SantMart\u00edCentelles-Aiguafreda1-300x225.jpeg\" alt=\"2017-12-03-SantMart\u00edCentelles-Aiguafreda(1)\" width=\"300\" height=\"225\" srcset=\"https:\/\/cetaradell.cat\/ce\/wp-content\/uploads\/2017-12-03-SantMart\u00edCentelles-Aiguafreda1-300x225.jpeg 300w, https:\/\/cetaradell.cat\/ce\/wp-content\/uploads\/2017-12-03-SantMart\u00edCentelles-Aiguafreda1-500x375.jpeg 500w, https:\/\/cetaradell.cat\/ce\/wp-content\/uploads\/2017-12-03-SantMart\u00edCentelles-Aiguafreda1-700x525.jpeg 700w, https:\/\/cetaradell.cat\/ce\/wp-content\/uploads\/2017-12-03-SantMart\u00edCentelles-Aiguafreda1-768x576.jpeg 768w, https:\/\/cetaradell.cat\/ce\/wp-content\/uploads\/2017-12-03-SantMart\u00edCentelles-Aiguafreda1-1024x768.jpeg 1024w, https:\/\/cetaradell.cat\/ce\/wp-content\/uploads\/2017-12-03-SantMart\u00edCentelles-Aiguafreda1.jpeg 1102w\" sizes=\"(max-width: 300px) 100vw, 300px\" \/><\/a><p id=\"caption-attachment-6019\" class=\"wp-caption-text\">Participants del CET a la cursa de Sant Mart\u00ed de Centelles \u2013 Aiguafreda<\/p><\/div>\n<div id=\"attachment_6018\" style=\"width: 310px\" class=\"wp-caption alignleft\"><a href=\"https:\/\/cetaradell.cat\/ce\/wp-content\/uploads\/2017-12-02-RogaineSerraladaLitoral-3.jpeg\" target=\"_blank\" rel=\"attachment noopener wp-att-6018 noreferrer\"><img decoding=\"async\" aria-describedby=\"caption-attachment-6018\" class=\"wp-image-6018 size-medium\" src=\"https:\/\/cetaradell.cat\/ce\/wp-content\/uploads\/2017-12-02-RogaineSerraladaLitoral-3-300x225.jpeg\" alt=\"2017-12-02-RogaineSerraladaLitoral (3)\" width=\"300\" height=\"225\" srcset=\"https:\/\/cetaradell.cat\/ce\/wp-content\/uploads\/2017-12-02-RogaineSerraladaLitoral-3-300x225.jpeg 300w, https:\/\/cetaradell.cat\/ce\/wp-content\/uploads\/2017-12-02-RogaineSerraladaLitoral-3-500x375.jpeg 500w, https:\/\/cetaradell.cat\/ce\/wp-content\/uploads\/2017-12-02-RogaineSerraladaLitoral-3-700x525.jpeg 700w, https:\/\/cetaradell.cat\/ce\/wp-content\/uploads\/2017-12-02-RogaineSerraladaLitoral-3-768x576.jpeg 768w, https:\/\/cetaradell.cat\/ce\/wp-content\/uploads\/2017-12-02-RogaineSerraladaLitoral-3-1024x768.jpeg 1024w, https:\/\/cetaradell.cat\/ce\/wp-content\/uploads\/2017-12-02-RogaineSerraladaLitoral-3.jpeg 1600w\" sizes=\"(max-width: 300px) 100vw, 300px\" \/><\/a><p id=\"caption-attachment-6018\" class=\"wp-caption-text\">Meritxell Freixas i Marc Ballabriga, 1r equip mixt a la cursa de 3 hores del Rogaine de la Serralada Litoral<\/p><\/div>\n<p>Els orientadors del CET L\u2019Enclusa-O no paren d\u2019aconseguir \u00e8xits i el dia abans, dissabte 2 de desembre, <strong>Marc Ballabriga<\/strong> i <strong>Meritxell Freixas <\/strong>es van classificar en <strong>primer lloc<\/strong> dels equips mixtes a la prova de 3 hores al <strong>VII Rogaine Serralada Litoral &#8211; III Memorial I\u00f1aki P\u00e9rez <\/strong>celebrat a \u00d2rrius.<\/p>\n","protected":false},"excerpt":{"rendered":"<p>El diumenge 3 de desembre es va celebrar la 10a Cursa d\u2019Orientaci\u00f3 de Sant Mart\u00ed de Centelles i 4a d\u2019Aiguafreda la qual va tancar la Lliga Nord de Curses d\u2019Orientaci\u00f3 2017. En la categoria C2 d&#8217;aquesta lliga tres socis del Centre Excursionista Taradell van fer podi: en la categoria C2-Homes  [&#8230;]<\/p>\n","protected":false},"author":1,"featured_media":6020,"comment_status":"closed","ping_status":"closed","sticky":false,"template":"","format":"standard","meta":{"footnotes":""},"categories":[46,3],"tags":[],"class_list":["post-6017","post","type-post","status-publish","format-standard","has-post-thumbnail","hentry","category-equip-cet-lenclusa-o","category-noticies"],"yoast_head":"<!-- This site is optimized with the Yoast SEO plugin v27.5 - https:\/\/yoast.com\/product\/yoast-seo-wordpress\/ -->\n<title>Els germans Freixas campions de la Lliga Nord d\u2019Orientaci\u00f3 2017 - Centre Excursionista Taradell<\/title>\n<meta name=\"robots\" content=\"index, follow, max-snippet:-1, max-image-preview:large, max-video-preview:-1\" \/>\n<link rel=\"canonical\" href=\"https:\/\/cetaradell.cat\/ce\/els-germans-freixas-campions-de-la-lliga-nord-dorientacio-2017\/\" \/>\n<meta property=\"og:locale\" content=\"ca_ES\" \/>\n<meta property=\"og:type\" content=\"article\" \/>\n<meta property=\"og:title\" content=\"Els germans Freixas campions de la Lliga Nord d\u2019Orientaci\u00f3 2017 - Centre Excursionista Taradell\" \/>\n<meta property=\"og:description\" content=\"El diumenge 3 de desembre es va celebrar la 10a Cursa d\u2019Orientaci\u00f3 de Sant Mart\u00ed de Centelles i 4a d\u2019Aiguafreda la qual va tancar la Lliga Nord de Curses d\u2019Orientaci\u00f3 2017. En la categoria C2 d&#8217;aquesta lliga tres socis del Centre Excursionista Taradell van fer podi: en la categoria C2-Homes [...]\" \/>\n<meta property=\"og:url\" content=\"https:\/\/cetaradell.cat\/ce\/els-germans-freixas-campions-de-la-lliga-nord-dorientacio-2017\/\" \/>\n<meta property=\"og:site_name\" content=\"Centre Excursionista Taradell\" \/>\n<meta property=\"article:publisher\" content=\"https:\/\/www.facebook.com\/CETaradell\/\" \/>\n<meta property=\"article:published_time\" content=\"2017-12-04T22:55:49+00:00\" \/>\n<meta property=\"article:modified_time\" content=\"2020-06-21T23:15:07+00:00\" \/>\n<meta property=\"og:image\" content=\"https:\/\/cetaradell.cat\/ce\/wp-content\/uploads\/2017-12-03-SantMart\u00edCentelles-Aiguafreda.jpeg\" \/>\n\t<meta property=\"og:image:width\" content=\"1202\" \/>\n\t<meta property=\"og:image:height\" content=\"902\" \/>\n\t<meta property=\"og:image:type\" content=\"image\/jpeg\" \/>\n<meta name=\"author\" content=\"CET\" \/>\n<meta name=\"twitter:card\" content=\"summary_large_image\" \/>\n<meta name=\"twitter:label1\" content=\"Escrit per\" \/>\n\t<meta name=\"twitter:data1\" content=\"CET\" \/>\n\t<meta name=\"twitter:label2\" content=\"Temps estimat de lectura\" \/>\n\t<meta name=\"twitter:data2\" content=\"2 minuts\" \/>\n<script type=\"application\/ld+json\" class=\"yoast-schema-graph\">{\"@context\":\"https:\\\/\\\/schema.org\",\"@graph\":[{\"@type\":\"Article\",\"@id\":\"https:\\\/\\\/cetaradell.cat\\\/ce\\\/els-germans-freixas-campions-de-la-lliga-nord-dorientacio-2017\\\/#article\",\"isPartOf\":{\"@id\":\"https:\\\/\\\/cetaradell.cat\\\/ce\\\/els-germans-freixas-campions-de-la-lliga-nord-dorientacio-2017\\\/\"},\"author\":{\"name\":\"CET\",\"@id\":\"https:\\\/\\\/cetaradell.cat\\\/ce\\\/#\\\/schema\\\/person\\\/92a59f585073071c7be6649e84b22f78\"},\"headline\":\"Els germans Freixas campions de la Lliga Nord d\u2019Orientaci\u00f3 2017\",\"datePublished\":\"2017-12-04T22:55:49+00:00\",\"dateModified\":\"2020-06-21T23:15:07+00:00\",\"mainEntityOfPage\":{\"@id\":\"https:\\\/\\\/cetaradell.cat\\\/ce\\\/els-germans-freixas-campions-de-la-lliga-nord-dorientacio-2017\\\/\"},\"wordCount\":324,\"image\":{\"@id\":\"https:\\\/\\\/cetaradell.cat\\\/ce\\\/els-germans-freixas-campions-de-la-lliga-nord-dorientacio-2017\\\/#primaryimage\"},\"thumbnailUrl\":\"https:\\\/\\\/cetaradell.cat\\\/ce\\\/wp-content\\\/uploads\\\/2017-12-03-SantMart\u00edCentelles-Aiguafreda.jpeg\",\"articleSection\":[\"Equip CET L'Enclusa-O\",\"Not\u00edcies\"],\"inLanguage\":\"ca\"},{\"@type\":\"WebPage\",\"@id\":\"https:\\\/\\\/cetaradell.cat\\\/ce\\\/els-germans-freixas-campions-de-la-lliga-nord-dorientacio-2017\\\/\",\"url\":\"https:\\\/\\\/cetaradell.cat\\\/ce\\\/els-germans-freixas-campions-de-la-lliga-nord-dorientacio-2017\\\/\",\"name\":\"Els germans Freixas campions de la Lliga Nord d\u2019Orientaci\u00f3 2017 - Centre Excursionista Taradell\",\"isPartOf\":{\"@id\":\"https:\\\/\\\/cetaradell.cat\\\/ce\\\/#website\"},\"primaryImageOfPage\":{\"@id\":\"https:\\\/\\\/cetaradell.cat\\\/ce\\\/els-germans-freixas-campions-de-la-lliga-nord-dorientacio-2017\\\/#primaryimage\"},\"image\":{\"@id\":\"https:\\\/\\\/cetaradell.cat\\\/ce\\\/els-germans-freixas-campions-de-la-lliga-nord-dorientacio-2017\\\/#primaryimage\"},\"thumbnailUrl\":\"https:\\\/\\\/cetaradell.cat\\\/ce\\\/wp-content\\\/uploads\\\/2017-12-03-SantMart\u00edCentelles-Aiguafreda.jpeg\",\"datePublished\":\"2017-12-04T22:55:49+00:00\",\"dateModified\":\"2020-06-21T23:15:07+00:00\",\"author\":{\"@id\":\"https:\\\/\\\/cetaradell.cat\\\/ce\\\/#\\\/schema\\\/person\\\/92a59f585073071c7be6649e84b22f78\"},\"breadcrumb\":{\"@id\":\"https:\\\/\\\/cetaradell.cat\\\/ce\\\/els-germans-freixas-campions-de-la-lliga-nord-dorientacio-2017\\\/#breadcrumb\"},\"inLanguage\":\"ca\",\"potentialAction\":[{\"@type\":\"ReadAction\",\"target\":[\"https:\\\/\\\/cetaradell.cat\\\/ce\\\/els-germans-freixas-campions-de-la-lliga-nord-dorientacio-2017\\\/\"]}]},{\"@type\":\"ImageObject\",\"inLanguage\":\"ca\",\"@id\":\"https:\\\/\\\/cetaradell.cat\\\/ce\\\/els-germans-freixas-campions-de-la-lliga-nord-dorientacio-2017\\\/#primaryimage\",\"url\":\"https:\\\/\\\/cetaradell.cat\\\/ce\\\/wp-content\\\/uploads\\\/2017-12-03-SantMart\u00edCentelles-Aiguafreda.jpeg\",\"contentUrl\":\"https:\\\/\\\/cetaradell.cat\\\/ce\\\/wp-content\\\/uploads\\\/2017-12-03-SantMart\u00edCentelles-Aiguafreda.jpeg\",\"width\":1202,\"height\":902},{\"@type\":\"BreadcrumbList\",\"@id\":\"https:\\\/\\\/cetaradell.cat\\\/ce\\\/els-germans-freixas-campions-de-la-lliga-nord-dorientacio-2017\\\/#breadcrumb\",\"itemListElement\":[{\"@type\":\"ListItem\",\"position\":1,\"name\":\"Inici\",\"item\":\"https:\\\/\\\/cetaradell.cat\\\/ce\\\/\"},{\"@type\":\"ListItem\",\"position\":2,\"name\":\"Els germans Freixas campions de la Lliga Nord d\u2019Orientaci\u00f3 2017\"}]},{\"@type\":\"WebSite\",\"@id\":\"https:\\\/\\\/cetaradell.cat\\\/ce\\\/#website\",\"url\":\"https:\\\/\\\/cetaradell.cat\\\/ce\\\/\",\"name\":\"Centre Excursionista Taradell\",\"description\":\"\",\"potentialAction\":[{\"@type\":\"SearchAction\",\"target\":{\"@type\":\"EntryPoint\",\"urlTemplate\":\"https:\\\/\\\/cetaradell.cat\\\/ce\\\/?s={search_term_string}\"},\"query-input\":{\"@type\":\"PropertyValueSpecification\",\"valueRequired\":true,\"valueName\":\"search_term_string\"}}],\"inLanguage\":\"ca\"},{\"@type\":\"Person\",\"@id\":\"https:\\\/\\\/cetaradell.cat\\\/ce\\\/#\\\/schema\\\/person\\\/92a59f585073071c7be6649e84b22f78\",\"name\":\"CET\",\"image\":{\"@type\":\"ImageObject\",\"inLanguage\":\"ca\",\"@id\":\"https:\\\/\\\/secure.gravatar.com\\\/avatar\\\/d6fbe010d42056feccc0f613ed07277a5118442805079269f12dabdc42e1a727?s=96&d=mm&r=g\",\"url\":\"https:\\\/\\\/secure.gravatar.com\\\/avatar\\\/d6fbe010d42056feccc0f613ed07277a5118442805079269f12dabdc42e1a727?s=96&d=mm&r=g\",\"contentUrl\":\"https:\\\/\\\/secure.gravatar.com\\\/avatar\\\/d6fbe010d42056feccc0f613ed07277a5118442805079269f12dabdc42e1a727?s=96&d=mm&r=g\",\"caption\":\"CET\"},\"url\":\"https:\\\/\\\/cetaradell.cat\\\/ce\\\/author\\\/root\\\/\"}]}<\/script>\n<!-- \/ Yoast SEO plugin. -->","yoast_head_json":{"title":"Els germans Freixas campions de la Lliga Nord d\u2019Orientaci\u00f3 2017 - Centre Excursionista Taradell","robots":{"index":"index","follow":"follow","max-snippet":"max-snippet:-1","max-image-preview":"max-image-preview:large","max-video-preview":"max-video-preview:-1"},"canonical":"https:\/\/cetaradell.cat\/ce\/els-germans-freixas-campions-de-la-lliga-nord-dorientacio-2017\/","og_locale":"ca_ES","og_type":"article","og_title":"Els germans Freixas campions de la Lliga Nord d\u2019Orientaci\u00f3 2017 - Centre Excursionista Taradell","og_description":"El diumenge 3 de desembre es va celebrar la 10a Cursa d\u2019Orientaci\u00f3 de Sant Mart\u00ed de Centelles i 4a d\u2019Aiguafreda la qual va tancar la Lliga Nord de Curses d\u2019Orientaci\u00f3 2017. En la categoria C2 d&#8217;aquesta lliga tres socis del Centre Excursionista Taradell van fer podi: en la categoria C2-Homes [...]","og_url":"https:\/\/cetaradell.cat\/ce\/els-germans-freixas-campions-de-la-lliga-nord-dorientacio-2017\/","og_site_name":"Centre Excursionista Taradell","article_publisher":"https:\/\/www.facebook.com\/CETaradell\/","article_published_time":"2017-12-04T22:55:49+00:00","article_modified_time":"2020-06-21T23:15:07+00:00","og_image":[{"width":1202,"height":902,"url":"https:\/\/cetaradell.cat\/ce\/wp-content\/uploads\/2017-12-03-SantMart\u00edCentelles-Aiguafreda.jpeg","type":"image\/jpeg"}],"author":"CET","twitter_card":"summary_large_image","twitter_misc":{"Escrit per":"CET","Temps estimat de lectura":"2 minuts"},"schema":{"@context":"https:\/\/schema.org","@graph":[{"@type":"Article","@id":"https:\/\/cetaradell.cat\/ce\/els-germans-freixas-campions-de-la-lliga-nord-dorientacio-2017\/#article","isPartOf":{"@id":"https:\/\/cetaradell.cat\/ce\/els-germans-freixas-campions-de-la-lliga-nord-dorientacio-2017\/"},"author":{"name":"CET","@id":"https:\/\/cetaradell.cat\/ce\/#\/schema\/person\/92a59f585073071c7be6649e84b22f78"},"headline":"Els germans Freixas campions de la Lliga Nord d\u2019Orientaci\u00f3 2017","datePublished":"2017-12-04T22:55:49+00:00","dateModified":"2020-06-21T23:15:07+00:00","mainEntityOfPage":{"@id":"https:\/\/cetaradell.cat\/ce\/els-germans-freixas-campions-de-la-lliga-nord-dorientacio-2017\/"},"wordCount":324,"image":{"@id":"https:\/\/cetaradell.cat\/ce\/els-germans-freixas-campions-de-la-lliga-nord-dorientacio-2017\/#primaryimage"},"thumbnailUrl":"https:\/\/cetaradell.cat\/ce\/wp-content\/uploads\/2017-12-03-SantMart\u00edCentelles-Aiguafreda.jpeg","articleSection":["Equip CET L'Enclusa-O","Not\u00edcies"],"inLanguage":"ca"},{"@type":"WebPage","@id":"https:\/\/cetaradell.cat\/ce\/els-germans-freixas-campions-de-la-lliga-nord-dorientacio-2017\/","url":"https:\/\/cetaradell.cat\/ce\/els-germans-freixas-campions-de-la-lliga-nord-dorientacio-2017\/","name":"Els germans Freixas campions de la Lliga Nord d\u2019Orientaci\u00f3 2017 - Centre Excursionista Taradell","isPartOf":{"@id":"https:\/\/cetaradell.cat\/ce\/#website"},"primaryImageOfPage":{"@id":"https:\/\/cetaradell.cat\/ce\/els-germans-freixas-campions-de-la-lliga-nord-dorientacio-2017\/#primaryimage"},"image":{"@id":"https:\/\/cetaradell.cat\/ce\/els-germans-freixas-campions-de-la-lliga-nord-dorientacio-2017\/#primaryimage"},"thumbnailUrl":"https:\/\/cetaradell.cat\/ce\/wp-content\/uploads\/2017-12-03-SantMart\u00edCentelles-Aiguafreda.jpeg","datePublished":"2017-12-04T22:55:49+00:00","dateModified":"2020-06-21T23:15:07+00:00","author":{"@id":"https:\/\/cetaradell.cat\/ce\/#\/schema\/person\/92a59f585073071c7be6649e84b22f78"},"breadcrumb":{"@id":"https:\/\/cetaradell.cat\/ce\/els-germans-freixas-campions-de-la-lliga-nord-dorientacio-2017\/#breadcrumb"},"inLanguage":"ca","potentialAction":[{"@type":"ReadAction","target":["https:\/\/cetaradell.cat\/ce\/els-germans-freixas-campions-de-la-lliga-nord-dorientacio-2017\/"]}]},{"@type":"ImageObject","inLanguage":"ca","@id":"https:\/\/cetaradell.cat\/ce\/els-germans-freixas-campions-de-la-lliga-nord-dorientacio-2017\/#primaryimage","url":"https:\/\/cetaradell.cat\/ce\/wp-content\/uploads\/2017-12-03-SantMart\u00edCentelles-Aiguafreda.jpeg","contentUrl":"https:\/\/cetaradell.cat\/ce\/wp-content\/uploads\/2017-12-03-SantMart\u00edCentelles-Aiguafreda.jpeg","width":1202,"height":902},{"@type":"BreadcrumbList","@id":"https:\/\/cetaradell.cat\/ce\/els-germans-freixas-campions-de-la-lliga-nord-dorientacio-2017\/#breadcrumb","itemListElement":[{"@type":"ListItem","position":1,"name":"Inici","item":"https:\/\/cetaradell.cat\/ce\/"},{"@type":"ListItem","position":2,"name":"Els germans Freixas campions de la Lliga Nord d\u2019Orientaci\u00f3 2017"}]},{"@type":"WebSite","@id":"https:\/\/cetaradell.cat\/ce\/#website","url":"https:\/\/cetaradell.cat\/ce\/","name":"Centre Excursionista Taradell","description":"","potentialAction":[{"@type":"SearchAction","target":{"@type":"EntryPoint","urlTemplate":"https:\/\/cetaradell.cat\/ce\/?s={search_term_string}"},"query-input":{"@type":"PropertyValueSpecification","valueRequired":true,"valueName":"search_term_string"}}],"inLanguage":"ca"},{"@type":"Person","@id":"https:\/\/cetaradell.cat\/ce\/#\/schema\/person\/92a59f585073071c7be6649e84b22f78","name":"CET","image":{"@type":"ImageObject","inLanguage":"ca","@id":"https:\/\/secure.gravatar.com\/avatar\/d6fbe010d42056feccc0f613ed07277a5118442805079269f12dabdc42e1a727?s=96&d=mm&r=g","url":"https:\/\/secure.gravatar.com\/avatar\/d6fbe010d42056feccc0f613ed07277a5118442805079269f12dabdc42e1a727?s=96&d=mm&r=g","contentUrl":"https:\/\/secure.gravatar.com\/avatar\/d6fbe010d42056feccc0f613ed07277a5118442805079269f12dabdc42e1a727?s=96&d=mm&r=g","caption":"CET"},"url":"https:\/\/cetaradell.cat\/ce\/author\/root\/"}]}},"_links":{"self":[{"href":"https:\/\/cetaradell.cat\/ce\/wp-json\/wp\/v2\/posts\/6017","targetHints":{"allow":["GET"]}}],"collection":[{"href":"https:\/\/cetaradell.cat\/ce\/wp-json\/wp\/v2\/posts"}],"about":[{"href":"https:\/\/cetaradell.cat\/ce\/wp-json\/wp\/v2\/types\/post"}],"author":[{"embeddable":true,"href":"https:\/\/cetaradell.cat\/ce\/wp-json\/wp\/v2\/users\/1"}],"replies":[{"embeddable":true,"href":"https:\/\/cetaradell.cat\/ce\/wp-json\/wp\/v2\/comments?post=6017"}],"version-history":[{"count":0,"href":"https:\/\/cetaradell.cat\/ce\/wp-json\/wp\/v2\/posts\/6017\/revisions"}],"wp:featuredmedia":[{"embeddable":true,"href":"https:\/\/cetaradell.cat\/ce\/wp-json\/wp\/v2\/media\/6020"}],"wp:attachment":[{"href":"https:\/\/cetaradell.cat\/ce\/wp-json\/wp\/v2\/media?parent=6017"}],"wp:term":[{"taxonomy":"category","embeddable":true,"href":"https:\/\/cetaradell.cat\/ce\/wp-json\/wp\/v2\/categories?post=6017"},{"taxonomy":"post_tag","embeddable":true,"href":"https:\/\/cetaradell.cat\/ce\/wp-json\/wp\/v2\/tags?post=6017"}],"curies":[{"name":"wp","href":"https:\/\/api.w.org\/{rel}","templated":true}]}}