{"id":6031,"date":"2017-12-30T23:35:44","date_gmt":"2017-12-30T22:35:44","guid":{"rendered":"https:\/\/cetaradell.cat\/ce\/?p=6031"},"modified":"2020-07-12T00:26:18","modified_gmt":"2020-07-11T23:26:18","slug":"8a-sant-silvestre-2017","status":"publish","type":"post","link":"https:\/\/cetaradell.cat\/ce\/8a-sant-silvestre-2017\/","title":{"rendered":"8a Sant Silvestre &#8211; 2017"},"content":{"rendered":"<p align=\"left\"><strong><a href=\"https:\/\/cetaradell.cat\/ce\/wp-content\/uploads\/2017-8sant-silvestre.jpg\" target=\"_blank\" rel=\"attachment noopener wp-att-6051 noreferrer\"><img decoding=\"async\" class=\"alignleft wp-image-6051 size-medium\" src=\"https:\/\/cetaradell.cat\/ce\/wp-content\/uploads\/2017-8sant-silvestre-212x300.jpg\" alt=\"cartell_ss'15\" width=\"212\" height=\"300\" srcset=\"https:\/\/cetaradell.cat\/ce\/wp-content\/uploads\/2017-8sant-silvestre-212x300.jpg 212w, https:\/\/cetaradell.cat\/ce\/wp-content\/uploads\/2017-8sant-silvestre-500x707.jpg 500w, https:\/\/cetaradell.cat\/ce\/wp-content\/uploads\/2017-8sant-silvestre-700x990.jpg 700w, https:\/\/cetaradell.cat\/ce\/wp-content\/uploads\/2017-8sant-silvestre-724x1024.jpg 724w, https:\/\/cetaradell.cat\/ce\/wp-content\/uploads\/2017-8sant-silvestre-768x1086.jpg 768w, https:\/\/cetaradell.cat\/ce\/wp-content\/uploads\/2017-8sant-silvestre.jpg 1654w\" sizes=\"(max-width: 212px) 100vw, 212px\" \/><\/a>Dia: <\/strong>diumenge, 31 de desembre de 2017<\/p>\n<p align=\"left\"><strong>Hora de sortida:<\/strong> a les 4 de la tarda, a la pla\u00e7a de les Eres, de Taradell. Inscripcions a partir de les 3 de la tarda.<\/p>\n<p align=\"left\"><strong>Preinscripcions:<\/strong> per tal d&#8217;agilitzar les inscripcions el dia de la cursa, us agrairem que feu una preinscripci\u00f3 des d&#8217;aquesta web omplint el formulari que trobareu m\u00e9s avall. El pagament es far\u00e0 el mateix dia de la cursa a la pla\u00e7a de les Eres a partir de les 3 de la tarda. Us agrairem portar l&#8217;import exacte.<\/p>\n<p align=\"left\">El sistema de preinscripcions estar\u00e0 obert fins el dia 29 de desembre (prorrogat fins al dia 30), passat aquest dia us podreu inscriure el mateix dia de la cursa, el diumenge 31 de desembre a partir de les 15.00 a la pla\u00e7a de les Eres.<\/p>\n<p align=\"left\"><strong>Preu de les inscripcions solid\u00e0ries:<\/strong><b> <\/b>3 euros, federats FEEC &#8211; 5 euros, no federats (inclou asseguran\u00e7a de la crusa. El 50% de la inscripci\u00f3 s\u2019aportar\u00e0 a la Marat\u00f3 de TV3.<\/p>\n<p align=\"left\"><strong>Recorregut:<\/strong> 8 km aproximadament &#8211; <strong>Temps m\u00e0xim:<\/strong> 1 hora 45 minuts<\/p>\n<div id=\"attachment_5072\" style=\"width: 310px\" class=\"wp-caption alignright\"><a href=\"https:\/\/cetaradell.cat\/ce\/wp-content\/uploads\/DSC_4939a.jpg\" target=\"_blank\" rel=\"attachment noopener wp-att-5072 noreferrer\"><img decoding=\"async\" aria-describedby=\"caption-attachment-5072\" class=\"wp-image-5072 size-medium\" src=\"https:\/\/cetaradell.cat\/ce\/wp-content\/uploads\/DSC_4939a-300x157.jpg\" alt=\"dsc_4939a\" width=\"300\" height=\"157\" srcset=\"https:\/\/cetaradell.cat\/ce\/wp-content\/uploads\/DSC_4939a-300x157.jpg 300w, https:\/\/cetaradell.cat\/ce\/wp-content\/uploads\/DSC_4939a-500x261.jpg 500w, https:\/\/cetaradell.cat\/ce\/wp-content\/uploads\/DSC_4939a-700x366.jpg 700w, https:\/\/cetaradell.cat\/ce\/wp-content\/uploads\/DSC_4939a-768x401.jpg 768w, https:\/\/cetaradell.cat\/ce\/wp-content\/uploads\/DSC_4939a.jpg 993w\" sizes=\"(max-width: 300px) 100vw, 300px\" \/><\/a><p id=\"caption-attachment-5072\" class=\"wp-caption-text\">Sant Silvestre 2016<\/p><\/div>\n<p align=\"left\"><strong>Itinerari:<\/strong> pla\u00e7a de les Eres, la Codina, el Pujol, el Bou, les Cuines d\u2019en Rocaguinarda i l\u2019Enclusa (punt m\u00e9s alt de Taradell); el descens es far\u00e0 per la collada, Mansa, Can Mascarell, i l\u2019arribada ser\u00e0 a la pla\u00e7a de les Eres, on hi haur\u00e0 coca i cava per a tots els participants.<\/p>\n<p align=\"left\"><strong>Normes:<\/strong> cal que tots els participants aneu<strong> disfressats<\/strong>; porteu ben guarnit el cap o qualsevol altra part visible del cos, amb objectes com perruca, bigoti, barret, etc.<\/p>\n<p align=\"left\">Degut a que cap al final de la cursa comen\u00e7a a fosquejar \u00e9s aconsellable portar algun element <strong>GROC<\/strong> ja que \u00e9s un color molt llumin\u00f3s i sereu m\u00e9s visibles als possibles conductors que us pugueu trobar donant-los un missatge de: Atenci\u00f3! i Precauci\u00f3!<\/p>\n<p align=\"left\"><strong>Premis:<\/strong> es premiar\u00e0 el guarniment o disfressa m\u00e9s original, masculina i femenina.<\/p>\n<p align=\"left\"><strong>Informaci\u00f3:<\/strong><b>\u00a0 <\/b>seguiu l\u2019actualitat al Facebook CET L\u2019Enclusa o a la p\u00e0gina web del CET<\/p>\n<p>&nbsp;<\/p>\n<p><!--more--><\/p>\n<h2>Acabat el per\u00edode de preinscripci\u00f3<\/h2>\n","protected":false},"excerpt":{"rendered":"<p>Dia: diumenge, 31 de desembre de 2017 Hora de sortida: a les 4 de la tarda, a la pla\u00e7a de les Eres, de Taradell. Inscripcions a partir de les 3 de la tarda. Preinscripcions: per tal d&#8217;agilitzar les inscripcions el dia de la cursa, us agrairem que feu una preinscripci\u00f3  [&#8230;]<\/p>\n","protected":false},"author":1,"featured_media":6051,"comment_status":"closed","ping_status":"closed","sticky":false,"template":"","format":"standard","meta":{"footnotes":""},"categories":[4,33],"tags":[],"class_list":["post-6031","post","type-post","status-publish","format-standard","has-post-thumbnail","hentry","category-activitats","category-sant-silvestre"],"yoast_head":"<!-- This site is optimized with the Yoast SEO plugin v27.5 - https:\/\/yoast.com\/product\/yoast-seo-wordpress\/ -->\n<title>8a Sant Silvestre - 2017 - Centre Excursionista Taradell<\/title>\n<meta name=\"robots\" content=\"index, follow, max-snippet:-1, max-image-preview:large, max-video-preview:-1\" \/>\n<link rel=\"canonical\" href=\"https:\/\/cetaradell.cat\/ce\/8a-sant-silvestre-2017\/\" \/>\n<meta property=\"og:locale\" content=\"ca_ES\" \/>\n<meta property=\"og:type\" content=\"article\" \/>\n<meta property=\"og:title\" content=\"8a Sant Silvestre - 2017 - Centre Excursionista Taradell\" \/>\n<meta property=\"og:description\" content=\"Dia: diumenge, 31 de desembre de 2017 Hora de sortida: a les 4 de la tarda, a la pla\u00e7a de les Eres, de Taradell. Inscripcions a partir de les 3 de la tarda. Preinscripcions: per tal d&#8217;agilitzar les inscripcions el dia de la cursa, us agrairem que feu una preinscripci\u00f3 [...]\" \/>\n<meta property=\"og:url\" content=\"https:\/\/cetaradell.cat\/ce\/8a-sant-silvestre-2017\/\" \/>\n<meta property=\"og:site_name\" content=\"Centre Excursionista Taradell\" \/>\n<meta property=\"article:publisher\" content=\"https:\/\/www.facebook.com\/CETaradell\/\" \/>\n<meta property=\"article:published_time\" content=\"2017-12-30T22:35:44+00:00\" \/>\n<meta property=\"article:modified_time\" content=\"2020-07-11T23:26:18+00:00\" \/>\n<meta property=\"og:image\" content=\"https:\/\/cetaradell.cat\/ce\/wp-content\/uploads\/2017-8sant-silvestre.jpg\" \/>\n\t<meta property=\"og:image:width\" content=\"1654\" \/>\n\t<meta property=\"og:image:height\" content=\"2339\" \/>\n\t<meta property=\"og:image:type\" content=\"image\/jpeg\" \/>\n<meta name=\"author\" content=\"CET\" \/>\n<meta name=\"twitter:card\" content=\"summary_large_image\" \/>\n<meta name=\"twitter:label1\" content=\"Escrit per\" \/>\n\t<meta name=\"twitter:data1\" content=\"CET\" \/>\n\t<meta name=\"twitter:label2\" content=\"Temps estimat de lectura\" \/>\n\t<meta name=\"twitter:data2\" content=\"2 minuts\" \/>\n<script type=\"application\/ld+json\" class=\"yoast-schema-graph\">{\"@context\":\"https:\\\/\\\/schema.org\",\"@graph\":[{\"@type\":\"Article\",\"@id\":\"https:\\\/\\\/cetaradell.cat\\\/ce\\\/8a-sant-silvestre-2017\\\/#article\",\"isPartOf\":{\"@id\":\"https:\\\/\\\/cetaradell.cat\\\/ce\\\/8a-sant-silvestre-2017\\\/\"},\"author\":{\"name\":\"CET\",\"@id\":\"https:\\\/\\\/cetaradell.cat\\\/ce\\\/#\\\/schema\\\/person\\\/92a59f585073071c7be6649e84b22f78\"},\"headline\":\"8a Sant Silvestre &#8211; 2017\",\"datePublished\":\"2017-12-30T22:35:44+00:00\",\"dateModified\":\"2020-07-11T23:26:18+00:00\",\"mainEntityOfPage\":{\"@id\":\"https:\\\/\\\/cetaradell.cat\\\/ce\\\/8a-sant-silvestre-2017\\\/\"},\"wordCount\":352,\"image\":{\"@id\":\"https:\\\/\\\/cetaradell.cat\\\/ce\\\/8a-sant-silvestre-2017\\\/#primaryimage\"},\"thumbnailUrl\":\"https:\\\/\\\/cetaradell.cat\\\/ce\\\/wp-content\\\/uploads\\\/2017-8sant-silvestre.jpg\",\"articleSection\":[\"Activitats\",\"Sant Silvestre\"],\"inLanguage\":\"ca\"},{\"@type\":\"WebPage\",\"@id\":\"https:\\\/\\\/cetaradell.cat\\\/ce\\\/8a-sant-silvestre-2017\\\/\",\"url\":\"https:\\\/\\\/cetaradell.cat\\\/ce\\\/8a-sant-silvestre-2017\\\/\",\"name\":\"8a Sant Silvestre - 2017 - Centre Excursionista Taradell\",\"isPartOf\":{\"@id\":\"https:\\\/\\\/cetaradell.cat\\\/ce\\\/#website\"},\"primaryImageOfPage\":{\"@id\":\"https:\\\/\\\/cetaradell.cat\\\/ce\\\/8a-sant-silvestre-2017\\\/#primaryimage\"},\"image\":{\"@id\":\"https:\\\/\\\/cetaradell.cat\\\/ce\\\/8a-sant-silvestre-2017\\\/#primaryimage\"},\"thumbnailUrl\":\"https:\\\/\\\/cetaradell.cat\\\/ce\\\/wp-content\\\/uploads\\\/2017-8sant-silvestre.jpg\",\"datePublished\":\"2017-12-30T22:35:44+00:00\",\"dateModified\":\"2020-07-11T23:26:18+00:00\",\"author\":{\"@id\":\"https:\\\/\\\/cetaradell.cat\\\/ce\\\/#\\\/schema\\\/person\\\/92a59f585073071c7be6649e84b22f78\"},\"breadcrumb\":{\"@id\":\"https:\\\/\\\/cetaradell.cat\\\/ce\\\/8a-sant-silvestre-2017\\\/#breadcrumb\"},\"inLanguage\":\"ca\",\"potentialAction\":[{\"@type\":\"ReadAction\",\"target\":[\"https:\\\/\\\/cetaradell.cat\\\/ce\\\/8a-sant-silvestre-2017\\\/\"]}]},{\"@type\":\"ImageObject\",\"inLanguage\":\"ca\",\"@id\":\"https:\\\/\\\/cetaradell.cat\\\/ce\\\/8a-sant-silvestre-2017\\\/#primaryimage\",\"url\":\"https:\\\/\\\/cetaradell.cat\\\/ce\\\/wp-content\\\/uploads\\\/2017-8sant-silvestre.jpg\",\"contentUrl\":\"https:\\\/\\\/cetaradell.cat\\\/ce\\\/wp-content\\\/uploads\\\/2017-8sant-silvestre.jpg\",\"width\":1654,\"height\":2339},{\"@type\":\"BreadcrumbList\",\"@id\":\"https:\\\/\\\/cetaradell.cat\\\/ce\\\/8a-sant-silvestre-2017\\\/#breadcrumb\",\"itemListElement\":[{\"@type\":\"ListItem\",\"position\":1,\"name\":\"Inici\",\"item\":\"https:\\\/\\\/cetaradell.cat\\\/ce\\\/\"},{\"@type\":\"ListItem\",\"position\":2,\"name\":\"8a Sant Silvestre &#8211; 2017\"}]},{\"@type\":\"WebSite\",\"@id\":\"https:\\\/\\\/cetaradell.cat\\\/ce\\\/#website\",\"url\":\"https:\\\/\\\/cetaradell.cat\\\/ce\\\/\",\"name\":\"Centre Excursionista Taradell\",\"description\":\"\",\"potentialAction\":[{\"@type\":\"SearchAction\",\"target\":{\"@type\":\"EntryPoint\",\"urlTemplate\":\"https:\\\/\\\/cetaradell.cat\\\/ce\\\/?s={search_term_string}\"},\"query-input\":{\"@type\":\"PropertyValueSpecification\",\"valueRequired\":true,\"valueName\":\"search_term_string\"}}],\"inLanguage\":\"ca\"},{\"@type\":\"Person\",\"@id\":\"https:\\\/\\\/cetaradell.cat\\\/ce\\\/#\\\/schema\\\/person\\\/92a59f585073071c7be6649e84b22f78\",\"name\":\"CET\",\"image\":{\"@type\":\"ImageObject\",\"inLanguage\":\"ca\",\"@id\":\"https:\\\/\\\/secure.gravatar.com\\\/avatar\\\/d6fbe010d42056feccc0f613ed07277a5118442805079269f12dabdc42e1a727?s=96&d=mm&r=g\",\"url\":\"https:\\\/\\\/secure.gravatar.com\\\/avatar\\\/d6fbe010d42056feccc0f613ed07277a5118442805079269f12dabdc42e1a727?s=96&d=mm&r=g\",\"contentUrl\":\"https:\\\/\\\/secure.gravatar.com\\\/avatar\\\/d6fbe010d42056feccc0f613ed07277a5118442805079269f12dabdc42e1a727?s=96&d=mm&r=g\",\"caption\":\"CET\"},\"url\":\"https:\\\/\\\/cetaradell.cat\\\/ce\\\/author\\\/root\\\/\"}]}<\/script>\n<!-- \/ Yoast SEO plugin. -->","yoast_head_json":{"title":"8a Sant Silvestre - 2017 - Centre Excursionista Taradell","robots":{"index":"index","follow":"follow","max-snippet":"max-snippet:-1","max-image-preview":"max-image-preview:large","max-video-preview":"max-video-preview:-1"},"canonical":"https:\/\/cetaradell.cat\/ce\/8a-sant-silvestre-2017\/","og_locale":"ca_ES","og_type":"article","og_title":"8a Sant Silvestre - 2017 - Centre Excursionista Taradell","og_description":"Dia: diumenge, 31 de desembre de 2017 Hora de sortida: a les 4 de la tarda, a la pla\u00e7a de les Eres, de Taradell. Inscripcions a partir de les 3 de la tarda. Preinscripcions: per tal d&#8217;agilitzar les inscripcions el dia de la cursa, us agrairem que feu una preinscripci\u00f3 [...]","og_url":"https:\/\/cetaradell.cat\/ce\/8a-sant-silvestre-2017\/","og_site_name":"Centre Excursionista Taradell","article_publisher":"https:\/\/www.facebook.com\/CETaradell\/","article_published_time":"2017-12-30T22:35:44+00:00","article_modified_time":"2020-07-11T23:26:18+00:00","og_image":[{"width":1654,"height":2339,"url":"https:\/\/cetaradell.cat\/ce\/wp-content\/uploads\/2017-8sant-silvestre.jpg","type":"image\/jpeg"}],"author":"CET","twitter_card":"summary_large_image","twitter_misc":{"Escrit per":"CET","Temps estimat de lectura":"2 minuts"},"schema":{"@context":"https:\/\/schema.org","@graph":[{"@type":"Article","@id":"https:\/\/cetaradell.cat\/ce\/8a-sant-silvestre-2017\/#article","isPartOf":{"@id":"https:\/\/cetaradell.cat\/ce\/8a-sant-silvestre-2017\/"},"author":{"name":"CET","@id":"https:\/\/cetaradell.cat\/ce\/#\/schema\/person\/92a59f585073071c7be6649e84b22f78"},"headline":"8a Sant Silvestre &#8211; 2017","datePublished":"2017-12-30T22:35:44+00:00","dateModified":"2020-07-11T23:26:18+00:00","mainEntityOfPage":{"@id":"https:\/\/cetaradell.cat\/ce\/8a-sant-silvestre-2017\/"},"wordCount":352,"image":{"@id":"https:\/\/cetaradell.cat\/ce\/8a-sant-silvestre-2017\/#primaryimage"},"thumbnailUrl":"https:\/\/cetaradell.cat\/ce\/wp-content\/uploads\/2017-8sant-silvestre.jpg","articleSection":["Activitats","Sant Silvestre"],"inLanguage":"ca"},{"@type":"WebPage","@id":"https:\/\/cetaradell.cat\/ce\/8a-sant-silvestre-2017\/","url":"https:\/\/cetaradell.cat\/ce\/8a-sant-silvestre-2017\/","name":"8a Sant Silvestre - 2017 - Centre Excursionista Taradell","isPartOf":{"@id":"https:\/\/cetaradell.cat\/ce\/#website"},"primaryImageOfPage":{"@id":"https:\/\/cetaradell.cat\/ce\/8a-sant-silvestre-2017\/#primaryimage"},"image":{"@id":"https:\/\/cetaradell.cat\/ce\/8a-sant-silvestre-2017\/#primaryimage"},"thumbnailUrl":"https:\/\/cetaradell.cat\/ce\/wp-content\/uploads\/2017-8sant-silvestre.jpg","datePublished":"2017-12-30T22:35:44+00:00","dateModified":"2020-07-11T23:26:18+00:00","author":{"@id":"https:\/\/cetaradell.cat\/ce\/#\/schema\/person\/92a59f585073071c7be6649e84b22f78"},"breadcrumb":{"@id":"https:\/\/cetaradell.cat\/ce\/8a-sant-silvestre-2017\/#breadcrumb"},"inLanguage":"ca","potentialAction":[{"@type":"ReadAction","target":["https:\/\/cetaradell.cat\/ce\/8a-sant-silvestre-2017\/"]}]},{"@type":"ImageObject","inLanguage":"ca","@id":"https:\/\/cetaradell.cat\/ce\/8a-sant-silvestre-2017\/#primaryimage","url":"https:\/\/cetaradell.cat\/ce\/wp-content\/uploads\/2017-8sant-silvestre.jpg","contentUrl":"https:\/\/cetaradell.cat\/ce\/wp-content\/uploads\/2017-8sant-silvestre.jpg","width":1654,"height":2339},{"@type":"BreadcrumbList","@id":"https:\/\/cetaradell.cat\/ce\/8a-sant-silvestre-2017\/#breadcrumb","itemListElement":[{"@type":"ListItem","position":1,"name":"Inici","item":"https:\/\/cetaradell.cat\/ce\/"},{"@type":"ListItem","position":2,"name":"8a Sant Silvestre &#8211; 2017"}]},{"@type":"WebSite","@id":"https:\/\/cetaradell.cat\/ce\/#website","url":"https:\/\/cetaradell.cat\/ce\/","name":"Centre Excursionista Taradell","description":"","potentialAction":[{"@type":"SearchAction","target":{"@type":"EntryPoint","urlTemplate":"https:\/\/cetaradell.cat\/ce\/?s={search_term_string}"},"query-input":{"@type":"PropertyValueSpecification","valueRequired":true,"valueName":"search_term_string"}}],"inLanguage":"ca"},{"@type":"Person","@id":"https:\/\/cetaradell.cat\/ce\/#\/schema\/person\/92a59f585073071c7be6649e84b22f78","name":"CET","image":{"@type":"ImageObject","inLanguage":"ca","@id":"https:\/\/secure.gravatar.com\/avatar\/d6fbe010d42056feccc0f613ed07277a5118442805079269f12dabdc42e1a727?s=96&d=mm&r=g","url":"https:\/\/secure.gravatar.com\/avatar\/d6fbe010d42056feccc0f613ed07277a5118442805079269f12dabdc42e1a727?s=96&d=mm&r=g","contentUrl":"https:\/\/secure.gravatar.com\/avatar\/d6fbe010d42056feccc0f613ed07277a5118442805079269f12dabdc42e1a727?s=96&d=mm&r=g","caption":"CET"},"url":"https:\/\/cetaradell.cat\/ce\/author\/root\/"}]}},"_links":{"self":[{"href":"https:\/\/cetaradell.cat\/ce\/wp-json\/wp\/v2\/posts\/6031","targetHints":{"allow":["GET"]}}],"collection":[{"href":"https:\/\/cetaradell.cat\/ce\/wp-json\/wp\/v2\/posts"}],"about":[{"href":"https:\/\/cetaradell.cat\/ce\/wp-json\/wp\/v2\/types\/post"}],"author":[{"embeddable":true,"href":"https:\/\/cetaradell.cat\/ce\/wp-json\/wp\/v2\/users\/1"}],"replies":[{"embeddable":true,"href":"https:\/\/cetaradell.cat\/ce\/wp-json\/wp\/v2\/comments?post=6031"}],"version-history":[{"count":0,"href":"https:\/\/cetaradell.cat\/ce\/wp-json\/wp\/v2\/posts\/6031\/revisions"}],"wp:featuredmedia":[{"embeddable":true,"href":"https:\/\/cetaradell.cat\/ce\/wp-json\/wp\/v2\/media\/6051"}],"wp:attachment":[{"href":"https:\/\/cetaradell.cat\/ce\/wp-json\/wp\/v2\/media?parent=6031"}],"wp:term":[{"taxonomy":"category","embeddable":true,"href":"https:\/\/cetaradell.cat\/ce\/wp-json\/wp\/v2\/categories?post=6031"},{"taxonomy":"post_tag","embeddable":true,"href":"https:\/\/cetaradell.cat\/ce\/wp-json\/wp\/v2\/tags?post=6031"}],"curies":[{"name":"wp","href":"https:\/\/api.w.org\/{rel}","templated":true}]}}