{"id":6090,"date":"2017-11-30T16:20:48","date_gmt":"2017-11-30T15:20:48","guid":{"rendered":"https:\/\/cetaradell.cat\/ce\/?p=6090"},"modified":"2020-06-21T23:47:11","modified_gmt":"2020-06-21T22:47:11","slug":"xxxviii-caminada-rupit-taradell-19-11-2017","status":"publish","type":"post","link":"https:\/\/cetaradell.cat\/ce\/xxxviii-caminada-rupit-taradell-19-11-2017\/","title":{"rendered":"XXXVIII Caminada Rupit \u2013 Taradell (19-11-2017)"},"content":{"rendered":"<div id=\"attachment_6104\" style=\"width: 310px\" class=\"wp-caption alignleft\"><a href=\"https:\/\/cetaradell.cat\/ce\/wp-content\/uploads\/P1170775b-2017-Rupit-Taradell.jpg\" target=\"_blank\" rel=\"noopener noreferrer\"><img decoding=\"async\" aria-describedby=\"caption-attachment-6104\" class=\"wp-image-6104 size-medium\" src=\"https:\/\/cetaradell.cat\/ce\/wp-content\/uploads\/P1170775b-2017-Rupit-Taradell-300x225.jpg\" alt=\"\" width=\"300\" height=\"225\" srcset=\"https:\/\/cetaradell.cat\/ce\/wp-content\/uploads\/P1170775b-2017-Rupit-Taradell-300x225.jpg 300w, https:\/\/cetaradell.cat\/ce\/wp-content\/uploads\/P1170775b-2017-Rupit-Taradell-500x375.jpg 500w, https:\/\/cetaradell.cat\/ce\/wp-content\/uploads\/P1170775b-2017-Rupit-Taradell-700x525.jpg 700w, https:\/\/cetaradell.cat\/ce\/wp-content\/uploads\/P1170775b-2017-Rupit-Taradell-768x576.jpg 768w, https:\/\/cetaradell.cat\/ce\/wp-content\/uploads\/P1170775b-2017-Rupit-Taradell-1024x768.jpg 1024w\" sizes=\"(max-width: 300px) 100vw, 300px\" \/><\/a><p id=\"caption-attachment-6104\" class=\"wp-caption-text\">38a Rupit Taradell (Foto: Ll. Saborit)<\/p><\/div>\n<p>El 19 de novembre de 2017 es va celebrar la 38a edici\u00f3 de la Rupit-Taradell. Enguany va fer un temps ideal per poder gaudir plenament del recorregut de la caminada ja que va ser un dia molt assolellat, sense un fred extrem pel mat\u00ed ni una calor excessiva al migdia. De manera que tamb\u00e9 va fer m\u00e9s agradable l\u2019estada dels col\u00b7laboradors als controls i avituallaments.<\/p>\n<p>Aquest edici\u00f3 va comptar amb 1.104 inscrits, dels quals 1.050 van sortir de Rupit i 1.020 van fer tot el recorregut fins al local social del CET a Taradell.<\/p>\n<p>Com en les \u00faltimes edicions, en lliurar la targeta de control de pas, tamb\u00e9 es donava un got de pl\u00e0stic, que s\u2019havia de conservar al llarg de tota la travessa per beure en els diferents avituallaments del recorregut. D\u2019aquesta manera, es racionava l\u2019\u00fas de gots de pl\u00e0stic, que en passades edicions era d\u2019uns quants milers.<\/p>\n<p>Els participants que van arribar al Centre despr\u00e9s d\u2019haver completat els 43,5 quil\u00f2metres del recorregut van ser obsequiats amb una samarreta de m\u00e0niga curta amb el perfil del recorregut serigrafia ta l\u2019esquena.<\/p>\n<p>Malgrat ser una prova no competitiva, sempre es genera certa curiositat per saber qui va arribar primer. Enguany, els participant que la va fer amb menys temps va ser els taradellencs <strong>Lle\u00efr\u00a0 Pladevall,<\/strong> amb un temps de 4 hores 2 minuts i 56 segons;\u00a0 el segon va ser <strong>Jordi Aguilera<\/strong>, amb un temps de 4 hores 11 minuts i 24 segons; i el tercer va ser <strong>Bernat Mora<\/strong>, amb un temps de 4 hores 13 minuts i 54 segons.<\/p>\n<p>La primera dona va ser <strong>Berta Rodr\u00edguez<\/strong>, amb un temps de 5 hores 11 minuts i 32 segons; la segona va ser <strong>Clara Madrid<\/strong>, amb un temps de 5 hores 21 minuts i 54 segons; i la tercera va ser la taradellenca <strong>J\u00falia Molero<\/strong>, que amb un temps de 5 hores 43 minuts i 6 segons tamb\u00e9 va ser la primera taradellenca. Darrera seu van situar-se <strong>Laia Miralpeix <\/strong>(5h 57m 30s) i <strong>Maria Font <\/strong>(6h 4m 49s) que van ser la segona i tercera taradellenca respectivament en fer la caminada en menys temps, alhora que van ser la quarta i cinquena de la general de dones.<\/p>\n<p><a href=\"https:\/\/cetaradell.cat\/ce\/wp-content\/uploads\/2017-Rupit-Taradell-1.jpg\" target=\"_blank\" rel=\"attachment noopener wp-att-6117 noreferrer\"><img decoding=\"async\" class=\"alignleft wp-image-6117 size-medium\" src=\"https:\/\/cetaradell.cat\/ce\/wp-content\/uploads\/2017-Rupit-Taradell-1-300x211.jpg\" alt=\"2017-Rupit-Taradell-1\" width=\"300\" height=\"211\" srcset=\"https:\/\/cetaradell.cat\/ce\/wp-content\/uploads\/2017-Rupit-Taradell-1-300x211.jpg 300w, https:\/\/cetaradell.cat\/ce\/wp-content\/uploads\/2017-Rupit-Taradell-1-500x351.jpg 500w, https:\/\/cetaradell.cat\/ce\/wp-content\/uploads\/2017-Rupit-Taradell-1-700x492.jpg 700w, https:\/\/cetaradell.cat\/ce\/wp-content\/uploads\/2017-Rupit-Taradell-1-768x539.jpg 768w, https:\/\/cetaradell.cat\/ce\/wp-content\/uploads\/2017-Rupit-Taradell-1.jpg 924w\" sizes=\"(max-width: 300px) 100vw, 300px\" \/><\/a>I, com \u00e9s merescut, no ens cansem de donar les gr\u00e0cies a tots els participants, a les m\u00e9s de 100 persones que han format part dels avituallaments, a les cases comercials i a tots aquells que de manera desinteressada han col\u00b7laborat en aquesta travessa, perqu\u00e8 sense ells i el seu suport no seria possible la Rupit-Taradell.<\/p>\n<h3><strong><a href=\"https:\/\/cetaradell.cat\/ce\/wp-content\/uploads\/2017-RUPIT-TARADELL-1.pdf\" target=\"_blank\" rel=\"noopener noreferrer\">Programa de la Caminada (\u2192)<\/a><\/strong><\/h3>\n<p>&nbsp;<\/p>\n<p>&nbsp;<\/p>\n<h2><strong>Control de la travessa<\/strong><\/h2>\n<p><a href=\"https:\/\/cetaradell.cat\/ce\/wp-content\/uploads\/smartchrono-logo.jpg\" target=\"_blank\" rel=\"noopener noreferrer\"><img decoding=\"async\" class=\"alignleft wp-image-899 size-full\" src=\"https:\/\/cetaradell.cat\/ce\/wp-content\/uploads\/smartchrono-logo.jpg\" alt=\"smartchrono-logo\" width=\"225\" height=\"225\" srcset=\"https:\/\/cetaradell.cat\/ce\/wp-content\/uploads\/smartchrono-logo-60x60.jpg 60w, https:\/\/cetaradell.cat\/ce\/wp-content\/uploads\/smartchrono-logo-100x100.jpg 100w, https:\/\/cetaradell.cat\/ce\/wp-content\/uploads\/smartchrono-logo-150x150.jpg 150w, https:\/\/cetaradell.cat\/ce\/wp-content\/uploads\/smartchrono-logo.jpg 225w\" sizes=\"(max-width: 225px) 100vw, 225px\" \/><\/a>Per dur a terme el control de la travessa es va utilitzar el mateix sistema que l\u2019any passat, la tecnologia Smartchrono de l\u2019empresa Novotiming, que permet cronometrar i controlar curses o caminades en temps real sense necessitat d\u2019equips electr\u00f2nics. Nom\u00e9s cal tenir tel\u00e8fons m\u00f2bils als quals pr\u00e8viament s\u2019hagi instal\u00b7lat una determinada aplicaci\u00f3 i, evidentment, s\u2019ha de tenir cobertura per transmetre dades.<br \/>\nAix\u00ed, a la sortida, als avituallaments de la Riba, Vilanova de Sau, Sant Juli\u00e0 de Vilatorta, la Collada i a l\u2019arribada, els col\u00b7laboradors s\u2019havien baixat l\u2019aplicaci\u00f3 que els permetia llegir els codi QR dels dorsals dels participants, i les dades eren enviades immediatament a la p\u00e0gina de control de la travessa, de manera que des del CET en tot moment es podia saber quants participants havien passat par cada punt de control.<\/p>\n<p>Els temps estan disponibles a la web de control de la travessa a la qual es pot accedir a trav\u00e9s d\u2019un enlla\u00e7 que hi ha a la web del CET, i aix\u00ed cada participant pot tornar a consultar el seu temps o imprimir-se un diploma de record. Els enlla\u00e7os s\u00f3n els seg\u00fcents:<\/p>\n<p style=\"padding-left: 90px;\"><em><strong><a href=\"http:\/\/runedia.mundodeportivo.com\/sc\/php\/live.php?cid=535&amp;lang=ca\" target=\"_blank\" rel=\"noopener noreferrer\">\u2192 Dades generals<\/a><\/strong><\/em><\/p>\n<p style=\"padding-left: 90px;\"><em><strong><a href=\"http:\/\/runedia.mundodeportivo.com\/sc\/php\/diploma.php?cid=535\" target=\"_blank\" rel=\"noopener noreferrer\">\u2192 Imprimir diplomes<\/a><\/strong><\/em><\/p>\n<p style=\"padding-left: 90px;\"><em><strong><a href=\"http:\/\/runedia.mundodeportivo.com\/sc\/php\/resultados.php?cid=535\" target=\"_blank\" rel=\"noopener noreferrer\">\u2192 Temps de pas per controls<\/a><\/strong><\/em><\/p>\n<p>&nbsp;<\/p>\n<h2><strong>Els avituallaments<\/strong><\/h2>\n<p>Al llarg del recorregut hi havia vuit punts d\u2019avituallament, a m\u00e9s del d\u2019arribada, repartits de la forma seg\u00fcent i on es donava:<\/p>\n<ol>\n<li>Tavertet (7 km): t\u00e9, aigua i galetes.<\/li>\n<li>La Riba (11 km): coca, xocolata, sucs, batuts de cacau i aigua.<\/li>\n<li>Vilanova de Sau (18 km): galetes, fruits secs, sucs de fruites i begudes (aigua i Coca-cola).<\/li>\n<li>Salt de la Minyona (21 km): fruita sencera, a trossos o pelada (taronges, pl\u00e0tans i pomes) i begudes (aigua i Coca-cola)<\/li>\n<li>La Mina (25 km): iogurts i aigua.<\/li>\n<li>Sant Juli\u00e0 de Vilatorta (31 km), punt per parar a dinar: caldo, entrepans de botifarra, pernil cuit o formatge, aigua, begudes (Coca-cola, llimonada) vi, caf\u00e8, tallat, caf\u00e8 amb gotes de conyac o an\u00eds, etc.<\/li>\n<li>La Trona (37 km), punt de suport on es donava aigua i xuxes per tal de fer m\u00e9s curt el tram fins a la Collada.<\/li>\n<li>La Collada (39 km): fruita sencera o a trossos (taronges, pl\u00e0tans i pomes), Coca-Cola i aigua.<\/li>\n<li>Local social del CET (43,5 km) on els participants es podien refer de l\u2019esfor\u00e7 amb entrepans, begudes, galetes, caf\u00e8, t\u00e9, aigua\u2026<\/li>\n<\/ol>\n<p>&nbsp;<\/p>\n<h2><strong>Els participants<\/strong><\/h2>\n<p><a href=\"https:\/\/cetaradell.cat\/ce\/wp-content\/uploads\/Rupit-Taradell_10.jpg\" target=\"_blank\" rel=\"noopener noreferrer\"><img decoding=\"async\" class=\"alignleft wp-image-5945 size-medium\" src=\"https:\/\/cetaradell.cat\/ce\/wp-content\/uploads\/Rupit-Taradell_10-300x199.jpg\" alt=\"\" width=\"300\" height=\"199\" srcset=\"https:\/\/cetaradell.cat\/ce\/wp-content\/uploads\/Rupit-Taradell_10-300x199.jpg 300w, https:\/\/cetaradell.cat\/ce\/wp-content\/uploads\/Rupit-Taradell_10-500x332.jpg 500w, https:\/\/cetaradell.cat\/ce\/wp-content\/uploads\/Rupit-Taradell_10-700x465.jpg 700w, https:\/\/cetaradell.cat\/ce\/wp-content\/uploads\/Rupit-Taradell_10-768x510.jpg 768w, https:\/\/cetaradell.cat\/ce\/wp-content\/uploads\/Rupit-Taradell_10.jpg 1000w\" sizes=\"(max-width: 300px) 100vw, 300px\" \/><\/a><span style=\"font-size: 10.0pt; font-family: 'Arial','sans-serif';\">En aquesta edici\u00f3 hi van participar 20 menors. El m\u00e9s petit van ser una nena de 8 anys que la va fer des de Sant Juli\u00e0. Els participant m\u00e9s gran van ser un senyor de 74 anys. Respecte a la distribuci\u00f3 per franges d&#8217;edat es va mantenir molt semblant a les passades edicions, en les quals la franja de major participaci\u00f3 era la de 40-49 anys. La franja de 30-39 anys va seguir disminuint lleugerament mentre que la de 19-29 anys va remuntar.<\/span><\/p>\n<p><span style=\"font-size: 10.0pt; font-family: 'Arial','sans-serif';\">La mitjana d\u2019edat va disminuir lleugerament, va passar dels 43,9 anys de mitjana el 2016 als 42,3. L\u2019edat que va comptar amb m\u00e9s participants va ser la de 40 anys amb 47 participants, l\u2019any passat havia sigut la de 39 anys amb 49 participants.<\/span><\/p>\n<p>&nbsp;<\/p>\n<p><a href=\"https:\/\/cetaradell.cat\/ce\/wp-content\/uploads\/2017-RT_EDATS.jpg\" target=\"_blank\" rel=\"attachment noopener wp-att-6106 noreferrer\"><img decoding=\"async\" class=\"aligncenter wp-image-6106\" src=\"https:\/\/cetaradell.cat\/ce\/wp-content\/uploads\/2017-RT_EDATS.jpg\" alt=\"2017-RT_EDATS\" width=\"600\" height=\"393\" srcset=\"https:\/\/cetaradell.cat\/ce\/wp-content\/uploads\/2017-RT_EDATS-300x197.jpg 300w, https:\/\/cetaradell.cat\/ce\/wp-content\/uploads\/2017-RT_EDATS-500x328.jpg 500w, https:\/\/cetaradell.cat\/ce\/wp-content\/uploads\/2017-RT_EDATS-700x459.jpg 700w, https:\/\/cetaradell.cat\/ce\/wp-content\/uploads\/2017-RT_EDATS-768x503.jpg 768w, https:\/\/cetaradell.cat\/ce\/wp-content\/uploads\/2017-RT_EDATS.jpg 1003w\" sizes=\"(max-width: 600px) 100vw, 600px\" \/><\/a><\/p>\n<p><span style=\"font-size: 10.0pt; font-family: 'Arial','sans-serif';\">Respecte a la proced\u00e8ncia dels participants per comarques, tamb\u00e9 es va mantenir la mateixa distribuci\u00f3 que les passades edicions;\u00a0 la meitat van ser d\u2019Osona, concretament 563 (51%), seguit dels del Barcelon\u00e8s (137 \u2013 12% ) i el Vall\u00e8s Occidental (136 \u2013 12%). Van venir participants de 25 comarques diferents.<\/span><\/p>\n<p><a href=\"https:\/\/cetaradell.cat\/ce\/wp-content\/uploads\/2017-RT_COMARQUES.jpg\" target=\"_blank\" rel=\"attachment noopener wp-att-6105 noreferrer\"><img decoding=\"async\" class=\"aligncenter wp-image-6105\" src=\"https:\/\/cetaradell.cat\/ce\/wp-content\/uploads\/2017-RT_COMARQUES.jpg\" alt=\"2017-RT_COMARQUES\" width=\"600\" height=\"394\" srcset=\"https:\/\/cetaradell.cat\/ce\/wp-content\/uploads\/2017-RT_COMARQUES-300x197.jpg 300w, https:\/\/cetaradell.cat\/ce\/wp-content\/uploads\/2017-RT_COMARQUES-500x328.jpg 500w, https:\/\/cetaradell.cat\/ce\/wp-content\/uploads\/2017-RT_COMARQUES-700x459.jpg 700w, https:\/\/cetaradell.cat\/ce\/wp-content\/uploads\/2017-RT_COMARQUES-768x504.jpg 768w, https:\/\/cetaradell.cat\/ce\/wp-content\/uploads\/2017-RT_COMARQUES.jpg 998w\" sizes=\"(max-width: 600px) 100vw, 600px\" \/><\/a><\/p>\n<p>En la distribuci\u00f3 de participants per poblacions va tornar a encap\u00e7alar-la Barcelona amb 125 inscrits, seguida de Taradell i Vic amb 115 i 100 inscrits respectivament. En total van venir participants de 155 poblacions diferents.<\/p>\n<p>&nbsp;<\/p>\n<h2><strong>Fotografies<\/strong><\/h2>\n<ul>\n<li style=\"list-style-type: none;\">\n<ul>\n<li>\u00c0lbum de fotografies de la 38a Caminada Rupit-Taradell: <a title=\"Acc\u00e9s a l'\u00e0lbum Picassa del CET\" href=\"https:\/\/photos.app.goo.gl\/TXtZ01xufFciKaJ83\" target=\"_blank\" rel=\"noopener noreferrer\"><strong><em>\u2192 Acc\u00e9s a l\u2019\u00e0lbum<\/em><\/strong><\/a><\/li>\n<li>Tamb\u00e9 podeu trobar una cr\u00f2nica i m\u00e9s fotografies de la Rupit-Taradell a la web d\u2019informaci\u00f3 sobre Taradell www.taradell.com: <a href=\"https:\/\/www.taradell.com\/2017\/11\/19\/rupit-taradell-compleix-38a-edicio-amb-quatre-taradellencs-com-mes-rapids\/\" target=\"_blank\" rel=\"noopener noreferrer\"><em><strong>\u2192Veure Taradell punt com<\/strong><\/em><\/a><\/li>\n<li>Per altra banda, Taradellpuntcom l&#8217;any passat va publicar a la seva web un molt bon resum de la Rupit-Taradell des dels seus or\u00edgens que podeu consultar en aquest enlla\u00e7: <a href=\"http:\/\/www.taradell.com\/2016\/11\/02\/popular-caminada-rupit-taradell\/\" target=\"_blank\" rel=\"noopener noreferrer\"><em><strong>\u2192 Hist\u00f2ria de la Rupit \u2013 Taradell a Taradellpuntcom (web d\u2019informaci\u00f3 local)<\/strong><\/em><\/a><\/li>\n<\/ul>\n<\/li>\n<\/ul>\n","protected":false},"excerpt":{"rendered":"<p>El 19 de novembre de 2017 es va celebrar la 38a edici\u00f3 de la Rupit-Taradell. Enguany va fer un temps ideal per poder gaudir plenament del recorregut de la caminada ja que va ser un dia molt assolellat, sense un fred extrem pel mat\u00ed ni una calor excessiva al migdia.  [&#8230;]<\/p>\n","protected":false},"author":1,"featured_media":6104,"comment_status":"closed","ping_status":"closed","sticky":false,"template":"","format":"standard","meta":{"footnotes":""},"categories":[3,35],"tags":[],"class_list":["post-6090","post","type-post","status-publish","format-standard","has-post-thumbnail","hentry","category-noticies","category-rupit-taradell"],"yoast_head":"<!-- This site is optimized with the Yoast SEO plugin v27.5 - https:\/\/yoast.com\/product\/yoast-seo-wordpress\/ -->\n<title>XXXVIII Caminada Rupit \u2013 Taradell (19-11-2017) - Centre Excursionista Taradell<\/title>\n<meta name=\"robots\" content=\"index, follow, max-snippet:-1, max-image-preview:large, max-video-preview:-1\" \/>\n<link rel=\"canonical\" href=\"https:\/\/cetaradell.cat\/ce\/xxxviii-caminada-rupit-taradell-19-11-2017\/\" \/>\n<meta property=\"og:locale\" content=\"ca_ES\" \/>\n<meta property=\"og:type\" content=\"article\" \/>\n<meta property=\"og:title\" content=\"XXXVIII Caminada Rupit \u2013 Taradell (19-11-2017) - Centre Excursionista Taradell\" \/>\n<meta property=\"og:description\" content=\"El 19 de novembre de 2017 es va celebrar la 38a edici\u00f3 de la Rupit-Taradell. Enguany va fer un temps ideal per poder gaudir plenament del recorregut de la caminada ja que va ser un dia molt assolellat, sense un fred extrem pel mat\u00ed ni una calor excessiva al migdia. [...]\" \/>\n<meta property=\"og:url\" content=\"https:\/\/cetaradell.cat\/ce\/xxxviii-caminada-rupit-taradell-19-11-2017\/\" \/>\n<meta property=\"og:site_name\" content=\"Centre Excursionista Taradell\" \/>\n<meta property=\"article:publisher\" content=\"https:\/\/www.facebook.com\/CETaradell\/\" \/>\n<meta property=\"article:published_time\" content=\"2017-11-30T15:20:48+00:00\" \/>\n<meta property=\"article:modified_time\" content=\"2020-06-21T22:47:11+00:00\" \/>\n<meta property=\"og:image\" content=\"https:\/\/cetaradell.cat\/ce\/wp-content\/uploads\/P1170775b-2017-Rupit-Taradell.jpg\" \/>\n\t<meta property=\"og:image:width\" content=\"2504\" \/>\n\t<meta property=\"og:image:height\" content=\"1878\" \/>\n\t<meta property=\"og:image:type\" content=\"image\/jpeg\" \/>\n<meta name=\"author\" content=\"CET\" \/>\n<meta name=\"twitter:card\" content=\"summary_large_image\" \/>\n<meta name=\"twitter:label1\" content=\"Escrit per\" \/>\n\t<meta name=\"twitter:data1\" content=\"CET\" \/>\n\t<meta name=\"twitter:label2\" content=\"Temps estimat de lectura\" \/>\n\t<meta name=\"twitter:data2\" content=\"6 minuts\" \/>\n<script type=\"application\/ld+json\" class=\"yoast-schema-graph\">{\"@context\":\"https:\\\/\\\/schema.org\",\"@graph\":[{\"@type\":\"Article\",\"@id\":\"https:\\\/\\\/cetaradell.cat\\\/ce\\\/xxxviii-caminada-rupit-taradell-19-11-2017\\\/#article\",\"isPartOf\":{\"@id\":\"https:\\\/\\\/cetaradell.cat\\\/ce\\\/xxxviii-caminada-rupit-taradell-19-11-2017\\\/\"},\"author\":{\"name\":\"CET\",\"@id\":\"https:\\\/\\\/cetaradell.cat\\\/ce\\\/#\\\/schema\\\/person\\\/92a59f585073071c7be6649e84b22f78\"},\"headline\":\"XXXVIII Caminada Rupit \u2013 Taradell (19-11-2017)\",\"datePublished\":\"2017-11-30T15:20:48+00:00\",\"dateModified\":\"2020-06-21T22:47:11+00:00\",\"mainEntityOfPage\":{\"@id\":\"https:\\\/\\\/cetaradell.cat\\\/ce\\\/xxxviii-caminada-rupit-taradell-19-11-2017\\\/\"},\"wordCount\":1133,\"image\":{\"@id\":\"https:\\\/\\\/cetaradell.cat\\\/ce\\\/xxxviii-caminada-rupit-taradell-19-11-2017\\\/#primaryimage\"},\"thumbnailUrl\":\"https:\\\/\\\/cetaradell.cat\\\/ce\\\/wp-content\\\/uploads\\\/P1170775b-2017-Rupit-Taradell.jpg\",\"articleSection\":[\"Not\u00edcies\",\"Rupit - Taradell\"],\"inLanguage\":\"ca\"},{\"@type\":\"WebPage\",\"@id\":\"https:\\\/\\\/cetaradell.cat\\\/ce\\\/xxxviii-caminada-rupit-taradell-19-11-2017\\\/\",\"url\":\"https:\\\/\\\/cetaradell.cat\\\/ce\\\/xxxviii-caminada-rupit-taradell-19-11-2017\\\/\",\"name\":\"XXXVIII Caminada Rupit \u2013 Taradell (19-11-2017) - Centre Excursionista Taradell\",\"isPartOf\":{\"@id\":\"https:\\\/\\\/cetaradell.cat\\\/ce\\\/#website\"},\"primaryImageOfPage\":{\"@id\":\"https:\\\/\\\/cetaradell.cat\\\/ce\\\/xxxviii-caminada-rupit-taradell-19-11-2017\\\/#primaryimage\"},\"image\":{\"@id\":\"https:\\\/\\\/cetaradell.cat\\\/ce\\\/xxxviii-caminada-rupit-taradell-19-11-2017\\\/#primaryimage\"},\"thumbnailUrl\":\"https:\\\/\\\/cetaradell.cat\\\/ce\\\/wp-content\\\/uploads\\\/P1170775b-2017-Rupit-Taradell.jpg\",\"datePublished\":\"2017-11-30T15:20:48+00:00\",\"dateModified\":\"2020-06-21T22:47:11+00:00\",\"author\":{\"@id\":\"https:\\\/\\\/cetaradell.cat\\\/ce\\\/#\\\/schema\\\/person\\\/92a59f585073071c7be6649e84b22f78\"},\"breadcrumb\":{\"@id\":\"https:\\\/\\\/cetaradell.cat\\\/ce\\\/xxxviii-caminada-rupit-taradell-19-11-2017\\\/#breadcrumb\"},\"inLanguage\":\"ca\",\"potentialAction\":[{\"@type\":\"ReadAction\",\"target\":[\"https:\\\/\\\/cetaradell.cat\\\/ce\\\/xxxviii-caminada-rupit-taradell-19-11-2017\\\/\"]}]},{\"@type\":\"ImageObject\",\"inLanguage\":\"ca\",\"@id\":\"https:\\\/\\\/cetaradell.cat\\\/ce\\\/xxxviii-caminada-rupit-taradell-19-11-2017\\\/#primaryimage\",\"url\":\"https:\\\/\\\/cetaradell.cat\\\/ce\\\/wp-content\\\/uploads\\\/P1170775b-2017-Rupit-Taradell.jpg\",\"contentUrl\":\"https:\\\/\\\/cetaradell.cat\\\/ce\\\/wp-content\\\/uploads\\\/P1170775b-2017-Rupit-Taradell.jpg\",\"width\":2504,\"height\":1878},{\"@type\":\"BreadcrumbList\",\"@id\":\"https:\\\/\\\/cetaradell.cat\\\/ce\\\/xxxviii-caminada-rupit-taradell-19-11-2017\\\/#breadcrumb\",\"itemListElement\":[{\"@type\":\"ListItem\",\"position\":1,\"name\":\"Inici\",\"item\":\"https:\\\/\\\/cetaradell.cat\\\/ce\\\/\"},{\"@type\":\"ListItem\",\"position\":2,\"name\":\"XXXVIII Caminada Rupit \u2013 Taradell (19-11-2017)\"}]},{\"@type\":\"WebSite\",\"@id\":\"https:\\\/\\\/cetaradell.cat\\\/ce\\\/#website\",\"url\":\"https:\\\/\\\/cetaradell.cat\\\/ce\\\/\",\"name\":\"Centre Excursionista Taradell\",\"description\":\"\",\"potentialAction\":[{\"@type\":\"SearchAction\",\"target\":{\"@type\":\"EntryPoint\",\"urlTemplate\":\"https:\\\/\\\/cetaradell.cat\\\/ce\\\/?s={search_term_string}\"},\"query-input\":{\"@type\":\"PropertyValueSpecification\",\"valueRequired\":true,\"valueName\":\"search_term_string\"}}],\"inLanguage\":\"ca\"},{\"@type\":\"Person\",\"@id\":\"https:\\\/\\\/cetaradell.cat\\\/ce\\\/#\\\/schema\\\/person\\\/92a59f585073071c7be6649e84b22f78\",\"name\":\"CET\",\"image\":{\"@type\":\"ImageObject\",\"inLanguage\":\"ca\",\"@id\":\"https:\\\/\\\/secure.gravatar.com\\\/avatar\\\/d6fbe010d42056feccc0f613ed07277a5118442805079269f12dabdc42e1a727?s=96&d=mm&r=g\",\"url\":\"https:\\\/\\\/secure.gravatar.com\\\/avatar\\\/d6fbe010d42056feccc0f613ed07277a5118442805079269f12dabdc42e1a727?s=96&d=mm&r=g\",\"contentUrl\":\"https:\\\/\\\/secure.gravatar.com\\\/avatar\\\/d6fbe010d42056feccc0f613ed07277a5118442805079269f12dabdc42e1a727?s=96&d=mm&r=g\",\"caption\":\"CET\"},\"url\":\"https:\\\/\\\/cetaradell.cat\\\/ce\\\/author\\\/root\\\/\"}]}<\/script>\n<!-- \/ Yoast SEO plugin. -->","yoast_head_json":{"title":"XXXVIII Caminada Rupit \u2013 Taradell (19-11-2017) - Centre Excursionista Taradell","robots":{"index":"index","follow":"follow","max-snippet":"max-snippet:-1","max-image-preview":"max-image-preview:large","max-video-preview":"max-video-preview:-1"},"canonical":"https:\/\/cetaradell.cat\/ce\/xxxviii-caminada-rupit-taradell-19-11-2017\/","og_locale":"ca_ES","og_type":"article","og_title":"XXXVIII Caminada Rupit \u2013 Taradell (19-11-2017) - Centre Excursionista Taradell","og_description":"El 19 de novembre de 2017 es va celebrar la 38a edici\u00f3 de la Rupit-Taradell. Enguany va fer un temps ideal per poder gaudir plenament del recorregut de la caminada ja que va ser un dia molt assolellat, sense un fred extrem pel mat\u00ed ni una calor excessiva al migdia. [...]","og_url":"https:\/\/cetaradell.cat\/ce\/xxxviii-caminada-rupit-taradell-19-11-2017\/","og_site_name":"Centre Excursionista Taradell","article_publisher":"https:\/\/www.facebook.com\/CETaradell\/","article_published_time":"2017-11-30T15:20:48+00:00","article_modified_time":"2020-06-21T22:47:11+00:00","og_image":[{"width":2504,"height":1878,"url":"https:\/\/cetaradell.cat\/ce\/wp-content\/uploads\/P1170775b-2017-Rupit-Taradell.jpg","type":"image\/jpeg"}],"author":"CET","twitter_card":"summary_large_image","twitter_misc":{"Escrit per":"CET","Temps estimat de lectura":"6 minuts"},"schema":{"@context":"https:\/\/schema.org","@graph":[{"@type":"Article","@id":"https:\/\/cetaradell.cat\/ce\/xxxviii-caminada-rupit-taradell-19-11-2017\/#article","isPartOf":{"@id":"https:\/\/cetaradell.cat\/ce\/xxxviii-caminada-rupit-taradell-19-11-2017\/"},"author":{"name":"CET","@id":"https:\/\/cetaradell.cat\/ce\/#\/schema\/person\/92a59f585073071c7be6649e84b22f78"},"headline":"XXXVIII Caminada Rupit \u2013 Taradell (19-11-2017)","datePublished":"2017-11-30T15:20:48+00:00","dateModified":"2020-06-21T22:47:11+00:00","mainEntityOfPage":{"@id":"https:\/\/cetaradell.cat\/ce\/xxxviii-caminada-rupit-taradell-19-11-2017\/"},"wordCount":1133,"image":{"@id":"https:\/\/cetaradell.cat\/ce\/xxxviii-caminada-rupit-taradell-19-11-2017\/#primaryimage"},"thumbnailUrl":"https:\/\/cetaradell.cat\/ce\/wp-content\/uploads\/P1170775b-2017-Rupit-Taradell.jpg","articleSection":["Not\u00edcies","Rupit - Taradell"],"inLanguage":"ca"},{"@type":"WebPage","@id":"https:\/\/cetaradell.cat\/ce\/xxxviii-caminada-rupit-taradell-19-11-2017\/","url":"https:\/\/cetaradell.cat\/ce\/xxxviii-caminada-rupit-taradell-19-11-2017\/","name":"XXXVIII Caminada Rupit \u2013 Taradell (19-11-2017) - Centre Excursionista Taradell","isPartOf":{"@id":"https:\/\/cetaradell.cat\/ce\/#website"},"primaryImageOfPage":{"@id":"https:\/\/cetaradell.cat\/ce\/xxxviii-caminada-rupit-taradell-19-11-2017\/#primaryimage"},"image":{"@id":"https:\/\/cetaradell.cat\/ce\/xxxviii-caminada-rupit-taradell-19-11-2017\/#primaryimage"},"thumbnailUrl":"https:\/\/cetaradell.cat\/ce\/wp-content\/uploads\/P1170775b-2017-Rupit-Taradell.jpg","datePublished":"2017-11-30T15:20:48+00:00","dateModified":"2020-06-21T22:47:11+00:00","author":{"@id":"https:\/\/cetaradell.cat\/ce\/#\/schema\/person\/92a59f585073071c7be6649e84b22f78"},"breadcrumb":{"@id":"https:\/\/cetaradell.cat\/ce\/xxxviii-caminada-rupit-taradell-19-11-2017\/#breadcrumb"},"inLanguage":"ca","potentialAction":[{"@type":"ReadAction","target":["https:\/\/cetaradell.cat\/ce\/xxxviii-caminada-rupit-taradell-19-11-2017\/"]}]},{"@type":"ImageObject","inLanguage":"ca","@id":"https:\/\/cetaradell.cat\/ce\/xxxviii-caminada-rupit-taradell-19-11-2017\/#primaryimage","url":"https:\/\/cetaradell.cat\/ce\/wp-content\/uploads\/P1170775b-2017-Rupit-Taradell.jpg","contentUrl":"https:\/\/cetaradell.cat\/ce\/wp-content\/uploads\/P1170775b-2017-Rupit-Taradell.jpg","width":2504,"height":1878},{"@type":"BreadcrumbList","@id":"https:\/\/cetaradell.cat\/ce\/xxxviii-caminada-rupit-taradell-19-11-2017\/#breadcrumb","itemListElement":[{"@type":"ListItem","position":1,"name":"Inici","item":"https:\/\/cetaradell.cat\/ce\/"},{"@type":"ListItem","position":2,"name":"XXXVIII Caminada Rupit \u2013 Taradell (19-11-2017)"}]},{"@type":"WebSite","@id":"https:\/\/cetaradell.cat\/ce\/#website","url":"https:\/\/cetaradell.cat\/ce\/","name":"Centre Excursionista Taradell","description":"","potentialAction":[{"@type":"SearchAction","target":{"@type":"EntryPoint","urlTemplate":"https:\/\/cetaradell.cat\/ce\/?s={search_term_string}"},"query-input":{"@type":"PropertyValueSpecification","valueRequired":true,"valueName":"search_term_string"}}],"inLanguage":"ca"},{"@type":"Person","@id":"https:\/\/cetaradell.cat\/ce\/#\/schema\/person\/92a59f585073071c7be6649e84b22f78","name":"CET","image":{"@type":"ImageObject","inLanguage":"ca","@id":"https:\/\/secure.gravatar.com\/avatar\/d6fbe010d42056feccc0f613ed07277a5118442805079269f12dabdc42e1a727?s=96&d=mm&r=g","url":"https:\/\/secure.gravatar.com\/avatar\/d6fbe010d42056feccc0f613ed07277a5118442805079269f12dabdc42e1a727?s=96&d=mm&r=g","contentUrl":"https:\/\/secure.gravatar.com\/avatar\/d6fbe010d42056feccc0f613ed07277a5118442805079269f12dabdc42e1a727?s=96&d=mm&r=g","caption":"CET"},"url":"https:\/\/cetaradell.cat\/ce\/author\/root\/"}]}},"_links":{"self":[{"href":"https:\/\/cetaradell.cat\/ce\/wp-json\/wp\/v2\/posts\/6090","targetHints":{"allow":["GET"]}}],"collection":[{"href":"https:\/\/cetaradell.cat\/ce\/wp-json\/wp\/v2\/posts"}],"about":[{"href":"https:\/\/cetaradell.cat\/ce\/wp-json\/wp\/v2\/types\/post"}],"author":[{"embeddable":true,"href":"https:\/\/cetaradell.cat\/ce\/wp-json\/wp\/v2\/users\/1"}],"replies":[{"embeddable":true,"href":"https:\/\/cetaradell.cat\/ce\/wp-json\/wp\/v2\/comments?post=6090"}],"version-history":[{"count":0,"href":"https:\/\/cetaradell.cat\/ce\/wp-json\/wp\/v2\/posts\/6090\/revisions"}],"wp:featuredmedia":[{"embeddable":true,"href":"https:\/\/cetaradell.cat\/ce\/wp-json\/wp\/v2\/media\/6104"}],"wp:attachment":[{"href":"https:\/\/cetaradell.cat\/ce\/wp-json\/wp\/v2\/media?parent=6090"}],"wp:term":[{"taxonomy":"category","embeddable":true,"href":"https:\/\/cetaradell.cat\/ce\/wp-json\/wp\/v2\/categories?post=6090"},{"taxonomy":"post_tag","embeddable":true,"href":"https:\/\/cetaradell.cat\/ce\/wp-json\/wp\/v2\/tags?post=6090"}],"curies":[{"name":"wp","href":"https:\/\/api.w.org\/{rel}","templated":true}]}}