{"id":6123,"date":"2018-01-01T15:30:53","date_gmt":"2018-01-01T14:30:53","guid":{"rendered":"https:\/\/cetaradell.cat\/ce\/?p=6123"},"modified":"2020-11-07T22:51:19","modified_gmt":"2020-11-07T21:51:19","slug":"127-corredors-acomiaden-lany-a-la-sant-silvestre","status":"publish","type":"post","link":"https:\/\/cetaradell.cat\/ce\/127-corredors-acomiaden-lany-a-la-sant-silvestre\/","title":{"rendered":"127 Corredors acomiaden l\u2019any a la Sant Silvestre"},"content":{"rendered":"<div id=\"attachment_6124\" style=\"width: 310px\" class=\"wp-caption alignleft\"><a href=\"https:\/\/cetaradell.cat\/ce\/wp-content\/uploads\/P1180028.jpg\" target=\"_blank\" rel=\"attachment noopener wp-att-6124 noreferrer\"><img decoding=\"async\" aria-describedby=\"caption-attachment-6124\" class=\"wp-image-6124 size-medium\" src=\"https:\/\/cetaradell.cat\/ce\/wp-content\/uploads\/P1180028-300x225.jpg\" alt=\"P1180028\" width=\"300\" height=\"225\" srcset=\"https:\/\/cetaradell.cat\/ce\/wp-content\/uploads\/P1180028-300x225.jpg 300w, https:\/\/cetaradell.cat\/ce\/wp-content\/uploads\/P1180028-500x375.jpg 500w, https:\/\/cetaradell.cat\/ce\/wp-content\/uploads\/P1180028-700x525.jpg 700w, https:\/\/cetaradell.cat\/ce\/wp-content\/uploads\/P1180028-768x576.jpg 768w, https:\/\/cetaradell.cat\/ce\/wp-content\/uploads\/P1180028.jpg 1000w\" sizes=\"(max-width: 300px) 100vw, 300px\" \/><\/a><p id=\"caption-attachment-6124\" class=\"wp-caption-text\">8a Sant Silvestre &#8211; 2017<\/p><\/div>\n<p>El diumenge 31 de desembre, 127 atletes es van reunir a la pla\u00e7a de les Eres per participar a la vuitena edici\u00f3 de la cursa de Sant Silvestre de Taradell i aix\u00ed acomiadar l\u2019any de manera esportiva i divertida.<\/p>\n<p>La dist\u00e0ncia total de la cursa va ser d\u2019uns 8 quil\u00f2metres. Com cada any la sortida i l\u2019arribada va ser a la pla\u00e7a de les Eres i el recorregut va portar els participants fins a l\u2019Enclusa passant per; pla\u00e7a de les Eres, carrer de Vic, carrer d\u2019en Rocaguinarda, la travessa de les Sitges, la Codina, la Rompuda, el Bou, i pel serrat de Ramones fins a l\u2019Enclusa, el punt m\u00e9s alt del terme de Taradell. Des de l\u2019Enclusa, el circuit feia baixar els corredors fins a la collada de Mansa, seguia pel solell de les Moles fins a la masia de Mansa, continuava cap al pant\u00e0 de Taradell, Masgrau, can Mascarell, i entrava al poble pel carrer de Sant Sebasti\u00e0 fins a la pla\u00e7a de les Eres on hi havia l\u2019arribada.<\/p>\n<p>En aquesta cursa no es premia el m\u00e9s r\u00e0pid si no que es premia la millor disfressa masculina i femenina, per aix\u00f2 es va demanar a tots els participants que anessin disfressats o portessin algun guarniment en alguna part visible del cos. A m\u00e9s a m\u00e9s aquest any es va recomanar que es port\u00e9s algun element groc ja que \u00e9s un color molt llumin\u00f3s i d\u2019aquesta manera el corredors es fessin m\u00e9s visibles als possibles conductors que es poguessin trobar pel cam\u00ed i aix\u00ed augmentar la seguretat.<\/p>\n<p>Un cop finalitzada la cursa es va procedir a lliurar els premis a les millors disfresses i, com ja \u00e9s tradici\u00f3,<strong> Maria Font<\/strong> de Taradell, un any m\u00e9s es va emportat el premi a la millor disfressa femenina. El premi a la millor disfressa masculina va ser per <strong>Cristian Torres <\/strong>i<strong> Edu Morat\u00f3 <\/strong>de Taradell, per anar disfressats de nadadores de sincronitzada i executar amb precisi\u00f3 i estil els moviments a la sortida i arribada de la cursa.<\/p>\n<table>\n<tbody>\n<tr>\n<td>\n<p><div id=\"attachment_6125\" style=\"width: 310px\" class=\"wp-caption aligncenter\"><a href=\"https:\/\/cetaradell.cat\/ce\/wp-content\/uploads\/P1180012.jpg\" target=\"_blank\" rel=\"attachment noopener wp-att-6125 noreferrer\"><img decoding=\"async\" aria-describedby=\"caption-attachment-6125\" class=\"wp-image-6125 size-medium\" src=\"https:\/\/cetaradell.cat\/ce\/wp-content\/uploads\/P1180012-300x225.jpg\" alt=\"P1180012\" width=\"300\" height=\"225\" srcset=\"https:\/\/cetaradell.cat\/ce\/wp-content\/uploads\/P1180012-300x225.jpg 300w, https:\/\/cetaradell.cat\/ce\/wp-content\/uploads\/P1180012-500x375.jpg 500w, https:\/\/cetaradell.cat\/ce\/wp-content\/uploads\/P1180012-700x525.jpg 700w, https:\/\/cetaradell.cat\/ce\/wp-content\/uploads\/P1180012-768x576.jpg 768w, https:\/\/cetaradell.cat\/ce\/wp-content\/uploads\/P1180012.jpg 1000w\" sizes=\"(max-width: 300px) 100vw, 300px\" \/><\/a><p id=\"caption-attachment-6125\" class=\"wp-caption-text\">Maria Font, millor disfressa femenina<\/p><\/div><\/td>\n<td>\n<p><div id=\"attachment_6126\" style=\"width: 310px\" class=\"wp-caption aligncenter\"><a href=\"https:\/\/cetaradell.cat\/ce\/wp-content\/uploads\/P1180019.jpg\" target=\"_blank\" rel=\"attachment noopener wp-att-6126 noreferrer\"><img decoding=\"async\" aria-describedby=\"caption-attachment-6126\" class=\"wp-image-6126 size-medium\" src=\"https:\/\/cetaradell.cat\/ce\/wp-content\/uploads\/P1180019-300x225.jpg\" alt=\"P1180019\" width=\"300\" height=\"225\" srcset=\"https:\/\/cetaradell.cat\/ce\/wp-content\/uploads\/P1180019-300x225.jpg 300w, https:\/\/cetaradell.cat\/ce\/wp-content\/uploads\/P1180019-500x375.jpg 500w, https:\/\/cetaradell.cat\/ce\/wp-content\/uploads\/P1180019-700x525.jpg 700w, https:\/\/cetaradell.cat\/ce\/wp-content\/uploads\/P1180019-768x576.jpg 768w, https:\/\/cetaradell.cat\/ce\/wp-content\/uploads\/P1180019.jpg 1000w\" sizes=\"(max-width: 300px) 100vw, 300px\" \/><\/a><p id=\"caption-attachment-6126\" class=\"wp-caption-text\">EduMorat\u00f3 i Crisitan Torres, millor disfressa masculina<\/p><\/div><\/td>\n<\/tr>\n<\/tbody>\n<\/table>\n<p>Tot i que no es premia els m\u00e9s r\u00e0pids cal dir que el taradellenc <strong>Lle\u00efr Pladevall <\/strong>va completar el recorregut en poc m\u00e9s de mitja hora i que la primera dona en travessar la l\u00ednia de meta va ser <strong>Jana Aguilar Bruch <\/strong>de Folgueroles.<\/p>\n<p>A l\u2019arribada tots els participants van ser \u00a0convidats a coca amb llonganissa i cava o refrescos per tal de celebrar el fi d\u2019any. I com en les passades edicions, es va fer una inscripci\u00f3 solid\u00e0ria de manera que la meitat de la recaptaci\u00f3 \u00a0va ser destinada a la Marat\u00f3 de TV3.<\/p>\n<h3>Fotografies i not\u00edc\u00edes:<\/h3>\n<ul>\n<li><a href=\"https:\/\/photos.app.goo.gl\/3MHQ1otdxeDJeXbf2\" target=\"_blank\" rel=\"noopener noreferrer\">Centre Excursionista Taradell: <strong>\u00e0lbum de fotografies <\/strong>(\u2192)<\/a><\/li>\n<li><a href=\"https:\/\/www.taradell.com\/2018\/01\/01\/8a-sant-silvestre-reuneix-mes-120-participants-amb-color-groc-com-protagonista\/\" target=\"_blank\" rel=\"noopener noreferrer\">Taradell.com: <strong>La 8a Sant Silvestre reuneix m\u00e9s de 120 participants amb el color groc com a protagonista <\/strong>(\u2192)<\/a><\/li>\n<li>R\u00e0dio Taradell: <strong>127 atletes tanquen l&#8217;any corrent a Taradell<\/strong> (\u2192)<\/li>\n<\/ul>\n","protected":false},"excerpt":{"rendered":"<p>El diumenge 31 de desembre, 127 atletes es van reunir a la pla\u00e7a de les Eres per participar a la vuitena edici\u00f3 de la cursa de Sant Silvestre de Taradell i aix\u00ed acomiadar l\u2019any de manera esportiva i divertida. La dist\u00e0ncia total de la cursa va ser d\u2019uns 8 quil\u00f2metres.  [&#8230;]<\/p>\n","protected":false},"author":1,"featured_media":6124,"comment_status":"closed","ping_status":"closed","sticky":false,"template":"","format":"standard","meta":{"footnotes":""},"categories":[8,3,33],"tags":[],"class_list":["post-6123","post","type-post","status-publish","format-standard","has-post-thumbnail","hentry","category-curses","category-noticies","category-sant-silvestre"],"yoast_head":"<!-- This site is optimized with the Yoast SEO plugin v27.5 - https:\/\/yoast.com\/product\/yoast-seo-wordpress\/ -->\n<title>127 Corredors acomiaden l\u2019any a la Sant Silvestre - Centre Excursionista Taradell<\/title>\n<meta name=\"robots\" content=\"index, follow, max-snippet:-1, max-image-preview:large, max-video-preview:-1\" \/>\n<link rel=\"canonical\" href=\"https:\/\/cetaradell.cat\/ce\/127-corredors-acomiaden-lany-a-la-sant-silvestre\/\" \/>\n<meta property=\"og:locale\" content=\"ca_ES\" \/>\n<meta property=\"og:type\" content=\"article\" \/>\n<meta property=\"og:title\" content=\"127 Corredors acomiaden l\u2019any a la Sant Silvestre - Centre Excursionista Taradell\" \/>\n<meta property=\"og:description\" content=\"El diumenge 31 de desembre, 127 atletes es van reunir a la pla\u00e7a de les Eres per participar a la vuitena edici\u00f3 de la cursa de Sant Silvestre de Taradell i aix\u00ed acomiadar l\u2019any de manera esportiva i divertida. La dist\u00e0ncia total de la cursa va ser d\u2019uns 8 quil\u00f2metres. [...]\" \/>\n<meta property=\"og:url\" content=\"https:\/\/cetaradell.cat\/ce\/127-corredors-acomiaden-lany-a-la-sant-silvestre\/\" \/>\n<meta property=\"og:site_name\" content=\"Centre Excursionista Taradell\" \/>\n<meta property=\"article:publisher\" content=\"https:\/\/www.facebook.com\/CETaradell\/\" \/>\n<meta property=\"article:published_time\" content=\"2018-01-01T14:30:53+00:00\" \/>\n<meta property=\"article:modified_time\" content=\"2020-11-07T21:51:19+00:00\" \/>\n<meta property=\"og:image\" content=\"https:\/\/cetaradell.cat\/ce\/wp-content\/uploads\/P1180028.jpg\" \/>\n\t<meta property=\"og:image:width\" content=\"1000\" \/>\n\t<meta property=\"og:image:height\" content=\"750\" \/>\n\t<meta property=\"og:image:type\" content=\"image\/jpeg\" \/>\n<meta name=\"author\" content=\"CET\" \/>\n<meta name=\"twitter:card\" content=\"summary_large_image\" \/>\n<meta name=\"twitter:label1\" content=\"Escrit per\" \/>\n\t<meta name=\"twitter:data1\" content=\"CET\" \/>\n\t<meta name=\"twitter:label2\" content=\"Temps estimat de lectura\" \/>\n\t<meta name=\"twitter:data2\" content=\"3 minuts\" \/>\n<script type=\"application\/ld+json\" class=\"yoast-schema-graph\">{\"@context\":\"https:\\\/\\\/schema.org\",\"@graph\":[{\"@type\":\"Article\",\"@id\":\"https:\\\/\\\/cetaradell.cat\\\/ce\\\/127-corredors-acomiaden-lany-a-la-sant-silvestre\\\/#article\",\"isPartOf\":{\"@id\":\"https:\\\/\\\/cetaradell.cat\\\/ce\\\/127-corredors-acomiaden-lany-a-la-sant-silvestre\\\/\"},\"author\":{\"name\":\"CET\",\"@id\":\"https:\\\/\\\/cetaradell.cat\\\/ce\\\/#\\\/schema\\\/person\\\/92a59f585073071c7be6649e84b22f78\"},\"headline\":\"127 Corredors acomiaden l\u2019any a la Sant Silvestre\",\"datePublished\":\"2018-01-01T14:30:53+00:00\",\"dateModified\":\"2020-11-07T21:51:19+00:00\",\"mainEntityOfPage\":{\"@id\":\"https:\\\/\\\/cetaradell.cat\\\/ce\\\/127-corredors-acomiaden-lany-a-la-sant-silvestre\\\/\"},\"wordCount\":543,\"image\":{\"@id\":\"https:\\\/\\\/cetaradell.cat\\\/ce\\\/127-corredors-acomiaden-lany-a-la-sant-silvestre\\\/#primaryimage\"},\"thumbnailUrl\":\"https:\\\/\\\/cetaradell.cat\\\/ce\\\/wp-content\\\/uploads\\\/P1180028.jpg\",\"articleSection\":[\"Curses\",\"Not\u00edcies\",\"Sant Silvestre\"],\"inLanguage\":\"ca\"},{\"@type\":\"WebPage\",\"@id\":\"https:\\\/\\\/cetaradell.cat\\\/ce\\\/127-corredors-acomiaden-lany-a-la-sant-silvestre\\\/\",\"url\":\"https:\\\/\\\/cetaradell.cat\\\/ce\\\/127-corredors-acomiaden-lany-a-la-sant-silvestre\\\/\",\"name\":\"127 Corredors acomiaden l\u2019any a la Sant Silvestre - Centre Excursionista Taradell\",\"isPartOf\":{\"@id\":\"https:\\\/\\\/cetaradell.cat\\\/ce\\\/#website\"},\"primaryImageOfPage\":{\"@id\":\"https:\\\/\\\/cetaradell.cat\\\/ce\\\/127-corredors-acomiaden-lany-a-la-sant-silvestre\\\/#primaryimage\"},\"image\":{\"@id\":\"https:\\\/\\\/cetaradell.cat\\\/ce\\\/127-corredors-acomiaden-lany-a-la-sant-silvestre\\\/#primaryimage\"},\"thumbnailUrl\":\"https:\\\/\\\/cetaradell.cat\\\/ce\\\/wp-content\\\/uploads\\\/P1180028.jpg\",\"datePublished\":\"2018-01-01T14:30:53+00:00\",\"dateModified\":\"2020-11-07T21:51:19+00:00\",\"author\":{\"@id\":\"https:\\\/\\\/cetaradell.cat\\\/ce\\\/#\\\/schema\\\/person\\\/92a59f585073071c7be6649e84b22f78\"},\"breadcrumb\":{\"@id\":\"https:\\\/\\\/cetaradell.cat\\\/ce\\\/127-corredors-acomiaden-lany-a-la-sant-silvestre\\\/#breadcrumb\"},\"inLanguage\":\"ca\",\"potentialAction\":[{\"@type\":\"ReadAction\",\"target\":[\"https:\\\/\\\/cetaradell.cat\\\/ce\\\/127-corredors-acomiaden-lany-a-la-sant-silvestre\\\/\"]}]},{\"@type\":\"ImageObject\",\"inLanguage\":\"ca\",\"@id\":\"https:\\\/\\\/cetaradell.cat\\\/ce\\\/127-corredors-acomiaden-lany-a-la-sant-silvestre\\\/#primaryimage\",\"url\":\"https:\\\/\\\/cetaradell.cat\\\/ce\\\/wp-content\\\/uploads\\\/P1180028.jpg\",\"contentUrl\":\"https:\\\/\\\/cetaradell.cat\\\/ce\\\/wp-content\\\/uploads\\\/P1180028.jpg\",\"width\":1000,\"height\":750},{\"@type\":\"BreadcrumbList\",\"@id\":\"https:\\\/\\\/cetaradell.cat\\\/ce\\\/127-corredors-acomiaden-lany-a-la-sant-silvestre\\\/#breadcrumb\",\"itemListElement\":[{\"@type\":\"ListItem\",\"position\":1,\"name\":\"Inici\",\"item\":\"https:\\\/\\\/cetaradell.cat\\\/ce\\\/\"},{\"@type\":\"ListItem\",\"position\":2,\"name\":\"127 Corredors acomiaden l\u2019any a la Sant Silvestre\"}]},{\"@type\":\"WebSite\",\"@id\":\"https:\\\/\\\/cetaradell.cat\\\/ce\\\/#website\",\"url\":\"https:\\\/\\\/cetaradell.cat\\\/ce\\\/\",\"name\":\"Centre Excursionista Taradell\",\"description\":\"\",\"potentialAction\":[{\"@type\":\"SearchAction\",\"target\":{\"@type\":\"EntryPoint\",\"urlTemplate\":\"https:\\\/\\\/cetaradell.cat\\\/ce\\\/?s={search_term_string}\"},\"query-input\":{\"@type\":\"PropertyValueSpecification\",\"valueRequired\":true,\"valueName\":\"search_term_string\"}}],\"inLanguage\":\"ca\"},{\"@type\":\"Person\",\"@id\":\"https:\\\/\\\/cetaradell.cat\\\/ce\\\/#\\\/schema\\\/person\\\/92a59f585073071c7be6649e84b22f78\",\"name\":\"CET\",\"image\":{\"@type\":\"ImageObject\",\"inLanguage\":\"ca\",\"@id\":\"https:\\\/\\\/secure.gravatar.com\\\/avatar\\\/d6fbe010d42056feccc0f613ed07277a5118442805079269f12dabdc42e1a727?s=96&d=mm&r=g\",\"url\":\"https:\\\/\\\/secure.gravatar.com\\\/avatar\\\/d6fbe010d42056feccc0f613ed07277a5118442805079269f12dabdc42e1a727?s=96&d=mm&r=g\",\"contentUrl\":\"https:\\\/\\\/secure.gravatar.com\\\/avatar\\\/d6fbe010d42056feccc0f613ed07277a5118442805079269f12dabdc42e1a727?s=96&d=mm&r=g\",\"caption\":\"CET\"},\"url\":\"https:\\\/\\\/cetaradell.cat\\\/ce\\\/author\\\/root\\\/\"}]}<\/script>\n<!-- \/ Yoast SEO plugin. -->","yoast_head_json":{"title":"127 Corredors acomiaden l\u2019any a la Sant Silvestre - Centre Excursionista Taradell","robots":{"index":"index","follow":"follow","max-snippet":"max-snippet:-1","max-image-preview":"max-image-preview:large","max-video-preview":"max-video-preview:-1"},"canonical":"https:\/\/cetaradell.cat\/ce\/127-corredors-acomiaden-lany-a-la-sant-silvestre\/","og_locale":"ca_ES","og_type":"article","og_title":"127 Corredors acomiaden l\u2019any a la Sant Silvestre - Centre Excursionista Taradell","og_description":"El diumenge 31 de desembre, 127 atletes es van reunir a la pla\u00e7a de les Eres per participar a la vuitena edici\u00f3 de la cursa de Sant Silvestre de Taradell i aix\u00ed acomiadar l\u2019any de manera esportiva i divertida. La dist\u00e0ncia total de la cursa va ser d\u2019uns 8 quil\u00f2metres. [...]","og_url":"https:\/\/cetaradell.cat\/ce\/127-corredors-acomiaden-lany-a-la-sant-silvestre\/","og_site_name":"Centre Excursionista Taradell","article_publisher":"https:\/\/www.facebook.com\/CETaradell\/","article_published_time":"2018-01-01T14:30:53+00:00","article_modified_time":"2020-11-07T21:51:19+00:00","og_image":[{"width":1000,"height":750,"url":"https:\/\/cetaradell.cat\/ce\/wp-content\/uploads\/P1180028.jpg","type":"image\/jpeg"}],"author":"CET","twitter_card":"summary_large_image","twitter_misc":{"Escrit per":"CET","Temps estimat de lectura":"3 minuts"},"schema":{"@context":"https:\/\/schema.org","@graph":[{"@type":"Article","@id":"https:\/\/cetaradell.cat\/ce\/127-corredors-acomiaden-lany-a-la-sant-silvestre\/#article","isPartOf":{"@id":"https:\/\/cetaradell.cat\/ce\/127-corredors-acomiaden-lany-a-la-sant-silvestre\/"},"author":{"name":"CET","@id":"https:\/\/cetaradell.cat\/ce\/#\/schema\/person\/92a59f585073071c7be6649e84b22f78"},"headline":"127 Corredors acomiaden l\u2019any a la Sant Silvestre","datePublished":"2018-01-01T14:30:53+00:00","dateModified":"2020-11-07T21:51:19+00:00","mainEntityOfPage":{"@id":"https:\/\/cetaradell.cat\/ce\/127-corredors-acomiaden-lany-a-la-sant-silvestre\/"},"wordCount":543,"image":{"@id":"https:\/\/cetaradell.cat\/ce\/127-corredors-acomiaden-lany-a-la-sant-silvestre\/#primaryimage"},"thumbnailUrl":"https:\/\/cetaradell.cat\/ce\/wp-content\/uploads\/P1180028.jpg","articleSection":["Curses","Not\u00edcies","Sant Silvestre"],"inLanguage":"ca"},{"@type":"WebPage","@id":"https:\/\/cetaradell.cat\/ce\/127-corredors-acomiaden-lany-a-la-sant-silvestre\/","url":"https:\/\/cetaradell.cat\/ce\/127-corredors-acomiaden-lany-a-la-sant-silvestre\/","name":"127 Corredors acomiaden l\u2019any a la Sant Silvestre - Centre Excursionista Taradell","isPartOf":{"@id":"https:\/\/cetaradell.cat\/ce\/#website"},"primaryImageOfPage":{"@id":"https:\/\/cetaradell.cat\/ce\/127-corredors-acomiaden-lany-a-la-sant-silvestre\/#primaryimage"},"image":{"@id":"https:\/\/cetaradell.cat\/ce\/127-corredors-acomiaden-lany-a-la-sant-silvestre\/#primaryimage"},"thumbnailUrl":"https:\/\/cetaradell.cat\/ce\/wp-content\/uploads\/P1180028.jpg","datePublished":"2018-01-01T14:30:53+00:00","dateModified":"2020-11-07T21:51:19+00:00","author":{"@id":"https:\/\/cetaradell.cat\/ce\/#\/schema\/person\/92a59f585073071c7be6649e84b22f78"},"breadcrumb":{"@id":"https:\/\/cetaradell.cat\/ce\/127-corredors-acomiaden-lany-a-la-sant-silvestre\/#breadcrumb"},"inLanguage":"ca","potentialAction":[{"@type":"ReadAction","target":["https:\/\/cetaradell.cat\/ce\/127-corredors-acomiaden-lany-a-la-sant-silvestre\/"]}]},{"@type":"ImageObject","inLanguage":"ca","@id":"https:\/\/cetaradell.cat\/ce\/127-corredors-acomiaden-lany-a-la-sant-silvestre\/#primaryimage","url":"https:\/\/cetaradell.cat\/ce\/wp-content\/uploads\/P1180028.jpg","contentUrl":"https:\/\/cetaradell.cat\/ce\/wp-content\/uploads\/P1180028.jpg","width":1000,"height":750},{"@type":"BreadcrumbList","@id":"https:\/\/cetaradell.cat\/ce\/127-corredors-acomiaden-lany-a-la-sant-silvestre\/#breadcrumb","itemListElement":[{"@type":"ListItem","position":1,"name":"Inici","item":"https:\/\/cetaradell.cat\/ce\/"},{"@type":"ListItem","position":2,"name":"127 Corredors acomiaden l\u2019any a la Sant Silvestre"}]},{"@type":"WebSite","@id":"https:\/\/cetaradell.cat\/ce\/#website","url":"https:\/\/cetaradell.cat\/ce\/","name":"Centre Excursionista Taradell","description":"","potentialAction":[{"@type":"SearchAction","target":{"@type":"EntryPoint","urlTemplate":"https:\/\/cetaradell.cat\/ce\/?s={search_term_string}"},"query-input":{"@type":"PropertyValueSpecification","valueRequired":true,"valueName":"search_term_string"}}],"inLanguage":"ca"},{"@type":"Person","@id":"https:\/\/cetaradell.cat\/ce\/#\/schema\/person\/92a59f585073071c7be6649e84b22f78","name":"CET","image":{"@type":"ImageObject","inLanguage":"ca","@id":"https:\/\/secure.gravatar.com\/avatar\/d6fbe010d42056feccc0f613ed07277a5118442805079269f12dabdc42e1a727?s=96&d=mm&r=g","url":"https:\/\/secure.gravatar.com\/avatar\/d6fbe010d42056feccc0f613ed07277a5118442805079269f12dabdc42e1a727?s=96&d=mm&r=g","contentUrl":"https:\/\/secure.gravatar.com\/avatar\/d6fbe010d42056feccc0f613ed07277a5118442805079269f12dabdc42e1a727?s=96&d=mm&r=g","caption":"CET"},"url":"https:\/\/cetaradell.cat\/ce\/author\/root\/"}]}},"_links":{"self":[{"href":"https:\/\/cetaradell.cat\/ce\/wp-json\/wp\/v2\/posts\/6123","targetHints":{"allow":["GET"]}}],"collection":[{"href":"https:\/\/cetaradell.cat\/ce\/wp-json\/wp\/v2\/posts"}],"about":[{"href":"https:\/\/cetaradell.cat\/ce\/wp-json\/wp\/v2\/types\/post"}],"author":[{"embeddable":true,"href":"https:\/\/cetaradell.cat\/ce\/wp-json\/wp\/v2\/users\/1"}],"replies":[{"embeddable":true,"href":"https:\/\/cetaradell.cat\/ce\/wp-json\/wp\/v2\/comments?post=6123"}],"version-history":[{"count":0,"href":"https:\/\/cetaradell.cat\/ce\/wp-json\/wp\/v2\/posts\/6123\/revisions"}],"wp:featuredmedia":[{"embeddable":true,"href":"https:\/\/cetaradell.cat\/ce\/wp-json\/wp\/v2\/media\/6124"}],"wp:attachment":[{"href":"https:\/\/cetaradell.cat\/ce\/wp-json\/wp\/v2\/media?parent=6123"}],"wp:term":[{"taxonomy":"category","embeddable":true,"href":"https:\/\/cetaradell.cat\/ce\/wp-json\/wp\/v2\/categories?post=6123"},{"taxonomy":"post_tag","embeddable":true,"href":"https:\/\/cetaradell.cat\/ce\/wp-json\/wp\/v2\/tags?post=6123"}],"curies":[{"name":"wp","href":"https:\/\/api.w.org\/{rel}","templated":true}]}}