{"id":6235,"date":"2018-03-17T00:21:50","date_gmt":"2018-03-16T23:21:50","guid":{"rendered":"https:\/\/cetaradell.cat\/ce\/?p=6235"},"modified":"2020-06-21T10:37:38","modified_gmt":"2020-06-21T09:37:38","slug":"el-cet-lenclusa-o-als-2-dies-de-requesens","status":"publish","type":"post","link":"https:\/\/cetaradell.cat\/ce\/el-cet-lenclusa-o-als-2-dies-de-requesens\/","title":{"rendered":"El CET L\u2019Enclusa-O als 2 Dies de Requesens"},"content":{"rendered":"<div id=\"attachment_6236\" style=\"width: 310px\" class=\"wp-caption alignleft\"><a href=\"https:\/\/cetaradell.cat\/ce\/wp-content\/uploads\/2018-03-11-2dies_RequesensFoto_MBallabriga.jpeg\" target=\"_blank\" rel=\"attachment noopener wp-att-6236 noreferrer\"><img decoding=\"async\" aria-describedby=\"caption-attachment-6236\" class=\"wp-image-6236 size-medium\" src=\"https:\/\/cetaradell.cat\/ce\/wp-content\/uploads\/2018-03-11-2dies_RequesensFoto_MBallabriga-300x225.jpeg\" alt=\"2018-03-11-2dies_Requesens(Foto_MBallabriga)\" width=\"300\" height=\"225\" srcset=\"https:\/\/cetaradell.cat\/ce\/wp-content\/uploads\/2018-03-11-2dies_RequesensFoto_MBallabriga-300x225.jpeg 300w, https:\/\/cetaradell.cat\/ce\/wp-content\/uploads\/2018-03-11-2dies_RequesensFoto_MBallabriga-500x375.jpeg 500w, https:\/\/cetaradell.cat\/ce\/wp-content\/uploads\/2018-03-11-2dies_RequesensFoto_MBallabriga-700x526.jpeg 700w, https:\/\/cetaradell.cat\/ce\/wp-content\/uploads\/2018-03-11-2dies_RequesensFoto_MBallabriga-768x577.jpeg 768w, https:\/\/cetaradell.cat\/ce\/wp-content\/uploads\/2018-03-11-2dies_RequesensFoto_MBallabriga-1024x769.jpeg 1024w, https:\/\/cetaradell.cat\/ce\/wp-content\/uploads\/2018-03-11-2dies_RequesensFoto_MBallabriga.jpeg 1196w\" sizes=\"(max-width: 300px) 100vw, 300px\" \/><\/a><p id=\"caption-attachment-6236\" class=\"wp-caption-text\">2 Dies de Requesens. Podi de la categoria 21A (Foto: Marc Ballabriga)<\/p><\/div>\n<p>El cap de setmana del 10 a l\u201911 de mar\u00e7 es van celebrar la segona edici\u00f3 dels <strong>Dos dies de Requesens \u2013 2018,<\/strong> que va consistir en dues curses d\u2019orientaci\u00f3 per al Parc Natural de l\u2019Albera, les quals puntuaven per a la Copa Catalana de Curses d\u2019Orientaci\u00f3 a Peu i una cursa sprint al castell de Requesens i el seu entorn.<\/p>\n<p>Els orientadors del CET L\u2019enclusa-O: <strong>Josep Maria Freixas<\/strong>, <strong>Meritxell Freixas<\/strong> i <strong>Marc Ballabriga<\/strong> el dissabte el mat\u00ed van participar a la cursa de mitja dist\u00e0ncia i el diumenge a la de\u00a0 llarga dist\u00e0ncia, ambd\u00f3s dies a la categoria 21A. A m\u00e9s a m\u00e9s el dissabte a la tarda tamb\u00e9 van participar una la prova sprint al castell de Requesens que es va organitzar fora de competici\u00f3, per\u00f2 que pretenia ser una cursa divertida i entretinguda aprofitant els encants del castell.<\/p>\n<p>Una vegada m\u00e9s els germans Freixas van aconseguit bons resultats a les dues curses puntuables de manera que al sumar el resultat de les dues proves <strong>Josep Maria Freixas<\/strong> es va classificar en <strong>primer lloc<\/strong> de la categoria Homes 21A (3r el dissabte i 1r el diumenge) i <strong>Meritxell Freixas <\/strong>va ser <strong>la segona classificada<\/strong> de la categoria Dones 21A (4a el dissabte i 3a el diumenge). Per altra banda, <strong>Marc Ballabriga<\/strong> nom\u00e9s va puntuar a la cursa de dissabte en la qual va aconseguir una destacable 7a posici\u00f3.<\/p>\n","protected":false},"excerpt":{"rendered":"<p>El cap de setmana del 10 a l\u201911 de mar\u00e7 es van celebrar la segona edici\u00f3 dels Dos dies de Requesens \u2013 2018, que va consistir en dues curses d\u2019orientaci\u00f3 per al Parc Natural de l\u2019Albera, les quals puntuaven per a la Copa Catalana de Curses d\u2019Orientaci\u00f3 a Peu i  [&#8230;]<\/p>\n","protected":false},"author":1,"featured_media":6236,"comment_status":"closed","ping_status":"closed","sticky":false,"template":"","format":"standard","meta":{"footnotes":""},"categories":[46,3],"tags":[],"class_list":["post-6235","post","type-post","status-publish","format-standard","has-post-thumbnail","hentry","category-equip-cet-lenclusa-o","category-noticies"],"yoast_head":"<!-- This site is optimized with the Yoast SEO plugin v27.5 - https:\/\/yoast.com\/product\/yoast-seo-wordpress\/ -->\n<title>El CET L\u2019Enclusa-O als 2 Dies de Requesens - Centre Excursionista Taradell<\/title>\n<meta name=\"robots\" content=\"index, follow, max-snippet:-1, max-image-preview:large, max-video-preview:-1\" \/>\n<link rel=\"canonical\" href=\"https:\/\/cetaradell.cat\/ce\/el-cet-lenclusa-o-als-2-dies-de-requesens\/\" \/>\n<meta property=\"og:locale\" content=\"ca_ES\" \/>\n<meta property=\"og:type\" content=\"article\" \/>\n<meta property=\"og:title\" content=\"El CET L\u2019Enclusa-O als 2 Dies de Requesens - Centre Excursionista Taradell\" \/>\n<meta property=\"og:description\" content=\"El cap de setmana del 10 a l\u201911 de mar\u00e7 es van celebrar la segona edici\u00f3 dels Dos dies de Requesens \u2013 2018, que va consistir en dues curses d\u2019orientaci\u00f3 per al Parc Natural de l\u2019Albera, les quals puntuaven per a la Copa Catalana de Curses d\u2019Orientaci\u00f3 a Peu i [...]\" \/>\n<meta property=\"og:url\" content=\"https:\/\/cetaradell.cat\/ce\/el-cet-lenclusa-o-als-2-dies-de-requesens\/\" \/>\n<meta property=\"og:site_name\" content=\"Centre Excursionista Taradell\" \/>\n<meta property=\"article:publisher\" content=\"https:\/\/www.facebook.com\/CETaradell\/\" \/>\n<meta property=\"article:published_time\" content=\"2018-03-16T23:21:50+00:00\" \/>\n<meta property=\"article:modified_time\" content=\"2020-06-21T09:37:38+00:00\" \/>\n<meta property=\"og:image\" content=\"https:\/\/cetaradell.cat\/ce\/wp-content\/uploads\/2018-03-11-2dies_RequesensFoto_MBallabriga.jpeg\" \/>\n\t<meta property=\"og:image:width\" content=\"1196\" \/>\n\t<meta property=\"og:image:height\" content=\"898\" \/>\n\t<meta property=\"og:image:type\" content=\"image\/jpeg\" \/>\n<meta name=\"author\" content=\"CET\" \/>\n<meta name=\"twitter:card\" content=\"summary_large_image\" \/>\n<meta name=\"twitter:label1\" content=\"Escrit per\" \/>\n\t<meta name=\"twitter:data1\" content=\"CET\" \/>\n\t<meta name=\"twitter:label2\" content=\"Temps estimat de lectura\" \/>\n\t<meta name=\"twitter:data2\" content=\"1 minut\" \/>\n<script type=\"application\/ld+json\" class=\"yoast-schema-graph\">{\"@context\":\"https:\\\/\\\/schema.org\",\"@graph\":[{\"@type\":\"Article\",\"@id\":\"https:\\\/\\\/cetaradell.cat\\\/ce\\\/el-cet-lenclusa-o-als-2-dies-de-requesens\\\/#article\",\"isPartOf\":{\"@id\":\"https:\\\/\\\/cetaradell.cat\\\/ce\\\/el-cet-lenclusa-o-als-2-dies-de-requesens\\\/\"},\"author\":{\"name\":\"CET\",\"@id\":\"https:\\\/\\\/cetaradell.cat\\\/ce\\\/#\\\/schema\\\/person\\\/92a59f585073071c7be6649e84b22f78\"},\"headline\":\"El CET L\u2019Enclusa-O als 2 Dies de Requesens\",\"datePublished\":\"2018-03-16T23:21:50+00:00\",\"dateModified\":\"2020-06-21T09:37:38+00:00\",\"mainEntityOfPage\":{\"@id\":\"https:\\\/\\\/cetaradell.cat\\\/ce\\\/el-cet-lenclusa-o-als-2-dies-de-requesens\\\/\"},\"wordCount\":264,\"image\":{\"@id\":\"https:\\\/\\\/cetaradell.cat\\\/ce\\\/el-cet-lenclusa-o-als-2-dies-de-requesens\\\/#primaryimage\"},\"thumbnailUrl\":\"https:\\\/\\\/cetaradell.cat\\\/ce\\\/wp-content\\\/uploads\\\/2018-03-11-2dies_RequesensFoto_MBallabriga.jpeg\",\"articleSection\":[\"Equip CET L'Enclusa-O\",\"Not\u00edcies\"],\"inLanguage\":\"ca\"},{\"@type\":\"WebPage\",\"@id\":\"https:\\\/\\\/cetaradell.cat\\\/ce\\\/el-cet-lenclusa-o-als-2-dies-de-requesens\\\/\",\"url\":\"https:\\\/\\\/cetaradell.cat\\\/ce\\\/el-cet-lenclusa-o-als-2-dies-de-requesens\\\/\",\"name\":\"El CET L\u2019Enclusa-O als 2 Dies de Requesens - Centre Excursionista Taradell\",\"isPartOf\":{\"@id\":\"https:\\\/\\\/cetaradell.cat\\\/ce\\\/#website\"},\"primaryImageOfPage\":{\"@id\":\"https:\\\/\\\/cetaradell.cat\\\/ce\\\/el-cet-lenclusa-o-als-2-dies-de-requesens\\\/#primaryimage\"},\"image\":{\"@id\":\"https:\\\/\\\/cetaradell.cat\\\/ce\\\/el-cet-lenclusa-o-als-2-dies-de-requesens\\\/#primaryimage\"},\"thumbnailUrl\":\"https:\\\/\\\/cetaradell.cat\\\/ce\\\/wp-content\\\/uploads\\\/2018-03-11-2dies_RequesensFoto_MBallabriga.jpeg\",\"datePublished\":\"2018-03-16T23:21:50+00:00\",\"dateModified\":\"2020-06-21T09:37:38+00:00\",\"author\":{\"@id\":\"https:\\\/\\\/cetaradell.cat\\\/ce\\\/#\\\/schema\\\/person\\\/92a59f585073071c7be6649e84b22f78\"},\"breadcrumb\":{\"@id\":\"https:\\\/\\\/cetaradell.cat\\\/ce\\\/el-cet-lenclusa-o-als-2-dies-de-requesens\\\/#breadcrumb\"},\"inLanguage\":\"ca\",\"potentialAction\":[{\"@type\":\"ReadAction\",\"target\":[\"https:\\\/\\\/cetaradell.cat\\\/ce\\\/el-cet-lenclusa-o-als-2-dies-de-requesens\\\/\"]}]},{\"@type\":\"ImageObject\",\"inLanguage\":\"ca\",\"@id\":\"https:\\\/\\\/cetaradell.cat\\\/ce\\\/el-cet-lenclusa-o-als-2-dies-de-requesens\\\/#primaryimage\",\"url\":\"https:\\\/\\\/cetaradell.cat\\\/ce\\\/wp-content\\\/uploads\\\/2018-03-11-2dies_RequesensFoto_MBallabriga.jpeg\",\"contentUrl\":\"https:\\\/\\\/cetaradell.cat\\\/ce\\\/wp-content\\\/uploads\\\/2018-03-11-2dies_RequesensFoto_MBallabriga.jpeg\",\"width\":1196,\"height\":898},{\"@type\":\"BreadcrumbList\",\"@id\":\"https:\\\/\\\/cetaradell.cat\\\/ce\\\/el-cet-lenclusa-o-als-2-dies-de-requesens\\\/#breadcrumb\",\"itemListElement\":[{\"@type\":\"ListItem\",\"position\":1,\"name\":\"Inici\",\"item\":\"https:\\\/\\\/cetaradell.cat\\\/ce\\\/\"},{\"@type\":\"ListItem\",\"position\":2,\"name\":\"El CET L\u2019Enclusa-O als 2 Dies de Requesens\"}]},{\"@type\":\"WebSite\",\"@id\":\"https:\\\/\\\/cetaradell.cat\\\/ce\\\/#website\",\"url\":\"https:\\\/\\\/cetaradell.cat\\\/ce\\\/\",\"name\":\"Centre Excursionista Taradell\",\"description\":\"\",\"potentialAction\":[{\"@type\":\"SearchAction\",\"target\":{\"@type\":\"EntryPoint\",\"urlTemplate\":\"https:\\\/\\\/cetaradell.cat\\\/ce\\\/?s={search_term_string}\"},\"query-input\":{\"@type\":\"PropertyValueSpecification\",\"valueRequired\":true,\"valueName\":\"search_term_string\"}}],\"inLanguage\":\"ca\"},{\"@type\":\"Person\",\"@id\":\"https:\\\/\\\/cetaradell.cat\\\/ce\\\/#\\\/schema\\\/person\\\/92a59f585073071c7be6649e84b22f78\",\"name\":\"CET\",\"image\":{\"@type\":\"ImageObject\",\"inLanguage\":\"ca\",\"@id\":\"https:\\\/\\\/secure.gravatar.com\\\/avatar\\\/d6fbe010d42056feccc0f613ed07277a5118442805079269f12dabdc42e1a727?s=96&d=mm&r=g\",\"url\":\"https:\\\/\\\/secure.gravatar.com\\\/avatar\\\/d6fbe010d42056feccc0f613ed07277a5118442805079269f12dabdc42e1a727?s=96&d=mm&r=g\",\"contentUrl\":\"https:\\\/\\\/secure.gravatar.com\\\/avatar\\\/d6fbe010d42056feccc0f613ed07277a5118442805079269f12dabdc42e1a727?s=96&d=mm&r=g\",\"caption\":\"CET\"},\"url\":\"https:\\\/\\\/cetaradell.cat\\\/ce\\\/author\\\/root\\\/\"}]}<\/script>\n<!-- \/ Yoast SEO plugin. -->","yoast_head_json":{"title":"El CET L\u2019Enclusa-O als 2 Dies de Requesens - Centre Excursionista Taradell","robots":{"index":"index","follow":"follow","max-snippet":"max-snippet:-1","max-image-preview":"max-image-preview:large","max-video-preview":"max-video-preview:-1"},"canonical":"https:\/\/cetaradell.cat\/ce\/el-cet-lenclusa-o-als-2-dies-de-requesens\/","og_locale":"ca_ES","og_type":"article","og_title":"El CET L\u2019Enclusa-O als 2 Dies de Requesens - Centre Excursionista Taradell","og_description":"El cap de setmana del 10 a l\u201911 de mar\u00e7 es van celebrar la segona edici\u00f3 dels Dos dies de Requesens \u2013 2018, que va consistir en dues curses d\u2019orientaci\u00f3 per al Parc Natural de l\u2019Albera, les quals puntuaven per a la Copa Catalana de Curses d\u2019Orientaci\u00f3 a Peu i [...]","og_url":"https:\/\/cetaradell.cat\/ce\/el-cet-lenclusa-o-als-2-dies-de-requesens\/","og_site_name":"Centre Excursionista Taradell","article_publisher":"https:\/\/www.facebook.com\/CETaradell\/","article_published_time":"2018-03-16T23:21:50+00:00","article_modified_time":"2020-06-21T09:37:38+00:00","og_image":[{"width":1196,"height":898,"url":"https:\/\/cetaradell.cat\/ce\/wp-content\/uploads\/2018-03-11-2dies_RequesensFoto_MBallabriga.jpeg","type":"image\/jpeg"}],"author":"CET","twitter_card":"summary_large_image","twitter_misc":{"Escrit per":"CET","Temps estimat de lectura":"1 minut"},"schema":{"@context":"https:\/\/schema.org","@graph":[{"@type":"Article","@id":"https:\/\/cetaradell.cat\/ce\/el-cet-lenclusa-o-als-2-dies-de-requesens\/#article","isPartOf":{"@id":"https:\/\/cetaradell.cat\/ce\/el-cet-lenclusa-o-als-2-dies-de-requesens\/"},"author":{"name":"CET","@id":"https:\/\/cetaradell.cat\/ce\/#\/schema\/person\/92a59f585073071c7be6649e84b22f78"},"headline":"El CET L\u2019Enclusa-O als 2 Dies de Requesens","datePublished":"2018-03-16T23:21:50+00:00","dateModified":"2020-06-21T09:37:38+00:00","mainEntityOfPage":{"@id":"https:\/\/cetaradell.cat\/ce\/el-cet-lenclusa-o-als-2-dies-de-requesens\/"},"wordCount":264,"image":{"@id":"https:\/\/cetaradell.cat\/ce\/el-cet-lenclusa-o-als-2-dies-de-requesens\/#primaryimage"},"thumbnailUrl":"https:\/\/cetaradell.cat\/ce\/wp-content\/uploads\/2018-03-11-2dies_RequesensFoto_MBallabriga.jpeg","articleSection":["Equip CET L'Enclusa-O","Not\u00edcies"],"inLanguage":"ca"},{"@type":"WebPage","@id":"https:\/\/cetaradell.cat\/ce\/el-cet-lenclusa-o-als-2-dies-de-requesens\/","url":"https:\/\/cetaradell.cat\/ce\/el-cet-lenclusa-o-als-2-dies-de-requesens\/","name":"El CET L\u2019Enclusa-O als 2 Dies de Requesens - Centre Excursionista Taradell","isPartOf":{"@id":"https:\/\/cetaradell.cat\/ce\/#website"},"primaryImageOfPage":{"@id":"https:\/\/cetaradell.cat\/ce\/el-cet-lenclusa-o-als-2-dies-de-requesens\/#primaryimage"},"image":{"@id":"https:\/\/cetaradell.cat\/ce\/el-cet-lenclusa-o-als-2-dies-de-requesens\/#primaryimage"},"thumbnailUrl":"https:\/\/cetaradell.cat\/ce\/wp-content\/uploads\/2018-03-11-2dies_RequesensFoto_MBallabriga.jpeg","datePublished":"2018-03-16T23:21:50+00:00","dateModified":"2020-06-21T09:37:38+00:00","author":{"@id":"https:\/\/cetaradell.cat\/ce\/#\/schema\/person\/92a59f585073071c7be6649e84b22f78"},"breadcrumb":{"@id":"https:\/\/cetaradell.cat\/ce\/el-cet-lenclusa-o-als-2-dies-de-requesens\/#breadcrumb"},"inLanguage":"ca","potentialAction":[{"@type":"ReadAction","target":["https:\/\/cetaradell.cat\/ce\/el-cet-lenclusa-o-als-2-dies-de-requesens\/"]}]},{"@type":"ImageObject","inLanguage":"ca","@id":"https:\/\/cetaradell.cat\/ce\/el-cet-lenclusa-o-als-2-dies-de-requesens\/#primaryimage","url":"https:\/\/cetaradell.cat\/ce\/wp-content\/uploads\/2018-03-11-2dies_RequesensFoto_MBallabriga.jpeg","contentUrl":"https:\/\/cetaradell.cat\/ce\/wp-content\/uploads\/2018-03-11-2dies_RequesensFoto_MBallabriga.jpeg","width":1196,"height":898},{"@type":"BreadcrumbList","@id":"https:\/\/cetaradell.cat\/ce\/el-cet-lenclusa-o-als-2-dies-de-requesens\/#breadcrumb","itemListElement":[{"@type":"ListItem","position":1,"name":"Inici","item":"https:\/\/cetaradell.cat\/ce\/"},{"@type":"ListItem","position":2,"name":"El CET L\u2019Enclusa-O als 2 Dies de Requesens"}]},{"@type":"WebSite","@id":"https:\/\/cetaradell.cat\/ce\/#website","url":"https:\/\/cetaradell.cat\/ce\/","name":"Centre Excursionista Taradell","description":"","potentialAction":[{"@type":"SearchAction","target":{"@type":"EntryPoint","urlTemplate":"https:\/\/cetaradell.cat\/ce\/?s={search_term_string}"},"query-input":{"@type":"PropertyValueSpecification","valueRequired":true,"valueName":"search_term_string"}}],"inLanguage":"ca"},{"@type":"Person","@id":"https:\/\/cetaradell.cat\/ce\/#\/schema\/person\/92a59f585073071c7be6649e84b22f78","name":"CET","image":{"@type":"ImageObject","inLanguage":"ca","@id":"https:\/\/secure.gravatar.com\/avatar\/d6fbe010d42056feccc0f613ed07277a5118442805079269f12dabdc42e1a727?s=96&d=mm&r=g","url":"https:\/\/secure.gravatar.com\/avatar\/d6fbe010d42056feccc0f613ed07277a5118442805079269f12dabdc42e1a727?s=96&d=mm&r=g","contentUrl":"https:\/\/secure.gravatar.com\/avatar\/d6fbe010d42056feccc0f613ed07277a5118442805079269f12dabdc42e1a727?s=96&d=mm&r=g","caption":"CET"},"url":"https:\/\/cetaradell.cat\/ce\/author\/root\/"}]}},"_links":{"self":[{"href":"https:\/\/cetaradell.cat\/ce\/wp-json\/wp\/v2\/posts\/6235","targetHints":{"allow":["GET"]}}],"collection":[{"href":"https:\/\/cetaradell.cat\/ce\/wp-json\/wp\/v2\/posts"}],"about":[{"href":"https:\/\/cetaradell.cat\/ce\/wp-json\/wp\/v2\/types\/post"}],"author":[{"embeddable":true,"href":"https:\/\/cetaradell.cat\/ce\/wp-json\/wp\/v2\/users\/1"}],"replies":[{"embeddable":true,"href":"https:\/\/cetaradell.cat\/ce\/wp-json\/wp\/v2\/comments?post=6235"}],"version-history":[{"count":0,"href":"https:\/\/cetaradell.cat\/ce\/wp-json\/wp\/v2\/posts\/6235\/revisions"}],"wp:featuredmedia":[{"embeddable":true,"href":"https:\/\/cetaradell.cat\/ce\/wp-json\/wp\/v2\/media\/6236"}],"wp:attachment":[{"href":"https:\/\/cetaradell.cat\/ce\/wp-json\/wp\/v2\/media?parent=6235"}],"wp:term":[{"taxonomy":"category","embeddable":true,"href":"https:\/\/cetaradell.cat\/ce\/wp-json\/wp\/v2\/categories?post=6235"},{"taxonomy":"post_tag","embeddable":true,"href":"https:\/\/cetaradell.cat\/ce\/wp-json\/wp\/v2\/tags?post=6235"}],"curies":[{"name":"wp","href":"https:\/\/api.w.org\/{rel}","templated":true}]}}