{"id":6250,"date":"2018-04-17T22:48:31","date_gmt":"2018-04-17T21:48:31","guid":{"rendered":"https:\/\/cetaradell.cat\/ce\/?p=6250"},"modified":"2020-07-12T00:28:08","modified_gmt":"2020-07-11T23:28:08","slug":"8a-cursa-dels-gitanos-entrenament","status":"publish","type":"post","link":"https:\/\/cetaradell.cat\/ce\/8a-cursa-dels-gitanos-entrenament\/","title":{"rendered":"8a Cursa dels Gitanos \u2013 Entrenament"},"content":{"rendered":"<p><span id=\"fbPhotoSnowliftCaption\" class=\"fbPhotosPhotoCaption\" tabindex=\"0\" data-ft=\"{&quot;tn&quot;:&quot;K&quot;}\"><span class=\"hasCaption\"><a href=\"https:\/\/cetaradell.cat\/ce\/wp-content\/uploads\/2017-03-12-Cursa_gitanos-24.jpg\" rel=\"attachment wp-att-5298\"><img decoding=\"async\" class=\"alignleft size-medium wp-image-5298\" src=\"https:\/\/cetaradell.cat\/ce\/wp-content\/uploads\/2017-03-12-Cursa_gitanos-24-300x225.jpg\" alt=\"2017-03-12-Cursa_gitanos (24)\" width=\"300\" height=\"225\" srcset=\"https:\/\/cetaradell.cat\/ce\/wp-content\/uploads\/2017-03-12-Cursa_gitanos-24-300x225.jpg 300w, https:\/\/cetaradell.cat\/ce\/wp-content\/uploads\/2017-03-12-Cursa_gitanos-24-500x375.jpg 500w, https:\/\/cetaradell.cat\/ce\/wp-content\/uploads\/2017-03-12-Cursa_gitanos-24-700x525.jpg 700w, https:\/\/cetaradell.cat\/ce\/wp-content\/uploads\/2017-03-12-Cursa_gitanos-24-768x576.jpg 768w, https:\/\/cetaradell.cat\/ce\/wp-content\/uploads\/2017-03-12-Cursa_gitanos-24.jpg 1000w\" sizes=\"(max-width: 300px) 100vw, 300px\" \/><\/a>El <strong>diumenge dia 22 d&#8217;abril<\/strong> de 2018, es far\u00e0 un reconeixement del circuit\u00a0 de 22 km de la <strong>8a Cursa dels Gitanos<\/strong><br \/>\n<\/span><\/span><\/p>\n<p><span id=\"fbPhotoSnowliftCaption\" class=\"fbPhotosPhotoCaption\" tabindex=\"0\" data-ft=\"{&quot;tn&quot;:&quot;K&quot;}\"><span class=\"hasCaption\">Ens trobarem a les <strong>9.00 h<\/strong> del mat\u00ed de davant l&#8217;INS de Taradell.<br \/>\n<\/span><\/span><\/p>\n<p><span id=\"fbPhotoSnowliftCaption\" class=\"fbPhotosPhotoCaption\" tabindex=\"0\" data-ft=\"{&quot;tn&quot;:&quot;K&quot;}\"><span class=\"hasCaption\">Es far\u00e0 tot el circuit a un ritme adapatat als assistents !!! <\/span><\/span><\/p>\n<p>INS Taradell: Carrer de Pompeu Fabra, 12<\/p>\n<p><strong><a href=\"https:\/\/cetaradell.cat\/ce\/8a-cursa-dels-gitanos-inscripcions-obertes\/\" target=\"_blank\" rel=\"noopener noreferrer\">Per a m\u00e9s informaci\u00f3 sobre la Cursa dels Gitanos cliqueu sobre aquest enlla\u00e7(\u2192)<\/a><\/strong><\/p>\n<p>&nbsp;<\/p>\n","protected":false},"excerpt":{"rendered":"<p>El diumenge dia 22 d&#8217;abril de 2018, es far\u00e0 un reconeixement del circuit\u00a0 de 22 km de la 8a Cursa dels Gitanos Ens trobarem a les 9.00 h del mat\u00ed de davant l&#8217;INS de Taradell. Es far\u00e0 tot el circuit a un ritme adapatat als assistents !!! INS Taradell: Carrer  [&#8230;]<\/p>\n","protected":false},"author":1,"featured_media":5298,"comment_status":"closed","ping_status":"closed","sticky":false,"template":"","format":"standard","meta":{"footnotes":""},"categories":[4,25],"tags":[],"class_list":["post-6250","post","type-post","status-publish","format-standard","has-post-thumbnail","hentry","category-activitats","category-cursa-de-taradell"],"yoast_head":"<!-- This site is optimized with the Yoast SEO plugin v27.4 - https:\/\/yoast.com\/product\/yoast-seo-wordpress\/ -->\n<title>8a Cursa dels Gitanos \u2013 Entrenament - Centre Excursionista Taradell<\/title>\n<meta name=\"robots\" content=\"index, follow, max-snippet:-1, max-image-preview:large, max-video-preview:-1\" \/>\n<link rel=\"canonical\" href=\"https:\/\/cetaradell.cat\/ce\/8a-cursa-dels-gitanos-entrenament\/\" \/>\n<meta property=\"og:locale\" content=\"ca_ES\" \/>\n<meta property=\"og:type\" content=\"article\" \/>\n<meta property=\"og:title\" content=\"8a Cursa dels Gitanos \u2013 Entrenament - Centre Excursionista Taradell\" \/>\n<meta property=\"og:description\" content=\"El diumenge dia 22 d&#8217;abril de 2018, es far\u00e0 un reconeixement del circuit\u00a0 de 22 km de la 8a Cursa dels Gitanos Ens trobarem a les 9.00 h del mat\u00ed de davant l&#8217;INS de Taradell. Es far\u00e0 tot el circuit a un ritme adapatat als assistents !!! INS Taradell: Carrer [...]\" \/>\n<meta property=\"og:url\" content=\"https:\/\/cetaradell.cat\/ce\/8a-cursa-dels-gitanos-entrenament\/\" \/>\n<meta property=\"og:site_name\" content=\"Centre Excursionista Taradell\" \/>\n<meta property=\"article:publisher\" content=\"https:\/\/www.facebook.com\/CETaradell\/\" \/>\n<meta property=\"article:published_time\" content=\"2018-04-17T21:48:31+00:00\" \/>\n<meta property=\"article:modified_time\" content=\"2020-07-11T23:28:08+00:00\" \/>\n<meta property=\"og:image\" content=\"https:\/\/cetaradell.cat\/ce\/wp-content\/uploads\/2017-03-12-Cursa_gitanos-24.jpg\" \/>\n\t<meta property=\"og:image:width\" content=\"1000\" \/>\n\t<meta property=\"og:image:height\" content=\"750\" \/>\n\t<meta property=\"og:image:type\" content=\"image\/jpeg\" \/>\n<meta name=\"author\" content=\"CET\" \/>\n<meta name=\"twitter:card\" content=\"summary_large_image\" \/>\n<meta name=\"twitter:label1\" content=\"Escrit per\" \/>\n\t<meta name=\"twitter:data1\" content=\"CET\" \/>\n<script type=\"application\/ld+json\" class=\"yoast-schema-graph\">{\"@context\":\"https:\\\/\\\/schema.org\",\"@graph\":[{\"@type\":\"Article\",\"@id\":\"https:\\\/\\\/cetaradell.cat\\\/ce\\\/8a-cursa-dels-gitanos-entrenament\\\/#article\",\"isPartOf\":{\"@id\":\"https:\\\/\\\/cetaradell.cat\\\/ce\\\/8a-cursa-dels-gitanos-entrenament\\\/\"},\"author\":{\"name\":\"CET\",\"@id\":\"https:\\\/\\\/cetaradell.cat\\\/ce\\\/#\\\/schema\\\/person\\\/92a59f585073071c7be6649e84b22f78\"},\"headline\":\"8a Cursa dels Gitanos \u2013 Entrenament\",\"datePublished\":\"2018-04-17T21:48:31+00:00\",\"dateModified\":\"2020-07-11T23:28:08+00:00\",\"mainEntityOfPage\":{\"@id\":\"https:\\\/\\\/cetaradell.cat\\\/ce\\\/8a-cursa-dels-gitanos-entrenament\\\/\"},\"wordCount\":70,\"image\":{\"@id\":\"https:\\\/\\\/cetaradell.cat\\\/ce\\\/8a-cursa-dels-gitanos-entrenament\\\/#primaryimage\"},\"thumbnailUrl\":\"https:\\\/\\\/cetaradell.cat\\\/ce\\\/wp-content\\\/uploads\\\/2017-03-12-Cursa_gitanos-24.jpg\",\"articleSection\":[\"Activitats\",\"Cursa per Muntanya de Taradell\"],\"inLanguage\":\"ca\"},{\"@type\":\"WebPage\",\"@id\":\"https:\\\/\\\/cetaradell.cat\\\/ce\\\/8a-cursa-dels-gitanos-entrenament\\\/\",\"url\":\"https:\\\/\\\/cetaradell.cat\\\/ce\\\/8a-cursa-dels-gitanos-entrenament\\\/\",\"name\":\"8a Cursa dels Gitanos \u2013 Entrenament - Centre Excursionista Taradell\",\"isPartOf\":{\"@id\":\"https:\\\/\\\/cetaradell.cat\\\/ce\\\/#website\"},\"primaryImageOfPage\":{\"@id\":\"https:\\\/\\\/cetaradell.cat\\\/ce\\\/8a-cursa-dels-gitanos-entrenament\\\/#primaryimage\"},\"image\":{\"@id\":\"https:\\\/\\\/cetaradell.cat\\\/ce\\\/8a-cursa-dels-gitanos-entrenament\\\/#primaryimage\"},\"thumbnailUrl\":\"https:\\\/\\\/cetaradell.cat\\\/ce\\\/wp-content\\\/uploads\\\/2017-03-12-Cursa_gitanos-24.jpg\",\"datePublished\":\"2018-04-17T21:48:31+00:00\",\"dateModified\":\"2020-07-11T23:28:08+00:00\",\"author\":{\"@id\":\"https:\\\/\\\/cetaradell.cat\\\/ce\\\/#\\\/schema\\\/person\\\/92a59f585073071c7be6649e84b22f78\"},\"breadcrumb\":{\"@id\":\"https:\\\/\\\/cetaradell.cat\\\/ce\\\/8a-cursa-dels-gitanos-entrenament\\\/#breadcrumb\"},\"inLanguage\":\"ca\",\"potentialAction\":[{\"@type\":\"ReadAction\",\"target\":[\"https:\\\/\\\/cetaradell.cat\\\/ce\\\/8a-cursa-dels-gitanos-entrenament\\\/\"]}]},{\"@type\":\"ImageObject\",\"inLanguage\":\"ca\",\"@id\":\"https:\\\/\\\/cetaradell.cat\\\/ce\\\/8a-cursa-dels-gitanos-entrenament\\\/#primaryimage\",\"url\":\"https:\\\/\\\/cetaradell.cat\\\/ce\\\/wp-content\\\/uploads\\\/2017-03-12-Cursa_gitanos-24.jpg\",\"contentUrl\":\"https:\\\/\\\/cetaradell.cat\\\/ce\\\/wp-content\\\/uploads\\\/2017-03-12-Cursa_gitanos-24.jpg\",\"width\":1000,\"height\":750},{\"@type\":\"BreadcrumbList\",\"@id\":\"https:\\\/\\\/cetaradell.cat\\\/ce\\\/8a-cursa-dels-gitanos-entrenament\\\/#breadcrumb\",\"itemListElement\":[{\"@type\":\"ListItem\",\"position\":1,\"name\":\"Inici\",\"item\":\"https:\\\/\\\/cetaradell.cat\\\/ce\\\/\"},{\"@type\":\"ListItem\",\"position\":2,\"name\":\"8a Cursa dels Gitanos \u2013 Entrenament\"}]},{\"@type\":\"WebSite\",\"@id\":\"https:\\\/\\\/cetaradell.cat\\\/ce\\\/#website\",\"url\":\"https:\\\/\\\/cetaradell.cat\\\/ce\\\/\",\"name\":\"Centre Excursionista Taradell\",\"description\":\"\",\"potentialAction\":[{\"@type\":\"SearchAction\",\"target\":{\"@type\":\"EntryPoint\",\"urlTemplate\":\"https:\\\/\\\/cetaradell.cat\\\/ce\\\/?s={search_term_string}\"},\"query-input\":{\"@type\":\"PropertyValueSpecification\",\"valueRequired\":true,\"valueName\":\"search_term_string\"}}],\"inLanguage\":\"ca\"},{\"@type\":\"Person\",\"@id\":\"https:\\\/\\\/cetaradell.cat\\\/ce\\\/#\\\/schema\\\/person\\\/92a59f585073071c7be6649e84b22f78\",\"name\":\"CET\",\"image\":{\"@type\":\"ImageObject\",\"inLanguage\":\"ca\",\"@id\":\"https:\\\/\\\/secure.gravatar.com\\\/avatar\\\/d6fbe010d42056feccc0f613ed07277a5118442805079269f12dabdc42e1a727?s=96&d=mm&r=g\",\"url\":\"https:\\\/\\\/secure.gravatar.com\\\/avatar\\\/d6fbe010d42056feccc0f613ed07277a5118442805079269f12dabdc42e1a727?s=96&d=mm&r=g\",\"contentUrl\":\"https:\\\/\\\/secure.gravatar.com\\\/avatar\\\/d6fbe010d42056feccc0f613ed07277a5118442805079269f12dabdc42e1a727?s=96&d=mm&r=g\",\"caption\":\"CET\"},\"url\":\"https:\\\/\\\/cetaradell.cat\\\/ce\\\/author\\\/root\\\/\"}]}<\/script>\n<!-- \/ Yoast SEO plugin. -->","yoast_head_json":{"title":"8a Cursa dels Gitanos \u2013 Entrenament - Centre Excursionista Taradell","robots":{"index":"index","follow":"follow","max-snippet":"max-snippet:-1","max-image-preview":"max-image-preview:large","max-video-preview":"max-video-preview:-1"},"canonical":"https:\/\/cetaradell.cat\/ce\/8a-cursa-dels-gitanos-entrenament\/","og_locale":"ca_ES","og_type":"article","og_title":"8a Cursa dels Gitanos \u2013 Entrenament - Centre Excursionista Taradell","og_description":"El diumenge dia 22 d&#8217;abril de 2018, es far\u00e0 un reconeixement del circuit\u00a0 de 22 km de la 8a Cursa dels Gitanos Ens trobarem a les 9.00 h del mat\u00ed de davant l&#8217;INS de Taradell. Es far\u00e0 tot el circuit a un ritme adapatat als assistents !!! INS Taradell: Carrer [...]","og_url":"https:\/\/cetaradell.cat\/ce\/8a-cursa-dels-gitanos-entrenament\/","og_site_name":"Centre Excursionista Taradell","article_publisher":"https:\/\/www.facebook.com\/CETaradell\/","article_published_time":"2018-04-17T21:48:31+00:00","article_modified_time":"2020-07-11T23:28:08+00:00","og_image":[{"width":1000,"height":750,"url":"https:\/\/cetaradell.cat\/ce\/wp-content\/uploads\/2017-03-12-Cursa_gitanos-24.jpg","type":"image\/jpeg"}],"author":"CET","twitter_card":"summary_large_image","twitter_misc":{"Escrit per":"CET"},"schema":{"@context":"https:\/\/schema.org","@graph":[{"@type":"Article","@id":"https:\/\/cetaradell.cat\/ce\/8a-cursa-dels-gitanos-entrenament\/#article","isPartOf":{"@id":"https:\/\/cetaradell.cat\/ce\/8a-cursa-dels-gitanos-entrenament\/"},"author":{"name":"CET","@id":"https:\/\/cetaradell.cat\/ce\/#\/schema\/person\/92a59f585073071c7be6649e84b22f78"},"headline":"8a Cursa dels Gitanos \u2013 Entrenament","datePublished":"2018-04-17T21:48:31+00:00","dateModified":"2020-07-11T23:28:08+00:00","mainEntityOfPage":{"@id":"https:\/\/cetaradell.cat\/ce\/8a-cursa-dels-gitanos-entrenament\/"},"wordCount":70,"image":{"@id":"https:\/\/cetaradell.cat\/ce\/8a-cursa-dels-gitanos-entrenament\/#primaryimage"},"thumbnailUrl":"https:\/\/cetaradell.cat\/ce\/wp-content\/uploads\/2017-03-12-Cursa_gitanos-24.jpg","articleSection":["Activitats","Cursa per Muntanya de Taradell"],"inLanguage":"ca"},{"@type":"WebPage","@id":"https:\/\/cetaradell.cat\/ce\/8a-cursa-dels-gitanos-entrenament\/","url":"https:\/\/cetaradell.cat\/ce\/8a-cursa-dels-gitanos-entrenament\/","name":"8a Cursa dels Gitanos \u2013 Entrenament - Centre Excursionista Taradell","isPartOf":{"@id":"https:\/\/cetaradell.cat\/ce\/#website"},"primaryImageOfPage":{"@id":"https:\/\/cetaradell.cat\/ce\/8a-cursa-dels-gitanos-entrenament\/#primaryimage"},"image":{"@id":"https:\/\/cetaradell.cat\/ce\/8a-cursa-dels-gitanos-entrenament\/#primaryimage"},"thumbnailUrl":"https:\/\/cetaradell.cat\/ce\/wp-content\/uploads\/2017-03-12-Cursa_gitanos-24.jpg","datePublished":"2018-04-17T21:48:31+00:00","dateModified":"2020-07-11T23:28:08+00:00","author":{"@id":"https:\/\/cetaradell.cat\/ce\/#\/schema\/person\/92a59f585073071c7be6649e84b22f78"},"breadcrumb":{"@id":"https:\/\/cetaradell.cat\/ce\/8a-cursa-dels-gitanos-entrenament\/#breadcrumb"},"inLanguage":"ca","potentialAction":[{"@type":"ReadAction","target":["https:\/\/cetaradell.cat\/ce\/8a-cursa-dels-gitanos-entrenament\/"]}]},{"@type":"ImageObject","inLanguage":"ca","@id":"https:\/\/cetaradell.cat\/ce\/8a-cursa-dels-gitanos-entrenament\/#primaryimage","url":"https:\/\/cetaradell.cat\/ce\/wp-content\/uploads\/2017-03-12-Cursa_gitanos-24.jpg","contentUrl":"https:\/\/cetaradell.cat\/ce\/wp-content\/uploads\/2017-03-12-Cursa_gitanos-24.jpg","width":1000,"height":750},{"@type":"BreadcrumbList","@id":"https:\/\/cetaradell.cat\/ce\/8a-cursa-dels-gitanos-entrenament\/#breadcrumb","itemListElement":[{"@type":"ListItem","position":1,"name":"Inici","item":"https:\/\/cetaradell.cat\/ce\/"},{"@type":"ListItem","position":2,"name":"8a Cursa dels Gitanos \u2013 Entrenament"}]},{"@type":"WebSite","@id":"https:\/\/cetaradell.cat\/ce\/#website","url":"https:\/\/cetaradell.cat\/ce\/","name":"Centre Excursionista Taradell","description":"","potentialAction":[{"@type":"SearchAction","target":{"@type":"EntryPoint","urlTemplate":"https:\/\/cetaradell.cat\/ce\/?s={search_term_string}"},"query-input":{"@type":"PropertyValueSpecification","valueRequired":true,"valueName":"search_term_string"}}],"inLanguage":"ca"},{"@type":"Person","@id":"https:\/\/cetaradell.cat\/ce\/#\/schema\/person\/92a59f585073071c7be6649e84b22f78","name":"CET","image":{"@type":"ImageObject","inLanguage":"ca","@id":"https:\/\/secure.gravatar.com\/avatar\/d6fbe010d42056feccc0f613ed07277a5118442805079269f12dabdc42e1a727?s=96&d=mm&r=g","url":"https:\/\/secure.gravatar.com\/avatar\/d6fbe010d42056feccc0f613ed07277a5118442805079269f12dabdc42e1a727?s=96&d=mm&r=g","contentUrl":"https:\/\/secure.gravatar.com\/avatar\/d6fbe010d42056feccc0f613ed07277a5118442805079269f12dabdc42e1a727?s=96&d=mm&r=g","caption":"CET"},"url":"https:\/\/cetaradell.cat\/ce\/author\/root\/"}]}},"_links":{"self":[{"href":"https:\/\/cetaradell.cat\/ce\/wp-json\/wp\/v2\/posts\/6250","targetHints":{"allow":["GET"]}}],"collection":[{"href":"https:\/\/cetaradell.cat\/ce\/wp-json\/wp\/v2\/posts"}],"about":[{"href":"https:\/\/cetaradell.cat\/ce\/wp-json\/wp\/v2\/types\/post"}],"author":[{"embeddable":true,"href":"https:\/\/cetaradell.cat\/ce\/wp-json\/wp\/v2\/users\/1"}],"replies":[{"embeddable":true,"href":"https:\/\/cetaradell.cat\/ce\/wp-json\/wp\/v2\/comments?post=6250"}],"version-history":[{"count":0,"href":"https:\/\/cetaradell.cat\/ce\/wp-json\/wp\/v2\/posts\/6250\/revisions"}],"wp:featuredmedia":[{"embeddable":true,"href":"https:\/\/cetaradell.cat\/ce\/wp-json\/wp\/v2\/media\/5298"}],"wp:attachment":[{"href":"https:\/\/cetaradell.cat\/ce\/wp-json\/wp\/v2\/media?parent=6250"}],"wp:term":[{"taxonomy":"category","embeddable":true,"href":"https:\/\/cetaradell.cat\/ce\/wp-json\/wp\/v2\/categories?post=6250"},{"taxonomy":"post_tag","embeddable":true,"href":"https:\/\/cetaradell.cat\/ce\/wp-json\/wp\/v2\/tags?post=6250"}],"curies":[{"name":"wp","href":"https:\/\/api.w.org\/{rel}","templated":true}]}}