{"id":6282,"date":"2018-05-02T22:36:45","date_gmt":"2018-05-02T21:36:45","guid":{"rendered":"https:\/\/cetaradell.cat\/ce\/?p=6282"},"modified":"2020-07-12T00:30:05","modified_gmt":"2020-07-11T23:30:05","slug":"xxxiv-cicle-de-projeccions-del-cet-2018","status":"publish","type":"post","link":"https:\/\/cetaradell.cat\/ce\/xxxiv-cicle-de-projeccions-del-cet-2018\/","title":{"rendered":"XXXIV Cicle de Projeccions del CET &#8211; 2018"},"content":{"rendered":"<p><img decoding=\"async\" class=\"alignleft wp-image-6283 size-medium\" src=\"https:\/\/cetaradell.cat\/ce\/wp-content\/uploads\/2018-04_cicle_projeccions-211x300.jpeg\" alt=\"2018-04_cicle_projeccions\" width=\"211\" height=\"300\" srcset=\"https:\/\/cetaradell.cat\/ce\/wp-content\/uploads\/2018-04_cicle_projeccions-211x300.jpeg 211w, https:\/\/cetaradell.cat\/ce\/wp-content\/uploads\/2018-04_cicle_projeccions.jpeg 250w\" sizes=\"(max-width: 211px) 100vw, 211px\" \/>La 34a edici\u00f3 del <strong>Cicle de Projeccions<\/strong> del Centre Excursionista Taradell constar\u00e0 de quatre\u00a0sessions que es faran els divendres dia 4, 11, 18\u00a0i 25\u00a0de maig\u00a0a la Biblioteca Antoni Pladevall i Font de Taradell, a 2\/4 de 10 del vespre.<\/p>\n<p>Entre les projeccions que es podran veure hi ha <strong><em>Escalant la cua del drac<\/em><\/strong> d&#8217;\u00d2scar Cadiach, <strong><em>Cim al Teide<\/em><\/strong> de Josep Maria Parareda, <strong><em>Viu l&#8217;emoci\u00f3 de les curses de MTB m\u00e9s dures del m\u00f3n<\/em><\/strong> amb Roger Tuneu i \u00a0<strong><em>Estels del Sud: La travessa del Mass\u00eds dels Ports amb cims i altres travesses circulars<\/em><\/strong> amb Ismael Monson\u00eds.<\/p>\n<p>&nbsp;<\/p>\n<p>&nbsp;<\/p>\n<p>&nbsp;<\/p>\n<p>&nbsp;<\/p>\n<p>&nbsp;<\/p>\n<p><!--more--><\/p>\n<h2><strong>Programa<\/strong><\/h2>\n<p><strong>Escalant la cua del drac\u00a0i presentaci\u00f3 del llibre Els 14 vuit mils d&#8217;\u00d2scar Cadiach | \u00d2scar Cadiach i\u00a0Edu Sallent | 4 de maig<\/strong><\/p>\n<p><img decoding=\"async\" class=\"alignleft wp-image-6287 size-thumbnail\" src=\"https:\/\/cetaradell.cat\/ce\/wp-content\/uploads\/2018-04_cicle_projeccions-1-150x141.jpeg\" alt=\"2018-04_cicle_projeccions-1\" width=\"150\" height=\"141\" \/>L&#8217;estiu passat \u00d2scar Cadiach trepitjava els 8.047m del Broad Peak convertint-se en el primer catal\u00e0 en coronar els 14 vuit mils sense sense ox\u00edgen suplementari. El divendres 4 de maig ens explicar\u00e0 aquesta ascensi\u00f3 i ens presentar\u00e0, acompanyat d&#8217;Edu Sallent, el seu darrer llibre <strong><em>Els 14 vuit mils<\/em><\/strong> d&#8217;\u00d2scar Cadiach i Puig. Cadiach \u00e9s, a banda d&#8217;alpinista, fot\u00f2graf i c\u00e0mera d&#8217;al\u00e7ada. Ha realitzat diverses pel\u00b7l\u00edcules de les seves expedicions i ha guanyat premis arreu del m\u00f3n. El 2016 li van concedir la Creu de Sant Jordi.<\/p>\n<p>&nbsp;<\/p>\n<p><strong>Cim al Teide \u00a0(3.718 metres) | Josep Maria Parareda | 11 de maig<\/strong><\/p>\n<p><img decoding=\"async\" class=\"alignleft wp-image-6286\" src=\"https:\/\/cetaradell.cat\/ce\/wp-content\/uploads\/2018-04_cicle_projeccions-2-300x168.jpeg\" alt=\"2018-04_cicle_projeccions-2\" width=\"267\" height=\"150\" srcset=\"https:\/\/cetaradell.cat\/ce\/wp-content\/uploads\/2018-04_cicle_projeccions-2-300x168.jpeg 300w, https:\/\/cetaradell.cat\/ce\/wp-content\/uploads\/2018-04_cicle_projeccions-2-500x281.jpeg 500w, https:\/\/cetaradell.cat\/ce\/wp-content\/uploads\/2018-04_cicle_projeccions-2.jpeg 650w\" sizes=\"(max-width: 267px) 100vw, 267px\" \/>La ruta dels volcans, a la Palma, \u00e9s un recorregut per aquesta illa verda, petita per\u00f2 amb una gran diversitat de paisatges i cims volc\u00e0nics. Els seus camins hist\u00f2rics, que conviden a descobrir-la, i uns paisatges de laves, cendres i calderes,\u00a0 va servir per complir l&#8217;objectiu d&#8217;assolir el cim del Teide sortint per mar, travessar-lo i arribar a la costa oposada, tamb\u00e9 per mar.<\/p>\n<p>&nbsp;<\/p>\n<p><strong>Viu l&#8217;emoci\u00f3 de les curses de MTB m\u00e9s dures del m\u00f3n! | Roger Tuneu | 18 de maig<\/strong><\/p>\n<p><img decoding=\"async\" class=\"alignleft wp-image-6285\" src=\"https:\/\/cetaradell.cat\/ce\/wp-content\/uploads\/2018-04_cicle_projeccions-3-300x225.jpeg\" alt=\"2018-04_cicle_projeccions-3\" width=\"200\" height=\"150\" srcset=\"https:\/\/cetaradell.cat\/ce\/wp-content\/uploads\/2018-04_cicle_projeccions-3-300x225.jpeg 300w, https:\/\/cetaradell.cat\/ce\/wp-content\/uploads\/2018-04_cicle_projeccions-3-500x375.jpeg 500w, https:\/\/cetaradell.cat\/ce\/wp-content\/uploads\/2018-04_cicle_projeccions-3.jpeg 650w\" sizes=\"(max-width: 200px) 100vw, 200px\" \/>El director de l&#8217;Escola Esportiva Enclusa 3e, Roger Tuneu, va participar l&#8217;any passat a les dues competicions m\u00e9s dures del m\u00f3n de MTB: la<strong> Titan Desert<\/strong> i la <strong>Transpyr<\/strong> i, d&#8217;aquesta manera, feia realitat el seu somni dels \u00faltims cinc anys. L&#8217;atleta taradellenc explicar\u00e0 la seva experi\u00e8ncia en aquestes dues proves i presentar\u00e0 diverses novetats. I \u00e9s que aquest any torna a la Titan amb un projecte inclusiu.<\/p>\n<p>&nbsp;<\/p>\n<p><strong>Estels <\/strong><strong>del Sud:\u00a0 La Travessa del Mass\u00eds dels Ports amb cims i altres travesses circulars | Ismael Monson\u00eds | 25 de maig<\/strong><\/p>\n<p><img decoding=\"async\" class=\"alignleft wp-image-6284 size-full\" src=\"https:\/\/cetaradell.cat\/ce\/wp-content\/uploads\/2018-04_cicle_projeccions-4.jpeg\" alt=\"2018-04_cicle_projeccions-4\" width=\"150\" height=\"113\" \/>Els Ports de Tortosa-Beseit\u00a0 s\u00f3n unes muntanyes salvatges i espectaculars. Queden fora dels circuits m\u00e9s populars i concorregut pels excursionistes, fet que les fa encara molt m\u00e9s atractives i amb unes vistes magn\u00edfiques. Podreu veure un tastet d&#8217;aquesta zona declarada Parc Natural i de la travessa Estels del Sud que permet descobrir tota la diversitat que ofereix aquest mass\u00eds.<\/p>\n<p>&nbsp;<\/p>\n","protected":false},"excerpt":{"rendered":"<p>La 34a edici\u00f3 del Cicle de Projeccions del Centre Excursionista Taradell constar\u00e0 de quatre\u00a0sessions que es faran els divendres dia 4, 11, 18\u00a0i 25\u00a0de maig\u00a0a la Biblioteca Antoni Pladevall i Font de Taradell, a 2\/4 de 10 del vespre. Entre les projeccions que es podran veure hi ha Escalant la  [&#8230;]<\/p>\n","protected":false},"author":1,"featured_media":6283,"comment_status":"closed","ping_status":"closed","sticky":false,"template":"","format":"standard","meta":{"footnotes":""},"categories":[4,20,7],"tags":[],"class_list":["post-6282","post","type-post","status-publish","format-standard","has-post-thumbnail","hentry","category-activitats","category-activitats-social","category-muntanya"],"yoast_head":"<!-- This site is optimized with the Yoast SEO plugin v27.4 - https:\/\/yoast.com\/product\/yoast-seo-wordpress\/ -->\n<title>XXXIV Cicle de Projeccions del CET - 2018 - Centre Excursionista Taradell<\/title>\n<meta name=\"robots\" content=\"index, follow, max-snippet:-1, max-image-preview:large, max-video-preview:-1\" \/>\n<link rel=\"canonical\" href=\"https:\/\/cetaradell.cat\/ce\/xxxiv-cicle-de-projeccions-del-cet-2018\/\" \/>\n<meta property=\"og:locale\" content=\"ca_ES\" \/>\n<meta property=\"og:type\" content=\"article\" \/>\n<meta property=\"og:title\" content=\"XXXIV Cicle de Projeccions del CET - 2018 - Centre Excursionista Taradell\" \/>\n<meta property=\"og:description\" content=\"La 34a edici\u00f3 del Cicle de Projeccions del Centre Excursionista Taradell constar\u00e0 de quatre\u00a0sessions que es faran els divendres dia 4, 11, 18\u00a0i 25\u00a0de maig\u00a0a la Biblioteca Antoni Pladevall i Font de Taradell, a 2\/4 de 10 del vespre. Entre les projeccions que es podran veure hi ha Escalant la [...]\" \/>\n<meta property=\"og:url\" content=\"https:\/\/cetaradell.cat\/ce\/xxxiv-cicle-de-projeccions-del-cet-2018\/\" \/>\n<meta property=\"og:site_name\" content=\"Centre Excursionista Taradell\" \/>\n<meta property=\"article:publisher\" content=\"https:\/\/www.facebook.com\/CETaradell\/\" \/>\n<meta property=\"article:published_time\" content=\"2018-05-02T21:36:45+00:00\" \/>\n<meta property=\"article:modified_time\" content=\"2020-07-11T23:30:05+00:00\" \/>\n<meta property=\"og:image\" content=\"https:\/\/cetaradell.cat\/ce\/wp-content\/uploads\/2018-04_cicle_projeccions.jpeg\" \/>\n\t<meta property=\"og:image:width\" content=\"250\" \/>\n\t<meta property=\"og:image:height\" content=\"355\" \/>\n\t<meta property=\"og:image:type\" content=\"image\/jpeg\" \/>\n<meta name=\"author\" content=\"CET\" \/>\n<meta name=\"twitter:card\" content=\"summary_large_image\" \/>\n<meta name=\"twitter:label1\" content=\"Escrit per\" \/>\n\t<meta name=\"twitter:data1\" content=\"CET\" \/>\n\t<meta name=\"twitter:label2\" content=\"Temps estimat de lectura\" \/>\n\t<meta name=\"twitter:data2\" content=\"2 minuts\" \/>\n<script type=\"application\/ld+json\" class=\"yoast-schema-graph\">{\"@context\":\"https:\\\/\\\/schema.org\",\"@graph\":[{\"@type\":\"Article\",\"@id\":\"https:\\\/\\\/cetaradell.cat\\\/ce\\\/xxxiv-cicle-de-projeccions-del-cet-2018\\\/#article\",\"isPartOf\":{\"@id\":\"https:\\\/\\\/cetaradell.cat\\\/ce\\\/xxxiv-cicle-de-projeccions-del-cet-2018\\\/\"},\"author\":{\"name\":\"CET\",\"@id\":\"https:\\\/\\\/cetaradell.cat\\\/ce\\\/#\\\/schema\\\/person\\\/92a59f585073071c7be6649e84b22f78\"},\"headline\":\"XXXIV Cicle de Projeccions del CET &#8211; 2018\",\"datePublished\":\"2018-05-02T21:36:45+00:00\",\"dateModified\":\"2020-07-11T23:30:05+00:00\",\"mainEntityOfPage\":{\"@id\":\"https:\\\/\\\/cetaradell.cat\\\/ce\\\/xxxiv-cicle-de-projeccions-del-cet-2018\\\/\"},\"wordCount\":488,\"image\":{\"@id\":\"https:\\\/\\\/cetaradell.cat\\\/ce\\\/xxxiv-cicle-de-projeccions-del-cet-2018\\\/#primaryimage\"},\"thumbnailUrl\":\"https:\\\/\\\/cetaradell.cat\\\/ce\\\/wp-content\\\/uploads\\\/2018-04_cicle_projeccions.jpeg\",\"articleSection\":[\"Activitats\",\"Activitats socials\",\"Muntanya\"],\"inLanguage\":\"ca\"},{\"@type\":\"WebPage\",\"@id\":\"https:\\\/\\\/cetaradell.cat\\\/ce\\\/xxxiv-cicle-de-projeccions-del-cet-2018\\\/\",\"url\":\"https:\\\/\\\/cetaradell.cat\\\/ce\\\/xxxiv-cicle-de-projeccions-del-cet-2018\\\/\",\"name\":\"XXXIV Cicle de Projeccions del CET - 2018 - Centre Excursionista Taradell\",\"isPartOf\":{\"@id\":\"https:\\\/\\\/cetaradell.cat\\\/ce\\\/#website\"},\"primaryImageOfPage\":{\"@id\":\"https:\\\/\\\/cetaradell.cat\\\/ce\\\/xxxiv-cicle-de-projeccions-del-cet-2018\\\/#primaryimage\"},\"image\":{\"@id\":\"https:\\\/\\\/cetaradell.cat\\\/ce\\\/xxxiv-cicle-de-projeccions-del-cet-2018\\\/#primaryimage\"},\"thumbnailUrl\":\"https:\\\/\\\/cetaradell.cat\\\/ce\\\/wp-content\\\/uploads\\\/2018-04_cicle_projeccions.jpeg\",\"datePublished\":\"2018-05-02T21:36:45+00:00\",\"dateModified\":\"2020-07-11T23:30:05+00:00\",\"author\":{\"@id\":\"https:\\\/\\\/cetaradell.cat\\\/ce\\\/#\\\/schema\\\/person\\\/92a59f585073071c7be6649e84b22f78\"},\"breadcrumb\":{\"@id\":\"https:\\\/\\\/cetaradell.cat\\\/ce\\\/xxxiv-cicle-de-projeccions-del-cet-2018\\\/#breadcrumb\"},\"inLanguage\":\"ca\",\"potentialAction\":[{\"@type\":\"ReadAction\",\"target\":[\"https:\\\/\\\/cetaradell.cat\\\/ce\\\/xxxiv-cicle-de-projeccions-del-cet-2018\\\/\"]}]},{\"@type\":\"ImageObject\",\"inLanguage\":\"ca\",\"@id\":\"https:\\\/\\\/cetaradell.cat\\\/ce\\\/xxxiv-cicle-de-projeccions-del-cet-2018\\\/#primaryimage\",\"url\":\"https:\\\/\\\/cetaradell.cat\\\/ce\\\/wp-content\\\/uploads\\\/2018-04_cicle_projeccions.jpeg\",\"contentUrl\":\"https:\\\/\\\/cetaradell.cat\\\/ce\\\/wp-content\\\/uploads\\\/2018-04_cicle_projeccions.jpeg\",\"width\":250,\"height\":355},{\"@type\":\"BreadcrumbList\",\"@id\":\"https:\\\/\\\/cetaradell.cat\\\/ce\\\/xxxiv-cicle-de-projeccions-del-cet-2018\\\/#breadcrumb\",\"itemListElement\":[{\"@type\":\"ListItem\",\"position\":1,\"name\":\"Inici\",\"item\":\"https:\\\/\\\/cetaradell.cat\\\/ce\\\/\"},{\"@type\":\"ListItem\",\"position\":2,\"name\":\"XXXIV Cicle de Projeccions del CET &#8211; 2018\"}]},{\"@type\":\"WebSite\",\"@id\":\"https:\\\/\\\/cetaradell.cat\\\/ce\\\/#website\",\"url\":\"https:\\\/\\\/cetaradell.cat\\\/ce\\\/\",\"name\":\"Centre Excursionista Taradell\",\"description\":\"\",\"potentialAction\":[{\"@type\":\"SearchAction\",\"target\":{\"@type\":\"EntryPoint\",\"urlTemplate\":\"https:\\\/\\\/cetaradell.cat\\\/ce\\\/?s={search_term_string}\"},\"query-input\":{\"@type\":\"PropertyValueSpecification\",\"valueRequired\":true,\"valueName\":\"search_term_string\"}}],\"inLanguage\":\"ca\"},{\"@type\":\"Person\",\"@id\":\"https:\\\/\\\/cetaradell.cat\\\/ce\\\/#\\\/schema\\\/person\\\/92a59f585073071c7be6649e84b22f78\",\"name\":\"CET\",\"image\":{\"@type\":\"ImageObject\",\"inLanguage\":\"ca\",\"@id\":\"https:\\\/\\\/secure.gravatar.com\\\/avatar\\\/d6fbe010d42056feccc0f613ed07277a5118442805079269f12dabdc42e1a727?s=96&d=mm&r=g\",\"url\":\"https:\\\/\\\/secure.gravatar.com\\\/avatar\\\/d6fbe010d42056feccc0f613ed07277a5118442805079269f12dabdc42e1a727?s=96&d=mm&r=g\",\"contentUrl\":\"https:\\\/\\\/secure.gravatar.com\\\/avatar\\\/d6fbe010d42056feccc0f613ed07277a5118442805079269f12dabdc42e1a727?s=96&d=mm&r=g\",\"caption\":\"CET\"},\"url\":\"https:\\\/\\\/cetaradell.cat\\\/ce\\\/author\\\/root\\\/\"}]}<\/script>\n<!-- \/ Yoast SEO plugin. -->","yoast_head_json":{"title":"XXXIV Cicle de Projeccions del CET - 2018 - Centre Excursionista Taradell","robots":{"index":"index","follow":"follow","max-snippet":"max-snippet:-1","max-image-preview":"max-image-preview:large","max-video-preview":"max-video-preview:-1"},"canonical":"https:\/\/cetaradell.cat\/ce\/xxxiv-cicle-de-projeccions-del-cet-2018\/","og_locale":"ca_ES","og_type":"article","og_title":"XXXIV Cicle de Projeccions del CET - 2018 - Centre Excursionista Taradell","og_description":"La 34a edici\u00f3 del Cicle de Projeccions del Centre Excursionista Taradell constar\u00e0 de quatre\u00a0sessions que es faran els divendres dia 4, 11, 18\u00a0i 25\u00a0de maig\u00a0a la Biblioteca Antoni Pladevall i Font de Taradell, a 2\/4 de 10 del vespre. Entre les projeccions que es podran veure hi ha Escalant la [...]","og_url":"https:\/\/cetaradell.cat\/ce\/xxxiv-cicle-de-projeccions-del-cet-2018\/","og_site_name":"Centre Excursionista Taradell","article_publisher":"https:\/\/www.facebook.com\/CETaradell\/","article_published_time":"2018-05-02T21:36:45+00:00","article_modified_time":"2020-07-11T23:30:05+00:00","og_image":[{"width":250,"height":355,"url":"https:\/\/cetaradell.cat\/ce\/wp-content\/uploads\/2018-04_cicle_projeccions.jpeg","type":"image\/jpeg"}],"author":"CET","twitter_card":"summary_large_image","twitter_misc":{"Escrit per":"CET","Temps estimat de lectura":"2 minuts"},"schema":{"@context":"https:\/\/schema.org","@graph":[{"@type":"Article","@id":"https:\/\/cetaradell.cat\/ce\/xxxiv-cicle-de-projeccions-del-cet-2018\/#article","isPartOf":{"@id":"https:\/\/cetaradell.cat\/ce\/xxxiv-cicle-de-projeccions-del-cet-2018\/"},"author":{"name":"CET","@id":"https:\/\/cetaradell.cat\/ce\/#\/schema\/person\/92a59f585073071c7be6649e84b22f78"},"headline":"XXXIV Cicle de Projeccions del CET &#8211; 2018","datePublished":"2018-05-02T21:36:45+00:00","dateModified":"2020-07-11T23:30:05+00:00","mainEntityOfPage":{"@id":"https:\/\/cetaradell.cat\/ce\/xxxiv-cicle-de-projeccions-del-cet-2018\/"},"wordCount":488,"image":{"@id":"https:\/\/cetaradell.cat\/ce\/xxxiv-cicle-de-projeccions-del-cet-2018\/#primaryimage"},"thumbnailUrl":"https:\/\/cetaradell.cat\/ce\/wp-content\/uploads\/2018-04_cicle_projeccions.jpeg","articleSection":["Activitats","Activitats socials","Muntanya"],"inLanguage":"ca"},{"@type":"WebPage","@id":"https:\/\/cetaradell.cat\/ce\/xxxiv-cicle-de-projeccions-del-cet-2018\/","url":"https:\/\/cetaradell.cat\/ce\/xxxiv-cicle-de-projeccions-del-cet-2018\/","name":"XXXIV Cicle de Projeccions del CET - 2018 - Centre Excursionista Taradell","isPartOf":{"@id":"https:\/\/cetaradell.cat\/ce\/#website"},"primaryImageOfPage":{"@id":"https:\/\/cetaradell.cat\/ce\/xxxiv-cicle-de-projeccions-del-cet-2018\/#primaryimage"},"image":{"@id":"https:\/\/cetaradell.cat\/ce\/xxxiv-cicle-de-projeccions-del-cet-2018\/#primaryimage"},"thumbnailUrl":"https:\/\/cetaradell.cat\/ce\/wp-content\/uploads\/2018-04_cicle_projeccions.jpeg","datePublished":"2018-05-02T21:36:45+00:00","dateModified":"2020-07-11T23:30:05+00:00","author":{"@id":"https:\/\/cetaradell.cat\/ce\/#\/schema\/person\/92a59f585073071c7be6649e84b22f78"},"breadcrumb":{"@id":"https:\/\/cetaradell.cat\/ce\/xxxiv-cicle-de-projeccions-del-cet-2018\/#breadcrumb"},"inLanguage":"ca","potentialAction":[{"@type":"ReadAction","target":["https:\/\/cetaradell.cat\/ce\/xxxiv-cicle-de-projeccions-del-cet-2018\/"]}]},{"@type":"ImageObject","inLanguage":"ca","@id":"https:\/\/cetaradell.cat\/ce\/xxxiv-cicle-de-projeccions-del-cet-2018\/#primaryimage","url":"https:\/\/cetaradell.cat\/ce\/wp-content\/uploads\/2018-04_cicle_projeccions.jpeg","contentUrl":"https:\/\/cetaradell.cat\/ce\/wp-content\/uploads\/2018-04_cicle_projeccions.jpeg","width":250,"height":355},{"@type":"BreadcrumbList","@id":"https:\/\/cetaradell.cat\/ce\/xxxiv-cicle-de-projeccions-del-cet-2018\/#breadcrumb","itemListElement":[{"@type":"ListItem","position":1,"name":"Inici","item":"https:\/\/cetaradell.cat\/ce\/"},{"@type":"ListItem","position":2,"name":"XXXIV Cicle de Projeccions del CET &#8211; 2018"}]},{"@type":"WebSite","@id":"https:\/\/cetaradell.cat\/ce\/#website","url":"https:\/\/cetaradell.cat\/ce\/","name":"Centre Excursionista Taradell","description":"","potentialAction":[{"@type":"SearchAction","target":{"@type":"EntryPoint","urlTemplate":"https:\/\/cetaradell.cat\/ce\/?s={search_term_string}"},"query-input":{"@type":"PropertyValueSpecification","valueRequired":true,"valueName":"search_term_string"}}],"inLanguage":"ca"},{"@type":"Person","@id":"https:\/\/cetaradell.cat\/ce\/#\/schema\/person\/92a59f585073071c7be6649e84b22f78","name":"CET","image":{"@type":"ImageObject","inLanguage":"ca","@id":"https:\/\/secure.gravatar.com\/avatar\/d6fbe010d42056feccc0f613ed07277a5118442805079269f12dabdc42e1a727?s=96&d=mm&r=g","url":"https:\/\/secure.gravatar.com\/avatar\/d6fbe010d42056feccc0f613ed07277a5118442805079269f12dabdc42e1a727?s=96&d=mm&r=g","contentUrl":"https:\/\/secure.gravatar.com\/avatar\/d6fbe010d42056feccc0f613ed07277a5118442805079269f12dabdc42e1a727?s=96&d=mm&r=g","caption":"CET"},"url":"https:\/\/cetaradell.cat\/ce\/author\/root\/"}]}},"_links":{"self":[{"href":"https:\/\/cetaradell.cat\/ce\/wp-json\/wp\/v2\/posts\/6282","targetHints":{"allow":["GET"]}}],"collection":[{"href":"https:\/\/cetaradell.cat\/ce\/wp-json\/wp\/v2\/posts"}],"about":[{"href":"https:\/\/cetaradell.cat\/ce\/wp-json\/wp\/v2\/types\/post"}],"author":[{"embeddable":true,"href":"https:\/\/cetaradell.cat\/ce\/wp-json\/wp\/v2\/users\/1"}],"replies":[{"embeddable":true,"href":"https:\/\/cetaradell.cat\/ce\/wp-json\/wp\/v2\/comments?post=6282"}],"version-history":[{"count":0,"href":"https:\/\/cetaradell.cat\/ce\/wp-json\/wp\/v2\/posts\/6282\/revisions"}],"wp:featuredmedia":[{"embeddable":true,"href":"https:\/\/cetaradell.cat\/ce\/wp-json\/wp\/v2\/media\/6283"}],"wp:attachment":[{"href":"https:\/\/cetaradell.cat\/ce\/wp-json\/wp\/v2\/media?parent=6282"}],"wp:term":[{"taxonomy":"category","embeddable":true,"href":"https:\/\/cetaradell.cat\/ce\/wp-json\/wp\/v2\/categories?post=6282"},{"taxonomy":"post_tag","embeddable":true,"href":"https:\/\/cetaradell.cat\/ce\/wp-json\/wp\/v2\/tags?post=6282"}],"curies":[{"name":"wp","href":"https:\/\/api.w.org\/{rel}","templated":true}]}}