{"id":6320,"date":"2018-06-18T22:47:09","date_gmt":"2018-06-18T21:47:09","guid":{"rendered":"https:\/\/cetaradell.cat\/ce\/?p=6320"},"modified":"2020-07-12T00:30:39","modified_gmt":"2020-07-11T23:30:39","slug":"taradell-camina-i-la-festa-major-de-la-roca","status":"publish","type":"post","link":"https:\/\/cetaradell.cat\/ce\/taradell-camina-i-la-festa-major-de-la-roca\/","title":{"rendered":"Taradell Camina i la Festa Major de la Roca"},"content":{"rendered":"<p><a href=\"https:\/\/cetaradell.cat\/ce\/wp-content\/uploads\/2018-06_Taradell_camina-1.jpg\" rel=\"attachment wp-att-6321\"><img decoding=\"async\" class=\"alignleft wp-image-6321 size-medium\" src=\"https:\/\/cetaradell.cat\/ce\/wp-content\/uploads\/2018-06_Taradell_camina-1-248x300.jpg\" alt=\"2018-06_Taradell_camina (1)\" width=\"248\" height=\"300\" srcset=\"https:\/\/cetaradell.cat\/ce\/wp-content\/uploads\/2018-06_Taradell_camina-1-248x300.jpg 248w, https:\/\/cetaradell.cat\/ce\/wp-content\/uploads\/2018-06_Taradell_camina-1-500x606.jpg 500w, https:\/\/cetaradell.cat\/ce\/wp-content\/uploads\/2018-06_Taradell_camina-1-700x848.jpg 700w, https:\/\/cetaradell.cat\/ce\/wp-content\/uploads\/2018-06_Taradell_camina-1-768x930.jpg 768w, https:\/\/cetaradell.cat\/ce\/wp-content\/uploads\/2018-06_Taradell_camina-1-845x1024.jpg 845w, https:\/\/cetaradell.cat\/ce\/wp-content\/uploads\/2018-06_Taradell_camina-1.jpg 974w\" sizes=\"(max-width: 248px) 100vw, 248px\" \/><\/a>Un any m\u00e9s el CET col\u00b7labora amb Som Dones i l\u2019Ajuntament de Taradell, en l\u2019organitzaci\u00f3 de la iniciativa <strong>Taradell Camina<\/strong>, una activitat gratu\u00efta que t\u00e9 per\u00a0 objectiu fomentar l\u2019activitat f\u00edsica i els h\u00e0bits saludables entre els taradellencs.<\/p>\n<p>En aquesta 7a edici\u00f3, que va comen\u00e7ar el dimarts dia 5 de juny, tamb\u00e9 s\u2019organitzaran dues caminades setmanals, els dimarts i els dijous, d\u2019aproximadament una hora, durant els mesos de juny i juliol. La sortida ser\u00e0 a 2\/4 de 9 del vespre des de la pla\u00e7a de les Eres. En cas de pluja les caminades quedaran anul\u00b7lades.<\/p>\n<p>Cada dimarts i dijous es faran les caminades d\u2019una hora aproximada, organitzades per Som Dones, el Centre Excursionista Taradell i l\u2019Ajuntament de Taradell. Les inscripcions es faran a partir de les 8 del vespre.<\/p>\n<p>Per altra banda, tamb\u00e9 s\u2019organitzen les passejades dels dimecres, de mitja hora de durada i que s\u00f3n per a persones amb menys mobilitat. El punt de trobada ser\u00e0 La Pla\u00e7a a les 8 del vespre.<\/p>\n<p><strong>Festa Major de la Roca<\/strong><\/p>\n<p><a href=\"https:\/\/cetaradell.cat\/ce\/wp-content\/uploads\/2018-06_La_Roca.jpg\" rel=\"attachment wp-att-6322\"><img decoding=\"async\" class=\"alignleft size-medium wp-image-6322\" src=\"https:\/\/cetaradell.cat\/ce\/wp-content\/uploads\/2018-06_La_Roca-300x218.jpg\" alt=\"2018-06_La_Roca\" width=\"300\" height=\"218\" srcset=\"https:\/\/cetaradell.cat\/ce\/wp-content\/uploads\/2018-06_La_Roca-300x218.jpg 300w, https:\/\/cetaradell.cat\/ce\/wp-content\/uploads\/2018-06_La_Roca-500x363.jpg 500w, https:\/\/cetaradell.cat\/ce\/wp-content\/uploads\/2018-06_La_Roca-700x508.jpg 700w, https:\/\/cetaradell.cat\/ce\/wp-content\/uploads\/2018-06_La_Roca.jpg 720w\" sizes=\"(max-width: 300px) 100vw, 300px\" \/><\/a>L\u2019Associaci\u00f3 de Ve\u00efns de la Roca organitza pel proper dia 29 de juny la <strong>II Caminada Nocturna Popular<\/strong> dins dels actes de la Festa Major de la urbanitzaci\u00f3. La sortida de la caminada ser\u00e0 a les 9 del vespre de la pista poliesportiva de la Roca i l\u2019arribada es preveu cap a 2\/4 d\u201911 al mateix lloc on s\u2019oferir\u00e0 un petit refrigeri als participants.<\/p>\n<p>Cal que els participants portin un frontal o una llanterna, cal\u00e7at esportiu i roba c\u00f2mode.<\/p>\n<p>Col\u00b7laboren en l\u2019organitzaci\u00f3 el CET i l\u2019Ajuntament de Taradell.<\/p>\n","protected":false},"excerpt":{"rendered":"<p>Un any m\u00e9s el CET col\u00b7labora amb Som Dones i l\u2019Ajuntament de Taradell, en l\u2019organitzaci\u00f3 de la iniciativa Taradell Camina, una activitat gratu\u00efta que t\u00e9 per\u00a0 objectiu fomentar l\u2019activitat f\u00edsica i els h\u00e0bits saludables entre els taradellencs. En aquesta 7a edici\u00f3, que va comen\u00e7ar el dimarts dia 5 de juny,  [&#8230;]<\/p>\n","protected":false},"author":1,"featured_media":6321,"comment_status":"closed","ping_status":"closed","sticky":false,"template":"","format":"standard","meta":{"footnotes":""},"categories":[4,21],"tags":[],"class_list":["post-6320","post","type-post","status-publish","format-standard","has-post-thumbnail","hentry","category-activitats","category-collaboracio-amb-entitats"],"yoast_head":"<!-- This site is optimized with the Yoast SEO plugin v27.4 - https:\/\/yoast.com\/product\/yoast-seo-wordpress\/ -->\n<title>Taradell Camina i la Festa Major de la Roca - Centre Excursionista Taradell<\/title>\n<meta name=\"robots\" content=\"index, follow, max-snippet:-1, max-image-preview:large, max-video-preview:-1\" \/>\n<link rel=\"canonical\" href=\"https:\/\/cetaradell.cat\/ce\/taradell-camina-i-la-festa-major-de-la-roca\/\" \/>\n<meta property=\"og:locale\" content=\"ca_ES\" \/>\n<meta property=\"og:type\" content=\"article\" \/>\n<meta property=\"og:title\" content=\"Taradell Camina i la Festa Major de la Roca - Centre Excursionista Taradell\" \/>\n<meta property=\"og:description\" content=\"Un any m\u00e9s el CET col\u00b7labora amb Som Dones i l\u2019Ajuntament de Taradell, en l\u2019organitzaci\u00f3 de la iniciativa Taradell Camina, una activitat gratu\u00efta que t\u00e9 per\u00a0 objectiu fomentar l\u2019activitat f\u00edsica i els h\u00e0bits saludables entre els taradellencs. En aquesta 7a edici\u00f3, que va comen\u00e7ar el dimarts dia 5 de juny, [...]\" \/>\n<meta property=\"og:url\" content=\"https:\/\/cetaradell.cat\/ce\/taradell-camina-i-la-festa-major-de-la-roca\/\" \/>\n<meta property=\"og:site_name\" content=\"Centre Excursionista Taradell\" \/>\n<meta property=\"article:publisher\" content=\"https:\/\/www.facebook.com\/CETaradell\/\" \/>\n<meta property=\"article:published_time\" content=\"2018-06-18T21:47:09+00:00\" \/>\n<meta property=\"article:modified_time\" content=\"2020-07-11T23:30:39+00:00\" \/>\n<meta property=\"og:image\" content=\"https:\/\/cetaradell.cat\/ce\/wp-content\/uploads\/2018-06_Taradell_camina-1.jpg\" \/>\n\t<meta property=\"og:image:width\" content=\"974\" \/>\n\t<meta property=\"og:image:height\" content=\"1180\" \/>\n\t<meta property=\"og:image:type\" content=\"image\/jpeg\" \/>\n<meta name=\"author\" content=\"CET\" \/>\n<meta name=\"twitter:card\" content=\"summary_large_image\" \/>\n<meta name=\"twitter:label1\" content=\"Escrit per\" \/>\n\t<meta name=\"twitter:data1\" content=\"CET\" \/>\n\t<meta name=\"twitter:label2\" content=\"Temps estimat de lectura\" \/>\n\t<meta name=\"twitter:data2\" content=\"1 minut\" \/>\n<script type=\"application\/ld+json\" class=\"yoast-schema-graph\">{\"@context\":\"https:\\\/\\\/schema.org\",\"@graph\":[{\"@type\":\"Article\",\"@id\":\"https:\\\/\\\/cetaradell.cat\\\/ce\\\/taradell-camina-i-la-festa-major-de-la-roca\\\/#article\",\"isPartOf\":{\"@id\":\"https:\\\/\\\/cetaradell.cat\\\/ce\\\/taradell-camina-i-la-festa-major-de-la-roca\\\/\"},\"author\":{\"name\":\"CET\",\"@id\":\"https:\\\/\\\/cetaradell.cat\\\/ce\\\/#\\\/schema\\\/person\\\/92a59f585073071c7be6649e84b22f78\"},\"headline\":\"Taradell Camina i la Festa Major de la Roca\",\"datePublished\":\"2018-06-18T21:47:09+00:00\",\"dateModified\":\"2020-07-11T23:30:39+00:00\",\"mainEntityOfPage\":{\"@id\":\"https:\\\/\\\/cetaradell.cat\\\/ce\\\/taradell-camina-i-la-festa-major-de-la-roca\\\/\"},\"wordCount\":284,\"image\":{\"@id\":\"https:\\\/\\\/cetaradell.cat\\\/ce\\\/taradell-camina-i-la-festa-major-de-la-roca\\\/#primaryimage\"},\"thumbnailUrl\":\"https:\\\/\\\/cetaradell.cat\\\/ce\\\/wp-content\\\/uploads\\\/2018-06_Taradell_camina-1.jpg\",\"articleSection\":[\"Activitats\",\"Col\u00b7laboraci\u00f3 amb entitats\"],\"inLanguage\":\"ca\"},{\"@type\":\"WebPage\",\"@id\":\"https:\\\/\\\/cetaradell.cat\\\/ce\\\/taradell-camina-i-la-festa-major-de-la-roca\\\/\",\"url\":\"https:\\\/\\\/cetaradell.cat\\\/ce\\\/taradell-camina-i-la-festa-major-de-la-roca\\\/\",\"name\":\"Taradell Camina i la Festa Major de la Roca - Centre Excursionista Taradell\",\"isPartOf\":{\"@id\":\"https:\\\/\\\/cetaradell.cat\\\/ce\\\/#website\"},\"primaryImageOfPage\":{\"@id\":\"https:\\\/\\\/cetaradell.cat\\\/ce\\\/taradell-camina-i-la-festa-major-de-la-roca\\\/#primaryimage\"},\"image\":{\"@id\":\"https:\\\/\\\/cetaradell.cat\\\/ce\\\/taradell-camina-i-la-festa-major-de-la-roca\\\/#primaryimage\"},\"thumbnailUrl\":\"https:\\\/\\\/cetaradell.cat\\\/ce\\\/wp-content\\\/uploads\\\/2018-06_Taradell_camina-1.jpg\",\"datePublished\":\"2018-06-18T21:47:09+00:00\",\"dateModified\":\"2020-07-11T23:30:39+00:00\",\"author\":{\"@id\":\"https:\\\/\\\/cetaradell.cat\\\/ce\\\/#\\\/schema\\\/person\\\/92a59f585073071c7be6649e84b22f78\"},\"breadcrumb\":{\"@id\":\"https:\\\/\\\/cetaradell.cat\\\/ce\\\/taradell-camina-i-la-festa-major-de-la-roca\\\/#breadcrumb\"},\"inLanguage\":\"ca\",\"potentialAction\":[{\"@type\":\"ReadAction\",\"target\":[\"https:\\\/\\\/cetaradell.cat\\\/ce\\\/taradell-camina-i-la-festa-major-de-la-roca\\\/\"]}]},{\"@type\":\"ImageObject\",\"inLanguage\":\"ca\",\"@id\":\"https:\\\/\\\/cetaradell.cat\\\/ce\\\/taradell-camina-i-la-festa-major-de-la-roca\\\/#primaryimage\",\"url\":\"https:\\\/\\\/cetaradell.cat\\\/ce\\\/wp-content\\\/uploads\\\/2018-06_Taradell_camina-1.jpg\",\"contentUrl\":\"https:\\\/\\\/cetaradell.cat\\\/ce\\\/wp-content\\\/uploads\\\/2018-06_Taradell_camina-1.jpg\",\"width\":974,\"height\":1180},{\"@type\":\"BreadcrumbList\",\"@id\":\"https:\\\/\\\/cetaradell.cat\\\/ce\\\/taradell-camina-i-la-festa-major-de-la-roca\\\/#breadcrumb\",\"itemListElement\":[{\"@type\":\"ListItem\",\"position\":1,\"name\":\"Inici\",\"item\":\"https:\\\/\\\/cetaradell.cat\\\/ce\\\/\"},{\"@type\":\"ListItem\",\"position\":2,\"name\":\"Taradell Camina i la Festa Major de la Roca\"}]},{\"@type\":\"WebSite\",\"@id\":\"https:\\\/\\\/cetaradell.cat\\\/ce\\\/#website\",\"url\":\"https:\\\/\\\/cetaradell.cat\\\/ce\\\/\",\"name\":\"Centre Excursionista Taradell\",\"description\":\"\",\"potentialAction\":[{\"@type\":\"SearchAction\",\"target\":{\"@type\":\"EntryPoint\",\"urlTemplate\":\"https:\\\/\\\/cetaradell.cat\\\/ce\\\/?s={search_term_string}\"},\"query-input\":{\"@type\":\"PropertyValueSpecification\",\"valueRequired\":true,\"valueName\":\"search_term_string\"}}],\"inLanguage\":\"ca\"},{\"@type\":\"Person\",\"@id\":\"https:\\\/\\\/cetaradell.cat\\\/ce\\\/#\\\/schema\\\/person\\\/92a59f585073071c7be6649e84b22f78\",\"name\":\"CET\",\"image\":{\"@type\":\"ImageObject\",\"inLanguage\":\"ca\",\"@id\":\"https:\\\/\\\/secure.gravatar.com\\\/avatar\\\/d6fbe010d42056feccc0f613ed07277a5118442805079269f12dabdc42e1a727?s=96&d=mm&r=g\",\"url\":\"https:\\\/\\\/secure.gravatar.com\\\/avatar\\\/d6fbe010d42056feccc0f613ed07277a5118442805079269f12dabdc42e1a727?s=96&d=mm&r=g\",\"contentUrl\":\"https:\\\/\\\/secure.gravatar.com\\\/avatar\\\/d6fbe010d42056feccc0f613ed07277a5118442805079269f12dabdc42e1a727?s=96&d=mm&r=g\",\"caption\":\"CET\"},\"url\":\"https:\\\/\\\/cetaradell.cat\\\/ce\\\/author\\\/root\\\/\"}]}<\/script>\n<!-- \/ Yoast SEO plugin. -->","yoast_head_json":{"title":"Taradell Camina i la Festa Major de la Roca - Centre Excursionista Taradell","robots":{"index":"index","follow":"follow","max-snippet":"max-snippet:-1","max-image-preview":"max-image-preview:large","max-video-preview":"max-video-preview:-1"},"canonical":"https:\/\/cetaradell.cat\/ce\/taradell-camina-i-la-festa-major-de-la-roca\/","og_locale":"ca_ES","og_type":"article","og_title":"Taradell Camina i la Festa Major de la Roca - Centre Excursionista Taradell","og_description":"Un any m\u00e9s el CET col\u00b7labora amb Som Dones i l\u2019Ajuntament de Taradell, en l\u2019organitzaci\u00f3 de la iniciativa Taradell Camina, una activitat gratu\u00efta que t\u00e9 per\u00a0 objectiu fomentar l\u2019activitat f\u00edsica i els h\u00e0bits saludables entre els taradellencs. En aquesta 7a edici\u00f3, que va comen\u00e7ar el dimarts dia 5 de juny, [...]","og_url":"https:\/\/cetaradell.cat\/ce\/taradell-camina-i-la-festa-major-de-la-roca\/","og_site_name":"Centre Excursionista Taradell","article_publisher":"https:\/\/www.facebook.com\/CETaradell\/","article_published_time":"2018-06-18T21:47:09+00:00","article_modified_time":"2020-07-11T23:30:39+00:00","og_image":[{"width":974,"height":1180,"url":"https:\/\/cetaradell.cat\/ce\/wp-content\/uploads\/2018-06_Taradell_camina-1.jpg","type":"image\/jpeg"}],"author":"CET","twitter_card":"summary_large_image","twitter_misc":{"Escrit per":"CET","Temps estimat de lectura":"1 minut"},"schema":{"@context":"https:\/\/schema.org","@graph":[{"@type":"Article","@id":"https:\/\/cetaradell.cat\/ce\/taradell-camina-i-la-festa-major-de-la-roca\/#article","isPartOf":{"@id":"https:\/\/cetaradell.cat\/ce\/taradell-camina-i-la-festa-major-de-la-roca\/"},"author":{"name":"CET","@id":"https:\/\/cetaradell.cat\/ce\/#\/schema\/person\/92a59f585073071c7be6649e84b22f78"},"headline":"Taradell Camina i la Festa Major de la Roca","datePublished":"2018-06-18T21:47:09+00:00","dateModified":"2020-07-11T23:30:39+00:00","mainEntityOfPage":{"@id":"https:\/\/cetaradell.cat\/ce\/taradell-camina-i-la-festa-major-de-la-roca\/"},"wordCount":284,"image":{"@id":"https:\/\/cetaradell.cat\/ce\/taradell-camina-i-la-festa-major-de-la-roca\/#primaryimage"},"thumbnailUrl":"https:\/\/cetaradell.cat\/ce\/wp-content\/uploads\/2018-06_Taradell_camina-1.jpg","articleSection":["Activitats","Col\u00b7laboraci\u00f3 amb entitats"],"inLanguage":"ca"},{"@type":"WebPage","@id":"https:\/\/cetaradell.cat\/ce\/taradell-camina-i-la-festa-major-de-la-roca\/","url":"https:\/\/cetaradell.cat\/ce\/taradell-camina-i-la-festa-major-de-la-roca\/","name":"Taradell Camina i la Festa Major de la Roca - Centre Excursionista Taradell","isPartOf":{"@id":"https:\/\/cetaradell.cat\/ce\/#website"},"primaryImageOfPage":{"@id":"https:\/\/cetaradell.cat\/ce\/taradell-camina-i-la-festa-major-de-la-roca\/#primaryimage"},"image":{"@id":"https:\/\/cetaradell.cat\/ce\/taradell-camina-i-la-festa-major-de-la-roca\/#primaryimage"},"thumbnailUrl":"https:\/\/cetaradell.cat\/ce\/wp-content\/uploads\/2018-06_Taradell_camina-1.jpg","datePublished":"2018-06-18T21:47:09+00:00","dateModified":"2020-07-11T23:30:39+00:00","author":{"@id":"https:\/\/cetaradell.cat\/ce\/#\/schema\/person\/92a59f585073071c7be6649e84b22f78"},"breadcrumb":{"@id":"https:\/\/cetaradell.cat\/ce\/taradell-camina-i-la-festa-major-de-la-roca\/#breadcrumb"},"inLanguage":"ca","potentialAction":[{"@type":"ReadAction","target":["https:\/\/cetaradell.cat\/ce\/taradell-camina-i-la-festa-major-de-la-roca\/"]}]},{"@type":"ImageObject","inLanguage":"ca","@id":"https:\/\/cetaradell.cat\/ce\/taradell-camina-i-la-festa-major-de-la-roca\/#primaryimage","url":"https:\/\/cetaradell.cat\/ce\/wp-content\/uploads\/2018-06_Taradell_camina-1.jpg","contentUrl":"https:\/\/cetaradell.cat\/ce\/wp-content\/uploads\/2018-06_Taradell_camina-1.jpg","width":974,"height":1180},{"@type":"BreadcrumbList","@id":"https:\/\/cetaradell.cat\/ce\/taradell-camina-i-la-festa-major-de-la-roca\/#breadcrumb","itemListElement":[{"@type":"ListItem","position":1,"name":"Inici","item":"https:\/\/cetaradell.cat\/ce\/"},{"@type":"ListItem","position":2,"name":"Taradell Camina i la Festa Major de la Roca"}]},{"@type":"WebSite","@id":"https:\/\/cetaradell.cat\/ce\/#website","url":"https:\/\/cetaradell.cat\/ce\/","name":"Centre Excursionista Taradell","description":"","potentialAction":[{"@type":"SearchAction","target":{"@type":"EntryPoint","urlTemplate":"https:\/\/cetaradell.cat\/ce\/?s={search_term_string}"},"query-input":{"@type":"PropertyValueSpecification","valueRequired":true,"valueName":"search_term_string"}}],"inLanguage":"ca"},{"@type":"Person","@id":"https:\/\/cetaradell.cat\/ce\/#\/schema\/person\/92a59f585073071c7be6649e84b22f78","name":"CET","image":{"@type":"ImageObject","inLanguage":"ca","@id":"https:\/\/secure.gravatar.com\/avatar\/d6fbe010d42056feccc0f613ed07277a5118442805079269f12dabdc42e1a727?s=96&d=mm&r=g","url":"https:\/\/secure.gravatar.com\/avatar\/d6fbe010d42056feccc0f613ed07277a5118442805079269f12dabdc42e1a727?s=96&d=mm&r=g","contentUrl":"https:\/\/secure.gravatar.com\/avatar\/d6fbe010d42056feccc0f613ed07277a5118442805079269f12dabdc42e1a727?s=96&d=mm&r=g","caption":"CET"},"url":"https:\/\/cetaradell.cat\/ce\/author\/root\/"}]}},"_links":{"self":[{"href":"https:\/\/cetaradell.cat\/ce\/wp-json\/wp\/v2\/posts\/6320","targetHints":{"allow":["GET"]}}],"collection":[{"href":"https:\/\/cetaradell.cat\/ce\/wp-json\/wp\/v2\/posts"}],"about":[{"href":"https:\/\/cetaradell.cat\/ce\/wp-json\/wp\/v2\/types\/post"}],"author":[{"embeddable":true,"href":"https:\/\/cetaradell.cat\/ce\/wp-json\/wp\/v2\/users\/1"}],"replies":[{"embeddable":true,"href":"https:\/\/cetaradell.cat\/ce\/wp-json\/wp\/v2\/comments?post=6320"}],"version-history":[{"count":0,"href":"https:\/\/cetaradell.cat\/ce\/wp-json\/wp\/v2\/posts\/6320\/revisions"}],"wp:featuredmedia":[{"embeddable":true,"href":"https:\/\/cetaradell.cat\/ce\/wp-json\/wp\/v2\/media\/6321"}],"wp:attachment":[{"href":"https:\/\/cetaradell.cat\/ce\/wp-json\/wp\/v2\/media?parent=6320"}],"wp:term":[{"taxonomy":"category","embeddable":true,"href":"https:\/\/cetaradell.cat\/ce\/wp-json\/wp\/v2\/categories?post=6320"},{"taxonomy":"post_tag","embeddable":true,"href":"https:\/\/cetaradell.cat\/ce\/wp-json\/wp\/v2\/tags?post=6320"}],"curies":[{"name":"wp","href":"https:\/\/api.w.org\/{rel}","templated":true}]}}